{"id":218226,"date":"2024-01-10T15:47:24","date_gmt":"2024-01-10T18:47:24","guid":{"rendered":"https:\/\/www.novaconcursos.com.br\/portal\/?p=218226"},"modified":"2024-01-10T15:47:28","modified_gmt":"2024-01-10T18:47:28","slug":"seeduc-rj-novo-edital-em-planejamento","status":"publish","type":"post","link":"https:\/\/www.novaconcursos.com.br\/portal\/noticias\/seeduc-rj-novo-edital-em-planejamento\/","title":{"rendered":"Cria\u00e7\u00e3o de cargos na Seeduc RJ e novo edital est\u00e3o em planejamento!"},"content":{"rendered":"<p>Aten\u00e7\u00e3o, concurseiros do Rio de Janeiro! A Secretaria de Estado de Educa\u00e7\u00e3o <strong>iniciou os estudos internos <\/strong>para realiza\u00e7\u00e3o de um novo <a href=\"https:\/\/www.novaconcursos.com.br\/portal\/concursos\/concurso-seeduc-rj\/\">concurso Seeduc RJ.<\/a><\/p>\n\n\n\n<p>As<strong> oportunidades<\/strong> ser\u00e3o para os cargos de Professor com Perfil Espec\u00edfico de: Mediador Escolar, Atendimento Educacional Especializado e Pedagogo.<\/p>\n\n\n\n<p>Al\u00e9m dos cargos de Profissional Cuidador, Int\u00e9rprete de Libras e Psic\u00f3logo, que est\u00e3o em estudo para serem criados.<\/p>\n\n\n\n<p>Inclusive, j\u00e1 foi<strong> formado um grupo de trabalho <\/strong>que ser\u00e1 respons\u00e1vel por liderar os debates relativos \u00e0s possibilidades legais de realiza\u00e7\u00e3o da sele\u00e7\u00e3o e cria\u00e7\u00e3o dos cargos.<\/p>\n\n\n\n<p>O tema foi analisado pela Assessoria Jur\u00eddica da Seeduc RJ\u00a0e obteve aval da Procuradoria Geral do Estado (PGE).<\/p>\n\n\n\n<p>De acordo com a Assessoria Jur\u00eddica, os cargos poderiam ser criados, desde que:<\/p>\n\n\n\n<ul class=\"wp-block-list\"><li>a medida seja instrumentalizada por lei de iniciativa do Chefe do Poder Executivo Estadual;<\/li>\n\n\n\n<li>o setor t\u00e9cnico desta Secretaria junte aos autos estudo de impacto or\u00e7ament\u00e1rio e financeiro correspondente ao objeto deste processo;<\/li>\n\n\n\n<li>sejam atendidas as normas inerentes ao Regime de Recupera\u00e7\u00e3o Fiscal, em especial a necessidade de expressa ressalva no Plano de Recupera\u00e7\u00e3o Fiscal em vigor, ou \u00e0 apresenta\u00e7\u00e3o de medida de compensa\u00e7\u00e3o financeira, com pr\u00e9via aprova\u00e7\u00e3o do Conselho de Supervis\u00e3o do Regime de Recupera\u00e7\u00e3o Fiscal, nos moldes apresentados nesta manifesta\u00e7\u00e3o.<\/li>\n<\/ul><p>Dito isso, o tema ser\u00e1 encaminhado para os setores internos da Seeduc RJ e do Governo do Estado, para elabora\u00e7\u00e3o do<strong> Projeto de Lei <\/strong>de cria\u00e7\u00e3o de cargos, que indicar\u00e1 as atribui\u00e7\u00f5es, remunera\u00e7\u00f5es, e requisitos dos servidores.<\/p>\n\n\n\n<ul class=\"wp-block-list\"><li><strong>Confira:<\/strong> <a href=\"https:\/\/www.novaconcursos.com.br\/apostila\/seduc-rj-prep-conhecimentos-gerais-professor-docente?q=SEEDUC%20RJ\">Apostila Seeduc RJ \u2013 Conhecimentos Gerais \u2013 Professor Docente I<\/a><\/li>\n<\/ul><p>Estude para o concurso dos seus sonhos com o\u00a0<strong>M\u00e9todo<\/strong>\u00a0que j\u00e1 ajudou na\u00a0<strong>aprova\u00e7\u00e3o de mais de 70 mil alunos!<\/strong>\u00a0<a href=\"https:\/\/aprovacao.novaconcursos.com.br\/assinatura?promo_creative=Clique+aqui&amp;promo_name=noticia&amp;promo_id=%2Fportal%2Fnoticias%2Fdetran-go-recebe-aprovacao-criacao-1000-cargos&amp;promo_position=corpo-texto\" target=\"_blank\" rel=\"noreferrer noopener\">Clique aqui<\/a>\u00a0e saiba mais!<\/p>\n\n\n\n<h2 class=\"wp-block-heading\" id=\"acordo-prev-novo-concurso-seeduc-rj\">Acordo prev\u00ea novo concurso Seeduc RJ<\/h2>\n\n\n\n<p>Em agosto de 2023, a\u00a0<a href=\"https:\/\/www.seeduc.rj.gov.br\/\" target=\"_blank\" rel=\"noreferrer noopener\">Secretaria de Educa\u00e7\u00e3o<\/a> e o Minist\u00e9rio P\u00fablico do Rio de Janeiro\u00a0fizeram um Termo de Ajustamento de Conduta (TAC), com o intuito de sanar a car\u00eancia de servidores.<\/p>\n\n\n\n<p>A proposta visa concluir a convoca\u00e7\u00e3o dos aprovados nos \u00faltimos concursos e a realizar um novo certame. <\/p>\n\n\n\n<p>De acordo com o acordo, o edital deveria ser publicado at\u00e9 o m\u00eas de novembro de 2023, o que n\u00e3o aconteceu.<\/p>\n\n\n\n<p><em>\u201cA Seeduc, reconhecendo a vac\u00e2ncia em cargos efetivos de professores, compromete-se a concluir a convoca\u00e7\u00e3o do quantitativo de 2.000 candidatos aprovados em concursos p\u00fablicos para docentes da rede estadual de ensino (\u2026) como forma de sanar, parcialmente, a car\u00eancia de professores atualmente existente\u201d, <\/em>disse a secretaria por meio do TAC.<\/p>\n\n\n\n<p>Segundo a Assessoria de Imprensa da pasta, est\u00e3o sendo realizadas reuni\u00f5es sobre o concurso, mas ainda n\u00e3o h\u00e1 nada definido.<\/p>\n\n\n\n<p>Saiba quais concursos est\u00e3o abertos no Rio de Janeiro \u27a1\ufe0f <a href=\"https:\/\/www.novaconcursos.com.br\/portal\/concursos-abertos\/rj\/\">Concursos Abertos RJ!<\/a><\/p>\n\n\n\n<h2 class=\"wp-block-heading\" id=\"governador-garantiu-autorizao-do-novo-concurso-seeduc-rj-par\">Governador garantiu autoriza\u00e7\u00e3o do novo concurso Seeduc RJ para efetivos!<\/h2>\n\n\n\n<p>Em janeiro de 2023, o governador do Rio de Janeiro, Cl\u00e1udio Castro, afirmou que a Educa\u00e7\u00e3o seria uma prioridade em seu mandato, portanto, um concurso para professores j\u00e1 estaria\u00a0<strong>autorizado em 2023.<\/strong><\/p>\n\n\n\n<p><em>\u201cTemos um d\u00e9ficit de professores, principalmente em disciplinas como Qu\u00edmica, F\u00edsica, Biologia e Matem\u00e1tica. Autorizei a preparar um concurso grande, sobretudo, para mat\u00e9rias em que a gente tem mais dificuldades. Ser\u00e1 em 2023\u201d,\u00a0<\/em>disse o governador.<\/p>\n\n\n\n<p>De acordo com o Sindicato Estadual dos Profissionais da Educa\u00e7\u00e3o (Sepe RJ), a rede estatual tem uma\u00a0<strong>car\u00eancia de mais de 7 mil professores.<\/strong><\/p>\n\n\n\n<p>Para reverter o d\u00e9ficit, foi autorizada a convoca\u00e7\u00e3o de v\u00e1rios aprovados nos concursos Seeduc 2013 e 2014. Al\u00e9m disso, foi publicado o edital de um\u00a0<strong>processo seletivo para tempor\u00e1rios,<\/strong>\u00a0visando suprir as necessidades que surgir\u00e3o ao longo do ano de 2023. Saiba mais detalhes,\u00a0<a href=\"https:\/\/www.novaconcursos.com.br\/portal\/noticias\/concurso-seeduc-rj-saiu-o-edital-667-vagas\/\" target=\"_blank\" rel=\"noreferrer noopener\">clicando aqui!<\/a><\/p>\n\n\n\n<h2 class=\"wp-block-heading\" id=\"como-foi-o-ltimo-concurso\">Como foi o \u00faltimo concurso?<\/h2>\n\n\n\n<p>O \u00faltimo concurso foi realizado em 2014 para o preenchimento de mais de\u00a0<strong>1.000 vagas de Professor.<\/strong><\/p>\n\n\n\n<p>Na ocasi\u00e3o, os candidatos foram avaliados por meio de\u00a0<strong>provas objetivas e analise de t\u00edtulos.<\/strong><\/p>\n\n\n\n<p>A prova objetiva consistiu em<strong>\u00a050 quest\u00f5es<\/strong>\u00a0de m\u00faltipla escolha, divididas em tr\u00eas blocos:<\/p>\n\n\n\n<p><strong>Bloco I<\/strong><\/p>\n\n\n\n<ul class=\"wp-block-list\"><li>Portugu\u00eas: 10 quest\u00f5es, sendo eliminado quem n\u00e3o obteve, no m\u00ednimo, dez pontos.<\/li>\n<\/ul><p><strong>Bloco II<\/strong><\/p>\n\n\n\n<ul class=\"wp-block-list\"><li>Conhecimentos Gerais e Pedag\u00f3gicos: 10 quest\u00f5es, sendo eliminado\u00a0quem n\u00e3o alcan\u00e7ou, ao menos, dez pontos.<\/li>\n<\/ul><p><strong>Bloco III<\/strong><\/p>\n\n\n\n<ul class=\"wp-block-list\"><li>Conhecimentos Espec\u00edficos: 30 quest\u00f5es, sendo eliminado o candidato que n\u00e3o obteve no m\u00ednimo 30 pontos.<\/li>\n<\/ul><p>Posteriormente, os candidatos tiveram seus t\u00edtulos analisados de acordo com a seguinte tabela:<\/p>\n\n\n<div class=\"wp-block-image\">\n<figure class=\"aligncenter size-full\"><a href=\"https:\/\/www.novaconcursos.com.br\/portal\/wp-content\/uploads\/2024\/01\/titulos-seeduc-rj.webp\"><img decoding=\"async\" width=\"610\" height=\"409\" src=\"https:\/\/www.novaconcursos.com.br\/portal\/wp-content\/uploads\/2024\/01\/titulos-seeduc-rj.webp\" alt=\"\" class=\"wp-image-218243\" loading=\"lazy\" title=\"\" srcset=\"https:\/\/www.novaconcursos.com.br\/portal\/wp-content\/uploads\/2024\/01\/titulos-seeduc-rj-300x201.webp 300w, https:\/\/www.novaconcursos.com.br\/portal\/wp-content\/uploads\/2024\/01\/titulos-seeduc-rj-480x322.webp 480w, https:\/\/www.novaconcursos.com.br\/portal\/wp-content\/uploads\/2024\/01\/titulos-seeduc-rj.webp 610w\" sizes=\"auto, (max-width: 480px) 100vw, (max-width: 768px) 100vw, (max-width: 1200px) 70vw, 768px\"><\/a><\/figure><\/div>\n\n\n<p><\/p>\n\n\n\n<p><strong>Baixe o edital<\/strong>\u00a0\u27a1\ufe0f <a href=\"https:\/\/projetos.ceperj.rj.gov.br\/concursos\/2014\/seeduc1630\/docs\/EDITAL%20SEEDUC%2016%20E%2030%20HORAS.cronograma%20final.pdf\" target=\"_blank\" rel=\"noreferrer noopener\">Edital Seeduc RJ 2014<\/a><\/p>","protected":false},"excerpt":{"rendered":"<p>Aten\u00e7\u00e3o, concurseiros do Rio de Janeiro! A Secretaria de Estado de Educa\u00e7\u00e3o iniciou os estudos internos para realiza\u00e7\u00e3o de um novo concurso Seeduc RJ. As oportunidades ser\u00e3o para os cargos de Professor com Perfil Espec\u00edfico de: Mediador Escolar, Atendimento Educacional Especializado e Pedagogo. Al\u00e9m dos cargos de Profissional Cuidador, Int\u00e9rprete de Libras e Psic\u00f3logo, que [&hellip;]<\/p>\n","protected":false},"author":54679,"featured_media":218239,"comment_status":"closed","ping_status":"closed","sticky":false,"template":"","format":"standard","meta":{"_acf_changed":false,"footnotes":"","_wp_rev_ctl_limit":""},"categories":[228],"tags":[],"class_list":["post-218226","post","type-post","status-publish","format-standard","has-post-thumbnail","hentry","category-noticias"],"acf":[],"_links":{"self":[{"href":"https:\/\/www.novaconcursos.com.br\/portal\/wp-json\/wp\/v2\/posts\/218226","targetHints":{"allow":["GET"]}}],"collection":[{"href":"https:\/\/www.novaconcursos.com.br\/portal\/wp-json\/wp\/v2\/posts"}],"about":[{"href":"https:\/\/www.novaconcursos.com.br\/portal\/wp-json\/wp\/v2\/types\/post"}],"author":[{"embeddable":true,"href":"https:\/\/www.novaconcursos.com.br\/portal\/wp-json\/wp\/v2\/users\/54679"}],"replies":[{"embeddable":true,"href":"https:\/\/www.novaconcursos.com.br\/portal\/wp-json\/wp\/v2\/comments?post=218226"}],"version-history":[{"count":4,"href":"https:\/\/www.novaconcursos.com.br\/portal\/wp-json\/wp\/v2\/posts\/218226\/revisions"}],"predecessor-version":[{"id":218248,"href":"https:\/\/www.novaconcursos.com.br\/portal\/wp-json\/wp\/v2\/posts\/218226\/revisions\/218248"}],"wp:featuredmedia":[{"embeddable":true,"href":"https:\/\/www.novaconcursos.com.br\/portal\/wp-json\/wp\/v2\/media\/218239"}],"wp:attachment":[{"href":"https:\/\/www.novaconcursos.com.br\/portal\/wp-json\/wp\/v2\/media?parent=218226"}],"wp:term":[{"taxonomy":"category","embeddable":true,"href":"https:\/\/www.novaconcursos.com.br\/portal\/wp-json\/wp\/v2\/categories?post=218226"},{"taxonomy":"post_tag","embeddable":true,"href":"https:\/\/www.novaconcursos.com.br\/portal\/wp-json\/wp\/v2\/tags?post=218226"}],"curies":[{"name":"wp","href":"https:\/\/api.w.org\/{rel}","templated":true}]}}