{"id":218279,"date":"2024-01-10T17:40:14","date_gmt":"2024-01-10T20:40:14","guid":{"rendered":"https:\/\/www.novaconcursos.com.br\/portal\/?p=218279"},"modified":"2024-01-10T17:40:17","modified_gmt":"2024-01-10T20:40:17","slug":"edital-mma-publicada-convocacao-para-a-prova-de-analista-ambiental","status":"publish","type":"post","link":"https:\/\/www.novaconcursos.com.br\/portal\/noticias\/edital-mma-publicada-convocacao-para-a-prova-de-analista-ambiental\/","title":{"rendered":"Edital MMA: publicada convoca\u00e7\u00e3o para a prova de Analista Ambiental!"},"content":{"rendered":"<p>As provas do concurso MMA (Minist\u00e9rio do Meio Ambiente e Mudan\u00e7a do Clima) acontecem\u00a0no dia 21 de janeiro; veja convoca\u00e7\u00e3o. S\u00e3o <strong>98 vagas<\/strong>\u00a0para o cargo de Analista Ambiental.<\/p>\n\n\n\n<ul class=\"wp-block-list\"><li><strong>Confira:<\/strong>\u00a0<a href=\"https:\/\/www.novaconcursos.com.br\/apostila\/basico-concurso\">Apostila B\u00e1sico para Concursos 2023<\/a><\/li>\n\n\n\n<li><strong>Confira:<\/strong>\u00a0<a href=\"https:\/\/www.novaconcursos.com.br\/livro\/1000-questoes-gabaritadas-cebraspe\">Livro 1.000 Quest\u00f5es Gabaritadas da Cebraspe<\/a><\/li>\n<\/ul><p>Estude para o concurso dos seus sonhos com o\u00a0<strong>M\u00e9todo<\/strong>\u00a0que j\u00e1 ajudou na\u00a0<strong>aprova\u00e7\u00e3o de mais de 70 mil alunos<\/strong>.\u00a0<a href=\"https:\/\/www.novaconcursos.com.br\/eventos\/assinatura\" target=\"_blank\" rel=\"noreferrer noopener\">Clique aqui<\/a>\u00a0e saiba mais!<\/p>\n\n\n\n<h2 class=\"wp-block-heading\" id=\"quando-sero-as-provas-do-concurso-mma\">Quando ser\u00e3o as provas do concurso MMA?<\/h2>\n\n\n\n<p>Portanto, os candidatos inscritos no concurso Minist\u00e9rio do Meio Ambiente ser\u00e3o avaliados por meio de provas objetivas e discursivas. <\/p>\n\n\n\n<p>Assim, ambas ser\u00e3o aplicadas no pr\u00f3ximo dia\u00a0<strong>21 de janeiro de 2024,\u00a0<\/strong>em todas as capitais do pa\u00eds, al\u00e9m do Distrito Federal. A aplica\u00e7\u00e3o ser\u00e1 iniciada \u00e0s 14h.\u00a0<\/p>\n\n\n\n<p>A orienta\u00e7\u00e3o da banca \u00e9 que os candidatos cheguem aos locais de prova com uma hora de anteced\u00eancia, levando caneta esferogr\u00e1fica de tinta preta fabricada\u00a0em\u00a0material\u00a0transparente.<\/p>\n\n\n\n<p>Confira o documento, com as <a href=\"https:\/\/cdn.cebraspe.org.br\/concursos\/MMA_23\/arquivos\/ED_4_MMA_23_LOCAIS_E_HORARIOS.PDF\" target=\"_blank\" rel=\"noreferrer noopener\">orienta\u00e7\u00f5es<\/a>!<\/p>\n\n\n\n<p>Entretanto, a convoca\u00e7\u00e3o para a etapa j\u00e1 est\u00e1 publicada desde esta ter\u00e7a-feira, 9 de janeiro, com as orienta\u00e7\u00f5es para os candidatos.<\/p>\n\n\n\n<p>Al\u00e9m disso, os <strong>locais de prova<\/strong> estar\u00e3o dispon\u00edveis para consulta\u00a0<a href=\"https:\/\/www.cebraspe.org.br\/concursos\/MMA_23\" target=\"_blank\" rel=\"noreferrer noopener\">pelo site do Cebraspe<\/a>, banca organizadora da sele\u00e7\u00e3o, a partir do dia 12 de janeiro.\u00a0<\/p>\n\n\n\n<h2 class=\"wp-block-heading\" id=\"o-que-estudar-para-as-provas-do-concurso-mma\">O que estudar para as provas do concurso MMA?<\/h2>\n\n\n\n<p>Assim, a prova objetiva consistir\u00e1 em<strong>\u00a0100 quest\u00f5es do tipo \u201ccerto\u201d ou \u201cerrado\u201d,<\/strong>\u00a0em que cada erro anula um acerto, ou seja, se o candidato acertar 50 quest\u00f5es e errar 50 quest\u00f5es, sua pontua\u00e7\u00e3o ser\u00e1 0.<\/p>\n\n\n\n<p>Portanto, haver\u00e1 40 quest\u00f5es de conhecimentos b\u00e1sicos e 60 quest\u00f5es de conhecimentos espec\u00edficos. Sendo assim, confira as <strong>disciplinas<\/strong>:<\/p>\n\n\n\n<ul class=\"wp-block-list\"><li>L\u00edngua Portuguesa;<\/li>\n\n\n\n<li>L\u00edngua Inglesa;<\/li>\n\n\n\n<li>No\u00e7\u00f5es de Gest\u00e3o P\u00fablica;<\/li>\n\n\n\n<li>No\u00e7\u00f5es de Direito Administrativo;<\/li>\n\n\n\n<li>No\u00e7\u00f5es de Direito Constitucional;<\/li>\n\n\n\n<li>Legisla\u00e7\u00e3o e Normas Ambientais;<\/li>\n\n\n\n<li>Integridade P\u00fablica;<\/li>\n\n\n\n<li>Biodiversidade, Florestas e Direitos Animais;<\/li>\n\n\n\n<li>Mudan\u00e7a do Clima;<\/li>\n\n\n\n<li>Qualidade Ambiental;<\/li>\n\n\n\n<li>Bioeconomia; e<\/li>\n\n\n\n<li>Gest\u00e3o ambiental.<\/li>\n<\/ul><p>Por outro lado, a prova discursiva consistir\u00e1 na elabora\u00e7\u00e3o de uma\u00a0<strong>reda\u00e7\u00e3o,\u00a0<\/strong>de at\u00e9 30 linhas, sobre um tema relacionados a \u201catualidades\u201d.<\/p>\n\n\n\n<p><strong>Aten\u00e7\u00e3o!\u00a0<\/strong>Somente ser\u00e3o corrigidas as provas discursivas dos 186 candidatos da ampla concorr\u00eancia melhores classificados na prova objetiva, bem como, dos 20 candidatos com defici\u00eancia mais bem classificados e dos 186 candidatos negros mais bem classificados.<\/p>\n\n\n\n<h2 class=\"wp-block-heading\" id=\"vagas-cargos-requisitos-e-salrios-do-concurso-mma\">Vagas, cargos, requisitos e sal\u00e1rios do concurso MMA<\/h2>\n\n\n\n<p>Posteriormente, o concurso MMA visa o preenchimento de\u00a0<strong>98 vagas imediatas<\/strong>\u00a0de Analista Ambiental, que exige o n\u00edvel superior.<\/p>\n\n\n\n<p>Segundo o edital, ser\u00e3o 73 vagas para ampla concorr\u00eancia, 5 para pessoas com defici\u00eancia (PcD) e 20 para negros. Veja os requisitos:<\/p>\n\n\n\n<ul class=\"wp-block-list\"><li>Diploma, devidamente registrado, de conclus\u00e3o gradua\u00e7\u00e3o em n\u00edvel superior ou habilita\u00e7\u00e3o legal equivalente em qualquer \u00e1rea de forma\u00e7\u00e3o, fornecido por institui\u00e7\u00e3o de ensino superior reconhecida pelo Minist\u00e9rio da Educa\u00e7\u00e3o (MEC);<\/li>\n\n\n\n<li>Ter a nacionalidade brasileira ou portuguesa e, no caso de nacionalidade portuguesa, estar amparado pelo Estatuto de Igualdade entre Brasileiros e Portugueses, com reconhecimento do gozo dos direitos pol\u00edticos, nos termos do \u00a7 1\u00ba do art. 12 da Constitui\u00e7\u00e3o Federal.<\/li>\n\n\n\n<li>Estar em gozo dos direitos pol\u00edticos.<\/li>\n\n\n\n<li>Estar quite com as obriga\u00e7\u00f5es militares, em caso de candidato do sexo masculino.<\/li>\n\n\n\n<li>Estar quite com as obriga\u00e7\u00f5es eleitorais.<\/li>\n\n\n\n<li>Possuir os requisitos exigidos para o exerc\u00edcio do cargo;<\/li>\n\n\n\n<li>Ter idade m\u00ednima de 18 anos completos na data da posse.<\/li>\n\n\n\n<li>Ter aptid\u00e3o f\u00edsica e mental para o exerc\u00edcio das atribui\u00e7\u00f5es do cargo.<\/li>\n<\/ul><p>Assim, os aprovados cumprir\u00e3o jornadas de trabalho de\u00a0<strong>40 horas semanais,<\/strong>\u00a0com possibilidade de ingresso no Programa de Gest\u00e3o e Desempenho e remunerados com\u00a0<strong>sal\u00e1rios iniciais de R$ 9.475,72.<\/strong><\/p>\n\n\n\n<p>Esse valor \u00e9 composto do vencimento b\u00e1sico Classe A\/Padr\u00e3o I + gratifica\u00e7\u00e3o de desempenho \u2013 GDAEM + aux\u00edlio alimenta\u00e7\u00e3o.<\/p>\n\n\n\n<p>Al\u00e9m disso, o servidor tamb\u00e9m tem possibilidade de Gratifica\u00e7\u00e3o de Qualifica\u00e7\u00e3o nos seguintes valores:<\/p>\n\n\n\n<ul class=\"wp-block-list\"><li>GQ I Especializa\u00e7\u00e3o: R$ 385,70<\/li>\n\n\n\n<li>GQ II Mestrado: R$ 769,10<\/li>\n\n\n\n<li>GQ III Doutorado: R$ 1.157,58<\/li>\n<\/ul><p>Quer saber de mais editais de concursos abertos no pa\u00eds? <a href=\"https:\/\/www.novaconcursos.com.br\/portal\/concursos-abertos\/nacional\" target=\"_blank\" rel=\"noreferrer noopener\">Clique e n\u00e3o perca tempo<\/a>!<\/p>\n\n\n\n<h2 class=\"wp-block-heading\" id=\"quais-as-atribuies-do-analista-ambiental\">Quais as atribui\u00e7\u00f5es do Analista Ambiental?<\/h2>\n\n\n\n<p>S\u00e3o atribui\u00e7\u00f5es, o planejamento ambiental, organizacional e estrat\u00e9gico afetos \u00e0 execu\u00e7\u00e3o das pol\u00edticas nacionais de meio ambiente formuladas no \u00e2mbito da Uni\u00e3o, em especial as que se relacionem com as seguintes atividades: regula\u00e7\u00e3o, controle, fiscaliza\u00e7\u00e3o, licenciamento e auditoria ambiental; monitoramento ambiental; gest\u00e3o, prote\u00e7\u00e3o e controle da qualidade ambiental; ordenamento dos recursos florestais e pesqueiros; conserva\u00e7\u00e3o dos ecossistemas e das esp\u00e9cies neles inseridas, incluindo seu manejo e prote\u00e7\u00e3o; e est\u00edmulo e difus\u00e3o de tecnologias, informa\u00e7\u00e3o e educa\u00e7\u00e3o ambientais.<\/p>","protected":false},"excerpt":{"rendered":"<p>As provas do concurso MMA (Minist\u00e9rio do Meio Ambiente e Mudan\u00e7a do Clima) acontecem\u00a0no dia 21 de janeiro; veja convoca\u00e7\u00e3o. S\u00e3o 98 vagas\u00a0para o cargo de Analista Ambiental. Estude para o concurso dos seus sonhos com o\u00a0M\u00e9todo\u00a0que j\u00e1 ajudou na\u00a0aprova\u00e7\u00e3o de mais de 70 mil alunos.\u00a0Clique aqui\u00a0e saiba mais! Quando ser\u00e3o as provas do concurso [&hellip;]<\/p>\n","protected":false},"author":54671,"featured_media":218286,"comment_status":"closed","ping_status":"closed","sticky":false,"template":"","format":"standard","meta":{"_acf_changed":false,"footnotes":"","_wp_rev_ctl_limit":""},"categories":[228],"tags":[],"class_list":["post-218279","post","type-post","status-publish","format-standard","has-post-thumbnail","hentry","category-noticias"],"acf":[],"_links":{"self":[{"href":"https:\/\/www.novaconcursos.com.br\/portal\/wp-json\/wp\/v2\/posts\/218279","targetHints":{"allow":["GET"]}}],"collection":[{"href":"https:\/\/www.novaconcursos.com.br\/portal\/wp-json\/wp\/v2\/posts"}],"about":[{"href":"https:\/\/www.novaconcursos.com.br\/portal\/wp-json\/wp\/v2\/types\/post"}],"author":[{"embeddable":true,"href":"https:\/\/www.novaconcursos.com.br\/portal\/wp-json\/wp\/v2\/users\/54671"}],"replies":[{"embeddable":true,"href":"https:\/\/www.novaconcursos.com.br\/portal\/wp-json\/wp\/v2\/comments?post=218279"}],"version-history":[{"count":4,"href":"https:\/\/www.novaconcursos.com.br\/portal\/wp-json\/wp\/v2\/posts\/218279\/revisions"}],"predecessor-version":[{"id":218288,"href":"https:\/\/www.novaconcursos.com.br\/portal\/wp-json\/wp\/v2\/posts\/218279\/revisions\/218288"}],"wp:featuredmedia":[{"embeddable":true,"href":"https:\/\/www.novaconcursos.com.br\/portal\/wp-json\/wp\/v2\/media\/218286"}],"wp:attachment":[{"href":"https:\/\/www.novaconcursos.com.br\/portal\/wp-json\/wp\/v2\/media?parent=218279"}],"wp:term":[{"taxonomy":"category","embeddable":true,"href":"https:\/\/www.novaconcursos.com.br\/portal\/wp-json\/wp\/v2\/categories?post=218279"},{"taxonomy":"post_tag","embeddable":true,"href":"https:\/\/www.novaconcursos.com.br\/portal\/wp-json\/wp\/v2\/tags?post=218279"}],"curies":[{"name":"wp","href":"https:\/\/api.w.org\/{rel}","templated":true}]}}