{"id":218475,"date":"2024-01-11T17:14:26","date_gmt":"2024-01-11T20:14:26","guid":{"rendered":"https:\/\/www.novaconcursos.com.br\/portal\/?p=218475"},"modified":"2024-01-11T17:14:30","modified_gmt":"2024-01-11T20:14:30","slug":"confira-o-edital-do-concurso-nacional-unificado-bloco-5","status":"publish","type":"post","link":"https:\/\/www.novaconcursos.com.br\/portal\/noticias\/confira-o-edital-do-concurso-nacional-unificado-bloco-5\/","title":{"rendered":"Confira o edital do concurso nacional unificado bloco 5: 1.016 vagas!"},"content":{"rendered":"<p>O<strong>\u00a0<\/strong><a href=\"https:\/\/www.novaconcursos.com.br\/portal\/concursos\/concurso-unificado-nacional\/\">Concurso<\/a>\u00a0Nacional Unificado est\u00e1 ofertando <strong>6.640 vagas<\/strong>\u00a0em 8 blocos tem\u00e1ticos. Mais de 1.000 s\u00e3o no Bloco 5, em \u00e1reas de\u00a0<strong>Educa\u00e7\u00e3o, Sa\u00fade, Desenvolvimento Social e Direitos Humanos<\/strong>. Veja como se inscrever!<\/p>\n\n\n\n<ul class=\"wp-block-list\"><li><strong>Confira:<\/strong> <a href=\"https:\/\/www.novaconcursos.com.br\/mapa-de-questoes\/mapa-questoes-concurso-nacional-unificado-cnu-parte-basica\">Mapa de Quest\u00f5es Online \u2013 CNU \u2013 Parte B\u00e1sica \u2013 5 Mil Quest\u00f5es<\/a><\/li>\n\n\n\n<li><strong>Confira: <\/strong><a href=\"https:\/\/www.novaconcursos.com.br\/curso-online\/concurso-nacional-unificado-cnu-bloco-5\">CNU \u2013 Bloco 5: Educa\u00e7\u00e3o, Sa\u00fade, Desenvolvimento Social e Direitos Humanos<\/a><\/li>\n\n\n\n<li><strong>Confira: <\/strong><a href=\"https:\/\/www.novaconcursos.com.br\/livro\/1000-questoes-gabaritadas-cesgranrio\">Livro 1.000 Quest\u00f5es Gabaritadas CESGRANRIO<\/a><\/li>\n<\/ul><p>Estude para o concurso dos seus sonhos com o\u00a0<strong>M\u00e9todo<\/strong>\u00a0que j\u00e1 ajudou na\u00a0<strong>aprova\u00e7\u00e3o de mais de 70 mil alunos.<\/strong>\u00a0<a href=\"https:\/\/aprovacao.novaconcursos.com.br\/assinatura\" target=\"_blank\" rel=\"noreferrer noopener\">Clique aqui<\/a>\u00a0e saiba mais!<\/p>\n\n\n\n<h2 class=\"wp-block-heading\" id=\"o-que-o-concurso-unificado-e-quantas-vagas-oferta\">O que \u00e9 o Concurso Unificado e quantas vagas oferta?<\/h2>\n\n\n\n<p>Portanto, o CNU teve os\u00a0<strong>editais publicados\u00a0<\/strong>e anunciados durante a coletiva com a\u00a0<strong>ministra da Gest\u00e3o e da Inova\u00e7\u00e3o<\/strong>\u00a0em Servi\u00e7os P\u00fablicos, Esther Dweck. <\/p>\n\n\n\n<p><em>\u201cEsse concurso \u00e9 um processo important\u00edssimo de reconstru\u00e7\u00e3o e transforma\u00e7\u00e3o do Estado brasileiro, porque ele vai conseguir chegar a locais onde nunca foram aplicadas provas de um concurso do Governo Federal. Esse realmente \u00e9 um processo para mudar a cara do Estado brasileiro, refor\u00e7ando todas as nossas iniciativas de democratiza\u00e7\u00e3o, maior diversidade. Queremos um Estado que seja a cara da popula\u00e7\u00e3o brasileira\u201d<\/em>, informou a ministra Esther Dweck.<\/p>\n\n\n\n<p>Chamado de \u201cEnem dos Concursos\u201d, o CNU prev\u00ea uma\u00a0<strong>inscri\u00e7\u00e3o \u00fanica<\/strong>,\u00a0que valer\u00e1 para selecionar os candidatos para mais de um \u00f3rg\u00e3o e contar\u00e1 <strong>realiza\u00e7\u00e3o simult\u00e2nea\u00a0<\/strong>de provas em mais de 200 cidades.<\/p>\n\n\n\n<p>Segundo o pr\u00f3prio Governo, essa atitude foi tomada para ampliar a igualdade de oportunidades de acesso aos cargos p\u00fablicos efetivos.\u00a0\u00c9 um processo inovador!<\/p>\n\n\n\n<p>Ao todo, os oito editais publicados comam 6.640 vagas para<strong>\u00a0n\u00edveis m\u00e9dio e superior<\/strong>. Depois, o sal\u00e1rio pode chegar at\u00e9\u00a0<strong>R$ 22.921,71<\/strong>, fora os benef\u00edcios.<\/p>\n\n\n\n<p>Os documentos trazem oportunidades para\u00a0<strong>21 \u00f3rg\u00e3os<\/strong>\u00a0p\u00fablicos federais (da Administra\u00e7\u00e3o P\u00fablica Federal direta, aut\u00e1rquica e fundacional). Ent\u00e3o, veja os blocos tem\u00e1ticos:<\/p>\n\n\n\n<ul class=\"wp-block-list\"><li>Bloco 1 \u2013 Administra\u00e7\u00e3o e Finan\u00e7as P\u00fablicas<\/li>\n\n\n\n<li>Bloco 2 \u2013 Setores Econ\u00f4micos, Infraestrutura e Regula\u00e7\u00e3o<\/li>\n\n\n\n<li>Bloco 3 \u2013 Agricultura, Meio Ambiente e Desenvolvimento Agr\u00e1rio<\/li>\n\n\n\n<li>Bloco 4 \u2013 Educa\u00e7\u00e3o, Ci\u00eancia, Tecnologia e Inova\u00e7\u00e3o<\/li>\n\n\n\n<li>Bloco 5 \u2013 Pol\u00edticas Sociais, Justi\u00e7a e Sa\u00fade<\/li>\n\n\n\n<li>Bloco 6 \u2013 Trabalho e Previd\u00eancia<\/li>\n\n\n\n<li>Bloco 7 \u2013 Dados, Tecnologia e Informa\u00e7\u00e3o<\/li>\n\n\n\n<li>Bloco 8 \u2013 N\u00edvel Intermedi\u00e1rio<\/li>\n<\/ul><h2 class=\"wp-block-heading\" id=\"quantas-vagas-e-quais-os-salrios-do-bloco-5-do-cnu\">Quantas vagas e quais os sal\u00e1rios do Bloco 5 do CNU?<\/h2>\n\n\n\n<p>Posteriormente, no bloco 5 (Educa\u00e7\u00e3o, Sa\u00fade, Desenvolvimento Social e Direito Humanos), os sal\u00e1rios s\u00e3o de\u00a0<strong>R$ 5.488,70 a R$ 11.186,69<\/strong>, dependendo da carreira. Confira a distribui\u00e7\u00e3o:<\/p>\n\n\n\n<ul class=\"wp-block-list\"><li><strong>Advocacia Geral da Uni\u00e3o<\/strong>\n<ul class=\"wp-block-list\"><li>\u00a0T\u00e9cnico em Assuntos Educacionais \/ Pedagogia \u2013 20 vagas<\/li>\n<\/ul><\/li>\n\n\n\n<li><strong>Funai<\/strong>\n<ul class=\"wp-block-list\"><li>Especialista em Indigenismo\n<ul class=\"wp-block-list\"><li>Antropologia \u2013 19 vagas<\/li>\n\n\n\n<li>Assist\u00eancia Social \u2013 21 vagas<\/li>\n\n\n\n<li>Indigenismo \u2013 152 vagas<\/li>\n\n\n\n<li>Pedagogia \u2013 2 vagas<\/li>\n\n\n\n<li>Sociologia \u2013 12 vagas<\/li>\n<\/ul><\/li>\n<\/ul><\/li>\n\n\n\n<li><strong>IBGE<\/strong>\n<ul class=\"wp-block-list\"><li>Analista de Planejamento, Gest\u00e3o e Infraestrutura em Informa\u00e7\u00f5es Geogr\u00e1ficas e Estat\u00edsticas \/ Psicopedagogia \u2013 1 vaga<\/li>\n<\/ul><ul class=\"wp-block-list\"><li>Pesquisador em Informa\u00e7\u00f5es Geogr\u00e1ficas e Estat\u00edsticas \/ Demografia \u2013 2 vagas<\/li>\n<\/ul><ul class=\"wp-block-list\"><li>Tecnologista em Informa\u00e7\u00f5es Geogr\u00e1ficas e Estat\u00edsticas \/ Demografia \u2013 1 vaga<\/li>\n<\/ul><\/li>\n\n\n\n<li><strong>INCRA<\/strong>\n<ul class=\"wp-block-list\"><li>Analista em Reforma e Desenvolvimento Agr\u00e1rio \/ Antropologia \u2013 58 vagas<\/li>\n<\/ul><\/li>\n\n\n\n<li><strong>INEP<\/strong>\n<ul class=\"wp-block-list\"><li>Pesquisador-Tecnologista em Informa\u00e7\u00f5es e Avalia\u00e7\u00f5es Educacionais \/ Gradua\u00e7\u00e3o em qualquer \u00e1rea de conhecimento \u2013 10 vagas<\/li>\n<\/ul><\/li>\n\n\n\n<li><strong>MCTI<\/strong>\n<ul class=\"wp-block-list\"><li>Analista em Ci\u00eancia e Tecnologia \/ Ci\u00eancias Humanas, Sa\u00fade e\/ou Sociais Aplicadas \u2013 13 vagas<\/li>\n<\/ul><\/li>\n\n\n\n<li><strong>MGI<\/strong>\n<ul class=\"wp-block-list\"><li>Analista T\u00e9cnico Administrativo \/ Hist\u00f3ria \u2013 8 vagas<\/li>\n\n\n\n<li>Analista T\u00e9cnico de Pol\u00edticas Sociais \u2013 ATPS (MGI, MJSP, MDHC, MEC) \/ Gradua\u00e7\u00e3o em qualquer \u00e1rea de conhecimento \u2013 460 vagas<\/li>\n<\/ul><ul class=\"wp-block-list\"><li>Especialistas em Pol\u00edticas P\u00fablicas e Gest\u00e3o Governamental (EPPGG) \/ Gradua\u00e7\u00e3o em qualquer \u00e1rea de conhecimento \u2013 20 vagas<\/li>\n<\/ul><ul class=\"wp-block-list\"><li>T\u00e9cnico em Assuntos Educacionais \/ Pedagogia \u2013 2 vagas<\/li>\n<\/ul><\/li>\n\n\n\n<li><strong>Minist\u00e9rio da Sa\u00fade<\/strong>\n<ul class=\"wp-block-list\"><li>Tecnologista\n<ul class=\"wp-block-list\"><li>Vigil\u00e2ncia em Sa\u00fade e ambiente \u2013 66 vagas<\/li>\n\n\n\n<li>Gest\u00e3o , monitoramento e avalia\u00e7\u00e3o de pol\u00edticas em sa\u00fade \/ 71 vagas<\/li>\n\n\n\n<li>Farm\u00e1cia \u2013 25 vagas<\/li>\n\n\n\n<li>Fomento do Complexo Econ\u00f4mico \u2013 Industrial da Sa\u00fade \u2013 15 vagas<\/li>\n<\/ul><\/li>\n<\/ul><\/li>\n\n\n\n<li><strong>Minist\u00e9rio dos Povos Ind\u00edgenas<\/strong>\n<ul class=\"wp-block-list\"><li>Analista T\u00e9cnico Administrativo \u2013 30 vagas<\/li>\n<\/ul><\/li>\n<\/ul><p>Acesse a\u00a0<a href=\"https:\/\/www.gov.br\/gestao\/pt-br\/concursonacional\/blocos-tematicos\" target=\"_blank\" rel=\"noopener\">divis\u00e3o das vagas e os cargos<\/a>\u00a0de cada blocos tem\u00e1ticos do CNU.<\/p>\n\n\n\n<h2 class=\"wp-block-heading\" id=\"como-se-inscrever-no-cnu-concurso-nacional-unificado\">Como se inscrever no CNU \u2013 Concurso Nacional Unificado?<\/h2>\n\n\n\n<p>Quem quiser se inscrever, deve entrar no\u00a0<a href=\"https:\/\/www.gov.br\/gestao\/pt-br\" target=\"_blank\" rel=\"noreferrer noopener\">site do MGI<\/a>\u00a0. Mas, o link estar\u00e1 dispon\u00edvel a partir do dia\u00a0<strong>19 de janeiro<\/strong>, quando abrem as inscri\u00e7\u00f5es.<\/p>\n\n\n\n<p>Assim, ela seguir\u00e1 aberta at\u00e9 dia\u00a0<strong>9 de fevereiro<\/strong>, ou seja, s\u00e3o apenas 22 dias para inscri\u00e7\u00e3o. Para se inscrever, o candidato deve acessar sua conta no aplicativo Gov.br.\u00a0<\/p>\n\n\n\n<p><em>\u201cA conta Gov.br garante a correta identifica\u00e7\u00e3o de cada cidad\u00e3o que acessa os servi\u00e7os digitais do governo. Ser\u00e3o aceitos todos os n\u00edveis de conta na plataforma (ouro, prata ou bronze)\u201d<\/em>, explicou o MGI.<\/p>\n\n\n\n<p>Al\u00e9m disso, o candidato deve primeiramente escolher um dos\u00a0<strong>8 blocos tem\u00e1ticos.<\/strong>\u00a0Depois, deve optar pelo\u00a0<strong>cargo e especialidade<\/strong>, indicando a ordem de prefer\u00eancia de ocupa\u00e7\u00e3o do cargo e a cidade de realiza\u00e7\u00e3o da prova.<\/p>\n\n\n\n<p>Em seguida \u00e9 preciso pagar uma taxa de R$ 60 para cargos de n\u00edvel m\u00e9dio e de R$ 90 para n\u00edvel superior. Lembrando que a banca da sele\u00e7\u00e3o \u00e9 a\u00a0<a href=\"https:\/\/www.cesgranrio.org.br\/\" target=\"_blank\" rel=\"noreferrer noopener\">Funda\u00e7\u00e3o\u00a0Cesgranrio<\/a>\u00a0\u00a0\u00a0.<\/p>\n\n\n\n<h3 class=\"wp-block-heading\">Mais de um cargo<\/h3>\n\n\n\n<p>De acordo com o MGI, o CNU permitir\u00e1 a inscri\u00e7\u00e3o para a disputa por vagas para mais de um cargo, desde que dentro do mesmo bloco tem\u00e1tico, com taxa de inscri\u00e7\u00e3o \u00fanica.<\/p>\n\n\n\n<p>Ao concorrer a mais de um cargo, o candidato dever\u00e1 classificar as vagas de interesse por ordem de prefer\u00eancia para definir a prioridade em uma poss\u00edvel chamada, que ser\u00e1 baseada na nota alcan\u00e7ada.<\/p>\n\n\n\n<p><em>\u201cSomente \u00e9 poss\u00edvel se inscrever para cargos dentro do mesmo bloco tem\u00e1tico, ou seja, o candidato pode escolher todos os cargos ou s\u00f3 um, mas deve levar em considera\u00e7\u00e3o os requisitos exigidos para cada cargo como, por exemplo, curso superior espec\u00edfico para preencher a vaga. Al\u00e9m disso, a ordem de prefer\u00eancia dos cargos escolhidos deve ser feita de forma cuidadosa, porque ser\u00e1 levada em considera\u00e7\u00e3o no momento do chamamento. Ser\u00e1 poss\u00edvel alterar o bloco at\u00e9 a data final do per\u00edodo da inscri\u00e7\u00e3o\u201d<\/em>, disse a ministra.\u00a0<\/p>\n\n\n\n<h3 class=\"wp-block-heading\">Isen\u00e7\u00e3o da taxa<\/h3>\n\n\n\n<p>Podem estar isentos do pagamento da taxa, os candidatos que integram o Cadastro \u00danico para Programas Sociais (Cad\u00danico); aqueles que cursam ou cursaram faculdade pelo Fundo de Financiamento ao Estudante do Ensino Superior (Fies) ou pelo Programa Universidade para Todos (ProUni); assim como aqueles que realizaram transplante de medula \u00f3ssea.<\/p>\n\n\n\n<h3 class=\"wp-block-heading\">Suporte<\/h3>\n\n\n\n<p>Para os que n\u00e3o conseguem fazer a inscri\u00e7\u00e3o online,\u00a0haver\u00e1\u00a0<strong>suporte presencial<\/strong>\u00a0nas ag\u00eancias do Banco do Brasil e dos Correios, nas 220 cidades de aplica\u00e7\u00e3o das provas.<\/p>\n\n\n\n<p>Confira o\u00a0<a href=\"https:\/\/www.gov.br\/gestao\/pt-br\/concursonacional\/editais\/edital-cpnu-bloco-5-10jan2024.pdf\" target=\"_blank\" rel=\"noreferrer noopener\">edital do Bloco V<\/a><\/p>\n\n\n\n<h2 class=\"wp-block-heading\" id=\"como-sero-as-etapas-e-provas-do-bloco-1-do-concurso-nacional\">Como ser\u00e3o as etapas e provas do Bloco 1 do Concurso Nacional Unificado?<\/h2>\n\n\n\n<p>Posteriormente, os inscritos na sele\u00e7\u00e3o, no Bloco I, passar\u00e3o por\u00a0<strong>v\u00e1rias etapas\u00a0<\/strong>avaliativas, sendo elas:<\/p>\n\n\n\n<ul class=\"wp-block-list\"><li><strong>I \u2013 Primeira Etapa:<\/strong>\n<ul class=\"wp-block-list\"><li>1\u00aa fase: exame de habilidades e conhecimentos aferidos por meio de aplica\u00e7\u00e3o de provas objetivas e discursiva, de car\u00e1ter classificat\u00f3rio e eliminat\u00f3rio, sob a responsabilidade da Funda\u00e7\u00e3o Cesgranrio;<\/li>\n\n\n\n<li>2\u00aa fase: per\u00edcia m\u00e9dica (avalia\u00e7\u00e3o biopsicossocial) dos candidatos que se declararem com defici\u00eancia para verificar se efetivamente se trata de pessoas com defici\u00eancia, bem como a compatibilidade entre as atribui\u00e7\u00f5es do cargo e a defici\u00eancia apresentada pelos candidatos, sob a responsabilidade da Funda\u00e7\u00e3o Cesgranrio;<\/li>\n\n\n\n<li>3\u00aa fase: procedimento de verifica\u00e7\u00e3o da condi\u00e7\u00e3o declarada para concorrer \u00e0s vagas reservadas aos candidatos negros na forma das disposi\u00e7\u00f5es da Instru\u00e7\u00e3o Normativa MGI n\u00ba 23, de 25 de julho de 2023, sob a responsabilidade da Funda\u00e7\u00e3o Cesgranrio.<\/li>\n\n\n\n<li>4\u00aa fase: procedimento de verifica\u00e7\u00e3o documental complementar para concorrer \u00e0s vagas reservadas aos candidatos ind\u00edgenas, para os cargos da Funda\u00e7\u00e3o Nacional dos Povos Ind\u00edgenas (FUNAI) atendendo ao Decreto n\u00ba 11.839, de 21 de dezembro de 2023 e a Portaria Conjunta MGI\/MPI\/FUNAI n\u00ba 63, de 26 de dezembro de 2023, sob a responsabilidade da Funda\u00e7\u00e3o Cesgranrio;<\/li>\n<\/ul><\/li>\n\n\n\n<li><strong>II \u2013 Segunda Etapa:\u00a0<\/strong>destinada a avalia\u00e7\u00e3o de t\u00edtulos, quando couber, de car\u00e1ter classificat\u00f3rio, sob a responsabilidade da Funda\u00e7\u00e3o Cesgranrio.<\/li>\n\n\n\n<li><strong>III \u2013 Terceira Etapa:<\/strong>\u00a0destinada a Curso de Forma\u00e7\u00e3o espec\u00edfico, de car\u00e1ter classificat\u00f3rio e eliminat\u00f3rio, dos candidatos aos cargos Analista de Infraestrutura do Minist\u00e9rio da Gest\u00e3o e da Inova\u00e7\u00e3o em Servi\u00e7os P\u00fablicos \u2013 MGI e de Especialista em Pol\u00edticas P\u00fablicas e Gest\u00e3o Governamental do Minist\u00e9rio da Gest\u00e3o e da Inova\u00e7\u00e3o em Servi\u00e7os P\u00fablicos \u2013 MGI; e dos candidatos ao cargo de Especialista em Regula\u00e7\u00e3o de Servi\u00e7os P\u00fablicos de Energia da Ag\u00eancia Nacional de Energia El\u00e9trica -ANEEL.<\/li>\n<\/ul><p>As 220 cidades, distribu\u00eddas pelas cinco regi\u00f5es do pa\u00eds, onde haver\u00e1 avalia\u00e7\u00e3o, podem ser consultadas no<a href=\"https:\/\/www.gov.br\/gestao\/pt-br\/concursonacional\/editais\/edital-cpnu-bloco-5-10jan2024.pdf\" target=\"_blank\" rel=\"noreferrer noopener\">\u00a0Anexo III do edital<\/a>. Nele, tamb\u00e9m voc\u00ea encontra os\u00a0<strong>requisitos, atribui\u00e7\u00f5es e remunera\u00e7\u00f5es.<\/strong><\/p>\n\n\n\n<p><a href=\"https:\/\/www.novaconcursos.com.br\/portal\/concursos\/concurso-unificado-nacional\/#Cesgranrio\">Como \u00e9 a prova da Cesgranrio?<\/a><\/p>\n\n\n\n<h3 class=\"wp-block-heading\">Dia e hor\u00e1rio da prova<\/h3>\n\n\n\n<p>Al\u00e9m disso, para todos os candidatos, a prova objetiva e discursiva, ser\u00e1 aplicada no dia\u00a0<strong>5 de maio de 2024 (dois turnos)<\/strong>. Veja:<\/p>\n\n\n\n<ul class=\"wp-block-list\"><li><strong>Matutino<\/strong>\u00a0\u2013\u00a0 com 2h30 de dura\u00e7\u00e3o\n<ul class=\"wp-block-list\"><li>n\u00edvel superior\n<ul class=\"wp-block-list\"><li>conhecimentos gerais (20 quest\u00f5es)\u00a0 + discursiva de conhecimento espec\u00edfico do bloco<\/li>\n<\/ul><\/li>\n\n\n\n<li>n\u00edvel m\u00e9dio\n<ul class=\"wp-block-list\"><li>prova objetiva (20 quest\u00f5es) + reda\u00e7\u00e3o<\/li>\n<\/ul><\/li>\n<\/ul><\/li>\n\n\n\n<li><strong>Vespertino<\/strong>\u00a0 \u2013 3h30 de dura\u00e7\u00e3o\n<ul class=\"wp-block-list\"><li>n\u00edvel superior\n<ul class=\"wp-block-list\"><li>conhecimentos espec\u00edficos (50 quest\u00f5es)<\/li>\n<\/ul><\/li>\n\n\n\n<li>n\u00edvel m\u00e9dio\n<ul class=\"wp-block-list\"><li>prova objetiva (40 quest\u00f5es)<\/li>\n<\/ul><\/li>\n<\/ul><\/li>\n<\/ul><h3 class=\"wp-block-heading\">Conhecimentos espec\u00edficos Bloco 5<\/h3>\n\n\n\n<ul class=\"wp-block-list\"><li>Gest\u00e3o Governamental e Governan\u00e7a P\u00fablica<\/li>\n\n\n\n<li>Pol\u00edticas P\u00fablicas: educa\u00e7\u00e3o, ci\u00eancia e tecnologia e justi\u00e7a<\/li>\n\n\n\n<li>Pol\u00edticas P\u00fablicas: sa\u00fade e desenvolvimento social<\/li>\n\n\n\n<li>Direito humanos, dos povos origin\u00e1rios e das popula\u00e7\u00f5es tradicionais<\/li>\n\n\n\n<li>Pesquisa e avalia\u00e7\u00e3o<\/li>\n<\/ul><h3 class=\"wp-block-heading\">Resultados<\/h3>\n\n\n\n<p>Segundo cronograma, a divulga\u00e7\u00e3o dos resultados das provas objetivas e preliminares das provas discursivas e reda\u00e7\u00f5es ser\u00e1 no dia<strong>\u00a03 de junho.<\/strong><\/p>\n\n\n\n<p>J\u00e1 os resultados finais ser\u00e3o anunciados em\u00a0<strong>30 de julho<\/strong>. Em 5 de agosto ter\u00e1 in\u00edcio a etapa de convoca\u00e7\u00e3o para posse e realiza\u00e7\u00e3o de cursos de forma\u00e7\u00e3o.<\/p>","protected":false},"excerpt":{"rendered":"<p>O\u00a0Concurso\u00a0Nacional Unificado est\u00e1 ofertando 6.640 vagas\u00a0em 8 blocos tem\u00e1ticos. Mais de 1.000 s\u00e3o no Bloco 5, em \u00e1reas de\u00a0Educa\u00e7\u00e3o, Sa\u00fade, Desenvolvimento Social e Direitos Humanos. Veja como se inscrever! Estude para o concurso dos seus sonhos com o\u00a0M\u00e9todo\u00a0que j\u00e1 ajudou na\u00a0aprova\u00e7\u00e3o de mais de 70 mil alunos.\u00a0Clique aqui\u00a0e saiba mais! O que \u00e9 o Concurso [&hellip;]<\/p>\n","protected":false},"author":54671,"featured_media":218476,"comment_status":"closed","ping_status":"closed","sticky":false,"template":"","format":"standard","meta":{"_acf_changed":false,"footnotes":"","_wp_rev_ctl_limit":""},"categories":[228],"tags":[],"class_list":["post-218475","post","type-post","status-publish","format-standard","has-post-thumbnail","hentry","category-noticias"],"acf":[],"_links":{"self":[{"href":"https:\/\/www.novaconcursos.com.br\/portal\/wp-json\/wp\/v2\/posts\/218475","targetHints":{"allow":["GET"]}}],"collection":[{"href":"https:\/\/www.novaconcursos.com.br\/portal\/wp-json\/wp\/v2\/posts"}],"about":[{"href":"https:\/\/www.novaconcursos.com.br\/portal\/wp-json\/wp\/v2\/types\/post"}],"author":[{"embeddable":true,"href":"https:\/\/www.novaconcursos.com.br\/portal\/wp-json\/wp\/v2\/users\/54671"}],"replies":[{"embeddable":true,"href":"https:\/\/www.novaconcursos.com.br\/portal\/wp-json\/wp\/v2\/comments?post=218475"}],"version-history":[{"count":3,"href":"https:\/\/www.novaconcursos.com.br\/portal\/wp-json\/wp\/v2\/posts\/218475\/revisions"}],"predecessor-version":[{"id":218481,"href":"https:\/\/www.novaconcursos.com.br\/portal\/wp-json\/wp\/v2\/posts\/218475\/revisions\/218481"}],"wp:featuredmedia":[{"embeddable":true,"href":"https:\/\/www.novaconcursos.com.br\/portal\/wp-json\/wp\/v2\/media\/218476"}],"wp:attachment":[{"href":"https:\/\/www.novaconcursos.com.br\/portal\/wp-json\/wp\/v2\/media?parent=218475"}],"wp:term":[{"taxonomy":"category","embeddable":true,"href":"https:\/\/www.novaconcursos.com.br\/portal\/wp-json\/wp\/v2\/categories?post=218475"},{"taxonomy":"post_tag","embeddable":true,"href":"https:\/\/www.novaconcursos.com.br\/portal\/wp-json\/wp\/v2\/tags?post=218475"}],"curies":[{"name":"wp","href":"https:\/\/api.w.org\/{rel}","templated":true}]}}