{"id":218833,"date":"2024-01-16T10:19:26","date_gmt":"2024-01-16T13:19:26","guid":{"rendered":"https:\/\/www.novaconcursos.com.br\/portal\/?p=218833"},"modified":"2024-01-16T10:19:29","modified_gmt":"2024-01-16T13:19:29","slug":"concurso-unificado-cadastro-reserva-sera-ampliado","status":"publish","type":"post","link":"https:\/\/www.novaconcursos.com.br\/portal\/noticias\/concurso-unificado-cadastro-reserva-sera-ampliado\/","title":{"rendered":"Concurso Unificado: Cadastro reserva ser\u00e1 ampliado para o dobro das vagas ofertadas!"},"content":{"rendered":"<p>O <a href=\"https:\/\/www.novaconcursos.com.br\/portal\/concursos\/concurso-unificado-nacional\/\">Concurso Unificado<\/a> (CNU), lan\u00e7ado pelo Governo Federal, poder\u00e1 ter <strong>duas vezes o\u00a0n\u00famero<\/strong> de pessoas aprovadas por cada bloco tem\u00e1tico. Veja detalhes!<\/p>\n\n\n\n<ul class=\"wp-block-list\"><li><strong>Confira: <\/strong><a href=\"https:\/\/www.novaconcursos.com.br\/mapa-de-questoes\/mapa-questoes-online-cnu-bloco-8-nivel-intermediario\">Mapa de Quest\u00f5es Online \u2013 CNU \u2013 Bloco 8 \u2013 N\u00edvel Intermedi\u00e1rio \u2013 7 Mil Quest\u00f5es<\/a><\/li>\n\n\n\n<li><strong>Confira:<\/strong> <a href=\"https:\/\/www.novaconcursos.com.br\/mapa-de-questoes\/mapa-questoes-concurso-nacional-unificado-cnu-parte-basica\">Mapa de Quest\u00f5es Online \u2013 CNU \u2013 Conhecimentos Gerais Blocos 1 a 7 \u2013 2 Mil Quest\u00f5es<\/a><\/li>\n<\/ul><h2 class=\"wp-block-heading\" id=\"decreto-permite-ampliao-do-banco-de-candidatos-do-concurso-u\">Decreto permite amplia\u00e7\u00e3o do banco de candidatos do Concurso Unificado<\/h2>\n\n\n\n<p>Sendo assim, o Concurso P\u00fablico Nacional Unificado (CPNU), lan\u00e7ado pelo Governo Federal, poder\u00e1 ter duas vezes o\u00a0n\u00famero de pessoas aprovadas por cada <strong>bloco tem\u00e1tico.<\/strong><\/p>\n\n\n\n<p>Essa amplia\u00e7\u00e3o de cadastro reserva \u00e9 poss\u00edvel gra\u00e7as \u00e0 publica\u00e7\u00e3o,\u00a0no Di\u00e1rio Oficial da Uni\u00e3o de\u00a0quarta-feira (10\/01),\u00a0<a href=\"https:\/\/www.in.gov.br\/web\/dou\/-\/decreto-n-11.880-de-10-de-janeiro-de-2024-536758704\" target=\"_blank\" rel=\"noopener\">do Decreto n\u00ba 11.880<\/a>.<\/p>\n\n\n\n<p>Portanto, o documento\u00a0altera o\u00a0Decreto n\u00ba 11.722, de 28 de setembro de 2023,\u00a0que\u00a0disp\u00f5e sobre o chamado <strong>Enem dos Concursos. <\/strong><\/p>\n\n\n\n<p>Com isso, deixa de ser aplicado ao chamado Enem dos Concursos o artigo 39, do\u00a0Decreto\u00a0n\u00ba 9.739, de mar\u00e7o de 2019, que limita a\u00a0quantidade m\u00e1xima de candidatos em at\u00e9 o dobro da quantidade de vagas.\u00a0<\/p>\n\n\n\n<p><em>\u201cAntes o cadastro de reserva era para um concurso espec\u00edfico. Ent\u00e3o a regra de ter o dobro de aprovados funcionava. Nesse caso (CPNU), um mesmo candidato poder\u00e1 compor a lita de mais de um cargo. O que queremos garantir com a publica\u00e7\u00e3o desse Decreto \u00e9 que haja duas vezes o n\u00famero de vagas de pessoas aprovadas naquele bloco\u201d,<\/em> explicou a ministra da Gest\u00e3o e\u00a0Inova\u00e7\u00e3o\u00a0em servi\u00e7os P\u00fablicos (MGI), Esther Dweck.<\/p>\n\n\n\n<p>Assim, a movimenta\u00e7\u00e3o de servidores entre os \u00f3rg\u00e3os e a dificuldade em recompor a for\u00e7a de trabalho s\u00e3o pautas importantes para os gestores de recursos humanos. <\/p>\n\n\n\n<p>De acordo com\u00a0Maria Aparecida Chagas Ferreira, diretora do Departamento de Pessoal,\u00a0o concurso unificado trar\u00e1 um panorama dessas movimenta\u00e7\u00f5es.<\/p>\n\n\n\n<p><em>\u201cO fato\u00a0de o\u00a0concurso ser\u00a0unificado\u00a0faz com que\u00a0a gente\u00a0consiga\u00a0ver as movimenta\u00e7\u00f5es dos servidores acontecendo de forma concentrada. Nos concursos isolados, s\u00f3 quem sabe\u00a0da movimenta\u00e7\u00e3o dos servidores\u00a0\u00e9 a pessoa que est\u00e1 l\u00e1 na unidade de gest\u00e3o de pessoas, quando o\u00a0servidor comunica que passou em outro\u00a0concurso\u00a0e est\u00e1 indo embora. Agora, a gente enquanto\u00a0Minist\u00e9rio, vai acompanhar essa movimenta\u00e7\u00e3o\u201d,<\/em>\u00a0esclareceu\u00a0a diretora.<\/p>\n\n\n\n<h3 class=\"wp-block-heading\">Contrata\u00e7\u00f5es tempor\u00e1rias<\/h3>\n\n\n\n<p>Al\u00e9m disso, os aprovados no CPNU poder\u00e3o\u00a0ser <strong>aproveitados<\/strong>, inclusive, em casos de excepcional necessidade de servi\u00e7o p\u00fablico, como \u00e9 o caso das contrata\u00e7\u00f5es tempor\u00e1rias. <\/p>\n\n\n\n<p>Assim, de acordo com\u00a0a ministra do MGI, Esther\u00a0Dweck, \u00e9 invi\u00e1vel levar o mesmo tempo de uma contrata\u00e7\u00e3o efetiva para contrata\u00e7\u00e3o. tempor\u00e1ria.<\/p>\n\n\n\n<p><em>\u201cN\u00e3o faz sentido fazer concurso tempor\u00e1rio, para uma contrata\u00e7\u00e3o urgente, mas que vai levar o mesmo tempo de um concurso efetivo. Qual a l\u00f3gica d\u00a0e\u00a0voc\u00ea demorar quase um ano para contratar pessoas para algo que \u00e9 urgente? O que queremos fazer \u00e9 aproveitar os aprovados no banco de candidatos para as contrata\u00e7\u00f5es tempor\u00e1rias. Para aqueles cargos que est\u00e3o nos blocos, se algum\u00a0dos \u00f3rg\u00e3os\u00a0precisar\u00a0de tempor\u00e1rio, poder\u00e1 chamar os aprovados do banco\u00a0de candidatos. Os candidatos convocados para as contrata\u00e7\u00f5es tempor\u00e1rias\u00a0continuam na lista de espera para as contrata\u00e7\u00f5es de cargo efetivo\u00a0\u201d<\/em>, informou a ministra.<\/p>\n\n\n\n<p>De acordo com o novo Decreto n\u00ba 11.880, o <strong>limite de candidatos aprovados <\/strong>no certame ser\u00e1 definido em edital e aqueles que n\u00e3o forem aprovados no quantitativo m\u00e1ximo estabelecido em edital, ainda que tenham atingido nota m\u00ednima, estar\u00e3o automaticamente reprovados. <\/p>\n\n\n\n<p>Em <strong>caso de empate<\/strong>, o normativo aponta que nenhum dos candidatos empatados na \u00faltima classifica\u00e7\u00e3o de aprovados ser\u00e1 considerado reprovado, nos termos do disposto no art. 42, do Decreto\u00a0n\u00ba\u00a09.739.<\/p>\n\n\n\n<h2 class=\"wp-block-heading\" id=\"como-se-inscrever-no-cnu-concurso-nacional-unificado\">Como se inscrever no CNU \u2013 Concurso Nacional Unificado?<\/h2>\n\n\n\n<p>Quem quiser se inscrever, deve entrar no\u00a0<a href=\"https:\/\/www.gov.br\/gestao\/pt-br\" target=\"_blank\" rel=\"noreferrer noopener\">site do MGI<\/a>\u00a0. Mas, o link estar\u00e1 dispon\u00edvel a partir do dia\u00a0<strong>19 de janeiro<\/strong>, quando abrem as inscri\u00e7\u00f5es.<\/p>\n\n\n\n<p>Assim, ela seguir\u00e1 aberta at\u00e9 dia\u00a0<strong>9 de fevereiro<\/strong>, ou seja, s\u00e3o apenas 22 dias para inscri\u00e7\u00e3o. Para se inscrever, o candidato deve acessar sua conta no aplicativo Gov.br.\u00a0<\/p>\n\n\n\n<p><em>\u201cA conta Gov.br garante a correta identifica\u00e7\u00e3o de cada cidad\u00e3o que acessa os servi\u00e7os digitais do governo. Ser\u00e3o aceitos todos os n\u00edveis de conta na plataforma (ouro, prata ou bronze)\u201d<\/em>, explicou o MGI.<\/p>\n\n\n\n<p>Al\u00e9m disso, o candidato deve primeiramente escolher um dos\u00a0<strong>8 blocos tem\u00e1ticos.<\/strong>\u00a0Depois, deve optar pelo\u00a0<strong>cargo e especialidade<\/strong>, indicando a ordem de prefer\u00eancia de ocupa\u00e7\u00e3o do cargo e a cidade de realiza\u00e7\u00e3o da prova.<\/p>\n\n\n\n<p>Em seguida \u00e9 preciso pagar uma taxa de R$ 60 para cargos de n\u00edvel m\u00e9dio e de R$ 90 para n\u00edvel superior. Lembrando que a banca da sele\u00e7\u00e3o \u00e9 a\u00a0<a href=\"https:\/\/www.cesgranrio.org.br\/\" target=\"_blank\" rel=\"noreferrer noopener\">Funda\u00e7\u00e3o\u00a0Cesgranrio<\/a>\u00a0.<\/p>\n\n\n\n<h3 class=\"wp-block-heading\">Mais de um cargo<\/h3>\n\n\n\n<p>De acordo com o MGI, o CNU permitir\u00e1 a inscri\u00e7\u00e3o para a disputa por vagas para mais de um cargo, desde que dentro do mesmo bloco tem\u00e1tico, com taxa de inscri\u00e7\u00e3o \u00fanica.<\/p>\n\n\n\n<p>Ao concorrer a mais de um cargo, o candidato dever\u00e1 classificar as vagas de interesse por ordem de prefer\u00eancia para definir a prioridade em uma poss\u00edvel chamada, que ser\u00e1 baseada na nota alcan\u00e7ada.<\/p>\n\n\n\n<p><em>\u201cSomente \u00e9 poss\u00edvel se inscrever para cargos dentro do mesmo bloco tem\u00e1tico, ou seja, o candidato pode escolher todos os cargos ou s\u00f3 um, mas deve levar em considera\u00e7\u00e3o os requisitos exigidos para cada cargo como, por exemplo, curso superior espec\u00edfico para preencher a vaga. Al\u00e9m disso, a ordem de prefer\u00eancia dos cargos escolhidos deve ser feita de forma cuidadosa, porque ser\u00e1 levada em considera\u00e7\u00e3o no momento do chamamento. Ser\u00e1 poss\u00edvel alterar o bloco at\u00e9 a data final do per\u00edodo da inscri\u00e7\u00e3o\u201d<\/em>, disse a ministra.\u00a0<\/p>\n\n\n\n<h3 class=\"wp-block-heading\">Isen\u00e7\u00e3o da taxa<\/h3>\n\n\n\n<p>Podem estar isentos do pagamento da taxa, os candidatos que integram o Cadastro \u00danico para Programas Sociais (Cad\u00danico); aqueles que cursam ou cursaram faculdade pelo Fundo de Financiamento ao Estudante do Ensino Superior (Fies) ou pelo Programa Universidade para Todos (ProUni); assim como aqueles que realizaram transplante de medula \u00f3ssea.<\/p>\n\n\n\n<h3 class=\"wp-block-heading\">Suporte<\/h3>\n\n\n\n<p>Para os que n\u00e3o conseguem fazer a inscri\u00e7\u00e3o online,\u00a0haver\u00e1\u00a0<strong>suporte presencial<\/strong>\u00a0nas ag\u00eancias do Banco do Brasil e dos Correios, nas 220 cidades de aplica\u00e7\u00e3o das provas.<\/p>\n\n\n\n<p><a href=\"https:\/\/www.gov.br\/gestao\/pt-br\/concursonacional\/editais\/editais\" target=\"_blank\" rel=\"noreferrer noopener\">Baixe os editais<\/a><\/p>\n\n\n\n<h2 class=\"wp-block-heading\" id=\"quantos-cargos-so-ofertados-no-concurso-unificado\">Quantos cargos s\u00e3o ofertados no concurso unificado?<\/h2>\n\n\n\n<p>Como adiantado, a sele\u00e7\u00e3o CNU contar\u00e1 com oferta de 6.640 vagas para<strong>\u00a0n\u00edveis m\u00e9dio e superior<\/strong>, em diferentes \u00f3rg\u00e3os federais. A remunera\u00e7\u00e3o pode chegar at\u00e9\u00a0<strong>R$ 22.921,71<\/strong>,\u00a0al\u00e9m dos benef\u00edcios.<\/p>\n\n\n\n<p>S\u00e3o oportunidades para\u00a0<strong>21 \u00f3rg\u00e3os<\/strong>\u00a0p\u00fablicos federais (\u00f3rg\u00e3os e entidades da Administra\u00e7\u00e3o P\u00fablica Federal direta, aut\u00e1rquica e fundacional). Veja os blocos tem\u00e1ticos:<\/p>\n\n\n\n<ul class=\"wp-block-list\"><li>Bloco 1 \u2013 Administra\u00e7\u00e3o e Finan\u00e7as P\u00fablicas<\/li>\n\n\n\n<li>Bloco 2 \u2013 Setores Econ\u00f4micos, Infraestrutura e Regula\u00e7\u00e3o<\/li>\n\n\n\n<li>Bloco 3 \u2013 Agricultura, Meio Ambiente e Desenvolvimento Agr\u00e1rio<\/li>\n\n\n\n<li>Bloco 4 \u2013 Educa\u00e7\u00e3o, Ci\u00eancia, Tecnologia e Inova\u00e7\u00e3o<\/li>\n\n\n\n<li>Bloco 5 \u2013 Pol\u00edticas Sociais, Justi\u00e7a e Sa\u00fade<\/li>\n\n\n\n<li>Bloco 6 \u2013 Trabalho e Previd\u00eancia<\/li>\n\n\n\n<li>Bloco 7 \u2013 Dados, Tecnologia e Informa\u00e7\u00e3o<\/li>\n\n\n\n<li>Bloco 8 \u2013 N\u00edvel Intermedi\u00e1rio<\/li>\n<\/ul><p>Acesse a\u00a0<a href=\"https:\/\/www.gov.br\/gestao\/pt-br\/concursonacional\/blocos-tematicos\" target=\"_blank\" rel=\"noopener\">divis\u00e3o das vagas e os cargos<\/a>\u00a0de cada blocos tem\u00e1ticos do CNU. Confira abaixo como ficar\u00e1 os sal\u00e1rios iniciais de cada \u00e1rea:<\/p>\n\n\n\n<ul class=\"wp-block-list\"><li>Infraestrutura, Exatas e Engenharia: R$ 5.212,29 a R$ 20.924,80<\/li>\n\n\n\n<li>Tecnologia, Dados e Informa\u00e7\u00e3o: R$ 5.212,29 a R$ 20.924,80<\/li>\n\n\n\n<li>Ambiental, Agr\u00e1rio e Biol\u00f3gicas: R$ 5.212,29 a R$ 20.924,80<\/li>\n\n\n\n<li>Trabalho e Sa\u00fade do Servidor: R$ 4.407,90 a R$ 22.921,71<\/li>\n\n\n\n<li>Educa\u00e7\u00e3o, Sa\u00fade, Desenvolvimento Social e Direitos Humanos: R$ 5.488,70 a R$ 11.186,69<\/li>\n\n\n\n<li>Setores Econ\u00f4micos e Regula\u00e7\u00e3o: R$ 7.736,77 a R$ 20.924,80<\/li>\n\n\n\n<li>Gest\u00e3o Governamental e Administra\u00e7\u00e3o P\u00fablica: R$ 6.761,72 a R$ 9.252,40<\/li>\n\n\n\n<li>N\u00edvel Intermedi\u00e1rio: R$ 4.008,24 a 8.469,89<\/li>\n<\/ul><p>Est\u00e3o\u00a0<strong>reservados\u00a0<\/strong>percentuais para cotas espec\u00edficas: 5% do total de vagas de cada um dos cargos a candidatos com defici\u00eancia e 20% a negros, al\u00e9m de 30% das vagas para a Funda\u00e7\u00e3o Nacional dos Povos Ind\u00edgenas (Funai) para candidatos de origem ind\u00edgena.<\/p>\n\n\n\n<h2 class=\"wp-block-heading\" id=\"como-sero-as-provas-do-concurso-nacional-unificado\">Como ser\u00e3o as provas do Concurso Nacional Unificado?<\/h2>\n\n\n\n<p>Assim, a prova ser\u00e1 realizada no dia\u00a0<strong>5 de maio<\/strong>\u00a0de 2024 e contar\u00e1 com avalia\u00e7\u00f5es objetivas espec\u00edficas e dissertativas, por \u00e1rea de atua\u00e7\u00e3o.<\/p>\n\n\n\n<p>A expectativa \u00e9 que\u00a0<strong>3,5 milh\u00f5es de candidatos\u00a0<\/strong>se inscrevam no certame. A for\u00e7a de trabalho estimada para o concurso \u00e9 de 350 mil pessoas e 94,6% da popula\u00e7\u00e3o vai ficar at\u00e9 100 quil\u00f4metros de dist\u00e2ncia dos locais de prova.<\/p>\n\n\n\n<p>Assim, as avalia\u00e7\u00f5es acontecer\u00e3o\u00a0em dois turnos, manh\u00e3 e tarde, estar\u00e1 aplicada em\u00a0<strong>220 cidades<\/strong>\u00a0do pa\u00eds e estar\u00e3o a cargo da Funda\u00e7\u00e3o\u00a0Cesgranrio. Veja:<\/p>\n\n\n\n<ul class=\"wp-block-list\"><li><strong>Matutino<\/strong>\n<ul class=\"wp-block-list\"><li>N\u00edvel superior: provas objetivas de conhecimentos gerais com 20 quest\u00f5es + prova discursiva de conhecimento espec\u00edfico do bloco;<\/li>\n\n\n\n<li>N\u00edvel m\u00e9dio: provas objetivas com 20 quest\u00f5es.<\/li>\n<\/ul><\/li>\n\n\n\n<li><strong>Vespertino<\/strong>\n<ul class=\"wp-block-list\"><li>N\u00edvel superior: provas objetivas de conhecimentos espec\u00edficos com 50 quest\u00f5es;<\/li>\n\n\n\n<li>N\u00edvel m\u00e9dio: provas objetivas com 40 quest\u00f5es.<\/li>\n<\/ul><\/li>\n<\/ul><p><strong>ATEN\u00c7\u00c3O:\u00a0<\/strong>As mat\u00e9rias para estudo e divis\u00e3o das quest\u00f5es voc\u00ea encontra dentro de cada um dos editais. Neles tamb\u00e9m \u00e9 poss\u00edvel consultar requisitos e atribui\u00e7\u00f5es de cada carreira.<\/p>\n\n\n\n<p><a href=\"https:\/\/www.novaconcursos.com.br\/portal\/concursos\/concurso-unificado-nacional\/#Cesgranrio\">Como \u00e9 a prova da Cesgranrio?<\/a><\/p>\n\n\n\n<h2 class=\"wp-block-heading\" id=\"estude-com-a-nova-concursos\">Estude com a Nova Concursos<\/h2>\n\n\n\n<p>Confira abaixo mais\u00a0<strong>materiais da NOVA<\/strong>\u00a0para sua prepara\u00e7\u00e3o no CNU:<\/p>\n\n\n\n<ul class=\"wp-block-list\"><li><a href=\"https:\/\/www.novaconcursos.com.br\/curso-online\/concurso-nacional-unificado-cnu-bloco-1?promo_creative=Bloco+1&amp;promo_name=noticia&amp;promo_id=%2Fportal%2Fnoticias%2Festao-publicados-sairam-os-editais-cnu-vagas&amp;promo_position=corpo-texto\">Bloco 1<\/a>\u00a0\u2013 Administra\u00e7\u00e3o e Finan\u00e7as P\u00fablicas<\/li>\n\n\n\n<li><a href=\"https:\/\/www.novaconcursos.com.br\/curso-online\/concurso-nacional-unificado-cnu-bloco-2?promo_creative=Bloco+2&amp;promo_name=noticia&amp;promo_id=%2Fportal%2Fnoticias%2Festao-publicados-sairam-os-editais-cnu-vagas&amp;promo_position=corpo-texto\">Bloco 2<\/a>\u00a0\u2013 Setores Econ\u00f4micos, Infraestrutura e Regula\u00e7\u00e3o<\/li>\n\n\n\n<li><a href=\"https:\/\/www.novaconcursos.com.br\/curso-online\/concurso-nacional-unificado-cnu-bloco-3?promo_creative=Bloco+3&amp;promo_name=noticia&amp;promo_id=%2Fportal%2Fnoticias%2Festao-publicados-sairam-os-editais-cnu-vagas&amp;promo_position=corpo-texto\">Bloco 3<\/a>\u00a0\u2013 Agricultura, Meio Ambiente e Desenvolvimento Agr\u00e1rio<\/li>\n\n\n\n<li><a href=\"https:\/\/www.novaconcursos.com.br\/curso-online\/concurso-nacional-unificado-cnu-bloco-4?promo_creative=Bloco+4&amp;promo_name=noticia&amp;promo_id=%2Fportal%2Fnoticias%2Festao-publicados-sairam-os-editais-cnu-vagas&amp;promo_position=corpo-texto\">Bloco 4<\/a>\u00a0\u2013 Educa\u00e7\u00e3o, Ci\u00eancia, Tecnologia e Inova\u00e7\u00e3o<\/li>\n\n\n\n<li><a href=\"https:\/\/www.novaconcursos.com.br\/curso-online\/concurso-nacional-unificado-cnu-bloco-5?promo_creative=Bloco+5&amp;promo_name=noticia&amp;promo_id=%2Fportal%2Fnoticias%2Festao-publicados-sairam-os-editais-cnu-vagas&amp;promo_position=corpo-texto\">Bloco 5<\/a>\u00a0\u2013 Pol\u00edticas Sociais, Justi\u00e7a e Sa\u00fade<\/li>\n\n\n\n<li><a href=\"https:\/\/www.novaconcursos.com.br\/curso-online\/concurso-nacional-unificado-cnu-bloco-6?promo_creative=Bloco+6&amp;promo_name=noticia&amp;promo_id=%2Fportal%2Fnoticias%2Festao-publicados-sairam-os-editais-cnu-vagas&amp;promo_position=corpo-texto\">Bloco 6<\/a>\u00a0\u2013 Trabalho e Previd\u00eancia<\/li>\n\n\n\n<li><a href=\"https:\/\/www.novaconcursos.com.br\/curso-online\/concurso-nacional-unificado-cnu-bloco-7?promo_creative=Bloco+7&amp;promo_name=noticia&amp;promo_id=%2Fportal%2Fnoticias%2Festao-publicados-sairam-os-editais-cnu-vagas&amp;promo_position=corpo-texto\">Bloco 7<\/a>\u00a0\u2013 Dados, Tecnologia e Informa\u00e7\u00e3o<\/li>\n\n\n\n<li><a href=\"https:\/\/www.novaconcursos.com.br\/curso-online\/concurso-nacional-unificado-cnu-bloco-8-nivel-intermediario?promo_creative=Bloco+8+&amp;promo_name=noticia&amp;promo_id=%2Fportal%2Fnoticias%2Festao-publicados-sairam-os-editais-cnu-vagas&amp;promo_position=corpo-texto\">Bloco 8\u00a0<\/a>\u2013 N\u00edvel Intermedi\u00e1rio<\/li>\n<\/ul>","protected":false},"excerpt":{"rendered":"<p>O Concurso Unificado (CNU), lan\u00e7ado pelo Governo Federal, poder\u00e1 ter duas vezes o\u00a0n\u00famero de pessoas aprovadas por cada bloco tem\u00e1tico. Veja detalhes! Decreto permite amplia\u00e7\u00e3o do banco de candidatos do Concurso Unificado Sendo assim, o Concurso P\u00fablico Nacional Unificado (CPNU), lan\u00e7ado pelo Governo Federal, poder\u00e1 ter duas vezes o\u00a0n\u00famero de pessoas aprovadas por cada bloco [&hellip;]<\/p>\n","protected":false},"author":54671,"featured_media":218836,"comment_status":"closed","ping_status":"closed","sticky":false,"template":"","format":"standard","meta":{"_acf_changed":false,"footnotes":"","_wp_rev_ctl_limit":""},"categories":[228],"tags":[],"class_list":["post-218833","post","type-post","status-publish","format-standard","has-post-thumbnail","hentry","category-noticias"],"acf":[],"_links":{"self":[{"href":"https:\/\/www.novaconcursos.com.br\/portal\/wp-json\/wp\/v2\/posts\/218833","targetHints":{"allow":["GET"]}}],"collection":[{"href":"https:\/\/www.novaconcursos.com.br\/portal\/wp-json\/wp\/v2\/posts"}],"about":[{"href":"https:\/\/www.novaconcursos.com.br\/portal\/wp-json\/wp\/v2\/types\/post"}],"author":[{"embeddable":true,"href":"https:\/\/www.novaconcursos.com.br\/portal\/wp-json\/wp\/v2\/users\/54671"}],"replies":[{"embeddable":true,"href":"https:\/\/www.novaconcursos.com.br\/portal\/wp-json\/wp\/v2\/comments?post=218833"}],"version-history":[{"count":4,"href":"https:\/\/www.novaconcursos.com.br\/portal\/wp-json\/wp\/v2\/posts\/218833\/revisions"}],"predecessor-version":[{"id":218840,"href":"https:\/\/www.novaconcursos.com.br\/portal\/wp-json\/wp\/v2\/posts\/218833\/revisions\/218840"}],"wp:featuredmedia":[{"embeddable":true,"href":"https:\/\/www.novaconcursos.com.br\/portal\/wp-json\/wp\/v2\/media\/218836"}],"wp:attachment":[{"href":"https:\/\/www.novaconcursos.com.br\/portal\/wp-json\/wp\/v2\/media?parent=218833"}],"wp:term":[{"taxonomy":"category","embeddable":true,"href":"https:\/\/www.novaconcursos.com.br\/portal\/wp-json\/wp\/v2\/categories?post=218833"},{"taxonomy":"post_tag","embeddable":true,"href":"https:\/\/www.novaconcursos.com.br\/portal\/wp-json\/wp\/v2\/tags?post=218833"}],"curies":[{"name":"wp","href":"https:\/\/api.w.org\/{rel}","templated":true}]}}