{"id":218882,"date":"2024-01-16T12:08:05","date_gmt":"2024-01-16T15:08:05","guid":{"rendered":"https:\/\/www.novaconcursos.com.br\/portal\/?p=218882"},"modified":"2024-01-16T12:08:55","modified_gmt":"2024-01-16T15:08:55","slug":"sme-sp-saiu-resultado-preliminar-prova-objetiva","status":"publish","type":"post","link":"https:\/\/www.novaconcursos.com.br\/portal\/noticias\/sme-sp-saiu-resultado-preliminar-prova-objetiva\/","title":{"rendered":"SME SP: Saiu o gabarito preliminar para Auxiliar T\u00e9cnico e Professor. Confira!"},"content":{"rendered":"<p>Aten\u00e7\u00e3o! Foram divulgados os gabaritos preliminares das provas objetivas do <a href=\"https:\/\/www.novaconcursos.com.br\/portal\/concursos\/concurso-sme-sp\/\" target=\"_blank\" rel=\"noreferrer noopener\">concurso SME SP<\/a> (Secretaria Municipal de Educa\u00e7\u00e3o de S\u00e3o Paulo)\u00a0para <strong>Auxiliar T\u00e9cnico e Professor.<\/strong><\/p>\n\n\n\n<p>As avalia\u00e7\u00f5es tinham sido aplicadas no \u00faltimo domingo, dia 14 de janeiro de 2024. Confira:<\/p>\n\n\n\n<ul class=\"wp-block-list\"><li><a href=\"https:\/\/diariooficial.prefeitura.sp.gov.br\/md_epubli_visualizar.php?wTTqxIQPF4V7UvwafiQUL-8MEN2OucopCKUELYCc17I7dlEdJNdBaG7TNrR2t777NXortw3iKCHf2qGd5h-Y0SuvGtN3aO8JtP7jB0nEiF_riYtHPiyjrsPrQKM1LZHk\" target=\"_blank\" rel=\"noreferrer noopener\">Auxiliar T\u00e9cnico de Educa\u00e7\u00e3o<\/a><\/li>\n\n\n\n<li><a href=\"https:\/\/diariooficial.prefeitura.sp.gov.br\/md_epubli_visualizar.php?wTTqxIQPF4V7UvwafiQUL-8MEN2OucopCKUELYCc17LZ_NZ5VwF0vjxifmqCzE84j7wPpt26DlwpEgF2LyJiGeQ67iZPKo0HokrQpP2eyyMDjgch5CocAQx71DpOU23n\" target=\"_blank\" rel=\"noreferrer noopener\">Professor de Educa\u00e7\u00e3o Infantil<\/a><\/li>\n<\/ul><p>Aqueles que desejam <strong>interpor recurso <\/strong>contra os resultados, poder\u00e3o faz\u00ea-lo no site da <a href=\"https:\/\/www.vunesp.com.br\/\" target=\"_blank\" rel=\"noreferrer noopener\">Funda\u00e7\u00e3o Vunesp,<\/a> a partir das\u00a010h do dia 17, at\u00e9 as 23h59 do dia 18 de janeiro de 2024.<\/p>\n\n\n\n<p>Ser\u00e3o considerados classificados na prova objetiva, aqueles que obtiverem, no m\u00ednimo, 50 pontos e n\u00e3o zerarem nenhuma das disciplinas.<\/p>\n\n\n\n<p>Somente ser\u00e3o corrigidas as provas discursivas dos candidatos mais bem classificados at\u00e9 o limite a seguir:<\/p>\n\n\n\n<p><strong>Auxiliar T\u00e9cnico de Educa\u00e7\u00e3o<\/strong><\/p>\n\n\n\n<ul class=\"wp-block-list\"><li>ampla concorr\u00eancia: 6.360 aprovados<\/li>\n\n\n\n<li>candidatos com defici\u00eancia: 420 aprovados<\/li>\n\n\n\n<li>cota racial: 1.710 aprovados<\/li>\n<\/ul><p><strong>Professor de Educa\u00e7\u00e3o Infantil<\/strong><\/p>\n\n\n\n<ul class=\"wp-block-list\"><li>ampla concorr\u00eancia: 5.360 aprovados<\/li>\n\n\n\n<li>candidatos com defici\u00eancia: 360 aprovados<\/li>\n\n\n\n<li>cota racial: 1.440 aprovados<\/li>\n<\/ul><ul class=\"wp-block-list\"><li><strong>Confira:<\/strong>\u00a0<a href=\"https:\/\/www.novaconcursos.com.br\/livro\/1000-questoes-gabaritadas-vunesp?promo_creative=Livro+1.000+Quest%C3%B5es+Gabaritadas+da+Vunesp&amp;promo_name=noticia&amp;promo_id=%2Fportal%2Fnoticias%2Fconcurso-sme-sp-editais-publicados-924-vagas&amp;promo_position=corpo-texto\">Livro 1.000 Quest\u00f5es Gabaritadas da Vunesp<\/a><\/li>\n<\/ul><p>Estude para o concurso dos seus sonhos com o\u00a0<strong>M\u00e9todo<\/strong>\u00a0que j\u00e1 ajudou na\u00a0<strong>aprova\u00e7\u00e3o de mais de 70 mil alunos<\/strong>.\u00a0<a href=\"https:\/\/www.novaconcursos.com.br\/eventos\/assinatura?promo_creative=Clique+aqui&amp;promo_name=noticia&amp;promo_id=%2Fportal%2Fnoticias%2Fconcurso-sme-sp-editais-publicados-924-vagas&amp;promo_position=corpo-texto\" target=\"_blank\" rel=\"noreferrer noopener\">Clique aqui<\/a>\u00a0e saiba mais!<\/p>\n\n\n\n<h2 class=\"wp-block-heading\" id=\"como-foram-as-provas-objetivas-e-discursivas\">Como foram as provas objetivas e discursivas?<\/h2>\n\n\n\n<p>As provas objetivas foram compostas de <strong>60 quest\u00f5es de m\u00faltipla escolha<\/strong>\u00a0sobre as disciplinas de:<\/p>\n\n\n\n<p><strong>Auxiliar T\u00e9cnico de Educa\u00e7\u00e3o<\/strong><a href=\"https:\/\/www.novaconcursos.com.br\/portal\/wp-content\/uploads\/2023\/11\/auxiliar-tecnico.png\"><\/a><\/p>\n\n\n\n<ul class=\"wp-block-list\"><li>Conhecimentos Gerais\n<ul class=\"wp-block-list\"><li>L\u00edngua Portuguesa: 10 quest\u00f5es<\/li>\n\n\n\n<li>Matem\u00e1tica: 10 quest\u00f5es<\/li>\n\n\n\n<li>No\u00e7\u00f5es de Tecnologia: 10 quest\u00f5es<\/li>\n<\/ul><\/li>\n\n\n\n<li>Conhecimentos Espec\u00edficos: 30 quest\u00f5es\n<ul class=\"wp-block-list\"><li>Legisla\u00e7\u00e3o e Publica\u00e7\u00f5es Federais<\/li>\n\n\n\n<li>Legisla\u00e7\u00e3o e Publica\u00e7\u00f5es Municipais<\/li>\n<\/ul><\/li>\n<\/ul><p><strong>Professor de Educa\u00e7\u00e3o B\u00e1sica<\/strong><\/p>\n\n\n\n<ul class=\"wp-block-list\"><li>Conhecimentos Gerais: 30 quest\u00f5es\n<ul class=\"wp-block-list\"><li>Legisla\u00e7\u00e3o e Publica\u00e7\u00f5es Federais<\/li>\n\n\n\n<li>Legisla\u00e7\u00e3o e Publica\u00e7\u00f5es Municipais<\/li>\n<\/ul><\/li>\n\n\n\n<li>Conhecimentos Espec\u00edficos: 30 quest\u00f5es\n<ul class=\"wp-block-list\"><li>Documentos Institucionais<\/li>\n<\/ul><\/li>\n<\/ul><p>J\u00e1 as provas discursivas contaram com um estudo de caso e duas quest\u00f5es discursivas.<\/p>\n\n\n\n<p><strong>Baixe o conte\u00fado program\u00e1tico:\u00a0<\/strong><a href=\"https:\/\/diariooficial.prefeitura.sp.gov.br\/md_epubli_visualizar.php?kHdgtACkKWJxjOVDE7BkQy24RK_w0WYcDMI4xNfLbdmZqUs2sxkVaaT98Mt6goebygHq5X3dxx4n6cSBZxstjHO5gQKRXgHzI4V2wE3AgMGNiyOsRKTAuj1lc0H5pXyy\" target=\"_blank\" rel=\"noreferrer noopener\">Auxiliar<\/a>\u00a0|\u00a0<a href=\"https:\/\/diariooficial.prefeitura.sp.gov.br\/md_epubli_visualizar.php?kHdgtACkKWJxjOVDE7BkQy24RK_w0WYcDMI4xNfLbdkuKMnOeez5MPGUTa0tJwmnZOz1GCRLNG3dP8MZDCJSHbBBJHnkwHSRr2imEomyZjhynD-71NUQaLF_kpg2Saxg\" target=\"_blank\" rel=\"noreferrer noopener\">Professor<\/a><\/p>\n\n\n\n<p>Os habilitados ainda ter\u00e3o seus t\u00edtulos e experi\u00eancias avaliados de acordo com as seguintes tabelas:<\/p>\n\n\n\n<p><strong>Auxiliar T\u00e9cnico de Educa\u00e7\u00e3o<\/strong><\/p>\n\n\n\n<figure class=\"wp-block-image size-full\"><a href=\"https:\/\/www.novaconcursos.com.br\/portal\/wp-content\/uploads\/2024\/01\/auxiliar-tecnico.webp\"><img decoding=\"async\" width=\"577\" height=\"542\" src=\"https:\/\/www.novaconcursos.com.br\/portal\/wp-content\/uploads\/2024\/01\/auxiliar-tecnico.webp\" alt=\"tabela crit\u00e9rios de pontua\u00e7\u00e3o de t\u00edtulos do cargo de auxiliar t\u00e9cnico do concurso sme sp\" class=\"wp-image-218887\" loading=\"lazy\" title=\"\" srcset=\"https:\/\/www.novaconcursos.com.br\/portal\/wp-content\/uploads\/2024\/01\/auxiliar-tecnico-300x282.webp 300w, https:\/\/www.novaconcursos.com.br\/portal\/wp-content\/uploads\/2024\/01\/auxiliar-tecnico-480x451.webp 480w, https:\/\/www.novaconcursos.com.br\/portal\/wp-content\/uploads\/2024\/01\/auxiliar-tecnico.webp 577w\" sizes=\"auto, (max-width: 480px) 100vw, (max-width: 768px) 100vw, (max-width: 1200px) 70vw, 768px\"><\/a><figcaption><\/figcaption><\/figure><p><a href=\"https:\/\/www.novaconcursos.com.br\/portal\/wp-content\/uploads\/2023\/11\/auxiliar-tecnico.png\"><\/a><\/p>\n\n\n\n<p><strong>Professor de Educa\u00e7\u00e3o B\u00e1sica<\/strong><\/p>\n\n\n\n<figure class=\"wp-block-image size-full\"><a href=\"https:\/\/www.novaconcursos.com.br\/portal\/wp-content\/uploads\/2024\/01\/professor.webp\"><img decoding=\"async\" width=\"653\" height=\"549\" src=\"https:\/\/www.novaconcursos.com.br\/portal\/wp-content\/uploads\/2024\/01\/professor.webp\" alt=\"tabela crit\u00e9rios de pontua\u00e7\u00e3o de t\u00edtulos do cargo de professor do concurso sme sp\" class=\"wp-image-218886\" loading=\"lazy\" title=\"\" srcset=\"https:\/\/www.novaconcursos.com.br\/portal\/wp-content\/uploads\/2024\/01\/professor-300x252.webp 300w, https:\/\/www.novaconcursos.com.br\/portal\/wp-content\/uploads\/2024\/01\/professor-480x404.webp 480w, https:\/\/www.novaconcursos.com.br\/portal\/wp-content\/uploads\/2024\/01\/professor.webp 653w\" sizes=\"auto, (max-width: 480px) 100vw, (max-width: 768px) 100vw, (max-width: 1200px) 70vw, 768px\"><\/a><figcaption><\/figcaption><\/figure><p><\/p>\n\n\n\n<p>Saiba quais concursos est\u00e3o abertos no Brasil \u27a1\ufe0f <a href=\"https:\/\/www.novaconcursos.com.br\/portal\/concursos-abertos\/\">Concursos Abertos: Mais de 60 mil vagas!<\/a><\/p>\n\n\n\n<h2 class=\"wp-block-heading\" id=\"quantas-vagas-e-cargos-esto-sendo-ofertados-no-concurso-sme-\">Quantas vagas e cargos est\u00e3o sendo ofertados no concurso SME SP?<\/h2>\n\n\n\n<p>O concurso <a href=\"https:\/\/educacao.sme.prefeitura.sp.gov.br\/\" target=\"_blank\" rel=\"noreferrer noopener\">SME SP<\/a> oferta\u00a0<strong>924 vagas,<\/strong>\u00a0sendo 556 oportunidades para a carreira de Auxiliar T\u00e9cnico de Educa\u00e7\u00e3o e 358 oportunidades para a carreira de Professor de Educa\u00e7\u00e3o Infantil. <\/p>\n\n\n\n<p>Veja a distribui\u00e7\u00e3o:<\/p>\n\n\n\n<ul class=\"wp-block-list\"><li><strong>Auxiliar T\u00e9cnico de Educa\u00e7\u00e3o \u2013 N\u00edvel M\u00e9dio<\/strong>\n<ul class=\"wp-block-list\"><li>AC: 424 vagas<\/li>\n\n\n\n<li>PCD: 28 vagas<\/li>\n\n\n\n<li>Negros: 114 vagas<\/li>\n<\/ul><\/li>\n<\/ul><ul class=\"wp-block-list\"><li><strong>Professor de Educa\u00e7\u00e3o Infantil \u2013 N\u00edvel Superior<\/strong>\n<ul class=\"wp-block-list\"><li>AC: 268 vagas<\/li>\n\n\n\n<li>PCD: 18 vagas<\/li>\n\n\n\n<li>Negros: 72 vagas<\/li>\n<\/ul><\/li>\n<\/ul><p>Os aprovados ser\u00e3o remunerados com\u00a0<strong>sal\u00e1rios iniciais\u00a0<\/strong>nos seguintes valores:<\/p>\n\n\n\n<ul class=\"wp-block-list\"><li>Auxiliar T\u00e9cnico de Educa\u00e7\u00e3o: R$ R$1.782,94 + abono complementar de R$ 999,56<\/li>\n\n\n\n<li>Professor de Educa\u00e7\u00e3o Infantil: R$ 3.498,20 + abono complementar de R$ 922,35<\/li>\n<\/ul><p>Al\u00e9m do sal\u00e1rio, os servidores receber\u00e3o vale-alimenta\u00e7\u00e3o de R$ 630,00 e aux\u00edlio-refei\u00e7\u00e3o de R$ 26,50 por dia trabalhado (m\u00e9dia R$ 577,50).<\/p>\n\n\n\n<p>Em rela\u00e7\u00e3o a\u00a0<strong>jornada de trabalho,<\/strong>\u00a0os aprovados no cargo de Auxiliar T\u00e9cnico de Educa\u00e7\u00e3o ter\u00e3o carga hor\u00e1ria de 40h semanais, enquanto os aprovados no cargo de Professor de Educa\u00e7\u00e3o Infantil ter\u00e3o carga hor\u00e1ria de 30h semanais.<\/p>\n\n\n\n<p><strong>Baixe o edital:<\/strong>\u00a0<a href=\"https:\/\/www.novaconcursos.com.br\/portal\/wp-content\/uploads\/2023\/11\/edital-auxiliar.pdf\" target=\"_blank\" rel=\"noreferrer noopener\">Auxiliar<\/a>\u00a0|\u00a0<a href=\"https:\/\/www.novaconcursos.com.br\/portal\/wp-content\/uploads\/2023\/11\/edital-professor.pdf\" target=\"_blank\" rel=\"noreferrer noopener\">Professor<\/a><\/p>","protected":false},"excerpt":{"rendered":"<p>Aten\u00e7\u00e3o! Foram divulgados os gabaritos preliminares das provas objetivas do concurso SME SP (Secretaria Municipal de Educa\u00e7\u00e3o de S\u00e3o Paulo)\u00a0para Auxiliar T\u00e9cnico e Professor. As avalia\u00e7\u00f5es tinham sido aplicadas no \u00faltimo domingo, dia 14 de janeiro de 2024. Confira: Aqueles que desejam interpor recurso contra os resultados, poder\u00e3o faz\u00ea-lo no site da Funda\u00e7\u00e3o Vunesp, a [&hellip;]<\/p>\n","protected":false},"author":54679,"featured_media":218892,"comment_status":"closed","ping_status":"closed","sticky":false,"template":"","format":"standard","meta":{"_acf_changed":false,"footnotes":"","_wp_rev_ctl_limit":""},"categories":[228],"tags":[],"class_list":["post-218882","post","type-post","status-publish","format-standard","has-post-thumbnail","hentry","category-noticias"],"acf":[],"_links":{"self":[{"href":"https:\/\/www.novaconcursos.com.br\/portal\/wp-json\/wp\/v2\/posts\/218882","targetHints":{"allow":["GET"]}}],"collection":[{"href":"https:\/\/www.novaconcursos.com.br\/portal\/wp-json\/wp\/v2\/posts"}],"about":[{"href":"https:\/\/www.novaconcursos.com.br\/portal\/wp-json\/wp\/v2\/types\/post"}],"author":[{"embeddable":true,"href":"https:\/\/www.novaconcursos.com.br\/portal\/wp-json\/wp\/v2\/users\/54679"}],"replies":[{"embeddable":true,"href":"https:\/\/www.novaconcursos.com.br\/portal\/wp-json\/wp\/v2\/comments?post=218882"}],"version-history":[{"count":5,"href":"https:\/\/www.novaconcursos.com.br\/portal\/wp-json\/wp\/v2\/posts\/218882\/revisions"}],"predecessor-version":[{"id":218898,"href":"https:\/\/www.novaconcursos.com.br\/portal\/wp-json\/wp\/v2\/posts\/218882\/revisions\/218898"}],"wp:featuredmedia":[{"embeddable":true,"href":"https:\/\/www.novaconcursos.com.br\/portal\/wp-json\/wp\/v2\/media\/218892"}],"wp:attachment":[{"href":"https:\/\/www.novaconcursos.com.br\/portal\/wp-json\/wp\/v2\/media?parent=218882"}],"wp:term":[{"taxonomy":"category","embeddable":true,"href":"https:\/\/www.novaconcursos.com.br\/portal\/wp-json\/wp\/v2\/categories?post=218882"},{"taxonomy":"post_tag","embeddable":true,"href":"https:\/\/www.novaconcursos.com.br\/portal\/wp-json\/wp\/v2\/tags?post=218882"}],"curies":[{"name":"wp","href":"https:\/\/api.w.org\/{rel}","templated":true}]}}