{"id":219104,"date":"2024-01-17T17:55:34","date_gmt":"2024-01-17T20:55:34","guid":{"rendered":"https:\/\/www.novaconcursos.com.br\/portal\/?p=219104"},"modified":"2024-01-17T17:55:40","modified_gmt":"2024-01-17T20:55:40","slug":"edital-fagifor-e-iminente-com-mais-de-duas-mil-vagas","status":"publish","type":"post","link":"https:\/\/www.novaconcursos.com.br\/portal\/noticias\/edital-fagifor-e-iminente-com-mais-de-duas-mil-vagas\/","title":{"rendered":"Edital Fagifor \u00e9 iminente com mais de duas mil vagas!"},"content":{"rendered":"<p>O prefeito Jos\u00e9 Sarto anunciou que na pr\u00f3xima semana, o governo do estado publicar\u00e1 o edital do <a href=\"https:\/\/www.novaconcursos.com.br\/portal\/concursos-abertos\/ce\/\">concurso Fagifor<\/a>. S\u00e3o cerca de <strong>2.200 vagas<\/strong>; veja!<\/p>\n\n\n\n<ul class=\"wp-block-list\"><li><strong>Confira:\u00a0<\/strong><a href=\"https:\/\/www.novaconcursos.com.br\/livro\/1000-questoes-gabaritadas-conteudos-basicos-concursos\">Livro 1.000 Quest\u00f5es Gabaritadas de Conte\u00fados B\u00e1sicos para Concursos<\/a><\/li>\n<\/ul><p>Estude para o concurso dos seus sonhos com o\u00a0<strong>M\u00e9todo<\/strong>\u00a0que j\u00e1 ajudou na\u00a0<strong>aprova\u00e7\u00e3o de mais de 70 mil alunos<\/strong>.\u00a0<a href=\"https:\/\/www.novaconcursos.com.br\/eventos\/assinatura\" target=\"_blank\" rel=\"noreferrer noopener\">Clique aqui<\/a>\u00a0e saiba mais!<\/p>\n\n\n\n<h2 class=\"wp-block-heading\" id=\"quando-sai-o-edital-do-concurso-fagifor\">Quando sai o edital do concurso Fagifor?<\/h2>\n\n\n\n<p>Na <strong>pr\u00f3xima semana<\/strong>! Este foi o prazo passado pelo prefeito Jos\u00e9 Sarto sobre a publica\u00e7\u00e3o do edital do concurso da prefeitura Fortaleza para a \u00a0Funda\u00e7\u00e3o de Apoio \u00e0 Gest\u00e3o de Sa\u00fade.<\/p>\n\n\n\n<p>Assim, a fala foi dada em transmiss\u00e3o ao vivo nas redes sociais nesta ter\u00e7a-feira (16\/01), quando o prefeito trouxe atualiza\u00e7\u00f5es sobre os concursos p\u00fablicos em andamento e pr\u00f3ximos certames.<\/p>\n\n\n\n<p><em>\u201cNossos concursos t\u00eam sido muito importantes para renovar nosso quadro t\u00e9cnico de servidores e, claro, para melhorar o servi\u00e7o que estamos ofertando para os cidad\u00e3os e cidad\u00e3s de Fortaleza nas mais diversas \u00e1reas\u201d,<\/em> destacou ele.<\/p>\n\n\n\n<p>Como afirmou Sarto, o concurso para a \u00e1rea da sa\u00fade j\u00e1 possui banca definida. O Instituto Brasileiro de Forma\u00e7\u00e3o e Capacita\u00e7\u00e3o (IBFC) ficar\u00e1 respons\u00e1vel pela prova.<\/p>\n\n\n\n<p>Ainda segundo o chefe da cidade, ser\u00e3o cerca de 2.200 vagas para <strong>n\u00edveis superior, m\u00e9dio e t\u00e9cnico<\/strong> e a expectativa \u00e9 convocar os aprovados at\u00e9 o fim de 2024.<\/p>\n\n\n\n<p><em>\u201cEssa banca j\u00e1 \u00e9 bem conhecida por quem costuma fazer concursos p\u00fablicos na \u00e1rea da sa\u00fade. Eles j\u00e1 realizaram certames em S\u00e3o Paulo, no Acre, e tamb\u00e9m j\u00e1 organizaram provas da Ebserh (Empresa Brasileira de Servi\u00e7os Hospitalares). \u00c9 um instituto reconhecido por adotar crit\u00e9rios bem rigorosos de sele\u00e7\u00e3o\u201d,<\/em> frisou.<\/p>\n\n\n\n<p>Ainda de acordo com o prefeito, o concurso prev\u00ea lota\u00e7\u00e3o para<strong> pediatras e ginecologistas<\/strong> em postos de sa\u00fade, compromisso do plano de governo da atual gest\u00e3o.<\/p>\n\n\n\n<p><em>\u201cH\u00e1 cerca de 20 anos n\u00e3o havia concurso com previs\u00e3o de vagas nessas especialidades para os postos de sa\u00fade, esse foi um compromisso de campanha e est\u00e1 no meu plano de governo\u201d,<\/em> encerrou.<\/p>\n\n\n\n<h2 class=\"wp-block-heading\" id=\"prefeito-cita-mais-concursos-em-andamento-em-fortaleza\">Prefeito cita mais concursos em andamento em Fortaleza<\/h2>\n\n\n\n<p>Durante a live, o prefeito tamb\u00e9m trouxe atualiza\u00e7\u00f5es sobre os concursos em andamento. O certame para a <strong>Guarda Municipal<\/strong> est\u00e1 na quinta fase, que \u00e9 a investiga\u00e7\u00e3o social. <\/p>\n\n\n\n<p><em>\u201cEssa fase tem a finalidade de apurar a reputa\u00e7\u00e3o, a boa conduta social e a idoneidade moral dos candidatos. N\u00f3s j\u00e1 estamos nos preparativos para a sexta e \u00faltima fase, que ser\u00e1 o curso de forma\u00e7\u00e3o\u201d<\/em>, disse.<\/p>\n\n\n\n<p>A primeira turma de 250 aprovados deve ser convocada at\u00e9 o fim de fevereiro. Sobre o concurso da Autarquia Municipal de Tr\u00e2nsito e Cidadania (<strong>AMC<\/strong>), ele destacou que <em>\u201cao todo, ser\u00e3o seis etapas. Fizemos a segunda no \u00faltimo dia 7 de janeiro, que foi a avalia\u00e7\u00e3o psicol\u00f3gica. Atualmente, est\u00e1 na fase de recursos. Neste concurso, estamos ofertando 128 vagas, e queremos preench\u00ea-las o quanto antes\u201d.<\/em><\/p>\n\n\n\n<p>O concurso para o Instituto de Planejamento de Fortaleza (Iplanfor) tamb\u00e9m j\u00e1 possui a banca definida, sendo o Instituto de Desenvolvimento Educacional, Cultural e Assistencial Nacional (<strong>Idecan<\/strong>). <\/p>\n\n\n\n<p><em>\u201cVamos ofertar 60 vagas para analistas. Essa turma ter\u00e1 a miss\u00e3o de contribuir com a elabora\u00e7\u00e3o de pol\u00edticas p\u00fablicas efetivas para a cidade. A banca est\u00e1 fazendo os \u00faltimos ajustes para lan\u00e7armos o edital no primeiro trimestre deste ano\u201d,<\/em> refor\u00e7ou Sarto.<\/p>\n\n\n\n<p>Sarto destacou ainda que, nos \u00faltimos tr\u00eas anos, mais de <strong>dois mil novos servidores<\/strong> foram aprovados em concursos p\u00fablicos da cidade. <\/p>\n\n\n\n<p><em>\u201cS\u00e3o 2.590 profissionais que passaram a fazer parte do corpo t\u00e9cnico da Prefeitura de Fortaleza e hoje est\u00e3o contribuindo para proporcionar um bom servi\u00e7o p\u00fablico municipal para a nossa gente\u201d<\/em>, encerrou.<\/p>\n\n\n\n<h2 class=\"wp-block-heading\" id=\"prefeitura-instituiu-a-fagifor-em-2023\">Prefeitura instituiu a Fagifor em 2023<\/h2>\n\n\n\n<p>O concurso ser\u00e1 fundamental para a implanta\u00e7\u00e3o da Funda\u00e7\u00e3o de Apoio \u00e0 Gest\u00e3o Integrada em Sa\u00fade de Fortaleza (Fagifor), criada em 2023. <\/p>\n\n\n\n<p>Ligada \u00e0 Secretaria Municipal da Sa\u00fade, a funda\u00e7\u00e3o ficar\u00e1 respons\u00e1vel pela gest\u00e3o de hospitais municipais, UPAs e outros equipamentos.<\/p>\n\n\n\n<p>Conforme a Lei n\u00b0 0364, o \u00f3rg\u00e3o passou a integrar o novo modelo de gest\u00e3o da sa\u00fade de Fortaleza, composto por mais investimentos em\u00a0toda a rede, al\u00e9m da moderniza\u00e7\u00e3o dos servi\u00e7os ofertados. <\/p>\n\n\n\n<p>A Fagifor \u00e9respons\u00e1vel pela gest\u00e3o hospitalar, qualificando sua capacidade de atendimento. Al\u00e9m disso, executar\u00e1 a\u00e7\u00f5es e servi\u00e7os em todos os n\u00edveis da sa\u00fade p\u00fablica, como urg\u00eancia e emerg\u00eancia, apoio diagn\u00f3stico e educa\u00e7\u00e3o continuada.<\/p>\n\n\n\n<p>Vale destacar que o planejamento para implanta\u00e7\u00e3o da Fagifor iniciou em 2021, conforme explica Galeno Taumaturgo, titular da Secretaria Municipal da Sa\u00fade (SMS). <\/p>\n\n\n\n<p><em>\u201cAs a\u00e7\u00f5es de fomento e promo\u00e7\u00e3o \u00e0 sa\u00fade que iremos colocar em pr\u00e1tica passaram por uma longa matura\u00e7\u00e3o, visando integrar o novo modelo de gest\u00e3o proposto pelo prefeito Jos\u00e9 Sarto. Coordenada pela SMS, a Fagifor ir\u00e1 qualificar e otimizar os servi\u00e7os j\u00e1 ofertados\u201d<\/em>, enfatizou o prefeito, no segundo semestre do ano passado.<\/p>\n\n\n\n<figure class=\"wp-block-image size-large\"><a href=\"https:\/\/www.novaconcursos.com.br\/portal\/wp-content\/uploads\/2024\/01\/prefeito_de_Fortaleza_Jose_Sarto.jpg\"><img decoding=\"async\" width=\"1024\" height=\"602\" src=\"https:\/\/www.novaconcursos.com.br\/portal\/wp-content\/uploads\/2024\/01\/prefeito_de_Fortaleza_Jose_Sarto-1024x602.jpg\" alt=\"\" class=\"wp-image-219109\" loading=\"lazy\" title=\"\" srcset=\"https:\/\/www.novaconcursos.com.br\/portal\/wp-content\/uploads\/2024\/01\/prefeito_de_Fortaleza_Jose_Sarto-300x176.jpg 300w, https:\/\/www.novaconcursos.com.br\/portal\/wp-content\/uploads\/2024\/01\/prefeito_de_Fortaleza_Jose_Sarto-480x282.jpg 480w, https:\/\/www.novaconcursos.com.br\/portal\/wp-content\/uploads\/2024\/01\/prefeito_de_Fortaleza_Jose_Sarto-768x451.jpg 768w, https:\/\/www.novaconcursos.com.br\/portal\/wp-content\/uploads\/2024\/01\/prefeito_de_Fortaleza_Jose_Sarto-1024x602.jpg 1024w, https:\/\/www.novaconcursos.com.br\/portal\/wp-content\/uploads\/2024\/01\/prefeito_de_Fortaleza_Jose_Sarto-1536x902.jpg 1536w, https:\/\/www.novaconcursos.com.br\/portal\/wp-content\/uploads\/2024\/01\/prefeito_de_Fortaleza_Jose_Sarto.jpg 1600w\" sizes=\"auto, (max-width: 480px) 100vw, (max-width: 768px) 100vw, (max-width: 1200px) 70vw, 768px\"><\/a><figcaption class=\"wp-element-caption\"><em>Fagifor ter\u00e1 novo edital publicado a qualquer momento \/ Na foto, o prefeito de Fortaleza Jos\u00e9 Sarto \/ Cr\u00e9ditos: Prefeitura de Fortaleza<\/em><\/figcaption><\/figure><h2 class=\"wp-block-heading\" id=\"qual-o-perfil-da-banca-organizadora-ibfc\">Qual o perfil da banca organizadora IBFC?<\/h2>\n\n\n\n<p>Assim, a banca conta com uma dificuldade considerada<strong>\u00a0m\u00e9dia\/alta,<\/strong>\u00a0com quest\u00f5es que s\u00e3o formuladas por professores e doutores das mais\u00a0diversas \u00e1reas.<\/p>\n\n\n\n<p>Al\u00e9m disso, \u00e9 conhecida por elaborar\u00a0<strong>quest\u00f5es objetivas e diretas<\/strong>, de forma que geralmente\u00a0n\u00e3o s\u00e3o encontradas\u00a0pegadinhas ou quest\u00f5es pol\u00eamicas em seus enunciados.<\/p>\n\n\n\n<p>A\u00a0mat\u00e9ria mais cobrada\u00a0pela banca \u00e9 a de\u00a0<strong>L\u00edngua Portuguesa<\/strong>, ou seja, \u00e9 preciso estudar todos os pontos referentes a essa disciplina, visto que o IBFC \u00e9 conhecido por cobrar\u00a0<strong>tudo aquilo que prop\u00f5e<\/strong>.<\/p>\n\n\n\n<p>As quest\u00f5es costumam ter\u00a0<strong>4 alternativas,\u00a0<\/strong>sendo apenas uma resposta considerada correta. Conhe\u00e7a as disciplinas mais cobradas! ??<\/p>\n\n\n\n<ul class=\"wp-block-list\"><li><strong>L\u00edngua Portuguesa<\/strong>\n<ul class=\"wp-block-list\"><li>Interpreta\u00e7\u00e3o de Texto<\/li>\n\n\n\n<li>Morfossintaxe<\/li>\n\n\n\n<li>An\u00e1lise Sint\u00e1tica<\/li>\n\n\n\n<li>Pontua\u00e7\u00e3o<\/li>\n\n\n\n<li>Acentua\u00e7\u00e3o<\/li>\n\n\n\n<li>Sem\u00e2ntica<\/li>\n<\/ul><\/li>\n\n\n\n<li><strong>Racioc\u00ednio L\u00f3gico<\/strong>\n<ul class=\"wp-block-list\"><li>L\u00f3gica Proposicional<\/li>\n\n\n\n<li>Probabilidade<\/li>\n\n\n\n<li>An\u00e1lise Combinat\u00f3ria<\/li>\n\n\n\n<li>Lei de Morgan<\/li>\n\n\n\n<li>Tabelas Verdade<\/li>\n<\/ul><\/li>\n\n\n\n<li><strong>Inform\u00e1tica<\/strong>\n<ul class=\"wp-block-list\"><li>Internet<\/li>\n\n\n\n<li>Softwares de Escrit\u00f3rio (Microsoft Office)<\/li>\n\n\n\n<li>Rede de Computadores<\/li>\n<\/ul><\/li>\n\n\n\n<li><strong>Matem\u00e1tica<\/strong>\n<ul class=\"wp-block-list\"><li>Fra\u00e7\u00f5es<\/li>\n\n\n\n<li>Conjuntos<\/li>\n\n\n\n<li>Porcentagens<\/li>\n\n\n\n<li>Sequ\u00eancias (de n\u00famero, figuras e palavras)<\/li>\n<\/ul><\/li>\n\n\n\n<li><strong>Legisla\u00e7\u00e3o de \u00d3rg\u00e3os<\/strong>\n<ul class=\"wp-block-list\"><li>Lei Seca<\/li>\n\n\n\n<li>Defini\u00e7\u00e3o de Termos<\/li>\n<\/ul><\/li>\n<\/ul>","protected":false},"excerpt":{"rendered":"<p>O prefeito Jos\u00e9 Sarto anunciou que na pr\u00f3xima semana, o governo do estado publicar\u00e1 o edital do concurso Fagifor. S\u00e3o cerca de 2.200 vagas; veja! Estude para o concurso dos seus sonhos com o\u00a0M\u00e9todo\u00a0que j\u00e1 ajudou na\u00a0aprova\u00e7\u00e3o de mais de 70 mil alunos.\u00a0Clique aqui\u00a0e saiba mais! Quando sai o edital do concurso Fagifor? Na pr\u00f3xima [&hellip;]<\/p>\n","protected":false},"author":54671,"featured_media":219105,"comment_status":"closed","ping_status":"closed","sticky":false,"template":"","format":"standard","meta":{"_acf_changed":false,"footnotes":"","_wp_rev_ctl_limit":""},"categories":[228],"tags":[],"class_list":["post-219104","post","type-post","status-publish","format-standard","has-post-thumbnail","hentry","category-noticias"],"acf":[],"_links":{"self":[{"href":"https:\/\/www.novaconcursos.com.br\/portal\/wp-json\/wp\/v2\/posts\/219104","targetHints":{"allow":["GET"]}}],"collection":[{"href":"https:\/\/www.novaconcursos.com.br\/portal\/wp-json\/wp\/v2\/posts"}],"about":[{"href":"https:\/\/www.novaconcursos.com.br\/portal\/wp-json\/wp\/v2\/types\/post"}],"author":[{"embeddable":true,"href":"https:\/\/www.novaconcursos.com.br\/portal\/wp-json\/wp\/v2\/users\/54671"}],"replies":[{"embeddable":true,"href":"https:\/\/www.novaconcursos.com.br\/portal\/wp-json\/wp\/v2\/comments?post=219104"}],"version-history":[{"count":5,"href":"https:\/\/www.novaconcursos.com.br\/portal\/wp-json\/wp\/v2\/posts\/219104\/revisions"}],"predecessor-version":[{"id":219111,"href":"https:\/\/www.novaconcursos.com.br\/portal\/wp-json\/wp\/v2\/posts\/219104\/revisions\/219111"}],"wp:featuredmedia":[{"embeddable":true,"href":"https:\/\/www.novaconcursos.com.br\/portal\/wp-json\/wp\/v2\/media\/219105"}],"wp:attachment":[{"href":"https:\/\/www.novaconcursos.com.br\/portal\/wp-json\/wp\/v2\/media?parent=219104"}],"wp:term":[{"taxonomy":"category","embeddable":true,"href":"https:\/\/www.novaconcursos.com.br\/portal\/wp-json\/wp\/v2\/categories?post=219104"},{"taxonomy":"post_tag","embeddable":true,"href":"https:\/\/www.novaconcursos.com.br\/portal\/wp-json\/wp\/v2\/tags?post=219104"}],"curies":[{"name":"wp","href":"https:\/\/api.w.org\/{rel}","templated":true}]}}