{"id":219278,"date":"2024-01-24T07:48:00","date_gmt":"2024-01-24T10:48:00","guid":{"rendered":"https:\/\/www.novaconcursos.com.br\/portal\/?post_type=nc-public-tender&#038;p=219278"},"modified":"2025-04-14T17:18:17","modified_gmt":"2025-04-14T20:18:17","slug":"fagifor","status":"publish","type":"post","link":"https:\/\/www.novaconcursos.com.br\/portal\/concursos\/fagifor\/","title":{"rendered":"Concurso Fagifor: Edital publicado. 2.241 vagas de n\u00edveis m\u00e9dio e superior!"},"content":{"rendered":"<p>Boas not\u00edcias, concurseiros! Foi publicado o concurso<strong> Fagifor<\/strong> (Funda\u00e7\u00e3o de Apoio \u00e0 Gest\u00e3o Integrada em Sa\u00fade de Fortaleza)!<\/p>\n\n\n\n<p>O edital oferece 2.241 vagas, com iniciais de <strong>at\u00e9 R$ 18 mil<\/strong>!<\/p>\n\n\n\n<p>Continue com a gente e saiba como participar!<\/p>\n\n\n\n<h2 class=\"wp-block-heading\" id=\"resumo-do-edital\">Resumo do Edital<\/h2>\n\n\n\n<p>Vagas: 2.241<br>Escolaridade: n\u00edveis m\u00e9dio e superior<br>Sal\u00e1rio: de R$ 1.065,00\u00a0at\u00e9 R$ 18.564,00<br>Per\u00edodo de inscri\u00e7\u00e3o: de 05\/02\/2024 a 05\/03\/2024<br>Taxa de inscri\u00e7\u00e3o: R$ 90,00, R$ 120,00 e R$ 180,00<br>Prova: 14\/04\/2024<br>Banca: IBFC<br><a href=\"https:\/\/anexos.cdn.selecao.net.br\/uploads\/747\/concursos\/453\/anexos\/8GJOsChmPCk6jqw4ne692dimu0zXGaO1vlqlAAjk.pdf\" target=\"_blank\" rel=\"noopener\">Baixe o edital.<\/a><\/p>\n\n\n\n<h2 class=\"wp-block-heading\" id=\"como-se-inscrever-no-concurso-fagifor\">Como se inscrever no concurso Fagifor?<\/h2>\n\n\n\n<p>As inscri\u00e7\u00f5es do concurso Fagifor devem ser realizadas no site do <a href=\"https:\/\/concursos.ibfc.org.br\/informacoes\/453\/\" target=\"_blank\" rel=\"noopener\">IBFC<\/a>, banca organizadora, entre <strong>10h do dia 05 de fevereiro de 2024 e \u00e0s 23h do dia 05 de mar\u00e7o de 2024<\/strong>.<\/p>\n\n\n\n<p>Para concluir a inscri\u00e7\u00e3o, o interessado dever\u00e1 pagar uma <strong>taxa de inscri\u00e7\u00e3o<\/strong>, at\u00e9 o dia 06 de mar\u00e7o, nos seguintes <strong>valores<\/strong>:<\/p>\n\n\n\n<ul class=\"wp-block-list\"><li>N\u00edvel m\u00e9dio: R$ 90,00<\/li>\n\n\n\n<li>N\u00edvel superior: R$ 120,00<\/li>\n\n\n\n<li>M\u00e9dico: R$ 180,00<\/li>\n<\/ul><p>O edital tamb\u00e9m oferece e\u00a0<strong>isen\u00e7\u00e3o da taxa<\/strong> para o candidato que se enquadrar em ao menos um dos seguintes requisitos:<\/p>\n\n\n\n<ul class=\"wp-block-list\"><li>Doador de Sangue;<\/li>\n\n\n\n<li>Doadora de Leite Materno;<\/li>\n\n\n\n<li>Inscrito no Cad\u00danico.<\/li>\n<\/ul><p><strong>Aten\u00e7\u00e3o!<\/strong> A isen\u00e7\u00e3o poder\u00e1 ser solicitada somente entre os dias 05 e 07 de fevereiro de 2024!<\/p>\n\n\n\n<ul class=\"wp-block-list\"><li><strong>Confira:<\/strong> <a href=\"https:\/\/www.novaconcursos.com.br\/curso-online\/curso-fagifor-tecnico-enfermagem?q=Curso%20FAGIFOR%20-%20T%C3%A9cnico%20em%20Enfermagem\">Curso Online FAGIFOR \u2013 T\u00e9cnico em Enfermagem<\/a><\/li>\n\n\n\n<li><strong>Confira:<\/strong> <a href=\"https:\/\/www.novaconcursos.com.br\/mapa-mental\/sus-sistema-unico-de-saude-pdf?q=lei%208.080\">Mapas Mentais SUS \u2013 Sistema \u00danico de Sa\u00fade (Lei 8.142\/1990 e Lei 8.080\/1990)<\/a><\/li>\n<\/ul><p>Estude para o concurso dos seus sonhos com o\u00a0<strong>M\u00e9todo<\/strong>\u00a0que j\u00e1 ajudou na\u00a0<strong>aprova\u00e7\u00e3o de mais de 70 mil alunos<\/strong>.\u00a0<a href=\"https:\/\/www.novaconcursos.com.br\/eventos\/assinatura?promo_creative=Clique+aqui&amp;promo_name=concurso&amp;promo_id=%2Fportal%2Fconcursos%2Fministerio-do-planejamento-orcamento-apo&amp;promo_position=corpo-texto\" target=\"_blank\" rel=\"noreferrer noopener\">Clique aqui<\/a>\u00a0e saiba mais!<\/p>\n\n\n\n<h2 class=\"wp-block-heading\" id=\"cargos-vagas-e-salrios-do-concurso-fagifor\">Cargos, vagas e sal\u00e1rios do concurso Fagifor<\/h2>\n\n\n\n<p>O edital Fagifor est\u00e1 ofertando<strong> 2.241 vagas<\/strong> de n\u00edveis m\u00e9dio, t\u00e9cnico e superior!<\/p>\n\n\n\n<p>Confira, a seguir, os<strong> cargos<\/strong> contemplados no certame:<\/p>\n\n\n\n<p><strong>N\u00edvel m\u00e9dio\/t\u00e9cnico<\/strong><\/p>\n\n\n\n<ul class=\"wp-block-list\"><li>Auxiliar de Farm\u00e1cia: 38 vagas\n<ul class=\"wp-block-list\"><li>40h: R$ 1.404,00<\/li>\n\n\n\n<li>12hx36h: R$ 1.263,60<\/li>\n<\/ul><\/li>\n\n\n\n<li>Auxiliar de Pr\u00f3tese Dent\u00e1ria: 01 vaga\n<ul class=\"wp-block-list\"><li>40h: R$ 1.404,00<\/li>\n<\/ul><\/li>\n\n\n\n<li>Auxiliar de Sa\u00fade Bucal: 45 vagas\n<ul class=\"wp-block-list\"><li>40h: R$ 1.404,00<\/li>\n<\/ul><\/li>\n\n\n\n<li>Condutor socorrista: 41 vagas\n<ul class=\"wp-block-list\"><li>12hX36h: R$ 1.917,00<\/li>\n<\/ul><\/li>\n\n\n\n<li>T\u00e9cnico em An\u00e1lises Cl\u00ednicas: 31 vagas\n<ul class=\"wp-block-list\"><li>12hX36h: R$ 1.917,00<\/li>\n<\/ul><\/li>\n\n\n\n<li>T\u00e9cnico em Enfermagem: 873 vagas\n<ul class=\"wp-block-list\"><li>40h: R$ 3.062,00<\/li>\n\n\n\n<li>12hX36h: R$ 2.755,80<\/li>\n<\/ul><\/li>\n\n\n\n<li>T\u00e9cnico em Enfermagem Socorrista: 77 vagas\n<ul class=\"wp-block-list\"><li>12hX36h: R$ 2.755,80<\/li>\n<\/ul><\/li>\n\n\n\n<li>T\u00e9cnico em Equipamentos Biom\u00e9dicos: 01 vaga\n<ul class=\"wp-block-list\"><li>40h: R$ 2.130,00<\/li>\n<\/ul><\/li>\n\n\n\n<li>T\u00e9cnico em Imobiliza\u00e7\u00f5es Ortop\u00e9dicas: 08 vagas\n<ul class=\"wp-block-list\"><li>12hX36h: R$ 1.917,00<\/li>\n<\/ul><\/li>\n\n\n\n<li>T\u00e9cnico em Massoterapia: 11 vagas\n<ul class=\"wp-block-list\"><li>40h: R$ 2.130,00<\/li>\n\n\n\n<li>20h: R$ 1.065,00<\/li>\n<\/ul><\/li>\n\n\n\n<li>T\u00e9cnico em Pr\u00f3tese Dent\u00e1ria: 01 vaga\n<ul class=\"wp-block-list\"><li>40h: R$ 2.130,00<\/li>\n<\/ul><\/li>\n\n\n\n<li>T\u00e9cnico em Radiologia: 46 vagas\n<ul class=\"wp-block-list\"><li>24h: R$ 2.666,40<\/li>\n<\/ul><\/li>\n\n\n\n<li>T\u00e9cnico em Seguran\u00e7a do Trabalho: 03 vagas\n<ul class=\"wp-block-list\"><li>40h: R$ 2.596,00<\/li>\n<\/ul><\/li>\n<\/ul><p><strong>N\u00edvel superior<\/strong><\/p>\n\n\n\n<ul class=\"wp-block-list content-unordered-list\"><li>Assistente Social: 42 vagas\n<ul class=\"wp-block-list\"><li>30h: R$ 3.856,50<\/li>\n\n\n\n<li>24h: R$ 3.085,20<\/li>\n\n\n\n<li>20h: R$ 2.571,00<\/li>\n<\/ul><\/li>\n\n\n\n<li>Cirurgi\u00e3o-Dentista: 15 vagas\n<ul class=\"wp-block-list\"><li>40h: R$ 6.876,00<\/li>\n\n\n\n<li>20h: R$ 3.438,00<\/li>\n<\/ul><\/li>\n\n\n\n<li>Educador F\u00edsico: 08 vagas\n<ul class=\"wp-block-list\"><li>20h: R$ 2.571,00<\/li>\n<\/ul><\/li>\n\n\n\n<li>Enfermeiro: 450 vagas\n<ul class=\"wp-block-list\"><li>40h: R$ 5.730,00<\/li>\n\n\n\n<li>30h: R$ 4.297,50<\/li>\n\n\n\n<li>12hx36h: R$ 5.157,00<\/li>\n<\/ul><\/li>\n\n\n\n<li>Engenheiro Cl\u00ednico: 01 vaga\n<ul class=\"wp-block-list\"><li>40h: R$ 10.038,00<\/li>\n<\/ul><\/li>\n\n\n\n<li>Engenheiro de Seguran\u00e7a do Trabalho: 01 vaga\n<ul class=\"wp-block-list\"><li>40h: R$ 10.038,00<\/li>\n<\/ul><\/li>\n\n\n\n<li>Farmac\u00eautico: 46 vagas\n<ul class=\"wp-block-list\"><li>40h: R$ 5.142,00<\/li>\n\n\n\n<li>12hx36h: R$ 4.627,80<\/li>\n<\/ul><\/li>\n\n\n\n<li>Fisioterapeuta: 44 vagas\n<ul class=\"wp-block-list\"><li>30h: R$ 3.856,50<\/li>\n\n\n\n<li>20h: R$ 2.571,00<\/li>\n\n\n\n<li>12hx36h: R$ 4.627,80<\/li>\n<\/ul><\/li>\n\n\n\n<li>Fonoaudi\u00f3logo: 05 vagas\n<ul class=\"wp-block-list\"><li>30h: R$ 4.297,50<\/li>\n\n\n\n<li>20h: R$ 2.865,00<\/li>\n<\/ul><\/li>\n\n\n\n<li>M\u00e9dico: 406 vagas\n<ul class=\"wp-block-list\"><li>40h: R$ 18.564,00<\/li>\n\n\n\n<li>30h: R$ 13.923,00<\/li>\n\n\n\n<li>24h: R$ 11.138,40<\/li>\n\n\n\n<li>20h: R$ 9.282,00<\/li>\n<\/ul><\/li>\n\n\n\n<li>M\u00e9dico Veterin\u00e1rio: 13 vagas\n<ul class=\"wp-block-list\"><li>40h: R$ 5.142,00<\/li>\n<\/ul><\/li>\n\n\n\n<li>Nutricionista: 06 vagas\n<ul class=\"wp-block-list\"><li>40h: R$ 5.142,00<\/li>\n\n\n\n<li>20h: R$ 2.571,00<\/li>\n<\/ul><\/li>\n\n\n\n<li>Psic\u00f3logo: 15 vagas\n<ul class=\"wp-block-list\"><li>20h: R$ 2.571,00<\/li>\n\n\n\n<li>30h: R$ 3.856,50<\/li>\n<\/ul><\/li>\n\n\n\n<li>Terapeuta Ocupacional: 13 vagas\n<ul class=\"wp-block-list\"><li>20h: R$ 2.865,00<\/li>\n<\/ul><\/li>\n<\/ul><h2 class=\"wp-block-heading\" id=\"requisitos\">Requisitos<\/h2>\n\n\n\n<p>As exig\u00eancias<strong> b\u00e1sicas<\/strong> para investidura nos cargos da Fagifor s\u00e3o:<\/p>\n\n\n\n<ul class=\"wp-block-list\"><li>ser brasileiro nato ou naturalizado e, no caso de nacionalidade portuguesa, estar amparado pelo estatuto de igualdade entre brasileiros e portugueses, com reconhecimento do gozo dos direitos pol\u00edticos, na forma do art. 13 do Decreto n\u00ba 70.436, de 18 de abril de 1972, art. 12, \u00a7 1\u00ba, da Constitui\u00e7\u00e3o Federal, e art. 3\u00ba, da Emenda Constitucional n\u00ba 19, de 04 de junho de 1998;<\/li>\n\n\n\n<li><strong>ter a idade m\u00ednima de 18 (dezoito) anos completos na data da posse;<\/strong><\/li>\n\n\n\n<li>estar quite com as obriga\u00e7\u00f5es eleitorais;<\/li>\n\n\n\n<li>estar quite com as obriga\u00e7\u00f5es militares, para os candidatos do sexo masculino;<\/li>\n\n\n\n<li>encontrar-se em pleno gozo de seus direitos pol\u00edticos e civis;<\/li>\n\n\n\n<li>n\u00e3o ter sofrido, no exerc\u00edcio de fun\u00e7\u00e3o p\u00fablica, penalidade incompat\u00edvel com nova investidura em emprego p\u00fablico;<\/li>\n\n\n\n<li>n\u00e3o ter sofrido nenhuma condena\u00e7\u00e3o em virtude de crime contra a Administra\u00e7\u00e3o, com tr\u00e2nsito em julgado;<\/li>\n\n\n\n<li>ter aptid\u00e3o f\u00edsica e mental para o exerc\u00edcio das atribui\u00e7\u00f5es do emprego p\u00fablico;<\/li>\n\n\n\n<li>n\u00e3o receber proventos de aposentadoria decorrentes do art. 40 ou dos arts. 42 e 142, conforme teor do artigo 37, \u00a7 10 da Constitui\u00e7\u00e3o Federal, com a reda\u00e7\u00e3o da Emenda Constitucional n\u00ba 20, de 15 de dezembro de 1998, e nem estar com idade de aposentaria compuls\u00f3ria;<\/li>\n\n\n\n<li>n\u00e3o possuir registro de antecedentes criminais nos \u00faltimos 5 (cinco) anos, ficando impedida a admiss\u00e3o nos casos em que houver a\u00e7\u00e3o penal com senten\u00e7a condenat\u00f3ria transitada em julgado, enquanto durarem seus efeitos, garantido o contradit\u00f3rio e a ampla defesa;<\/li>\n\n\n\n<li>firmar declara\u00e7\u00e3o de n\u00e3o estar cumprindo san\u00e7\u00e3o por inidoneidade, aplicada por qualquer \u00f3rg\u00e3o p\u00fablico ou entidade da esfera federal, estadual, municipal ou do Distrito Federal;<\/li>\n\n\n\n<li><strong>estar devidamente registrado e em dia junto ao respectivo Conselho Profissional de Classe, para a ocupa\u00e7\u00e3o que assim o exigir;<\/strong><\/li>\n\n\n\n<li>apresentar declara\u00e7\u00e3o de que n\u00e3o acumula cargo, emprego ou fun\u00e7\u00e3o p\u00fablica, ou proventos de inatividade, ressalvadas as possibilidades de acumula\u00e7\u00e3o l\u00edcita previstas no inciso XVI do art. 37 da Constitui\u00e7\u00e3o Federal;<\/li>\n\n\n\n<li>ser considerado apto f\u00edsica e mentalmente no exame admissional realizado pela FAGIFOR atrav\u00e9s de Junta M\u00e9dica;<\/li>\n\n\n\n<li>ser aprovado no presente Concurso P\u00fablico e possuir os requisitos exigidos para o exerc\u00edcio do emprego p\u00fablico.<\/li>\n<\/ul><p>J\u00e1 os requisitos <strong>espec\u00edficos<\/strong> de cada cargo\/especialidade est\u00e3o relacionados ao n\u00edvel de escolaridade e \u00e1rea de forma\u00e7\u00e3o.<\/p>\n\n\n\n<p>Al\u00e9m disso, o cargo de <strong>Condutor Socorrista<\/strong>, exclusivamente, exige Carteira Nacional de Habilita\u00e7\u00e3o \u2013 CNH (Categoria D ou E), dentro da validade.<\/p>\n\n\n\n<h2 class=\"wp-block-heading\" id=\"etapas-de-seleo-do-concurso-fagifor\">Etapas de Sele\u00e7\u00e3o do concurso Fagifor<\/h2>\n\n\n\n<p>A sele\u00e7\u00e3o ser\u00e1 realizada nas seguintes etapas:<\/p>\n\n\n\n<ul class=\"wp-block-list\"><li>Prova Objetiva, de car\u00e1ter eliminat\u00f3rio e classificat\u00f3rio; e<\/li>\n\n\n\n<li>Prova de T\u00edtulos e Experi\u00eancia Profissional, de car\u00e1ter classificat\u00f3rio.<\/li>\n<\/ul><p>Saiba mais detalhes a seguir!<\/p>\n\n\n\n<h3 class=\"wp-block-heading\">Prova Objetiva<\/h3>\n\n\n\n<p>Esta etapa ser\u00e1 realizada na cidade de <strong>Fortaleza\/CE<\/strong>, no dia <strong>14 de abril de 2024<\/strong>.<\/p>\n\n\n\n<p>A prova objetiva ser\u00e1 composta por\u00a0<strong>50 quest\u00f5es\u00a0<\/strong>de m\u00faltipla escolha, distribu\u00eddas entre as seguintes disciplinas:<\/p>\n\n\n\n<ul class=\"wp-block-list\"><li>Conhecimentos Gerais\n<ul class=\"wp-block-list\"><li>L\u00edngua Portuguesa (10)<\/li>\n\n\n\n<li>Racioc\u00ednio L\u00f3gico 10<\/li>\n\n\n\n<li>Legisla\u00e7\u00e3o \u2013 SUS (10)<\/li>\n<\/ul><\/li>\n\n\n\n<li>Conhecimentos Espec\u00edficos (20)<\/li>\n<\/ul><p>Avaliada em uma escala de 0 \u00e0 80 pontos, ser\u00e1 considerado\u00a0<strong>aprovado<\/strong> o candidato que, cumulativamente:<\/p>\n\n\n\n<ul class=\"wp-block-list\"><li>acertar, no m\u00ednimo, 12 (doze) pontos na prova de Conhecimentos Gerais;<\/li>\n\n\n\n<li>acertar, no m\u00ednimo, 12 (doze) pontos na prova de Conhecimentos Espec\u00edficos; e<\/li>\n\n\n\n<li>acertar, no m\u00ednimo, 40 (quarenta) pontos do total da Prova Objetiva.<\/li>\n<\/ul><h3 class=\"wp-block-heading\">Prova de T\u00edtulos e Experi\u00eancia Profissional<\/h3>\n\n\n\n<p>Esta fase ser\u00e1 avaliada na escala de 0 \u00e0 10 pontos, onde ser\u00e1 consideradas as seguintes <strong>titula\u00e7\u00f5e<\/strong>s:<\/p>\n\n\n\n<ul class=\"wp-block-list\"><li>Doutorado: 1,5<\/li>\n\n\n\n<li>Mestrado: 1,0<\/li>\n\n\n\n<li>Especializa\u00e7\u00e3o: 0,5<\/li>\n\n\n\n<li>N\u00edvel superior \u2013 Experi\u00eancia Profissional: 1,0 ponto por ano completo (at\u00e9 7,0)<\/li>\n\n\n\n<li>M\u00e9dio\/T\u00e9cnico \u2013\u00a0Experi\u00eancia Profissional: 1,0 ponto por ano completo (at\u00e9 10,0)<\/li>\n<\/ul><h2 class=\"wp-block-heading\" id=\"como-so-as-provas-de-concurso-ibfc\">Como s\u00e3o as provas de concurso IBFC?<\/h2>\n\n\n\n<p><span style=\"font-weight: 400;\">As provas de concurso elaboradas pelo <a href=\"https:\/\/www.ibfc.org.br\/menus\/home.html?_gl=1*1kykt68*_ga*MTM4NzMxNzE1MC4xNjc0NDk0ODgx*_ga_LPCGDEZX1S*MTcwNjAxMzQ0Ni40LjAuMTcwNjAxMzQ0Ni42MC4wLjA.*_fplc*bjFBZEpKM2VjMFBJR2RSNTFmSSUyQlFMZDVROE9yZzV6eEI0RXNCNGF0YkdkaDNvNWpIQ1RjaHFUdEJsUXZraGQ3d20zZVFoVlgwM0hhZ3Y2enpsUkVzWXh1MUhZNjV2U1QwJTJGQXdyVCUyRnpLcWZpTm5LSEZXZUJPcTglMkZhRFZXRVElM0QlM0Q.\" target=\"_blank\" rel=\"noopener\">Instituto Brasileiro de Forma\u00e7\u00e3o e Capacita\u00e7\u00e3o (IBFC)<\/a> apresentam um <strong>n\u00edvel de dificuldade<\/strong> considerado <strong>m\u00e9dio\/alto<\/strong>, com\u00a0 quest\u00f5es formuladas por professores e doutores de diversas \u00e1reas.<\/span><\/p>\n\n\n\n<p><span style=\"font-weight: 400;\">A banca \u00e9 conhecida por adotar <strong>quest\u00f5es objetivas e diretas<\/strong>, evitando, em geral, a inclus\u00e3o de pegadinhas ou enunciados pol\u00eamicos. Sua abordagem busca <strong>avaliar o conhecimento t\u00e9cnico<\/strong> dos candidatos de maneira clara e precisa.<\/span><\/p>\n\n\n\n<p><span style=\"font-weight: 400;\">A disciplina mais cobrada pelo IBFC \u00e9<strong> L\u00edngua Portuguesa<\/strong>, sendo essencial abranger todos os pontos referentes a essa mat\u00e9ria durante a prepara\u00e7\u00e3o. Al\u00e9m disso, a banca tem o h\u00e1bito de abordar todos os t\u00f3picos propostos, exigindo uma prepara\u00e7\u00e3o abrangente nesse campo.<\/span><\/p>\n\n\n\n<p><span style=\"font-weight: 400;\">As quest\u00f5es costumam apresentar quatro alternativas, sendo apenas uma delas considerada correta. <\/span><\/p>\n\n\n\n<p><span style=\"font-weight: 400;\">A seguir, est\u00e3o algumas das <strong>disciplinas<\/strong> mais cobradas pela banca:<\/span><\/p>\n\n\n\n<ul class=\"wp-block-list\"><li>L\u00edngua Portuguesa\n<ul class=\"wp-block-list\"><li>Interpreta\u00e7\u00e3o de Texto<\/li>\n\n\n\n<li>Morfossintaxe<\/li>\n\n\n\n<li>An\u00e1lise Sint\u00e1tica<\/li>\n\n\n\n<li>Pontua\u00e7\u00e3o<\/li>\n\n\n\n<li>Acentua\u00e7\u00e3o<\/li>\n\n\n\n<li>Sem\u00e2ntica<\/li>\n<\/ul><\/li>\n\n\n\n<li>Racioc\u00ednio L\u00f3gico\n<ul class=\"wp-block-list\"><li>L\u00f3gica Proposicional<\/li>\n\n\n\n<li>Probabilidade<\/li>\n\n\n\n<li>An\u00e1lise Combinat\u00f3ria<\/li>\n\n\n\n<li>Lei de Morgan<\/li>\n\n\n\n<li>Tabelas Verdade<\/li>\n<\/ul><\/li>\n\n\n\n<li>Inform\u00e1tica\n<ul class=\"wp-block-list\"><li>Internet<\/li>\n\n\n\n<li>Softwares de Escrit\u00f3rio (Microsoft Office)<\/li>\n\n\n\n<li>Rede de Computadores<\/li>\n<\/ul><\/li>\n\n\n\n<li>Matem\u00e1tica\n<ul class=\"wp-block-list\"><li>Fra\u00e7\u00f5es<\/li>\n\n\n\n<li>Conjuntos<\/li>\n\n\n\n<li>Porcentagens<\/li>\n\n\n\n<li>Sequ\u00eancias (de n\u00famero, figuras e palavras)<\/li>\n<\/ul><\/li>\n\n\n\n<li>Legisla\u00e7\u00e3o de \u00d3rg\u00e3os\n<ul class=\"wp-block-list\"><li>Lei Seca<\/li>\n\n\n\n<li>Defini\u00e7\u00e3o de Termos<\/li>\n<\/ul><\/li>\n<\/ul><p>Quer ingressar na carreira p\u00fablica? <a href=\"https:\/\/www.novaconcursos.com.br\/portal\/concursos-abertos\/ce\/\">Confira aqui todos os concursos abertos no Estado do Cear\u00e1!\u00a0<\/a><\/p>\n\n\n\n<h2 class=\"wp-block-heading\" id=\"sobre-a-fagifor\">Sobre a Fagifor<\/h2>\n\n\n\n<p>A <a href=\"https:\/\/fagifor.fortaleza.ce.gov.br\/\" target=\"_blank\" rel=\"noopener\">Funda\u00e7\u00e3o de Apoio \u00e0 Gest\u00e3o Integrada em Sa\u00fade de Fortaleza<\/a> (FAGIFOR) \u00e9 uma entidade da administra\u00e7\u00e3o indireta do Munic\u00edpio de Fortaleza, institu\u00edda pela Lei Complementar n\u00ba 178, de 19 de dezembro de 2014, vinculada \u00e0 Secretaria Municipal da Sa\u00fade (SMS), dotada de personalidade jur\u00eddica de direito privado, sem finalidade lucrativa, de interesse coletivo, de utilidade p\u00fablica e benefic\u00eancia social.<\/p>\n\n\n\n<p>A FAGIFOR possui autonomia gerencial, patrimonial, or\u00e7ament\u00e1ria e financeira, sujeita ao regime jur\u00eddico pr\u00f3prio das entidades privadas, tendo por finalidade desenvolver e executar a\u00e7\u00f5es e servi\u00e7os em todos os n\u00edveis da Sa\u00fade P\u00fablica, notadamente nas \u00e1reas de: gest\u00e3o hospitalar ambulatorial, aten\u00e7\u00e3o prim\u00e1ria, servi\u00e7os de urg\u00eancia e emerg\u00eancia, apoio diagn\u00f3stico, ensino, pesquisa e educa\u00e7\u00e3o continuada.<\/p>\n\n\n\n<p>\u00a0<\/p>","protected":false},"excerpt":{"rendered":"<p>Boas not\u00edcias, concurseiros! Foi publicado o concurso Fagifor (Funda\u00e7\u00e3o de Apoio \u00e0 Gest\u00e3o Integrada em Sa\u00fade de Fortaleza)!<\/p>\n<p>O edital oferece 2.241 vagas, com iniciais de at\u00e9 R$ 18 mil!<\/p>\n<p>Continue com a gente e saiba como participar!<\/p>\n","protected":false},"author":54684,"featured_media":220025,"comment_status":"closed","ping_status":"closed","sticky":false,"template":"","format":"standard","meta":{"_acf_changed":false,"footnotes":"","_wp_rev_ctl_limit":""},"categories":[44999],"tags":[],"class_list":["post-219278","post","type-post","status-publish","format-standard","has-post-thumbnail","hentry","category-concursos"],"acf":[],"_links":{"self":[{"href":"https:\/\/www.novaconcursos.com.br\/portal\/wp-json\/wp\/v2\/posts\/219278","targetHints":{"allow":["GET"]}}],"collection":[{"href":"https:\/\/www.novaconcursos.com.br\/portal\/wp-json\/wp\/v2\/posts"}],"about":[{"href":"https:\/\/www.novaconcursos.com.br\/portal\/wp-json\/wp\/v2\/types\/post"}],"author":[{"embeddable":true,"href":"https:\/\/www.novaconcursos.com.br\/portal\/wp-json\/wp\/v2\/users\/54684"}],"replies":[{"embeddable":true,"href":"https:\/\/www.novaconcursos.com.br\/portal\/wp-json\/wp\/v2\/comments?post=219278"}],"version-history":[{"count":20,"href":"https:\/\/www.novaconcursos.com.br\/portal\/wp-json\/wp\/v2\/posts\/219278\/revisions"}],"predecessor-version":[{"id":279273,"href":"https:\/\/www.novaconcursos.com.br\/portal\/wp-json\/wp\/v2\/posts\/219278\/revisions\/279273"}],"wp:featuredmedia":[{"embeddable":true,"href":"https:\/\/www.novaconcursos.com.br\/portal\/wp-json\/wp\/v2\/media\/220025"}],"wp:attachment":[{"href":"https:\/\/www.novaconcursos.com.br\/portal\/wp-json\/wp\/v2\/media?parent=219278"}],"wp:term":[{"taxonomy":"category","embeddable":true,"href":"https:\/\/www.novaconcursos.com.br\/portal\/wp-json\/wp\/v2\/categories?post=219278"},{"taxonomy":"post_tag","embeddable":true,"href":"https:\/\/www.novaconcursos.com.br\/portal\/wp-json\/wp\/v2\/tags?post=219278"}],"curies":[{"name":"wp","href":"https:\/\/api.w.org\/{rel}","templated":true}]}}