{"id":219404,"date":"2024-01-19T16:54:41","date_gmt":"2024-01-19T19:54:41","guid":{"rendered":"https:\/\/www.novaconcursos.com.br\/portal\/?p=219404"},"modified":"2025-04-10T10:47:43","modified_gmt":"2025-04-10T13:47:43","slug":"saiu-o-edital-tj-ac-vagas-de-niveis-medio-e-superior","status":"publish","type":"post","link":"https:\/\/www.novaconcursos.com.br\/portal\/noticias\/saiu-o-edital-tj-ac-vagas-de-niveis-medio-e-superior\/","title":{"rendered":"Saiu o edital TJ AC: 1.551 vagas de n\u00edveis m\u00e9dio e superior!"},"content":{"rendered":"<p>Est\u00e1 publicado o edital do\u00a0<a href=\"https:\/\/www.novaconcursos.com.br\/portal\/concursos\/concurso-tj-ac\/\">concurso TJ AC<\/a>\u00a0com a oferta de mais de 1,5 mil vagas de n\u00edveis m\u00e9dio e superior e <strong>sal\u00e1rios de at\u00e9 R$ 7.571.<\/strong> Veja como se inscrever!<\/p>\n\n\n\n<h2 class=\"wp-block-heading\" id=\"resumo-do-edital\">Resumo do Edital<\/h2>\n\n\n\n<p>Vagas: 91 vagas imediatas + 1.460 CR<br>Escolaridade: n\u00edvel m\u00e9dio e superior<br>Sal\u00e1rio: at\u00e9 R$ 7.571,20<br>Per\u00edodo de inscri\u00e7\u00e3o: 07\/02\/2024 a 01\/03\/2024<br>Taxa de inscri\u00e7\u00e3o: R$ 100 e R$ 120 <br>Prova: 24\/03\/2024<br>Banca: Instituto Verbena (UFG)<br><a href=\"https:\/\/dhg1h5j42swfq.cloudfront.net\/2024\/01\/19111131\/diariooficial-1-9.pdf\" target=\"_blank\" rel=\"noreferrer noopener\">Baixe o edital<\/a><\/p>\n\n\n\n<ul class=\"wp-block-list\"><li><strong>Confira:\u00a0<\/strong><a href=\"https:\/\/www.novaconcursos.com.br\/livro-impresso\/questoes-tj-tribunal-justica\">Livro de Quest\u00f5es Comentadas TJ \u2013 Tribunal de Justi\u00e7a<\/a><\/li>\n<\/ul><p>Estude para o concurso dos seus sonhos com o\u00a0<strong>M\u00e9todo<\/strong>\u00a0que j\u00e1 ajudou na\u00a0<strong>aprova\u00e7\u00e3o de mais de 70 mil alunos.<\/strong>\u00a0<a href=\"https:\/\/aprovacao.novaconcursos.com.br\/assinatura\" target=\"_blank\" rel=\"noreferrer noopener\">Clique aqui<\/a>\u00a0e saiba mais!<\/p>\n\n\n\n<h2 class=\"wp-block-heading\" id=\"como-realizar-inscrio-no-concurso-tj-ac\">Como realizar inscri\u00e7\u00e3o no concurso TJ AC?<\/h2>\n\n\n\n<p>Portanto, os interessados em uma das vagas do concurso do Tribunal de Justi\u00e7a do Acre devem se inscrever pelo<strong> site da banca<\/strong> organizadora, o <a href=\"https:\/\/sistemas.institutoverbena.ufg.br\/2024\/tj-ac\/\" target=\"_blank\" rel=\"noreferrer noopener\">Instituto Verbena<\/a> (UFG).<\/p>\n\n\n\n<p>Assim, as inscri\u00e7\u00f5es come\u00e7am no dia<strong> 7 de fevereiro <\/strong>e se encerram no dia <strong>1\u00ba de mar\u00e7o<\/strong> de 2024. Depois, ser\u00e1 preciso pagar uma taxa de:<\/p>\n\n\n\n<ul class=\"wp-block-list\"><li>R$ 100,00 para os cargos com n\u00edvel de escolaridade Ensino M\u00e9dio\/T\u00e9cnico;<\/li>\n\n\n\n<li>R$ 120,00 para os cargos com n\u00edvel de escolaridade Ensino Superior.<\/li>\n<\/ul><p>Primeiro \u00e9 preciso acessar o endere\u00e7o eletr\u00f4nico da banca no prazo determinado, preencher todos os campos do formul\u00e1rio de inscri\u00e7\u00e3o e gerar o boleto. <\/p>\n\n\n\n<p>Entretanto, entre os dias 07 a 09 \u00e9 poss\u00edvel solicitar a <strong>isen\u00e7\u00e3o da taxa<\/strong>. Para pesquisar quem tem direito, basta abrir o edital e ir at\u00e9 o subt\u00edtulo inscri\u00e7\u00f5es.<\/p>\n\n\n\n<h2 class=\"wp-block-heading\" id=\"quais-as-vagas-e-cargos-do-concurso-tj-ac\">Quais as vagas e cargos do concurso TJ AC?<\/h2>\n\n\n\n<p>O Edital Tribunal de Justi\u00e7a AC est\u00e1 ofertando <strong>91 vagas imediatas<\/strong>, al\u00e9m da forma\u00e7\u00e3o de cadastro reserva com 1.460 oportunidades.<\/p>\n\n\n\n<p>S\u00e3o vagas para os cargos de <strong>T\u00e9cnico e Analista<\/strong> Judici\u00e1rio, distribu\u00eddas entre diversas comarcas, e que exigem n\u00edvel m\u00e9dio e superior. Veja a divis\u00e3o:<\/p>\n\n\n\n<ul class=\"wp-block-list\"><li>Rio Branco: 597 oportunidades (67 vagas imediatas e 530 para cadastro reserva);<\/li>\n\n\n\n<li>Interior: 954 oportunidades (24 vagas imediatas e 930 cadastro reserva).<\/li>\n<\/ul><p><strong>T\u00e9cnico Judici\u00e1rio (n\u00edvel m\u00e9dio)<\/strong><\/p>\n\n\n\n<ul class=\"wp-block-list\"><li>T\u00e9cnico Judici\u00e1rio \u2013 Agente de Pol\u00edcia Judicial: 1 vaga + CR<\/li>\n\n\n\n<li>T\u00e9cnico Judici\u00e1rio \u2013 T\u00e9cnico em Seguran\u00e7a do Trabalho: 1 vaga + CR<\/li>\n\n\n\n<li>T\u00e9cnico Judici\u00e1rio \u2013 T\u00e9cnico em Tecnologia da Informa\u00e7\u00e3o e Comunica\u00e7\u00e3o: 1 vaga + CR<\/li>\n\n\n\n<li>T\u00e9cnico Judici\u00e1rio \u2013 T\u00e9cnico Judici\u00e1rio: 1 vaga + CR<\/li>\n\n\n\n<li>T\u00e9cnico Judici\u00e1rio \u2013 Web Designer: 1 vaga + CR<\/li>\n\n\n\n<li>T\u00e9cnico em Microinform\u00e1tica: 1 vaga<\/li>\n<\/ul><p><strong>Analista Judici\u00e1rio \u2013 \u00c1rea Administrativa (n\u00edvel superior)<\/strong><\/p>\n\n\n\n<ul class=\"wp-block-list\"><li>Analista Judici\u00e1rio \u2013 Administrador: 1 vaga + CR<\/li>\n\n\n\n<li>Analista Judici\u00e1rio \u2013 Analistas de Sistemas: 15 vaga + CR<\/li>\n\n\n\n<li>Analista Judici\u00e1rio \u2013 An\u00e1lise de Sistemas \u2013 Banco de Dados: 2 vagas + CR<\/li>\n\n\n\n<li>Analista Judici\u00e1rio \u2013 An\u00e1lise de Sistemas \u2013 Suporte T\u00e9cnico em Infraestrutura: 2 vagas + CR<\/li>\n\n\n\n<li>Analista Judici\u00e1rio \u2013 An\u00e1lise de Sistemas \u2013 Redes: 1 vaga + CR<\/li>\n\n\n\n<li>Analista Judici\u00e1rio \u2013 Monitoramento de TI: 2 + CR<\/li>\n\n\n\n<li>Analista de Neg\u00f3cios de TI: 1 + CR<\/li>\n\n\n\n<li>Analista de Projetos de TI: 1 + CR<\/li>\n\n\n\n<li>Analista Judici\u00e1rio \u2013 An\u00e1lise de Sistemas \u2013 Seguran\u00e7a da Informa\u00e7\u00e3o: 2 vagas + CR<\/li>\n\n\n\n<li>Analista de Suportes 2 + CR;<\/li>\n\n\n\n<li>Analista Judici\u00e1rio \u2013 An\u00e1lise de Sistemas \u2013 Web Desginer: CR<\/li>\n\n\n\n<li>Analista Judici\u00e1rio \u2013 Arquiteto: 1 vaga + CR<\/li>\n\n\n\n<li>Analista Judici\u00e1rio \u2013 Arquivista: 1 vaga + CR<\/li>\n\n\n\n<li>Analista Judici\u00e1rio \u2013 Comunica\u00e7\u00e3o Social: CR<\/li>\n\n\n\n<li>Analista Judici\u00e1rio \u2013 Contador: 1 vaga + CR<\/li>\n\n\n\n<li>Analista Judici\u00e1rio \u2013 Direito: 3 vagas + CR<\/li>\n\n\n\n<li>Analista Judici\u00e1rio \u2013 Economista: 1 vaga + CR<\/li>\n\n\n\n<li>Analista Judici\u00e1rio \u2013 Educador F\u00edsico: CR<\/li>\n\n\n\n<li>Analista Judici\u00e1rio \u2013 Enfermeiro: 1 vaga + CR<\/li>\n\n\n\n<li>Analista Judici\u00e1rio \u2013 Engenheiro Civil: 1 vaga + CR<\/li>\n\n\n\n<li>Analista Judici\u00e1rio \u2013 Engenheiro Mec\u00e2nico: CR<\/li>\n\n\n\n<li>Analista Judici\u00e1rio \u2013 Engenheiro Eletricista: 1 vaga + CR<\/li>\n\n\n\n<li>Analista Judici\u00e1rio \u2013 Estat\u00edstico: 1 vaga + CR<\/li>\n\n\n\n<li>Analista Judici\u00e1rio \u2013 Fisioterapeuta: 1 vaga + CR<\/li>\n\n\n\n<li>Analista Judici\u00e1rio \u2013 M\u00e9dico: 1 vaga + CR<\/li>\n\n\n\n<li>Analista Judici\u00e1rio \u2013 Odont\u00f3logo: CR<\/li>\n\n\n\n<li>Analista Judici\u00e1rio \u2013 Pedagogo: 1 vaga + CR<\/li>\n\n\n\n<li>Analista Judici\u00e1rio \u2013 Psic\u00f3logo: 1 vaga + CR<\/li>\n\n\n\n<li>Analista Judici\u00e1rio \u2013 Servi\u00e7o Social: 1 vaga + CR<\/li>\n\n\n\n<li>Analista Judici\u00e1rio \u2013 Letras Portugu\u00eas: CR<\/li>\n\n\n\n<li>Analista Judici\u00e1rio \u2013 Bibliotec\u00e1rio: CR<\/li>\n<\/ul><p><strong>Analista Judici\u00e1rio \u2013 \u00c1rea Judicial (n\u00edvel superior)<\/strong><\/p>\n\n\n\n<ul class=\"wp-block-list\"><li>Analista Judici\u00e1rio \u2013 Direito: 25 vagas + CR<\/li>\n\n\n\n<li>Analista Judici\u00e1rio \u2013 Oficial de Justi\u00e7a: 3 vagas + CR<\/li>\n<\/ul><h3 class=\"wp-block-heading\">E os sal\u00e1rios e requisitos?<\/h3>\n\n\n\n<p>Ademais, a remunera\u00e7\u00e3o inicial dos aprovados varia entre <strong>R$ 4.659,20 <\/strong>para o n\u00edvel m\u00e9dio e <strong>R$ 7.571,20 <\/strong>para o n\u00edvel superior. S\u00e3o 40 horas por semana de trabalho. <\/p>\n\n\n\n<p>J\u00e1 os cargos de Enfermeiro, Fisioterapeuta, M\u00e9dico e Psic\u00f3logo possuem o sal\u00e1rio inicial de <strong>R$ 3.785,60 <\/strong>para os servidores que atuam 20 horas semanais. <\/p>\n\n\n\n<p>Os locais de atua\u00e7\u00e3o s\u00e3o para 18 comarcas: Rio Branco, Acrel\u00e2ndia, Assis Brasil, Brasil\u00e9ia, Bujari, Capixaba, Cruzeiro do Sul, Epitaciol\u00e2ndia, Feij\u00f3, M\u00e2ncio Lima, Manoel Urbano, Pl\u00e1cido de Castro, Porto Acre, Rodrigues Alves, Senador Guiomard, Sena Madureira, Tarauac\u00e1 e Xapuri.<\/p>\n\n\n\n<p>Quer saber de mais editais de concursos abertos no Acre? <a href=\"https:\/\/www.novaconcursos.com.br\/portal\/concursos-abertos\/ac\/\">Clique e veja<\/a>!<\/p>\n\n\n\n<h2 class=\"wp-block-heading\" id=\"como-sero-as-provas-do-concurso-tj-ac\">Como ser\u00e3o as provas do concurso TJ AC?<\/h2>\n\n\n\n<p>Posteriormente, os candidatos ser\u00e3o avaliados por meio de prova objetiva na data prov\u00e1vel do dia <strong>24 de mar\u00e7o de 2024<\/strong>.\u00a0Al\u00e9m disso, ainda haver\u00e1 as etapas de:<\/p>\n\n\n\n<p><strong>N\u00edvel m\u00e9dio\/t\u00e9cnico<\/strong><\/p>\n\n\n\n<ul class=\"wp-block-list\"><li>Prova de Reda\u00e7\u00e3o<\/li>\n<\/ul><p><strong>N\u00edvel superior<\/strong><\/p>\n\n\n\n<ul class=\"wp-block-list\"><li>Prova de Reda\u00e7\u00e3o e Avalia\u00e7\u00e3o de T\u00edtulos, a depender da especialidade pretendida<\/li>\n<\/ul><p>A prova de <strong>reda\u00e7\u00e3o <\/strong>consiste na produ\u00e7\u00e3o textual, de no m\u00e1ximo, 30 linhas, observando suas habilidades e compet\u00eancias da L\u00edngua Portuguesa e valer\u00e1 100,0 pontos. <\/p>\n\n\n\n<p>Assim, o prova objetiva, de car\u00e1ter eliminat\u00f3rio e classificat\u00f3rio, ter\u00e1 o valor de 100,0 pontos e contar\u00e1 com <strong>60 quest\u00f5es<\/strong>. Veja o que cair\u00e1:<\/p>\n\n\n\n<h3 class=\"wp-block-heading\">N\u00edvel M\u00e9dio\/T\u00e9cnico<\/h3>\n\n\n\n<p>(T\u00e9cnico Judici\u00e1rio \u2013 Agente de Pol\u00edcia Judicial\/ T\u00e9cnico Judici\u00e1rio \u2013 T\u00e9cnico em Seguran\u00e7a do Trabalho\/ T\u00e9cnico Judici\u00e1rio \u2013 T\u00e9cnico Judici\u00e1rio)<\/p>\n\n\n\n<ul class=\"wp-block-list\"><li>L\u00edngua Portuguesa: 10 quest\u00f5es;<\/li>\n\n\n\n<li>Racioc\u00ednio L\u00f3gico e Matem\u00e1tico: 5 quest\u00f5es;<\/li>\n\n\n\n<li>Atualidades e Hist\u00f3ria, Geografia e Conhecimentos Gerais do Brasil e do Acre: 5 quest\u00f5es;<\/li>\n\n\n\n<li>No\u00e7\u00f5es de Inform\u00e1tica: 5 quest\u00f5es;<\/li>\n\n\n\n<li>Legisla\u00e7\u00e3o: 5 quest\u00f5es;<\/li>\n\n\n\n<li>Conhecimentos Espec\u00edficos do Cargo: 30 quest\u00f5es.<\/li>\n<\/ul><h3 class=\"wp-block-heading\">N\u00edvel superior<\/h3>\n\n\n\n<p>Analista Judici\u00e1rio \u2013 Direito (\u00c1rea Judicial)\/ Analista Judici\u00e1rio \u2013 Oficial de Justi\u00e7a<\/p>\n\n\n\n<ul class=\"wp-block-list\"><li>L\u00edngua Portuguesa: 5 quest\u00f5es;<\/li>\n\n\n\n<li>Racioc\u00ednio L\u00f3gico e Matem\u00e1tico: 5 quest\u00f5es;<\/li>\n\n\n\n<li>No\u00e7\u00f5es de Inform\u00e1tica: 5 quest\u00f5es;\u00a0<\/li>\n\n\n\n<li>Legisla\u00e7\u00e3o: 5 quest\u00f5es;<\/li>\n\n\n\n<li>Conhecimentos Espec\u00edficos do Cargo: 40 quest\u00f5es.<\/li>\n<\/ul><p>Cargo de Analista Judici\u00e1rio \u2013 demais especialidades<\/p>\n\n\n\n<ul class=\"wp-block-list\"><li>L\u00edngua Portuguesa: 10 quest\u00f5es;<\/li>\n\n\n\n<li>Racioc\u00ednio L\u00f3gico e Matem\u00e1tico: 5 quest\u00f5es;<\/li>\n\n\n\n<li>Atualidades e Hist\u00f3ria, Geografia e Conhecimentos Gerais do Brasil e do Acre: 5 quest\u00f5es;<\/li>\n\n\n\n<li>No\u00e7\u00f5es de Inform\u00e1tica: 5 quest\u00f5es;<\/li>\n\n\n\n<li>Legisla\u00e7\u00e3o: 5 quest\u00f5es;<\/li>\n\n\n\n<li>Conhecimentos Espec\u00edficos do Cargo: 30 quest\u00f5es.<\/li>\n<\/ul><p>Analista Judici\u00e1rio (Banco de dados, ci\u00eancia de dados, Infraestrutura de TI, Monitoramento de TI, Neg\u00f3cios de TI, Projetos de TI, Redes de Computadores, Seguran\u00e7a da Informa\u00e7\u00e3o, Analista de Sistemas, Analista de Suportes, Web Designer)<\/p>\n\n\n\n<ul class=\"wp-block-list\"><li>L\u00edngua Portuguesa: 10 quest\u00f5es;<\/li>\n\n\n\n<li>Racioc\u00ednio L\u00f3gico e Matem\u00e1tico: 5 quest\u00f5es;<\/li>\n\n\n\n<li>Atualidades e Hist\u00f3ria, Geografia e Conhecimentos Gerais do Brasil e do Acre: 5 quest\u00f5es;<\/li>\n\n\n\n<li>Legisla\u00e7\u00e3o: 10 quest\u00f5es;<\/li>\n\n\n\n<li>Conhecimentos Espec\u00edficos do Cargo: 30 quest\u00f5es.<\/li>\n<\/ul>","protected":false},"excerpt":{"rendered":"<p>Est\u00e1 publicado o edital do\u00a0concurso TJ AC\u00a0com a oferta de mais de 1,5 mil vagas de n\u00edveis m\u00e9dio e superior e sal\u00e1rios de at\u00e9 R$ 7.571. Veja como se inscrever! Resumo do Edital Vagas: 91 vagas imediatas + 1.460 CREscolaridade: n\u00edvel m\u00e9dio e superiorSal\u00e1rio: at\u00e9 R$ 7.571,20Per\u00edodo de inscri\u00e7\u00e3o: 07\/02\/2024 a 01\/03\/2024Taxa de inscri\u00e7\u00e3o: R$ [&hellip;]<\/p>\n","protected":false},"author":54671,"featured_media":219408,"comment_status":"closed","ping_status":"closed","sticky":false,"template":"","format":"standard","meta":{"_acf_changed":false,"footnotes":"","_wp_rev_ctl_limit":""},"categories":[228],"tags":[],"class_list":["post-219404","post","type-post","status-publish","format-standard","has-post-thumbnail","hentry","category-noticias"],"acf":[],"_links":{"self":[{"href":"https:\/\/www.novaconcursos.com.br\/portal\/wp-json\/wp\/v2\/posts\/219404","targetHints":{"allow":["GET"]}}],"collection":[{"href":"https:\/\/www.novaconcursos.com.br\/portal\/wp-json\/wp\/v2\/posts"}],"about":[{"href":"https:\/\/www.novaconcursos.com.br\/portal\/wp-json\/wp\/v2\/types\/post"}],"author":[{"embeddable":true,"href":"https:\/\/www.novaconcursos.com.br\/portal\/wp-json\/wp\/v2\/users\/54671"}],"replies":[{"embeddable":true,"href":"https:\/\/www.novaconcursos.com.br\/portal\/wp-json\/wp\/v2\/comments?post=219404"}],"version-history":[{"count":12,"href":"https:\/\/www.novaconcursos.com.br\/portal\/wp-json\/wp\/v2\/posts\/219404\/revisions"}],"predecessor-version":[{"id":278768,"href":"https:\/\/www.novaconcursos.com.br\/portal\/wp-json\/wp\/v2\/posts\/219404\/revisions\/278768"}],"wp:featuredmedia":[{"embeddable":true,"href":"https:\/\/www.novaconcursos.com.br\/portal\/wp-json\/wp\/v2\/media\/219408"}],"wp:attachment":[{"href":"https:\/\/www.novaconcursos.com.br\/portal\/wp-json\/wp\/v2\/media?parent=219404"}],"wp:term":[{"taxonomy":"category","embeddable":true,"href":"https:\/\/www.novaconcursos.com.br\/portal\/wp-json\/wp\/v2\/categories?post=219404"},{"taxonomy":"post_tag","embeddable":true,"href":"https:\/\/www.novaconcursos.com.br\/portal\/wp-json\/wp\/v2\/tags?post=219404"}],"curies":[{"name":"wp","href":"https:\/\/api.w.org\/{rel}","templated":true}]}}