{"id":219442,"date":"2024-01-19T17:19:59","date_gmt":"2024-01-19T20:19:59","guid":{"rendered":"https:\/\/www.novaconcursos.com.br\/portal\/?p=219442"},"modified":"2024-01-19T17:20:03","modified_gmt":"2024-01-19T20:20:03","slug":"edital-da-guarda-municipal-de-vitoria-tem-banca-definida-100-vagas","status":"publish","type":"post","link":"https:\/\/www.novaconcursos.com.br\/portal\/noticias\/edital-da-guarda-municipal-de-vitoria-tem-banca-definida-100-vagas\/","title":{"rendered":"Edital da Guarda Municipal de Vit\u00f3ria tem banca definida: 100 vagas!"},"content":{"rendered":"<p><strong>Anunciado <\/strong>pelo prefeito Lorenzo Pazolini em dezembro de 2023, o edital do <a href=\"https:\/\/www.novaconcursos.com.br\/portal\/concursos\/concurso-seme-de-vitoria-es\/\">concurso Guarda Municipal de Vit\u00f3ria<\/a> est\u00e1 <strong>prestes a sair<\/strong>. Ser\u00e3o 100 vagas; veja detalhes!<\/p>\n\n\n\n<ul class=\"wp-block-list\"><li><strong>Confira:<\/strong>\u00a0<a href=\"https:\/\/www.novaconcursos.com.br\/livro-impresso\/questoes-comentadas-fgv\" target=\"_blank\" rel=\"noreferrer noopener\">Livro de Quest\u00f5es Comentadas FGV<\/a><\/li>\n<\/ul><p>Estude para o concurso dos seus sonhos com o\u00a0<strong>M\u00e9todo<\/strong>\u00a0que j\u00e1 ajudou na\u00a0<strong>aprova\u00e7\u00e3o de mais de 70 mil alunos!\u00a0<\/strong><a href=\"https:\/\/aprovacao.novaconcursos.com.br\/assinatura\" target=\"_blank\" rel=\"noreferrer noopener\">Clique aqui<\/a>\u00a0e saiba mais!<\/p>\n\n\n\n<h2 class=\"wp-block-heading\" id=\"quando-sai-o-edital-do-concurso-guarda-municipal-de-vitria\">Quando sai o edital do concurso Guarda Municipal de Vit\u00f3ria?<\/h2>\n\n\n\n<p>A qualquer momento! O edital do concurso da Guarda Municipal de Vit\u00f3ria ES est\u00e1 <strong>iminente <\/strong>e pode sair em breve, nos pr\u00f3ximos dias.<\/p>\n\n\n\n<p>Isso porque a banca organizadora foi contratada. A escolhida para ser a respons\u00e1vel pelas etapas do concurso foi a Funda\u00e7\u00e3o Get\u00falio Vargas (<strong>FGV<\/strong>). <\/p>\n\n\n\n<p>Assim, o documento que <strong>confirmou <\/strong>a baca esteve publicado oficialmente no Portal de Compras nesta sexta-feira, 19 de janeiro.<\/p>\n\n\n\n<p><a href=\"https:\/\/www.novaconcursos.com.br\/portal\/wp-content\/uploads\/2024\/01\/PROPOSTA_20240119092113.pdf\" target=\"_blank\" rel=\"noreferrer noopener\">Confira a proposta apresentada pela FGV!<\/a><\/p>\n\n\n\n<p>De acordo com o documento, ser\u00e3o ofertadas <strong>100 vagas imediatas<\/strong>, al\u00e9m de forma\u00e7\u00e3o de cadastro reserva para a carreira de Guarda Civil Municipal. <\/p>\n\n\n\n<p>Ademais, o sal\u00e1rio inicial do aprovado ser\u00e1 de <strong>R$ 3.565,02<\/strong>, para carga hor\u00e1ria de 40 horas semanais. Al\u00e9m disso, ser\u00e3o reservadas:<\/p>\n\n\n\n<ul class=\"wp-block-list\"><li>5% das vagas destinadas \u00e0 Pessoas com Defici\u00eancia<\/li>\n\n\n\n<li>30% das vagas destinadas \u00e0 candidatos autodeclarados negros (pretos e pardos) e ind\u00edgenas<\/li>\n<\/ul><blockquote class=\"wp-block-quote is-layout-flow wp-block-quote-is-layout-flow\">\n<p><em>\u201cA necessidade de realiza\u00e7\u00e3o de concurso p\u00fablico adv\u00e9m da falta de reserva t\u00e9cnica de profissionais e da imperiosa necessidade do aumento do efetivo operacional para as atividades da Guarda Civil Municipal de Vit\u00f3ria\u201d<\/em>, diz o documento.<\/p>\n<\/blockquote>\n\n\n\n<p><a href=\"https:\/\/www.novaconcursos.com.br\/portal\/wp-content\/uploads\/2024\/01\/TR_20240119092116.pdf\" target=\"_blank\" rel=\"noreferrer noopener\">Confira o projeto b\u00e1sico<\/a><\/p>\n\n\n\n<h2 class=\"wp-block-heading\" id=\"o-que-estudar-para-o-concurso-guarda-municipal-de-vitria\">O que estudar para o concurso Guarda Municipal de Vit\u00f3ria?<\/h2>\n\n\n\n<p>Primeiramente \u00e9 importante destacar que os candidatos inscritos no concurso ser\u00e3o avaliados por meio de diversas etapas, sendo elas:<\/p>\n\n\n\n<ul class=\"wp-block-list\"><li>Prova objetiva (eliminat\u00f3rio e classificat\u00f3rio)<\/li>\n\n\n\n<li>Teste de Aptid\u00e3o F\u00edsica (eliminat\u00f3rio e classificat\u00f3rio)<\/li>\n\n\n\n<li>Investiga\u00e7\u00e3o Social e Comportamental (eliminat\u00f3rio)<\/li>\n\n\n\n<li>Avalia\u00e7\u00e3o Psicot\u00e9cnica<\/li>\n\n\n\n<li>Exame M\u00e9dico (eliminat\u00f3rio)<\/li>\n\n\n\n<li>Per\u00edcia M\u00e9dica<\/li>\n\n\n\n<li>Heteroidentifica\u00e7\u00e3o<\/li>\n\n\n\n<li>Curso de forma\u00e7\u00e3o (eliminat\u00f3rio e classificat\u00f3rio)<\/li>\n<\/ul><p>Asssm, as provas objetivas ter\u00e3o <strong>60 quest\u00f5es<\/strong>, sendo 25 de conhecimentos gerais e 35 de conhecimentos espec\u00edficos. <\/p>\n\n\n\n<p>A expectativa \u00e9 de que 10.000 candidatos estejam inscritos para realizar as provas. Todas as etapas ser\u00e3o realizadas em <strong>Vit\u00f3ria\/ES.<\/strong><\/p>\n\n\n\n<p>Quer saber de mais editais de concursos abertos no Esp\u00edrito Santo? <a href=\"https:\/\/www.novaconcursos.com.br\/portal\/concursos-abertos\/es\/\">Clique e n\u00e3o perca tempo<\/a>!<\/p>\n\n\n\n<figure class=\"wp-block-image size-large\"><a href=\"https:\/\/www.novaconcursos.com.br\/portal\/wp-content\/uploads\/2024\/01\/prefeitura-vitoria-es-concurso-guarda-municipal.jpg\"><img decoding=\"async\" width=\"1024\" height=\"684\" src=\"https:\/\/www.novaconcursos.com.br\/portal\/wp-content\/uploads\/2024\/01\/prefeitura-vitoria-es-concurso-guarda-municipal-1024x684.jpg\" alt=\"\" class=\"wp-image-219445\" loading=\"lazy\" title=\"\" srcset=\"https:\/\/www.novaconcursos.com.br\/portal\/wp-content\/uploads\/2024\/01\/prefeitura-vitoria-es-concurso-guarda-municipal-300x200.jpg 300w, https:\/\/www.novaconcursos.com.br\/portal\/wp-content\/uploads\/2024\/01\/prefeitura-vitoria-es-concurso-guarda-municipal-480x320.jpg 480w, https:\/\/www.novaconcursos.com.br\/portal\/wp-content\/uploads\/2024\/01\/prefeitura-vitoria-es-concurso-guarda-municipal-768x513.jpg 768w, https:\/\/www.novaconcursos.com.br\/portal\/wp-content\/uploads\/2024\/01\/prefeitura-vitoria-es-concurso-guarda-municipal-1024x684.jpg 1024w, https:\/\/www.novaconcursos.com.br\/portal\/wp-content\/uploads\/2024\/01\/prefeitura-vitoria-es-concurso-guarda-municipal.jpg 1200w\" sizes=\"auto, (max-width: 480px) 100vw, (max-width: 768px) 100vw, (max-width: 1200px) 70vw, 768px\"><\/a><figcaption class=\"wp-element-caption\">Banca definida para edital da Guarda de Vit\u00f3ria\/ <em>Foto mostra cerim\u00f4nia de entrega de quatro novas viaturas para a Guarda Civil Municipal de Vit\u00f3ria \/ Cr\u00e9ditos de imagem: Prefeitura de Vit\u00f3ria<\/em><\/figcaption><\/figure><h2 class=\"wp-block-heading\" id=\"unificao-das-guardas-um-projeto-da-prefeitura-de-vitria\">Unifica\u00e7\u00e3o das guardas \u00e9 um projeto da Prefeitura de Vit\u00f3ria<\/h2>\n\n\n\n<p>Sendo assim, o<strong> Projeto de Lei 300\/2023 <\/strong>esteve enviado pelo prefeito\u00a0Lorenzo Pazolini\u00a0\u00a0(Republicanos) \u00e0\u00a0C\u00e2mara Municipal.<\/p>\n\n\n\n<p>Ele, ent\u00e3o, unifica a Guarda Municipal de Vit\u00f3ria. O projeto foi <strong>aprovado <\/strong>pela maioria dos vereadores, tendo 10 votos favor\u00e1veis e 2 contr\u00e1rios, dos vereadores Andr\u00e9 Moreira (Psol) e Karla Coser (PT).<\/p>\n\n\n\n<p>Atualmente, a guarda de Vit\u00f3ria \u00e9 divida em dois grupamentos: um respons\u00e1vel pela opera\u00e7\u00e3o e fiscaliza\u00e7\u00e3o do tr\u00e2nsito, outro pelas a\u00e7\u00f5es de seguran\u00e7a e rondas preventivas.\u00a0<\/p>\n\n\n\n<p>Portanto, com a unifica\u00e7\u00e3o, os cargos de Agente de Prote\u00e7\u00e3o Comunit\u00e1ria e Agente de Tr\u00e2nsito d\u00e3o lugar apenas ao cargo de <strong>Guarda Civil Municipal.<\/strong><\/p>\n\n\n\n<p>O documento confirma que o uniforme deve ser o mesmo e n\u00e3o pode haver distin\u00e7\u00e3o de atividades.\u00a0<em>\u201cIsso trar\u00e1 benef\u00edcios para a sociedade, garantindo efetiva prote\u00e7\u00e3o aos bens, servi\u00e7os e interesses da municipalidade, protegendo adequadamente os cidad\u00e3os do munic\u00edpio de Vit\u00f3ria\u201d,<\/em> disse. <\/p>\n\n\n\n<p>Saiu o edital da<a href=\"https:\/\/www.novaconcursos.com.br\/portal\/noticias\/prefeitura-vitoria-es-2024-oferta-100-vagas-professores\/\"> Prefeitura de Vit\u00f3ria ES<\/a>: 100 vagas para professores!<\/p>","protected":false},"excerpt":{"rendered":"<p>Anunciado pelo prefeito Lorenzo Pazolini em dezembro de 2023, o edital do concurso Guarda Municipal de Vit\u00f3ria est\u00e1 prestes a sair. Ser\u00e3o 100 vagas; veja detalhes! Estude para o concurso dos seus sonhos com o\u00a0M\u00e9todo\u00a0que j\u00e1 ajudou na\u00a0aprova\u00e7\u00e3o de mais de 70 mil alunos!\u00a0Clique aqui\u00a0e saiba mais! Quando sai o edital do concurso Guarda Municipal [&hellip;]<\/p>\n","protected":false},"author":54671,"featured_media":219443,"comment_status":"closed","ping_status":"closed","sticky":false,"template":"","format":"standard","meta":{"_acf_changed":false,"footnotes":"","_wp_rev_ctl_limit":""},"categories":[228],"tags":[],"class_list":["post-219442","post","type-post","status-publish","format-standard","has-post-thumbnail","hentry","category-noticias"],"acf":[],"_links":{"self":[{"href":"https:\/\/www.novaconcursos.com.br\/portal\/wp-json\/wp\/v2\/posts\/219442","targetHints":{"allow":["GET"]}}],"collection":[{"href":"https:\/\/www.novaconcursos.com.br\/portal\/wp-json\/wp\/v2\/posts"}],"about":[{"href":"https:\/\/www.novaconcursos.com.br\/portal\/wp-json\/wp\/v2\/types\/post"}],"author":[{"embeddable":true,"href":"https:\/\/www.novaconcursos.com.br\/portal\/wp-json\/wp\/v2\/users\/54671"}],"replies":[{"embeddable":true,"href":"https:\/\/www.novaconcursos.com.br\/portal\/wp-json\/wp\/v2\/comments?post=219442"}],"version-history":[{"count":6,"href":"https:\/\/www.novaconcursos.com.br\/portal\/wp-json\/wp\/v2\/posts\/219442\/revisions"}],"predecessor-version":[{"id":219452,"href":"https:\/\/www.novaconcursos.com.br\/portal\/wp-json\/wp\/v2\/posts\/219442\/revisions\/219452"}],"wp:featuredmedia":[{"embeddable":true,"href":"https:\/\/www.novaconcursos.com.br\/portal\/wp-json\/wp\/v2\/media\/219443"}],"wp:attachment":[{"href":"https:\/\/www.novaconcursos.com.br\/portal\/wp-json\/wp\/v2\/media?parent=219442"}],"wp:term":[{"taxonomy":"category","embeddable":true,"href":"https:\/\/www.novaconcursos.com.br\/portal\/wp-json\/wp\/v2\/categories?post=219442"},{"taxonomy":"post_tag","embeddable":true,"href":"https:\/\/www.novaconcursos.com.br\/portal\/wp-json\/wp\/v2\/tags?post=219442"}],"curies":[{"name":"wp","href":"https:\/\/api.w.org\/{rel}","templated":true}]}}