{"id":220007,"date":"2024-01-24T12:20:35","date_gmt":"2024-01-24T15:20:35","guid":{"rendered":"https:\/\/www.novaconcursos.com.br\/portal\/?p=220007"},"modified":"2024-01-24T12:20:38","modified_gmt":"2024-01-24T15:20:38","slug":"prefeitura-de-fortaleza-saiu-o-edital-para-fagifor-com-2-241-vagas","status":"publish","type":"post","link":"https:\/\/www.novaconcursos.com.br\/portal\/noticias\/prefeitura-de-fortaleza-saiu-o-edital-para-fagifor-com-2-241-vagas\/","title":{"rendered":"Prefeitura de Fortaleza: Saiu o edital para Fagifor com 2.241 vagas!"},"content":{"rendered":"<p>Durante cerim\u00f4nia no Pa\u00e7o Municipal, realizada nesta ter\u00e7a-feira, 23 de janeiro, o\u00a0prefeito Jos\u00e9 Sarto lan\u00e7ou o edital para <a href=\"https:\/\/www.novaconcursos.com.br\/portal\/concursos\/fagifor\/\">Fagifor<\/a> (Funda\u00e7\u00e3o de Apoio \u00e0 Gest\u00e3o Integrada em Sa\u00fade de Fortaleza) com <strong>2.241 vagas.<\/strong><\/p>\n\n\n\n<p><em>\u201cSer\u00e1 o maior concurso para a sa\u00fade p\u00fablica de Fortaleza. J\u00e1 fizemos concursos da Educa\u00e7\u00e3o, da Guarda Municipal, da Sefin, e vamos lan\u00e7ar em breve o concurso do Iplanfor. Juntando todas essas \u00e1reas n\u00f3s vamos convocar, at\u00e9 o fim do ano, mais de 5 mil profissionais. \u00c9 a gest\u00e3o que mais realizou concursos at\u00e9 agora. Nesse concurso da Sa\u00fade, ser\u00e3o profissionais CLT, com todos os benef\u00edcios trabalhistas garantidos, entre f\u00e9rias, fundo de garantia e estabilidade\u201d,<\/em> afirmou ele.<\/p>\n\n\n\n<p>Se voc\u00ea quer se tornar um servidor da <strong>Prefeitura de Fortaleza <\/strong>esse ano, fique comigo e confira os detalhes do edital!<\/p>\n\n\n\n<ul class=\"wp-block-list\"><li><strong>Confira:<\/strong> <a href=\"https:\/\/www.novaconcursos.com.br\/curso-online\/curso-fagifor-tecnico-enfermagem?q=fagifor\">Curso Fagifor \u2013 T\u00e9cnico em Enfermagem<\/a><\/li>\n<\/ul><p>Estude para o concurso dos seus sonhos com o\u00a0<strong>M\u00e9todo<\/strong>\u00a0que j\u00e1 ajudou na\u00a0<strong>aprova\u00e7\u00e3o de mais de 70 mil alunos<\/strong>.\u00a0<a href=\"https:\/\/www.novaconcursos.com.br\/eventos\/assinatura?promo_creative=Clique+aqui&amp;promo_name=noticia&amp;promo_id=%2Fportal%2Fnoticias%2Fmpo-edital-oferta-100-vagas-nivel-superior&amp;promo_position=corpo-texto\" target=\"_blank\" rel=\"noreferrer noopener\">Clique aqui<\/a>\u00a0e saiba mais!<\/p>\n\n\n\n<h2 class=\"wp-block-heading\" id=\"resumo-do-edital\">Resumo do edital<\/h2>\n\n\n\n<ul class=\"wp-block-list\"><li>Vagas: 2.241<\/li>\n\n\n\n<li>Cargo: Diversos<\/li>\n\n\n\n<li>Escolaridade: N\u00edvel M\u00e9dio, T\u00e9cnico e Superior<\/li>\n\n\n\n<li>Banca: IBFC<\/li>\n\n\n\n<li>Sal\u00e1rio: de R$ 1.065,00 at\u00e9 R$ 18,564,00<\/li>\n\n\n\n<li>Per\u00edodo de inscri\u00e7\u00f5es: 05\/02\/2024 at\u00e9 05\/03\/2024<\/li>\n\n\n\n<li>Taxa: R$ 90,00 at\u00e9 R$ 180,00<\/li>\n\n\n\n<li>Prova: 11\/04\/2024<\/li>\n\n\n\n<li><a href=\"https:\/\/anexos.cdn.selecao.net.br\/uploads\/747\/concursos\/453\/anexos\/8GJOsChmPCk6jqw4ne692dimu0zXGaO1vlqlAAjk.pdf\" target=\"_blank\" rel=\"noreferrer noopener\">Edital<\/a><\/li>\n<\/ul><h2 class=\"wp-block-heading\" id=\"inscries-concurso-fagifor\">Inscri\u00e7\u00f5es concurso Fagifor<\/h2>\n\n\n\n<p>Os interessados em uma das vagas devem realizar as inscri\u00e7\u00f5es no site da banca, o Instituto Brasileiro de Forma\u00e7\u00e3o e Capacita\u00e7\u00e3o <a href=\"https:\/\/concursos.ibfc.org.br\/informacoes\/453\/\" target=\"_blank\" rel=\"noreferrer noopener\">(IBFC),<\/a> entre os dias <strong>05 de fevereiro e 05 de mar\u00e7o de 2024.<\/strong><\/p>\n\n\n\n<p>Ap\u00f3s preencher o formul\u00e1rio com os dados solicitados, os candidatos dever\u00e3o efetuar o pagamento da <strong>taxa de inscri\u00e7\u00e3o <\/strong>para que a candidatura seja homologada.<\/p>\n\n\n\n<p>O valor da taxa varia conforme o cargo, sendo:<\/p>\n\n\n\n<ul class=\"wp-block-list\"><li>N\u00edvel M\u00e9dio e T\u00e9cnico: R$ 90,00<\/li>\n\n\n\n<li>Superior Assistencial: R$ 120,00<\/li>\n\n\n\n<li>Superior M\u00e9dico: R$ 180,00<\/li>\n<\/ul><h2 class=\"wp-block-heading\" id=\"vagas-cargos-e-salrios-do-concurso-fagifor\">Vagas, cargos e sal\u00e1rios do concurso Fagifor<\/h2>\n\n\n\n<p>O concurso Fagifor oferta <strong>2.241 vagas <\/strong>que ser\u00e3o distribu\u00eddas entre as seguintes carreiras:<\/p>\n\n\n\n<ul class=\"wp-block-list\"><li>Assistente Social (42)<\/li>\n\n\n\n<li>Auxiliar de Farm\u00e1cia (38)<\/li>\n\n\n\n<li>Auxiliar de Pr\u00f3tese Dent\u00e1ria (01)<\/li>\n\n\n\n<li>Auxiliar de Sa\u00fade Bucal (45)<\/li>\n\n\n\n<li>Cirurgi\u00e3o-dentista (15)<\/li>\n\n\n\n<li>Condutor Socorrista (41)<\/li>\n\n\n\n<li>Educador F\u00edsico (8)<\/li>\n\n\n\n<li>Enfermeiro (450)<\/li>\n\n\n\n<li>Engenheiro Cl\u00ednico (01)<\/li>\n\n\n\n<li>Engenheiro de Seguran\u00e7a do Trabalho (01)<\/li>\n\n\n\n<li>Farmac\u00eautico (46)<\/li>\n\n\n\n<li>Fisioterapeuta (44)<\/li>\n\n\n\n<li>Fonoaudi\u00f3logo (05)<\/li>\n\n\n\n<li>M\u00e9dico \u2013 v\u00e1rias especialidades (406)<\/li>\n\n\n\n<li>M\u00e9dico Veterin\u00e1rio (13)<\/li>\n\n\n\n<li>Nutricionista (6)<\/li>\n\n\n\n<li>Psic\u00f3logo (15)<\/li>\n\n\n\n<li>T\u00e9cnico em An\u00e1lises Cl\u00ednicas (31)<\/li>\n\n\n\n<li>T\u00e9cnico em Enfermagem (950)<\/li>\n\n\n\n<li>T\u00e9cnico em Equipamentos Biom\u00e9dicos (01)<\/li>\n\n\n\n<li>T\u00e9cnico em Imobiliza\u00e7\u00f5es Ortop\u00e9dicas (8)<\/li>\n\n\n\n<li>T\u00e9cnico em Massoterapia (11)<\/li>\n\n\n\n<li>T\u00e9cnico em Pr\u00f3tese Dent\u00e1ria (01)<\/li>\n\n\n\n<li>T\u00e9cnico em Radiologia (46)<\/li>\n\n\n\n<li>T\u00e9cnico em Seguran\u00e7a do Trabalho (03)<\/li>\n\n\n\n<li>Terapeuta Ocupacional (13)<\/li>\n<\/ul><p>H\u00e1<strong> reserva de vagas para cotas, <\/strong>sendo 5% para pessoas com defici\u00eancia e 20% para pessoas negras.<\/p>\n\n\n\n<p>Os classificados v\u00e3o compor o quadro permanente da Fagifor e preencher as vagas dos contratos tempor\u00e1rios, \u00e0 medida que se encerram.<\/p>\n\n\n\n<p>Quanto ao sal\u00e1rio, ser\u00e3o remunerados com proventos de <strong>R$ 1.065,00 at\u00e9 R$ 18,564,00.<\/strong><\/p>\n\n\n\n<figure class=\"wp-block-image size-large is-resized\"><a href=\"https:\/\/www.novaconcursos.com.br\/portal\/wp-content\/uploads\/2024\/01\/concurso-fagifor-fortaleza-ce-edital-publicado-2241-vagas.webp\"><img decoding=\"async\" src=\"https:\/\/www.novaconcursos.com.br\/portal\/wp-content\/uploads\/2024\/01\/concurso-fagifor-fortaleza-ce-edital-publicado-2241-vagas-1024x602.webp\" alt=\"prefeito Jos\u00e9 Sarto apresentando slides que informam 2.241 vagas para fagifor\" class=\"wp-image-220021\" width=\"840\" height=\"493\" loading=\"lazy\" title=\"\" srcset=\"https:\/\/www.novaconcursos.com.br\/portal\/wp-content\/uploads\/2024\/01\/concurso-fagifor-fortaleza-ce-edital-publicado-2241-vagas-300x176.webp 300w, https:\/\/www.novaconcursos.com.br\/portal\/wp-content\/uploads\/2024\/01\/concurso-fagifor-fortaleza-ce-edital-publicado-2241-vagas-480x282.webp 480w, https:\/\/www.novaconcursos.com.br\/portal\/wp-content\/uploads\/2024\/01\/concurso-fagifor-fortaleza-ce-edital-publicado-2241-vagas-768x451.webp 768w, https:\/\/www.novaconcursos.com.br\/portal\/wp-content\/uploads\/2024\/01\/concurso-fagifor-fortaleza-ce-edital-publicado-2241-vagas-1024x602.webp 1024w, https:\/\/www.novaconcursos.com.br\/portal\/wp-content\/uploads\/2024\/01\/concurso-fagifor-fortaleza-ce-edital-publicado-2241-vagas.webp 1443w\" sizes=\"auto, (max-width: 480px) 100vw, (max-width: 768px) 100vw, (max-width: 1200px) 70vw, 768px\"><\/a><figcaption class=\"wp-element-caption\">Concurso Prefeitura de Fortaleza oferta 2.241 vagas para Fagifor \u2013 Cr\u00e9ditos de imagem: Prefeitura de Fortaleza \u2013 Beatriz Boblitz<\/figcaption><\/figure><h2 class=\"wp-block-heading\" id=\"exigncias-bsicas-para-ingressar-na-secretaria-municipal-de-s\">Exig\u00eancias b\u00e1sicas para ingressar na Secretaria Municipal de Sa\u00fade de Fortaleza<\/h2>\n\n\n\n<p>Os candidatos dever\u00e3o preencher as seguintes exig\u00eancias:<\/p>\n\n\n\n<ul class=\"wp-block-list\"><li>Ser brasileiro nato ou naturalizado, no caso de nacionalidade portuguesa, estar amparado pelo Estatuto de Igualdade entre brasileiros e portugueses.<\/li>\n\n\n\n<li>Ter a idade m\u00ednima de 18 anos completos na data da posse.<\/li>\n\n\n\n<li>Estar quite com as obriga\u00e7\u00f5es eleitorais.<\/li>\n\n\n\n<li>Estar quite com as obriga\u00e7\u00f5es militares, para os candidatos do sexo masculino.<\/li>\n\n\n\n<li>Encontrar-se em pleno gozo de seus direitos pol\u00edticos e civis.<\/li>\n\n\n\n<li>N\u00e3o ter sofrido, no exerc\u00edcio de fun\u00e7\u00e3o p\u00fablica, penalidade incompat\u00edvel com nova investidura em emprego p\u00fablico.<\/li>\n\n\n\n<li>N\u00e3o ter sofrido nenhuma condena\u00e7\u00e3o em virtude de crime contra a Administra\u00e7\u00e3o, com tr\u00e2nsito em julgado.<\/li>\n\n\n\n<li>Ter aptid\u00e3o f\u00edsica e mental para o exerc\u00edcio das atribui\u00e7\u00f5es do emprego p\u00fablico.<\/li>\n\n\n\n<li>N\u00e3o receber proventos de aposentadoria decorrentes do art. 40 ou dos arts. 42 e 142, conforme teor do artigo 37, \u00a7 10 da Constitui\u00e7\u00e3o Federal;<\/li>\n\n\n\n<li>N\u00e3o possuir registro de antecedentes criminais nos \u00faltimos 5 (cinco) anos, ficando impedida a admiss\u00e3o nos casos em que houver a\u00e7\u00e3o penal com senten\u00e7a condenat\u00f3ria transitada em julgado, enquanto durarem seus efeitos, garantido o contradit\u00f3rio e a ampla defesa.<\/li>\n\n\n\n<li>Firmar declara\u00e7\u00e3o de n\u00e3o estar cumprindo san\u00e7\u00e3o por inidoneidade, aplicada por qualquer \u00f3rg\u00e3o p\u00fablico ou entidade da esfera federal, estadual, municipal ou do Distrito Federal.<\/li>\n\n\n\n<li>Estar devidamente registrado e em dia junto ao respectivo Conselho Profissional de Classe, para a ocupa\u00e7\u00e3o que assim o exigir.<\/li>\n\n\n\n<li>Apresentar declara\u00e7\u00e3o de que n\u00e3o acumula cargo, emprego ou fun\u00e7\u00e3o p\u00fablica, ou proventos de inatividade, ressalvadas as possibilidades de acumula\u00e7\u00e3o l\u00edcita previstas no inciso XVI do art. 37 da Constitui\u00e7\u00e3o Federal.<\/li>\n\n\n\n<li>Ser considerado apto f\u00edsica e mentalmente no exame admissional realizado pela FAGIFOR atrav\u00e9s de Junta M\u00e9dica.<\/li>\n<\/ul><p>Conhe\u00e7a outros concursos que est\u00e3o abertos:\u00a0<a href=\"https:\/\/www.novaconcursos.com.br\/portal\/concursos-abertos\/\">Concursos Abertos: Mais de\u00a060 mil vagas\u00a0abertas para\u00a0todos os n\u00edveis!<\/a><\/p>\n\n\n\n<h2 class=\"wp-block-heading\" id=\"provas-e-etapas-de-seleo-edital-fagifor\">Provas e etapas de sele\u00e7\u00e3o edital Fagifor<\/h2>\n\n\n\n<p>O concurso SMS <a href=\"https:\/\/www.fortaleza.ce.gov.br\/\" target=\"_blank\" rel=\"noreferrer noopener\">Fortaleza<\/a> possui <strong>duas etapas avaliativas:<\/strong><\/p>\n\n\n\n<ul class=\"wp-block-list\"><li>Prova Objetiva, de car\u00e1ter eliminat\u00f3rio e classificat\u00f3rio;<\/li>\n\n\n\n<li>Prova de T\u00edtulos e Experi\u00eancia Profissional, de car\u00e1ter classificat\u00f3rio.<\/li>\n<\/ul><p>A prova objetiva est\u00e1 marcada para o dia <strong>11 de abril de 2024,<\/strong> na cidade de Fortaleza\/CE. Ela ser\u00e1 composta de 50 quest\u00f5es de m\u00faltipla escolha, sendo:<\/p>\n\n\n\n<ul class=\"wp-block-list\"><li>L\u00edngua Portuguesa: 10 quest\u00f5es<\/li>\n\n\n\n<li>Racioc\u00ednio L\u00f3gico: 10 quest\u00f5es<\/li>\n\n\n\n<li>Legisla\u00e7\u00e3o SUS: 10 quest\u00f5es<\/li>\n\n\n\n<li>Conhecimentos Espec\u00edficos: 20 quest\u00f5es<\/li>\n<\/ul><p><strong>Adquira: <\/strong><a href=\"https:\/\/www.novaconcursos.com.br\/mapa-mental\/sus-sistema-unico-de-saude-pdf?q=sus\">Mapas Mentais SUS \u2013 Sistema \u00danico de Sa\u00fade (Lei 8.142\/1990 e Lei 8.080\/1990)<\/a><\/p>\n\n\n\n<p>A prova ser\u00e1 avaliada em escala de 0 a 80 pontos, sendo considerado aprovado o candidato que:<\/p>\n\n\n\n<ul class=\"wp-block-list\"><li>tenha acertado, no m\u00ednimo, 12 pontos na prova de Conhecimentos Gerais;<\/li>\n\n\n\n<li>tenha acertado, no m\u00ednimo, 12 os na prova de Conhecimentos Espec\u00edficos; e<\/li>\n\n\n\n<li>tenha acertado, no m\u00ednimo, 40 pontos do total da Prova Objetiva.<\/li>\n<\/ul><p>Posteriormente, os classificados ter\u00e3o seus t\u00edtulos e experi\u00eancias pontuados em escala de 0 a 10 pontos, conforme a tabela:<\/p>\n\n\n\n<figure class=\"wp-block-image size-full\"><a href=\"https:\/\/www.novaconcursos.com.br\/portal\/wp-content\/uploads\/2024\/01\/titulos-e-experiencias.webp\"><img decoding=\"async\" width=\"737\" height=\"430\" src=\"https:\/\/www.novaconcursos.com.br\/portal\/wp-content\/uploads\/2024\/01\/titulos-e-experiencias.webp\" alt=\"quadro de atribui\u00e7\u00e3o de pontos prova objetiva concurso Fagifor\" class=\"wp-image-220016\" loading=\"lazy\" title=\"\" srcset=\"https:\/\/www.novaconcursos.com.br\/portal\/wp-content\/uploads\/2024\/01\/titulos-e-experiencias-300x175.webp 300w, https:\/\/www.novaconcursos.com.br\/portal\/wp-content\/uploads\/2024\/01\/titulos-e-experiencias-480x280.webp 480w, https:\/\/www.novaconcursos.com.br\/portal\/wp-content\/uploads\/2024\/01\/titulos-e-experiencias.webp 737w\" sizes=\"auto, (max-width: 480px) 100vw, (max-width: 768px) 100vw, (max-width: 1200px) 70vw, 768px\"><\/a><figcaption><\/figcaption><\/figure><p><\/p>\n\n\n\n<p>O prazo de validade concurso \u00e9 de dois anos, a contar da data da publica\u00e7\u00e3o da homologa\u00e7\u00e3o<br>de seu resultado final, podendo ser prorrogado, uma vez, por igual per\u00edodo.<\/p>","protected":false},"excerpt":{"rendered":"<p>Durante cerim\u00f4nia no Pa\u00e7o Municipal, realizada nesta ter\u00e7a-feira, 23 de janeiro, o\u00a0prefeito Jos\u00e9 Sarto lan\u00e7ou o edital para Fagifor (Funda\u00e7\u00e3o de Apoio \u00e0 Gest\u00e3o Integrada em Sa\u00fade de Fortaleza) com 2.241 vagas. \u201cSer\u00e1 o maior concurso para a sa\u00fade p\u00fablica de Fortaleza. J\u00e1 fizemos concursos da Educa\u00e7\u00e3o, da Guarda Municipal, da Sefin, e vamos lan\u00e7ar [&hellip;]<\/p>\n","protected":false},"author":54679,"featured_media":220024,"comment_status":"closed","ping_status":"closed","sticky":false,"template":"","format":"standard","meta":{"_acf_changed":false,"footnotes":"","_wp_rev_ctl_limit":""},"categories":[228],"tags":[],"class_list":["post-220007","post","type-post","status-publish","format-standard","has-post-thumbnail","hentry","category-noticias"],"acf":[],"_links":{"self":[{"href":"https:\/\/www.novaconcursos.com.br\/portal\/wp-json\/wp\/v2\/posts\/220007","targetHints":{"allow":["GET"]}}],"collection":[{"href":"https:\/\/www.novaconcursos.com.br\/portal\/wp-json\/wp\/v2\/posts"}],"about":[{"href":"https:\/\/www.novaconcursos.com.br\/portal\/wp-json\/wp\/v2\/types\/post"}],"author":[{"embeddable":true,"href":"https:\/\/www.novaconcursos.com.br\/portal\/wp-json\/wp\/v2\/users\/54679"}],"replies":[{"embeddable":true,"href":"https:\/\/www.novaconcursos.com.br\/portal\/wp-json\/wp\/v2\/comments?post=220007"}],"version-history":[{"count":7,"href":"https:\/\/www.novaconcursos.com.br\/portal\/wp-json\/wp\/v2\/posts\/220007\/revisions"}],"predecessor-version":[{"id":220034,"href":"https:\/\/www.novaconcursos.com.br\/portal\/wp-json\/wp\/v2\/posts\/220007\/revisions\/220034"}],"wp:featuredmedia":[{"embeddable":true,"href":"https:\/\/www.novaconcursos.com.br\/portal\/wp-json\/wp\/v2\/media\/220024"}],"wp:attachment":[{"href":"https:\/\/www.novaconcursos.com.br\/portal\/wp-json\/wp\/v2\/media?parent=220007"}],"wp:term":[{"taxonomy":"category","embeddable":true,"href":"https:\/\/www.novaconcursos.com.br\/portal\/wp-json\/wp\/v2\/categories?post=220007"},{"taxonomy":"post_tag","embeddable":true,"href":"https:\/\/www.novaconcursos.com.br\/portal\/wp-json\/wp\/v2\/tags?post=220007"}],"curies":[{"name":"wp","href":"https:\/\/api.w.org\/{rel}","templated":true}]}}