{"id":220412,"date":"2024-01-26T11:37:48","date_gmt":"2024-01-26T14:37:48","guid":{"rendered":"https:\/\/www.novaconcursos.com.br\/portal\/?p=220412"},"modified":"2024-01-26T11:37:51","modified_gmt":"2024-01-26T14:37:51","slug":"concurso-unificado-divulgadas-retificacoes-editais","status":"publish","type":"post","link":"https:\/\/www.novaconcursos.com.br\/portal\/noticias\/concurso-unificado-divulgadas-retificacoes-editais\/","title":{"rendered":"Divulgado novas retifica\u00e7\u00f5es nos editais do concurso nacional unificado. Confira!"},"content":{"rendered":"<p>Aten\u00e7\u00e3o, concurseiros que v\u00e3o prestar o <a href=\"https:\/\/www.novaconcursos.com.br\/portal\/concursos\/concurso-unificado-nacional\/\">Concurso Nacional Unificado.<\/a> Foi publicada no Di\u00e1rio Oficial da Uni\u00e3o desta sexta-feira, 26 de janeiro, uma nova retifica\u00e7\u00e3o dos editais com<strong> mudan\u00e7as nos requisitos e remunera\u00e7\u00f5es.<\/strong> Saiba quais foram!<\/p>\n\n\n\n<ul class=\"wp-block-list\"><li><strong>Confira:<\/strong> <a href=\"https:\/\/www.novaconcursos.com.br\/curso-online\/concurso-nacional-unificado-cnu-bloco-7?q=cnu\">Concurso Nacional Unificado (CNU) \u2013 Bloco 7: Gest\u00e3o Governamental e Administra\u00e7\u00e3o P\u00fablica<\/a><\/li>\n\n\n\n<li><strong>Confira: <\/strong><a href=\"https:\/\/www.novaconcursos.com.br\/curso-online\/concurso-nacional-unificado-cnu-bloco-8-nivel-intermediario?q=cnu\">Concurso Nacional Unificado (CNU) Bloco 8: N\u00edvel Intermedi\u00e1rio<\/a><\/li>\n<\/ul><p>Estude para o concurso dos seus sonhos com o\u00a0<strong>M\u00e9todo<\/strong>\u00a0que j\u00e1 ajudou na\u00a0<strong>aprova\u00e7\u00e3o de mais de 70 mil alunos.<\/strong>\u00a0<a href=\"https:\/\/aprovacao.novaconcursos.com.br\/assinatura?promo_creative=Clique+aqui&amp;promo_name=noticia&amp;promo_id=%2Fportal%2Fnoticias%2Fbanco-do-nordeste-confira-locais-lotacao&amp;promo_position=corpo-texto\" target=\"_blank\" rel=\"noreferrer noopener\">Clique aqui<\/a>\u00a0e saiba mais!<\/p>\n\n\n\n<h2 class=\"wp-block-heading\" id=\"concurso-nacional-unificado-foi-retificado-o-que-mudou\">Concurso Nacional Unificado foi retificado. O que mudou?<\/h2>\n\n\n\n<p><strong>1\u00ba Bloco<\/strong><\/p>\n\n\n\n<ul class=\"wp-block-list\"><li>(B1-04-E ) Cargo: Analista de Planejamento, Gest\u00e3o e Infraestrutura em Informa\u00e7\u00f5es Geogr\u00e1ficas e Estat\u00edstica (Especialidade: Geoprocessamento): inclus\u00e3o de \u201cengenharia geol\u00f3gica ou geologia\u201d na forma\u00e7\u00e3o exigida;<\/li>\n\n\n\n<li>(B1-04-H) Cargo: Tecnologista em Informa\u00e7\u00f5es Geogr\u00e1ficas e Estat\u00edsticas (Especialidade: Geoprocessamento): Inclus\u00e3o de \u201cengenharia geol\u00f3gica ou geologia\u201d na forma\u00e7\u00e3o exigida.<\/li>\n<\/ul><p><strong>2\u00ba Bloco <\/strong><\/p>\n\n\n\n<ul class=\"wp-block-list\"><li>(B3-04-F) Cargo: Tecnologista: corre\u00e7\u00e3o do texto referente a remunera\u00e7\u00e3o:<\/li>\n<\/ul><figure class=\"wp-block-image size-full\"><a href=\"https:\/\/www.novaconcursos.com.br\/portal\/wp-content\/uploads\/2024\/01\/remuneracao-bloco-3-cnu.webp\"><img decoding=\"async\" width=\"820\" height=\"309\" src=\"https:\/\/www.novaconcursos.com.br\/portal\/wp-content\/uploads\/2024\/01\/remuneracao-bloco-3-cnu.webp\" alt=\"\" class=\"wp-image-220419\" loading=\"lazy\" title=\"\" srcset=\"https:\/\/www.novaconcursos.com.br\/portal\/wp-content\/uploads\/2024\/01\/remuneracao-bloco-3-cnu-300x113.webp 300w, https:\/\/www.novaconcursos.com.br\/portal\/wp-content\/uploads\/2024\/01\/remuneracao-bloco-3-cnu-480x181.webp 480w, https:\/\/www.novaconcursos.com.br\/portal\/wp-content\/uploads\/2024\/01\/remuneracao-bloco-3-cnu-768x289.webp 768w, https:\/\/www.novaconcursos.com.br\/portal\/wp-content\/uploads\/2024\/01\/remuneracao-bloco-3-cnu.webp 820w\" sizes=\"auto, (max-width: 480px) 100vw, (max-width: 768px) 100vw, (max-width: 1200px) 70vw, 768px\"><\/a><figcaption><\/figcaption><\/figure><p><\/p>\n\n\n\n<ul class=\"wp-block-list\"><li>(B3-02-C) Cargo: Tecnologista em Informa\u00e7\u00f5es Geogr\u00e1ficas e Estat\u00edsticas: inclus\u00e3o de \u201cengenharia geol\u00f3gica\u201d na forma\u00e7\u00e3o exigida.<\/li>\n<\/ul><p><strong>4\u00ba Bloco <\/strong><\/p>\n\n\n\n<ul class=\"wp-block-list\"><li>(B4-01-B) Cargo: Psic\u00f3logo: altera\u00e7\u00e3o da remunera\u00e7\u00e3o inicial: de R$ 5.488,70 para R$ 6.761,72.<\/li>\n<\/ul><p><strong>5\u00ba Bloco<\/strong><\/p>\n\n\n\n<ul class=\"wp-block-list\"><li>Forma\u00e7\u00e3o exigida no cargo de Analista em Reforma e Desenvolvimento Agr\u00e1rio, especialidade ANTROPOLOGIA, com exclus\u00e3o da habilita\u00e7\u00e3o no curso de Ci\u00eancias Social.<\/li>\n<\/ul><p><strong>6\u00ba Bloco<\/strong><\/p>\n\n\n\n<ul class=\"wp-block-list\"><li>(B6-06-A) Cargo: Analista de Planejamento, Gest\u00e3o e Infraestrutura em Informa\u00e7\u00f5es Geogr\u00e1ficas e Estat\u00edsticas e (B6-06-B)\/ Cargo: Tecnologista em Informa\u00e7\u00f5es Geogr\u00e1ficas e Estat\u00edsticas: Inclus\u00e3o da tabela e retribui\u00e7\u00e3o de titula\u00e7\u00e3o<\/li>\n<\/ul><figure class=\"wp-block-image size-full\"><a href=\"https:\/\/www.novaconcursos.com.br\/portal\/wp-content\/uploads\/2024\/01\/tabela-de-retribuicao-por-titulacao-cnu.webp\"><img decoding=\"async\" width=\"820\" height=\"198\" src=\"https:\/\/www.novaconcursos.com.br\/portal\/wp-content\/uploads\/2024\/01\/tabela-de-retribuicao-por-titulacao-cnu.webp\" alt=\"\" class=\"wp-image-220421\" loading=\"lazy\" title=\"\" srcset=\"https:\/\/www.novaconcursos.com.br\/portal\/wp-content\/uploads\/2024\/01\/tabela-de-retribuicao-por-titulacao-cnu-300x72.webp 300w, https:\/\/www.novaconcursos.com.br\/portal\/wp-content\/uploads\/2024\/01\/tabela-de-retribuicao-por-titulacao-cnu-480x116.webp 480w, https:\/\/www.novaconcursos.com.br\/portal\/wp-content\/uploads\/2024\/01\/tabela-de-retribuicao-por-titulacao-cnu-768x185.webp 768w, https:\/\/www.novaconcursos.com.br\/portal\/wp-content\/uploads\/2024\/01\/tabela-de-retribuicao-por-titulacao-cnu.webp 820w\" sizes=\"auto, (max-width: 480px) 100vw, (max-width: 768px) 100vw, (max-width: 1200px) 70vw, 768px\"><\/a><figcaption><\/figcaption><\/figure><p><\/p>\n\n\n\n<p><strong>7\u00ba Bloco<\/strong><\/p>\n\n\n\n<p>Altera\u00e7\u00e3o da forma\u00e7\u00e3o para o cargo de Tecnologista em Informa\u00e7\u00f5es Geogr\u00e1ficas e Estat\u00edsticas, de Comunica\u00e7\u00e3o Social para Comunica\u00e7\u00e3o Social com habilita\u00e7\u00e3o em jornalismo.<\/p>\n\n\n\n<figure class=\"wp-block-image size-full\"><a href=\"https:\/\/www.novaconcursos.com.br\/portal\/wp-content\/uploads\/2024\/01\/bloco-7-retificacao.webp\"><img decoding=\"async\" width=\"876\" height=\"237\" src=\"https:\/\/www.novaconcursos.com.br\/portal\/wp-content\/uploads\/2024\/01\/bloco-7-retificacao.webp\" alt=\"\" class=\"wp-image-220422\" loading=\"lazy\" title=\"\" srcset=\"https:\/\/www.novaconcursos.com.br\/portal\/wp-content\/uploads\/2024\/01\/bloco-7-retificacao-300x81.webp 300w, https:\/\/www.novaconcursos.com.br\/portal\/wp-content\/uploads\/2024\/01\/bloco-7-retificacao-480x130.webp 480w, https:\/\/www.novaconcursos.com.br\/portal\/wp-content\/uploads\/2024\/01\/bloco-7-retificacao-768x208.webp 768w, https:\/\/www.novaconcursos.com.br\/portal\/wp-content\/uploads\/2024\/01\/bloco-7-retificacao.webp 876w\" sizes=\"auto, (max-width: 480px) 100vw, (max-width: 768px) 100vw, (max-width: 1200px) 70vw, 768px\"><\/a><figcaption><\/figcaption><\/figure><p><\/p>\n\n\n\n<p><strong>8\u00ba Bloco<\/strong><\/p>\n\n\n\n<ul class=\"wp-block-list\"><li>Altera\u00e7\u00e3o na tabela 1 relativa aos cargos\/especialidades<\/li>\n\n\n\n<li>Inclus\u00e3o de tabela de t\u00edtulos referente ao Instituto Brasileiro de Geografia e Estat\u00edstica \u2013 IBGE<\/li>\n<\/ul><figure class=\"wp-block-image size-full\"><a href=\"https:\/\/www.novaconcursos.com.br\/portal\/wp-content\/uploads\/2024\/01\/bloco-8-retificacao.webp\"><img decoding=\"async\" width=\"830\" height=\"422\" src=\"https:\/\/www.novaconcursos.com.br\/portal\/wp-content\/uploads\/2024\/01\/bloco-8-retificacao.webp\" alt=\"\" class=\"wp-image-220424\" loading=\"lazy\" title=\"\" srcset=\"https:\/\/www.novaconcursos.com.br\/portal\/wp-content\/uploads\/2024\/01\/bloco-8-retificacao-300x153.webp 300w, https:\/\/www.novaconcursos.com.br\/portal\/wp-content\/uploads\/2024\/01\/bloco-8-retificacao-480x244.webp 480w, https:\/\/www.novaconcursos.com.br\/portal\/wp-content\/uploads\/2024\/01\/bloco-8-retificacao-768x390.webp 768w, https:\/\/www.novaconcursos.com.br\/portal\/wp-content\/uploads\/2024\/01\/bloco-8-retificacao.webp 830w\" sizes=\"auto, (max-width: 480px) 100vw, (max-width: 768px) 100vw, (max-width: 1200px) 70vw, 768px\"><\/a><figcaption><\/figcaption><\/figure><p><\/p>\n\n\n\n<p>Acesse o edital de retifica\u00e7\u00e3o na \u00edntegra: <a href=\"https:\/\/www.in.gov.br\/en\/web\/dou\/-\/edital-de-retificacao-de-24-de-janeiro-de-2024-539824599\" target=\"_blank\" rel=\"noreferrer noopener\">Edital de Retifica\u00e7\u00e3o CNU aqui!<\/a><\/p>\n\n\n\n<h2 class=\"wp-block-heading\" id=\"inscries-do-cnu-2024-encerram-dia-19-de-fevereiro\">Inscri\u00e7\u00f5es do CNU 2024 encerram dia 19 de fevereiro<\/h2>\n\n\n\n<p>As inscri\u00e7\u00f5es ser\u00e3o realizadas no\u00a0<a href=\"https:\/\/www.gov.br\/pt-br\/servicos\/realizar-inscricao-no-concurso-publico-nacional-unificado\" target=\"_blank\" rel=\"noreferrer noopener\">portal GOV.BR,<\/a>\u00a0at\u00e9 \u00e0s 23h59 do dia\u00a0<strong>09 de fevereiro de 2024.<\/strong><\/p>\n\n\n\n<p>O primeiro passo \u00e9 preencher o formul\u00e1rio de inscri\u00e7\u00e3o, selecionar o bloco tem\u00e1tico, os cargos e especialidades, indicando a ordem de prefer\u00eancia de ocupa\u00e7\u00e3o dos cargos e a<strong>\u00a0cidade de realiza\u00e7\u00e3o das provas.<\/strong><\/p>\n\n\n\n<p>Saiba\u00a0<a href=\"https:\/\/www.novaconcursos.com.br\/portal\/artigos\/quais-cidades-terao-provas-do-concurso-nacional-unificado\/\">\u201cOnde ser\u00e3o aplicadas as provas do Concurso Unificado\u201d!<\/a><\/p>\n\n\n\n<p>Lembrando que ser\u00e1 poss\u00edvel fazer a inscri\u00e7\u00e3o em\u00a0<strong>apenas um dos blocos tem\u00e1ticos.<\/strong>\u00a0De maneira mais simplificada, ser\u00e1 preciso acompanhar a seguinte ordem:<\/p>\n\n\n\n<ul class=\"wp-block-list\"><li>1\u00ba \u2013 escolher o bloco tem\u00e1tico<\/li>\n\n\n\n<li>2\u00ba \u2013 escolher os cargos que deseja concorrer dentro do bloco<\/li>\n\n\n\n<li>3\u00ba \u2013 ordenar a prefer\u00eancia entre esses cargos<\/li>\n\n\n\n<li>4\u00ba \u2013 ordenar a prefer\u00eancia entre as especialidades<\/li>\n<\/ul><p>Se voc\u00ea n\u00e3o sabe\u00a0<strong>qual bloco escolher<\/strong>, esse artigo pode te ajudar:\u00a0<a href=\"https:\/\/www.novaconcursos.com.br\/portal\/noticias\/cnu-saiba-escolher-sua-vaga-conforme-bloco-tematico\/\">CNU: Saiba escolher sua vaga de acordo com o bloco tem\u00e1tico!<\/a><\/p>\n\n\n\n<p>Em seguida, ser\u00e1 preciso gerar a Guia de Recolhimento da Uni\u00e3o (GRU) referente a taxa de inscri\u00e7\u00e3o para homologa\u00e7\u00e3o da candidatura.<\/p>\n\n\n\n<p>O\u00a0<strong>valor da taxa\u00a0<\/strong>varia conforme o n\u00edvel de escolaridade do candidato:<\/p>\n\n\n\n<ul class=\"wp-block-list\"><li>n\u00edvel m\u00e9dio: R$ 60,00<\/li>\n\n\n\n<li>n\u00edvel superior: R$ 90,00<\/li>\n<\/ul><p>Ser\u00e3o aceitos\u00a0<strong>pedidos de isen\u00e7\u00e3o da taxa<\/strong>\u00a0entre os dias 19 e 26 de janeiro, daqueles que se enquadrarem nos seguintes requisitos:<\/p>\n\n\n\n<ul class=\"wp-block-list\"><li>Inscritos no Cad\u00daNICO<\/li>\n\n\n\n<li>Doador de M\u00e9dula \u00d3ssea<\/li>\n\n\n\n<li>Seja ou tenha sido bolsita do ProUni<\/li>\n\n\n\n<li>Seja ou tenho sido financiado pelo Fies<\/li>\n<\/ul><p>Conhe\u00e7a outros concursos que est\u00e3o abertos:\u00a0<a href=\"https:\/\/www.novaconcursos.com.br\/portal\/concursos-abertos\/\">Concursos Abertos: Mais de\u00a060 mil vagas\u00a0abertas para\u00a0todos os n\u00edveis!<\/a><\/p>\n\n\n\n<h2 class=\"wp-block-heading\" id=\"quais-os-cargos-e-vagas-que-esto-sendo-ofertados\">Quais os cargos e vagas que est\u00e3o sendo ofertados?<\/h2>\n\n\n\n<p>O Concurso Nacional Unificado oferta 6.640 vagas que ser\u00e3o distribu\u00eddas nas sedes de v\u00e1rios\u00a0<strong>\u00f3rg\u00e3os e minist\u00e9rios federais.<\/strong><\/p>\n\n\n\n<p>Sendo:<\/p>\n\n\n\n<ul class=\"wp-block-list\"><li>Instituto Brasileiro de Geografia e Estat\u00edstica \u2013 IBGE<\/li>\n\n\n\n<li>Funda\u00e7\u00e3o Nacional dos Povos Ind\u00edgenas \u2013 Funai<\/li>\n\n\n\n<li>Instituto Nacional de Coloniza\u00e7\u00e3o e Reforma Agr\u00e1ria \u2013 Incra<\/li>\n\n\n\n<li>Minist\u00e9rio da Agricultura e Pecu\u00e1ria \u2013 Mapa<\/li>\n\n\n\n<li>Instituto Nacional de Meteorologia \u2013 Inmet<\/li>\n\n\n\n<li>Minist\u00e9rio do Trabalho e Emprego \u2013 MTE<\/li>\n\n\n\n<li>Minist\u00e9rio da Sa\u00fade<\/li>\n\n\n\n<li>Advocacia Geral da Uni\u00e3o \u2013 AGU<\/li>\n\n\n\n<li>Superintend\u00eancia Nacional de Previd\u00eancia Complementar \u2013 Previc<\/li>\n\n\n\n<li>Ag\u00eancia Nacional de Energia El\u00e9trica \u2013 Aneel<\/li>\n\n\n\n<li>Ag\u00eancia Nacional de Transportes Aquavi\u00e1rios \u2013 Antaq<\/li>\n\n\n\n<li>Ag\u00eancia Nacional de Sa\u00fade Suplementar \u2013 ANS<\/li>\n\n\n\n<li>Minist\u00e9rio do Desenvolvimento, Ind\u00fastria, Com\u00e9rcio e Servi\u00e7os \u2013 MDIC<\/li>\n\n\n\n<li>Minist\u00e9rio da Ci\u00eancia, Tecnologia e Inova\u00e7\u00e3o \u2013 MCTI<\/li>\n\n\n\n<li>Minist\u00e9rio da Justi\u00e7a e Seguran\u00e7a P\u00fablica \u2013 MJSP<\/li>\n\n\n\n<li>Minist\u00e9rio da Cultura \u2013 MinC<\/li>\n\n\n\n<li>Minist\u00e9rio da Educa\u00e7\u00e3o \u2013 MEC<\/li>\n\n\n\n<li>Minist\u00e9rio dos Direitos Humanos e da Cidadania \u2013 MDHC<\/li>\n\n\n\n<li>Minist\u00e9rio dos Povos Ind\u00edgenas \u2013 MPI<\/li>\n\n\n\n<li>Minist\u00e9rio do Planejamento e Or\u00e7amento \u2013 MPO<\/li>\n\n\n\n<li>Minist\u00e9rio da Gest\u00e3o e Inova\u00e7\u00e3o em Servi\u00e7os P\u00fablicos \u2013 MGI<\/li>\n\n\n\n<li>Instituto Nacional de Estudos e Pesquisas Educacionais An\u00edsio Teixeira \u2013 Inep<\/li>\n<\/ul><p>Saiba quais s\u00e3o os cargos, especialidades e quantidade de vagas:\u00a0<a href=\"https:\/\/www.novaconcursos.com.br\/portal\/noticias\/concurso-nacional-unificado-quais-sao-areas-cargos\/\" target=\"_blank\" rel=\"noreferrer noopener\">Cargos e \u00e1reas dispon\u00edveis no Concurso Nacional Unificado<\/a><\/p>\n\n\n\n<h2 class=\"wp-block-heading\" id=\"o-que-cai-na-prova-do-concurso-unificado\">O que cai na prova do concurso Unificado?<\/h2>\n\n\n\n<p>Os candidatos ser\u00e3o avaliados em at\u00e9<strong>\u00a0tr\u00eas etapas,<\/strong>\u00a0sendo:<\/p>\n\n\n\n<ul class=\"wp-block-list\"><li><strong>Primeira etapa<\/strong>\n<ul class=\"wp-block-list\"><li>Exame de Habilidades e Conhecimentos (Prova Objetiva e Reda\u00e7\u00e3o), de car\u00e1ter classificat\u00f3rio e eliminat\u00f3rio;<\/li>\n\n\n\n<li>Per\u00edcia M\u00e9dica \u2013 Avalia\u00e7\u00e3o Biopsicossocial, para os candidatos que se declararem com defici\u00eancia;<\/li>\n\n\n\n<li>Procedimento de Verifica\u00e7\u00e3o da condi\u00e7\u00e3o declarada para concorrer \u00e0s vagas reservadas aos candidatos negros;<\/li>\n\n\n\n<li>Procedimento de Verifica\u00e7\u00e3o Documental, para concorrer \u00e0s vagas reservadas aos candidatos ind\u00edgenas para os cargos da Funda\u00e7\u00e3o Nacional dos Povos Ind\u00edgenas (FUNAI).<\/li>\n<\/ul><\/li>\n\n\n\n<li><strong>Segunda etapa<\/strong>\n<ul class=\"wp-block-list\"><li>Avalia\u00e7\u00e3o de T\u00edtulos, quando couber, de car\u00e1ter classificat\u00f3rio.<\/li>\n<\/ul><\/li>\n\n\n\n<li><strong>Terceira etapa<\/strong>\n<ul class=\"wp-block-list\"><li>Curso de Forma\u00e7\u00e3o, de car\u00e1ter classificat\u00f3rio e eliminat\u00f3rio, dos candidatos ao cargo de Especialista em Pol\u00edticas P\u00fablicas e Gest\u00e3o Governamental do Minist\u00e9rio da Gest\u00e3o e da Inova\u00e7\u00e3o em Servi\u00e7os P\u00fablicos \u2013 MGI; e para o cargo de Pesquisador em Informa\u00e7\u00f5es Geogr\u00e1ficas e Estat\u00edsticas ser\u00e1 constitu\u00edda de Prova Did\u00e1tica na forma de aula, de car\u00e1ter classificat\u00f3rio.<\/li>\n<\/ul><\/li>\n<\/ul><p>A prova objetiva e discursiva ocorrer\u00e1 no dia\u00a0<strong>05 de maio de 2024<\/strong>, em uma das 220 cidades escolhidas no ato de inscri\u00e7\u00e3o, em dois turnos:<\/p>\n\n\n\n<ul class=\"wp-block-list\"><li><strong>Manh\u00e3<\/strong>\n<ul class=\"wp-block-list\"><li>n\u00edvel superior: provas objetivas de conhecimentos gerais \u2013 20 quest\u00f5es + prova discursiva de conhecimentos espec\u00edficos do bloco (2h30 de dura\u00e7\u00e3o)<\/li>\n\n\n\n<li>n\u00edvel m\u00e9dio: 15 quest\u00f5es de l\u00edngua portuguesa + reda\u00e7\u00e3o (2h30 de dura\u00e7\u00e3o)<\/li>\n<\/ul><\/li>\n\n\n\n<li><strong>Tarde<\/strong>\n<ul class=\"wp-block-list\"><li>n\u00edvel superior: provas objetivas de conhecimentos espec\u00edficos \u2013 50 quest\u00f5es (3h30 de dura\u00e7\u00e3o)<\/li>\n\n\n\n<li>n\u00edvel m\u00e9dio: provas objetivas \u2013 45 quest\u00f5es (3h de dura\u00e7\u00e3o)<\/li>\n<\/ul><\/li>\n<\/ul><p><strong>Saiba mais:<\/strong><\/p>\n\n\n\n<ul class=\"wp-block-list\"><li><a href=\"https:\/\/www.novaconcursos.com.br\/portal\/artigos\/como-comecar-a-estudar-para-o-concurso-nacional-unificado-cnu\/\">Concurso Nacional Unificado: Como estudar?<\/a><\/li>\n\n\n\n<li><a href=\"https:\/\/www.novaconcursos.com.br\/portal\/artigos\/concurso-unificado-10-possiveis-temas-de-redacao-do-bloco-8\/\">10 temas de reda\u00e7\u00e3o que podem cair no Concurso Unificado<\/a><\/li>\n\n\n\n<li><a href=\"https:\/\/www.novaconcursos.com.br\/portal\/artigos\/concurso-nacional-unificado-cnu-provas-anteriores-para-praticar\/\">Concurso Nacional Unificado: Provas anteriores para praticar!<\/a><\/li>\n<\/ul>","protected":false},"excerpt":{"rendered":"<p>Aten\u00e7\u00e3o, concurseiros que v\u00e3o prestar o Concurso Nacional Unificado. Foi publicada no Di\u00e1rio Oficial da Uni\u00e3o desta sexta-feira, 26 de janeiro, uma nova retifica\u00e7\u00e3o dos editais com mudan\u00e7as nos requisitos e remunera\u00e7\u00f5es. Saiba quais foram! Estude para o concurso dos seus sonhos com o\u00a0M\u00e9todo\u00a0que j\u00e1 ajudou na\u00a0aprova\u00e7\u00e3o de mais de 70 mil alunos.\u00a0Clique aqui\u00a0e saiba [&hellip;]<\/p>\n","protected":false},"author":54679,"featured_media":218626,"comment_status":"closed","ping_status":"closed","sticky":false,"template":"","format":"standard","meta":{"_acf_changed":false,"footnotes":"","_wp_rev_ctl_limit":""},"categories":[228],"tags":[],"class_list":["post-220412","post","type-post","status-publish","format-standard","has-post-thumbnail","hentry","category-noticias"],"acf":[],"_links":{"self":[{"href":"https:\/\/www.novaconcursos.com.br\/portal\/wp-json\/wp\/v2\/posts\/220412","targetHints":{"allow":["GET"]}}],"collection":[{"href":"https:\/\/www.novaconcursos.com.br\/portal\/wp-json\/wp\/v2\/posts"}],"about":[{"href":"https:\/\/www.novaconcursos.com.br\/portal\/wp-json\/wp\/v2\/types\/post"}],"author":[{"embeddable":true,"href":"https:\/\/www.novaconcursos.com.br\/portal\/wp-json\/wp\/v2\/users\/54679"}],"replies":[{"embeddable":true,"href":"https:\/\/www.novaconcursos.com.br\/portal\/wp-json\/wp\/v2\/comments?post=220412"}],"version-history":[{"count":9,"href":"https:\/\/www.novaconcursos.com.br\/portal\/wp-json\/wp\/v2\/posts\/220412\/revisions"}],"predecessor-version":[{"id":220434,"href":"https:\/\/www.novaconcursos.com.br\/portal\/wp-json\/wp\/v2\/posts\/220412\/revisions\/220434"}],"wp:featuredmedia":[{"embeddable":true,"href":"https:\/\/www.novaconcursos.com.br\/portal\/wp-json\/wp\/v2\/media\/218626"}],"wp:attachment":[{"href":"https:\/\/www.novaconcursos.com.br\/portal\/wp-json\/wp\/v2\/media?parent=220412"}],"wp:term":[{"taxonomy":"category","embeddable":true,"href":"https:\/\/www.novaconcursos.com.br\/portal\/wp-json\/wp\/v2\/categories?post=220412"},{"taxonomy":"post_tag","embeddable":true,"href":"https:\/\/www.novaconcursos.com.br\/portal\/wp-json\/wp\/v2\/tags?post=220412"}],"curies":[{"name":"wp","href":"https:\/\/api.w.org\/{rel}","templated":true}]}}