{"id":220577,"date":"2024-01-29T11:27:44","date_gmt":"2024-01-29T14:27:44","guid":{"rendered":"https:\/\/www.novaconcursos.com.br\/portal\/?p=220577"},"modified":"2024-01-29T11:27:48","modified_gmt":"2024-01-29T14:27:48","slug":"correios-nos-vamos-realizar-concurso-este-ano-afirma-presidente-da-estatal","status":"publish","type":"post","link":"https:\/\/www.novaconcursos.com.br\/portal\/noticias\/correios-nos-vamos-realizar-concurso-este-ano-afirma-presidente-da-estatal\/","title":{"rendered":"Correios: &#8220;N\u00f3s vamos realizar concurso este ano&#8221;, afirma presidente da estatal!"},"content":{"rendered":"<p>Em evento realizado na \u00faltima quinta-feira, 25 de janeiro, em comemora\u00e7\u00e3o ao Dia do Carteiro, o presidente da estatal, Fabiano Silva dos Santos,<strong> garantiu a realiza\u00e7\u00e3o <\/strong>de um novo <a href=\"https:\/\/www.novaconcursos.com.br\/portal\/concursos\/concurso-correios\/\">concurso Correios<\/a> em 2024, para contrata\u00e7\u00e3o de novos servidores e a redu\u00e7\u00e3o da sobrecarga de trabalho dos funcion\u00e1rios.<\/p>\n\n\n\n<p><em>\u201cIniciamos grupo de trabalho para discutir PCCS. N\u00f3s vamos sim realizar concurso p\u00fablico. Eu sei que \u00e9 uma demanda, que voc\u00eas est\u00e3o sobrecarregados. Mas n\u00f3s n\u00e3o podemos realizar concurso sem planejamento. Este ano eu estou garantindo, n\u00f3s vamos realizar concurso p\u00fablico na empresa\u201d, <\/em>disse o presidente dos Correios, Fabiano Silva dos Santos.<\/p>\n\n\n\n<p>Durante o evento, o presidente confirmou o <strong>reajuste salarial de at\u00e9 11,47%<\/strong>, em raz\u00e3o da negocia\u00e7\u00e3o da estatal com os trabalhadores no \u00faltimo <a href=\"https:\/\/www.novaconcursos.com.br\/portal\/noticias\/correios-acordo-com-mgi-possibilita-novo-concurso\/\">acordo coletivo<\/a> e a retirada dos Correios do Programa de Parcerias de Investimentos (PPI) do antigo Minist\u00e9rio da Economia, que reunia estatais a serem privatizadas.<\/p>\n\n\n\n<p><em>\u201cNossa gest\u00e3o entende que a comemora\u00e7\u00e3o dessa data passa por reconhecimento e estamos fazendo isso em forma de benef\u00edcios e investimentos em nossas carteiras e nossos carteiros e em seus ambientes de trabalho\u201d<\/em>, afirmou.<\/p>\n\n\n\n<p>O Correios foi <strong>retirado da lista de privatiza\u00e7\u00f5es<\/strong> no primeiro dia do governo do presidente Luiz In\u00e1cio Lula da Silva, em janeiro de 2023.<\/p>\n\n\n\n<p>Assista ao evento do <a href=\"https:\/\/www.youtube.com\/watch?v=gsFNPtfTkk4\" target=\"_blank\" rel=\"noreferrer noopener\">Dia da Carteira e do Carteiro \u2013 25 de Janeiro<\/a> \u25b6\ufe0f<\/p>\n\n\n\n<ul class=\"wp-block-list\"><li><strong>Confira:<\/strong> <a href=\"https:\/\/www.novaconcursos.com.br\/curso-online\/correios-agente-correios?q=Correios\">Curso Online Agente dos Correios<\/a><\/li>\n\n\n\n<li><strong>Confira: <\/strong><a href=\"https:\/\/www.novaconcursos.com.br\/apostila\/correios-prep-agente-correios?q=Correios\">Apostila Agente dos Correios<\/a><\/li>\n<\/ul><p>Estude para o concurso dos seus sonhos com o\u00a0<strong>M\u00e9todo<\/strong>\u00a0que j\u00e1 ajudou na\u00a0<strong>aprova\u00e7\u00e3o de mais de 70 mil alunos<\/strong>.\u00a0<a href=\"https:\/\/www.novaconcursos.com.br\/eventos\/assinatura?promo_creative=Clique+aqui&amp;promo_name=noticia&amp;promo_id=%2Fportal&amp;promo_position=corpo-texto\" target=\"_blank\" rel=\"noreferrer noopener\">Clique aqui<\/a>\u00a0e saiba mais!<\/p>\n\n\n\n<h2 class=\"wp-block-heading\" id=\"findect-reforou-o-alto-dficit-de-pessoal\">Findect refor\u00e7ou o alto d\u00e9ficit de pessoal<\/h2>\n\n\n\n<p>Em nota divulgada no portal da Federa\u00e7\u00e3o Interestadual dos Sindicatos dos Trabalhadores e Trabalhadoras dos Correios (Findect), o grupo<strong> questionou a aus\u00eancia <\/strong>dos<strong> <\/strong><a href=\"https:\/\/www.correios.com.br\/\" target=\"_blank\" rel=\"noreferrer noopener\">Correios<\/a> no Concurso Nacional Unificado.<\/p>\n\n\n\n<p>De acordo com a Federa\u00e7\u00e3o, o CNU \u00e9 um passo importante para fortalecer os servi\u00e7os p\u00fablicos e os Correios deveriam estar na lista de \u00f3rg\u00e3os e minist\u00e9rios com vagas autorizadas.<\/p>\n\n\n\n<p>Segundo dados do grupo, o quadro de pessoal foi<strong> reduzido de 127 mil funcion\u00e1rios para 80 mil, <\/strong>o que tem prejudicado os trabalhos e a crescente demanda do e-commerce.<\/p>\n\n\n\n<p><em>\u201cA falta de vagas para os Correios em futuros concursos contrasta diretamente com o compromisso na import\u00e2ncia estrat\u00e9gica da estatal na log\u00edstica do pa\u00eds. Curiosamente, as ag\u00eancias dos Correios, presentes em todo o Brasil, ser\u00e3o encarregadas de receber as inscri\u00e7\u00f5es dos candidatos para o referido concurso, enquanto a pr\u00f3pria empresa n\u00e3o ser\u00e1 contemplada com oportunidades de contrata\u00e7\u00e3o. Essa falta de reconhecimento exp\u00f5e a discrep\u00e2ncia entre a relev\u00e2ncia dos servi\u00e7os postais e a neglig\u00eancia na valoriza\u00e7\u00e3o da for\u00e7a de trabalho dos ecetistas\u201d,<\/em> destacou a Findect.<\/p>\n\n\n\n<ul class=\"wp-block-list\"><li><strong>Adquira: <\/strong><a href=\"https:\/\/www.novaconcursos.com.br\/livro\/1000-questoes-gab-correios-agente-correios?q=Correios\">Livro 1.000 Quest\u00f5es Gabaritadas \u2013 Agente dos Correios<\/a><\/li>\n<\/ul><p>Saiba mais detalhes dos cargos e \u00e1reas que est\u00e3o sendo ofertados no <a href=\"https:\/\/www.novaconcursos.com.br\/portal\/noticias\/concurso-nacional-unificado-quais-sao-areas-cargos\/\">\u201cConcurso Nacional Unificado\u201d<\/a><\/p>\n\n\n\n<h2 class=\"wp-block-heading\" id=\"quais-cargos-podem-ser-ofertados-no-prximo-concurso-correios\">Quais cargos podem ser ofertados no pr\u00f3ximo concurso Correios?<\/h2>\n\n\n\n<p>O n\u00famero de vagas que ser\u00e3o ofertadas ainda n\u00e3o foi divulgado, entretanto, o \u00f3rg\u00e3o conta\u00a0<strong>7.790 cargos vagos\u00a0<\/strong>que poder\u00e3o ser preenchidos.<\/p>\n\n\n\n<p>O quadro de pessoal \u00e9 composto de carreiras de n\u00edvel m\u00e9dio, n\u00edvel superior e cargos espec\u00edficos. Dessa forma:<\/p>\n\n\n\n<p><strong>Carreira de N\u00edvel M\u00e9dio<\/strong><\/p>\n\n\n\n<ul class=\"wp-block-list\"><li>Agente de Correios\n<ul class=\"wp-block-list\"><li>Carteiro<\/li>\n\n\n\n<li>Operador de Triagem e Transbordo (em extin\u00e7\u00e3o)<\/li>\n\n\n\n<li>Atendente Comercial<\/li>\n\n\n\n<li>Suporte<\/li>\n<\/ul><\/li>\n\n\n\n<li>T\u00e9cnico de Correios nos est\u00e1gios de desenvolvimento Jr, Pl e Sr\n<ul class=\"wp-block-list\"><li>Operacional<\/li>\n\n\n\n<li>Atendimento e Vendas<\/li>\n\n\n\n<li>Suporte<\/li>\n<\/ul><\/li>\n\n\n\n<li>Especialista de Correios\n<ul class=\"wp-block-list\"><li>Operacional<\/li>\n\n\n\n<li>Comercial<\/li>\n\n\n\n<li>Suporte<\/li>\n<\/ul><\/li>\n<\/ul><p><strong>Carreira de N\u00edvel Superior<\/strong><\/p>\n\n\n\n<ul class=\"wp-block-list\"><li>Analista de Correios\n<ul class=\"wp-block-list\"><li>Administrador;<\/li>\n\n\n\n<li>Administrador Postal;<\/li>\n\n\n\n<li>Advogado;<\/li>\n\n\n\n<li>Analista de Sistemas;<\/li>\n\n\n\n<li>Arquiteto;<\/li>\n\n\n\n<li>Assistente Social;<\/li>\n\n\n\n<li>Bibliotec\u00e1rio;<\/li>\n\n\n\n<li>Contador;<\/li>\n\n\n\n<li>Economista;<\/li>\n\n\n\n<li>Engenheiro;<\/li>\n\n\n\n<li>Estat\u00edstico;<\/li>\n\n\n\n<li>Muse\u00f3logo;<\/li>\n\n\n\n<li>Pedagogo;<\/li>\n\n\n\n<li>Psic\u00f3logo; e<\/li>\n\n\n\n<li>T\u00e9cnico em Comunica\u00e7\u00e3o Social.<\/li>\n<\/ul><\/li>\n<\/ul><p>Cargos Espec\u00edficos<\/p>\n\n\n\n<ul class=\"wp-block-list\"><li>Auxiliar de Enfermagem do Trabalho;<\/li>\n\n\n\n<li>T\u00e9cnico de Seguran\u00e7a do Trabalho;<\/li>\n\n\n\n<li>Analista de Sa\u00fade;<\/li>\n\n\n\n<li>Enfermeiro do Trabalho;<\/li>\n\n\n\n<li>Engenheiro de Seguran\u00e7a do Trabalho; e<\/li>\n\n\n\n<li>M\u00e9dico do Trabalho.<\/li>\n<\/ul><p><strong>Leia tamb\u00e9m:<\/strong>\u00a0<\/p>\n\n\n\n<ul class=\"wp-block-list\"><li><a href=\"https:\/\/www.novaconcursos.com.br\/portal\/artigos\/correios-confira-quais-cargos-podem-ser-ofertados\/\" target=\"_blank\" rel=\"noreferrer noopener\">Quais cargos podem ser ofertados no edital e suas atribui\u00e7\u00f5es!<\/a><\/li>\n\n\n\n<li><a href=\"https:\/\/www.novaconcursos.com.br\/portal\/artigos\/correios-o-que-estudar-prova-carteiro\/\">O que cai na prova de Carteiro do concurso Correios?<\/a><\/li>\n<\/ul><p>Lembrando o edital ser\u00e1 publicado\u00a0at\u00e9 o dia 22 de outubro, com provas\u00a0<strong>at\u00e9 o dia 21 de dezembro de 2024<\/strong>.<\/p>\n\n\n\n<p>Saiba quais concursos est\u00e3o abertos no Brasil:\u00a0<a href=\"https:\/\/www.novaconcursos.com.br\/portal\/artigos\/correios-o-que-estudar-prova-carteiro\/\"><\/a><a href=\"https:\/\/www.novaconcursos.com.br\/portal\/concursos-abertos\/\">Concursos Abertos: Mais de\u00a060 mil vagas\u00a0abertas para\u00a0todos os n\u00edveis!<\/a><\/p>","protected":false},"excerpt":{"rendered":"<p>Em evento realizado na \u00faltima quinta-feira, 25 de janeiro, em comemora\u00e7\u00e3o ao Dia do Carteiro, o presidente da estatal, Fabiano Silva dos Santos, garantiu a realiza\u00e7\u00e3o de um novo concurso Correios em 2024, para contrata\u00e7\u00e3o de novos servidores e a redu\u00e7\u00e3o da sobrecarga de trabalho dos funcion\u00e1rios. \u201cIniciamos grupo de trabalho para discutir PCCS. N\u00f3s [&hellip;]<\/p>\n","protected":false},"author":54679,"featured_media":220273,"comment_status":"closed","ping_status":"closed","sticky":false,"template":"","format":"standard","meta":{"_acf_changed":false,"footnotes":"","_wp_rev_ctl_limit":""},"categories":[228],"tags":[],"class_list":["post-220577","post","type-post","status-publish","format-standard","has-post-thumbnail","hentry","category-noticias"],"acf":[],"_links":{"self":[{"href":"https:\/\/www.novaconcursos.com.br\/portal\/wp-json\/wp\/v2\/posts\/220577","targetHints":{"allow":["GET"]}}],"collection":[{"href":"https:\/\/www.novaconcursos.com.br\/portal\/wp-json\/wp\/v2\/posts"}],"about":[{"href":"https:\/\/www.novaconcursos.com.br\/portal\/wp-json\/wp\/v2\/types\/post"}],"author":[{"embeddable":true,"href":"https:\/\/www.novaconcursos.com.br\/portal\/wp-json\/wp\/v2\/users\/54679"}],"replies":[{"embeddable":true,"href":"https:\/\/www.novaconcursos.com.br\/portal\/wp-json\/wp\/v2\/comments?post=220577"}],"version-history":[{"count":8,"href":"https:\/\/www.novaconcursos.com.br\/portal\/wp-json\/wp\/v2\/posts\/220577\/revisions"}],"predecessor-version":[{"id":220590,"href":"https:\/\/www.novaconcursos.com.br\/portal\/wp-json\/wp\/v2\/posts\/220577\/revisions\/220590"}],"wp:featuredmedia":[{"embeddable":true,"href":"https:\/\/www.novaconcursos.com.br\/portal\/wp-json\/wp\/v2\/media\/220273"}],"wp:attachment":[{"href":"https:\/\/www.novaconcursos.com.br\/portal\/wp-json\/wp\/v2\/media?parent=220577"}],"wp:term":[{"taxonomy":"category","embeddable":true,"href":"https:\/\/www.novaconcursos.com.br\/portal\/wp-json\/wp\/v2\/categories?post=220577"},{"taxonomy":"post_tag","embeddable":true,"href":"https:\/\/www.novaconcursos.com.br\/portal\/wp-json\/wp\/v2\/tags?post=220577"}],"curies":[{"name":"wp","href":"https:\/\/api.w.org\/{rel}","templated":true}]}}