{"id":22076,"date":"2025-06-25T12:47:00","date_gmt":"2025-06-25T15:47:00","guid":{"rendered":"http:\/\/www.novaconcursos.com.br\/portal\/?post_type=nc-public-tender&#038;p=22076"},"modified":"2025-06-25T12:47:05","modified_gmt":"2025-06-25T15:47:05","slug":"concurso-mte","status":"publish","type":"post","link":"https:\/\/www.novaconcursos.com.br\/portal\/concursos\/concurso-mte\/","title":{"rendered":"Concurso MTE: Edital solicitado com 2.382 vagas!"},"content":{"rendered":"<p>Um novo concurso MTE <a href=\"https:\/\/www.novaconcursos.com.br\/concursos\">(Minist\u00e9rio do Trabalho e Emprego)<\/a> pode estar a caminho, e a expectativa cresce entre os concurseiros. O Minist\u00e9rio do Trabalho confirmou o <mark style=\"background-color:#8ed1fc\" class=\"has-inline-color\">envio de um novo pedido<\/mark> ao Minist\u00e9rio da Gest\u00e3o e da Inova\u00e7\u00e3o em Servi\u00e7os P\u00fablicos (MGI) para a realiza\u00e7\u00e3o do certame.<\/p>\n\n\n\n<p>O destaque fica por conta da quantidade expressiva de vagas solicitadas: s\u00e3o <strong>2.382 oportunidades<\/strong> para a carreira da Previd\u00eancia, Sa\u00fade e Trabalho (CPST), que re\u00fane cargos essenciais ao funcionamento do MTE e \u00e0 presta\u00e7\u00e3o de servi\u00e7os p\u00fablicos \u00e0 popula\u00e7\u00e3o.<\/p>\n\n\n\n<p>Se voc\u00ea est\u00e1 de olho no concurso MTE, vale a pena conferir todos os detalhes sobre essa solicita\u00e7\u00e3o e se preparar desde j\u00e1. A seguir, trazemos as informa\u00e7\u00f5es mais recentes e o que esperar do poss\u00edvel edital.<\/p>\n\n\n\n<h2 class=\"wp-block-heading\" id=\"concurso-mte-novo-edital-solicitado\">Concurso MTE: Novo edital solicitado<\/h2>\n\n\n\n<p>Um novo concurso MTE pode estar mais pr\u00f3ximo de acontecer. O Minist\u00e9rio do Trabalho e Emprego confirmou o envio de um pedido com <strong>2.382 vagas<\/strong> ao Minist\u00e9rio da Gest\u00e3o e da Inova\u00e7\u00e3o em Servi\u00e7os P\u00fablicos (MGI), dentro do prazo estipulado para inclus\u00e3o no or\u00e7amento federal de 2026.<\/p>\n\n\n\n<p>As oportunidades s\u00e3o destinadas \u00e0 carreira da Previd\u00eancia, Sa\u00fade e Trabalho (CPST), que abrange fun\u00e7\u00f5es essenciais para o funcionamento da pasta. Caso o pedido seja aprovado, o novo concurso MTE poder\u00e1 contemplar <strong>cargos de n\u00edveis m\u00e9dio e superior<\/strong>, com foco nas \u00e1reas t\u00e9cnicas e administrativas.<\/p>\n\n\n\n<p>O processo agora segue em fase de an\u00e1lise pelo MGI, que dever\u00e1 avaliar a disponibilidade or\u00e7ament\u00e1ria e a necessidade de provimento de pessoal para, ent\u00e3o, decidir sobre a autoriza\u00e7\u00e3o oficial do certame.<\/p>\n\n\n\n<p>Confira os principais marcos recentes que refor\u00e7am a expectativa por um novo concurso p\u00fablico para o Minist\u00e9rio do Trabalho e Emprego:<\/p>\n\n\n\n<ul class=\"wp-block-list\"><li><strong>18 de abril de 2024<\/strong> \u2013 Ministro aponta urg\u00eancia em novo concurso.<\/li>\n\n\n\n<li><strong>Junho de 2023<\/strong> \u2013 MTE solicita mais de 3 mil vagas ao governo.<\/li>\n\n\n\n<li><strong>15 de maio de 2023<\/strong> \u2013 Criada comiss\u00e3o para estudo de carreiras.<\/li>\n\n\n\n<li><strong>24 de abril de 2023<\/strong> \u2013 Anunciada sele\u00e7\u00e3o para TI e \u00e1rea administrativa.<\/li>\n\n\n\n<li><strong>Abril de 2018<\/strong> \u2013 Pedido de 208 vagas protocolado, sem autoriza\u00e7\u00e3o.<\/li>\n<\/ul><h2 class=\"wp-block-heading\" id=\"agente-administrativo-deve-concentrar-maior-nmero-de-vagas\">Agente administrativo deve concentrar maior n\u00famero de vagas<\/h2>\n\n\n\n<p>Embora o detalhamento dos cargos e a distribui\u00e7\u00e3o das vagas ainda n\u00e3o tenham sido divulgados, a expectativa \u00e9 de que boa parte das oportunidades seja voltada ao cargo de <strong>agente administrativo<\/strong>. Essa fun\u00e7\u00e3o exige <strong>n\u00edvel m\u00e9dio completo<\/strong> e oferece <strong>remunera\u00e7\u00e3o inicial de R$ 4.188,03<\/strong>, j\u00e1 incluindo o aux\u00edlio-alimenta\u00e7\u00e3o de R$ 1.000.<\/p>\n\n\n\n<p>Tamb\u00e9m \u00e9 poss\u00edvel que o pedido inclua <strong>cargos de n\u00edvel superior<\/strong>, com sal\u00e1rios que chegam a <strong>R$ 7.256,90<\/strong>, podendo ultrapassar esse valor em \u00e1reas espec\u00edficas. Para os cargos de m\u00e9dico e sanitarista, por exemplo, a remunera\u00e7\u00e3o pode alcan\u00e7ar <strong>R$ 8.932,80<\/strong> e <strong>R$ 9.192,82<\/strong>, respectivamente.<\/p>\n\n\n\n<h2 class=\"wp-block-heading\" id=\"concurso-mte-anunciado\">Concurso MTE anunciado<\/h2>\n\n\n\n<p>No dia 24 de abril de 2023, o secret\u00e1rio-Executivo do MTE, Francisco Macena da Silva, anunciou a inten\u00e7\u00e3o de realizar um concurso p\u00fablico para <strong>t\u00e9cnicos de T.I. e servidores administrativos.<\/strong> <\/p>\n\n\n\n<p>Houve movimenta\u00e7\u00f5es para reestruturar o quadro de servidores e realizar o novo certame, como a forma\u00e7\u00e3o da comiss\u00e3o respons\u00e1vel pelos estudos da proposta de carreira.<\/p>\n\n\n\n<p>\u00c9 importante mencionar que a ideia de um novo concurso j\u00e1 havia sido discutida em <strong>2018<\/strong>, durante a gest\u00e3o do ministro Caio de Almeida Vieira de Mello. Na \u00e9poca, o Minist\u00e9rio tinha planos para novos certames, como evidenciado por um pedido de abertura protocolado em abril de 2018 no Minist\u00e9rio do Planejamento, que inclu\u00eda 208 vagas. <\/p>\n\n\n\n<h2 class=\"wp-block-heading\" id=\"mte-tem-quase-3-mil-cargos-vagos\">MTE tem quase 3 mil cargos vagos!<\/h2>\n\n\n\n<p>De acordo com a \u00faltima atualiza\u00e7\u00e3o do MTE, o \u00f3rg\u00e3o conta com 2.642 cargos vagos, distribu\u00eddos entre 19 carreiras de n\u00edveis m\u00e9dio e superior. <\/p>\n\n\n\n<p>A seguir, confira a lista com os cargos vagos no MTE:<\/p>\n\n\n\n<p><strong>N\u00edvel m\u00e9dio\/t\u00e9cnico<\/strong><\/p>\n\n\n\n<ul class=\"wp-block-list\"><li>Agente Administrativo: 1.924 vagas<\/li>\n\n\n\n<li>Agente de Portaria: 1 vaga<\/li>\n\n\n\n<li>Especialista de N\u00edvel M\u00e9dio: 1 vaga<\/li>\n\n\n\n<li>T\u00e9cnico de Contabilidade: 89 vagas<\/li>\n<\/ul><p><strong>N\u00edvel superior<\/strong><\/p>\n\n\n\n<ul class=\"wp-block-list\"><li>Administrador: 115 vagas<\/li>\n\n\n\n<li>Arquiteto: 7 vagas<\/li>\n\n\n\n<li>Arquivista: 51 vagas<\/li>\n\n\n\n<li>Assistente Social: 70 vagas<\/li>\n\n\n\n<li>Bibliotec\u00e1rio: 19 vagas<\/li>\n\n\n\n<li>Contador: 61 vagas<\/li>\n\n\n\n<li>Economista: 12 vagas<\/li>\n\n\n\n<li>Enfermeiro: 15 vagas<\/li>\n\n\n\n<li>Engenheiro: 5 vagas<\/li>\n\n\n\n<li>Estat\u00edstico: 5 vagas<\/li>\n\n\n\n<li>Farmac\u00eautico: 1 vaga<\/li>\n\n\n\n<li>M\u00e9dico: 78 vagas<\/li>\n\n\n\n<li>M\u00e9dico do Trabalho: 10 vagas<\/li>\n\n\n\n<li>M\u00e9dico Veterin\u00e1rio: 6 vagas<\/li>\n\n\n\n<li>Nutricionista: 7 vagas<\/li>\n\n\n\n<li>Odont\u00f3logo: 19 vagas<\/li>\n\n\n\n<li>Psic\u00f3logo: 29 vagas<\/li>\n\n\n\n<li>T\u00e9cnico em Comunica\u00e7\u00e3o Social: 14 vagas<\/li>\n\n\n\n<li>T\u00e9cnico em Assuntos Educacionais: 98 vagas<\/li>\n<\/ul><h2 class=\"wp-block-heading\" id=\"o-que-cai-na-prova-do-concurso-mte\">O que cai na prova do concurso MTE?<\/h2>\n\n\n\n<p>De acordo com o \u00faltimo edital do concurso MTE, s\u00e3o cobradas os seguintes conte\u00fados gerais:<\/p>\n\n\n\n<p><strong>L\u00edngua Portuguesa<\/strong><\/p>\n\n\n\n<ul class=\"wp-block-list\"><li>Compreens\u00e3o e interpreta\u00e7\u00e3o de textos de g\u00eaneros variados.<\/li>\n\n\n\n<li>Reconhecimento de tipos e g\u00eaneros textuais.<\/li>\n\n\n\n<li>Dom\u00ednio da ortografia oficial.<\/li>\n\n\n\n<li>Dom\u00ednio dos mecanismos de coes\u00e3o textual.<\/li>\n\n\n\n<li>Dom\u00ednio da estrutura morfossint\u00e1tica do per\u00edodo.<\/li>\n\n\n\n<li>Reescrita de frases e par\u00e1grafos do texto.<\/li>\n\n\n\n<li>Correspond\u00eancia oficial (conforme Manual de Reda\u00e7\u00e3o da Presid\u00eancia da Rep\u00fablica).<\/li>\n<\/ul><p><strong>No\u00e7\u00f5es de Inform\u00e1tica<\/strong><\/p>\n\n\n\n<ul class=\"wp-block-list\"><li>No\u00e7\u00f5es de sistema operacional (ambientes Linux e Windows).<\/li>\n\n\n\n<li>Edi\u00e7\u00e3o de textos, planilhas e apresenta\u00e7\u00f5es (ambientes Microsoft Office e BrOffice).<\/li>\n\n\n\n<li>Redes de computadores.<\/li>\n\n\n\n<li>Conceitos de organiza\u00e7\u00e3o e de gerenciamento de informa\u00e7\u00f5es, arquivos, pastas e programas.<\/li>\n\n\n\n<li>Seguran\u00e7a da informa\u00e7\u00e3o.<\/li>\n<\/ul><p><strong>No\u00e7\u00f5es de Direito Administrativo<\/strong><\/p>\n\n\n\n<ul class=\"wp-block-list\"><li>No\u00e7\u00f5es de organiza\u00e7\u00e3o administrativa.<\/li>\n\n\n\n<li>Ato administrativo.<\/li>\n\n\n\n<li>Agentes p\u00fablicos. Legisla\u00e7\u00e3o pertinente.<\/li>\n\n\n\n<li>Poderes administrativos.<\/li>\n\n\n\n<li>Licita\u00e7\u00e3o.<\/li>\n\n\n\n<li>Controle da Administra\u00e7\u00e3o P\u00fablica.<\/li>\n\n\n\n<li>Responsabilidade civil do Estado.<\/li>\n\n\n\n<li>Regime jur\u00eddico-administrativo.<\/li>\n\n\n\n<li>Lei n\u00ba 8.112\/1990: regime disciplinar (deveres e proibi\u00e7\u00f5es, acumula\u00e7\u00e3o, responsabilidades, penalidades).<\/li>\n\n\n\n<li>Disposi\u00e7\u00f5es constitucionais aplic\u00e1veis.<\/li>\n\n\n\n<li>Disposi\u00e7\u00f5es doutrin\u00e1rias.<\/li>\n\n\n\n<li>Responsabilidade por ato comissivo do Estado.<\/li>\n\n\n\n<li>Responsabilidade por omiss\u00e3o do Estado.<\/li>\n<\/ul><p><strong>Atualidades<\/strong><\/p>\n\n\n\n<ul class=\"wp-block-list\"><li>T\u00f3picos relevantes e atuais na \u00e1rea de trabalho, emprego e renda, desenvolvimento sustent\u00e1vel, cooperativismo e associativismo.<\/li>\n<\/ul><p><strong>\u00c9tica no Servi\u00e7o P\u00fablico<\/strong><\/p>\n\n\n\n<ul class=\"wp-block-list\"><li>\u00c9tica e moral.<\/li>\n\n\n\n<li>\u00c9tica, princ\u00edpios e valores.<\/li>\n\n\n\n<li>\u00c9tica e democracia: exerc\u00edcio da cidadania.<\/li>\n\n\n\n<li>\u00c9tica e fun\u00e7\u00e3o p\u00fablica.<\/li>\n\n\n\n<li>\u00c9tica no Setor P\u00fablico.<\/li>\n<\/ul><p><strong>No\u00e7\u00f5es de Administra\u00e7\u00e3o Financeira e Or\u00e7ament\u00e1ria<\/strong><\/p>\n\n\n\n<ul class=\"wp-block-list\"><li>Or\u00e7amento p\u00fablico.<\/li>\n\n\n\n<li>O or\u00e7amento p\u00fablico no Brasil.<\/li>\n\n\n\n<li>Programa\u00e7\u00e3o e execu\u00e7\u00e3o or\u00e7ament\u00e1ria e financeira.<\/li>\n\n\n\n<li>Receita p\u00fablica.<\/li>\n\n\n\n<li>Despesa p\u00fablica.<\/li>\n\n\n\n<li>Lei de Responsabilidade Fiscal.<\/li>\n<\/ul><p><strong>No\u00e7\u00f5es de Gest\u00e3o de Pessoas nas Organiza\u00e7\u00f5es<\/strong><\/p>\n\n\n\n<ul class=\"wp-block-list\"><li>Conceitos, import\u00e2ncia, rela\u00e7\u00e3o com os outros sistemas de organiza\u00e7\u00e3o.<\/li>\n\n\n\n<li>A fun\u00e7\u00e3o do \u00f3rg\u00e3o de gest\u00e3o de pessoas: atribui\u00e7\u00f5es b\u00e1sicas e objetivos, pol\u00edticas e sistemas de informa\u00e7\u00f5es gerenciais.<\/li>\n\n\n\n<li>Comportamento organizacional: rela\u00e7\u00f5es indiv\u00edduo\/organiza\u00e7\u00e3o, motiva\u00e7\u00e3o, lideran\u00e7a.<\/li>\n\n\n\n<li>Avalia\u00e7\u00e3o de desempenho na Administra\u00e7\u00e3o P\u00fablica Federal, Decreto n\u00ba 7.133, de 19 de mar\u00e7o de 2010.<\/li>\n<\/ul><h2 class=\"wp-block-heading\" id=\"materiais-preparatrios-para-o-concurso-mte\">Materiais preparat\u00f3rios para o concurso MTE<\/h2>\n\n\n\n<p>Conquistar a aprova\u00e7\u00e3o no concurso MTE exige mais do que disciplina: \u00e9 fundamental contar com materiais atualizados, uma rotina bem organizada e estrat\u00e9gias inteligentes de estudo.<\/p>\n\n\n\n<p>Na <a href=\"https:\/\/www.novaconcursos.com.br\/\">Nova Concursos<\/a>, voc\u00ea encontra tudo o que precisa para transformar sua prepara\u00e7\u00e3o em resultados. J\u00e1 s\u00e3o mais de 70 mil aprovados em todo o pa\u00eds, com o apoio de uma metodologia eficaz, baseada em conte\u00fado completo, linguagem acess\u00edvel e foco nas disciplinas que mais caem nas provas.<\/p>\n\n\n\n<p>Garanta agora os melhores materiais para acelerar sua prepara\u00e7\u00e3o e comece hoje mesmo sua caminhada rumo \u00e0 aprova\u00e7\u00e3o no concurso MTE!<\/p>\n\n\n\n<h3 class=\"wp-block-heading\">L\u00edngua Portuguesa para Concursos<\/h3>\n\n\n\n<p>O <a href=\"https:\/\/www.novaconcursos.com.br\/apostila\/lingua-portuguesa-concursos?utm_source=google&amp;utm_medium=cpc&amp;utm_campaign=google-gs-apostila-impressa-padrao&amp;gad_source=1&amp;gclid=Cj0KCQiA7se8BhCAARIsAKnF3rwak9OVKwCZPyHPgjqYqoBO8QxrKlI6fagFGeay1fWQnOGZcJBOKoQaApDlEALw_wcB\">Livro de L\u00edngua Portuguesa para Concursos<\/a> \u00e9 ideal para quem deseja refor\u00e7ar os conte\u00fados mais cobrados nas provas. Com linguagem clara, foco nos t\u00f3picos mais recorrentes e uma ampla sele\u00e7\u00e3o de quest\u00f5es comentadas de concursos anteriores, o material \u00e9 indispens\u00e1vel para quem est\u00e1 se preparando de forma s\u00e9ria para o concurso MTE.<\/p>\n\n\n\n<h3 class=\"wp-block-heading\">Apostila B\u00e1sico para Concursos<\/h3>\n\n\n\n<p>Se voc\u00ea est\u00e1 come\u00e7ando sua prepara\u00e7\u00e3o para o concurso MTE ou quer revisar os fundamentos essenciais, a <a href=\"https:\/\/www.novaconcursos.com.br\/apostila\/basico-concurso?srsltid=AfmBOopqN09QHdt4LNe7lk-bntbmmTY1WXhK5n0Zqc3hiEkLMvWuvbdb\">Apostila B\u00e1sico para Concursos<\/a> \u00e9 a escolha certa. Com conte\u00fado direto ao ponto e linguagem pr\u00e1tica, ela re\u00fane as disciplinas mais comuns em editais de n\u00edvel m\u00e9dio e t\u00e9cnico.<\/p>\n\n\n\n<h3 class=\"wp-block-heading\">Curso Online Guia da Aprova\u00e7\u00e3o<\/h3>\n\n\n\n<p>Com o professor Guilherme Volts, o Curso Online Guia da Aprova\u00e7\u00e3o oferece um plano de estudos eficiente, com foco em organiza\u00e7\u00e3o, revis\u00e3o estrat\u00e9gica e pr\u00e1tica direcionada. \u00c9 a op\u00e7\u00e3o ideal para quem quer alcan\u00e7ar alto desempenho e garantir sua vaga no concurso MTE com confian\u00e7a e seguran\u00e7a.<\/p>\n\n\n\n<div class=\"nova-continue-reading\">Adquira agora: <a href=\"https:\/\/www.novaconcursos.com.br\/curso-online\/guia-aprovacao\">Curso Online Guia da Aprova\u00e7\u00e3o!<\/a><\/div>\n\n\n\n<h2 class=\"wp-block-heading\" id=\"concurso-mte-participou-do-cnu-2024\">Concurso MTE participou do CNU 2024<\/h2>\n\n\n\n<p>O Minist\u00e9rio do Trabalho e Emprego (MTE), por meio do Concurso Nacional Unificado, ofertou <strong>900 vagas <\/strong>de n\u00edvel superior para o cargo de Auditor Fiscal do Trabalho.<\/p>\n\n\n\n<p>As vagas foram disponibilizadas no Bloco Tem\u00e1tico 4 \u2013 Trabalho e Sa\u00fade do Servidor, para a especialidade de Auditoria e Fiscaliza\u00e7\u00e3o.<\/p>\n\n\n\n<p>O cargo previa carga hor\u00e1ria de trabalho de 40 horas semanais e garantia uma remunera\u00e7\u00e3o inicial de R$ 22.921,71.<\/p>\n\n\n\n<h3 class=\"wp-block-heading\">Requisitos<\/h3>\n\n\n\n<p>As exig\u00eancias b\u00e1sicas para admiss\u00e3o no cargo de Auditor Fiscal do Trabalho no concurso MTE foram:<\/p>\n\n\n\n<ul class=\"wp-block-list\"><li>Ter nacionalidade brasileira ou portuguesa e, em caso de nacionalidade portuguesa, estar amparado pelo estatuto de igualdade entre brasileiros e portugueses, com reconhecimento de direitos e obriga\u00e7\u00f5es civis e de gozo de direitos pol\u00edticos;<\/li>\n\n\n\n<li>Estar em dia com as obriga\u00e7\u00f5es eleitorais;<\/li>\n\n\n\n<li>Estar em dia com as obriga\u00e7\u00f5es militares, no caso de candidato brasileiro do sexo masculino;<\/li>\n\n\n\n<li>Ter, na data de admiss\u00e3o, idade m\u00ednima de 18 (dezoito) anos completos;<\/li>\n\n\n\n<li>A convoca\u00e7\u00e3o para o exame m\u00e9dico admissional ficou sob responsabilidade dos \u00f3rg\u00e3os aderentes ao Concurso P\u00fablico Nacional Unificado, para a investidura nos respectivos cargos;<\/li>\n\n\n\n<li>Ter sido aprovado no Concurso P\u00fablico Nacional Unificado e preencher os requisitos previstos no edital;<\/li>\n\n\n\n<li>N\u00e3o estar incompatibilizado para nova investidura em cargo p\u00fablico federal, nos termos dispostos no art. 137 da Lei Federal n\u00ba 8.112\/1990, e suas altera\u00e7\u00f5es.<\/li>\n<\/ul><p>Al\u00e9m disso, a carreira exigiu certificado de conclus\u00e3o ou diploma de curso superior, em qualquer \u00e1rea, devidamente registrado e fornecido por institui\u00e7\u00e3o de ensino superior reconhecida pelo Minist\u00e9rio da Educa\u00e7\u00e3o (MEC).<\/p>\n\n\n\n<h3 class=\"wp-block-heading\">Etapas de Sele\u00e7\u00e3o<\/h3>\n\n\n\n<p>O concurso MTE foi realizado em 4 etapas, sendo elas:<\/p>\n\n\n\n<ul class=\"wp-block-list\"><li>Prova objetiva, de car\u00e1ter eliminat\u00f3rio e classificat\u00f3rio;<\/li>\n\n\n\n<li>Prova discursiva, de car\u00e1ter eliminat\u00f3rio e classificat\u00f3rio;<\/li>\n\n\n\n<li>Per\u00edcia m\u00e9dica (avalia\u00e7\u00e3o biopsicossocial) dos candidatos que se declararam com defici\u00eancia, para verifica\u00e7\u00e3o da condi\u00e7\u00e3o, de car\u00e1ter eliminat\u00f3rio;<\/li>\n\n\n\n<li>Procedimento de verifica\u00e7\u00e3o da condi\u00e7\u00e3o declarada para concorrer \u00e0s vagas reservadas a candidatos negros.<\/li>\n<\/ul><p>Ap\u00f3s o adiamento das provas, o certame foi realizado no dia 18 de agosto de 2024.<\/p>\n\n\n\n<p>No per\u00edodo da manh\u00e3, foram aplicadas as provas de Conhecimentos Gerais e a prova discursiva. No turno da tarde, ocorreu a prova de Conhecimentos Espec\u00edficos.<\/p>\n\n\n\n<h3 class=\"wp-block-heading\">Prova Objetiva<\/h3>\n\n\n\n<p>A prova objetiva foi composta por 70 quest\u00f5es de m\u00faltipla escolha, divididas entre Conhecimentos Gerais (20) e Conhecimentos Espec\u00edficos (50).<\/p>\n\n\n\n<p>Os conhecimentos gerais abrangeram as disciplinas de Pol\u00edticas P\u00fablicas, Desafios do Estado de Direito: Democracia e Cidadania, \u00c9tica e Integridade, Diversidade e Inclus\u00e3o na Sociedade, Administra\u00e7\u00e3o P\u00fablica Federal e Finan\u00e7as P\u00fablicas.<\/p>\n\n\n\n<p>Nos conhecimentos espec\u00edficos, foram avaliados os conte\u00fados de Gest\u00e3o Governamental e Governan\u00e7a P\u00fablica, Pol\u00edticas P\u00fablicas, Sociologia e Psicologia Aplicadas ao Trabalho, Seguran\u00e7a e Sa\u00fade do Trabalhador e da Trabalhadora e Direito do Trabalho.<\/p>\n\n\n\n<p>Em uma escala de 0 a 100 pontos, foi eliminado o candidato que obteve aproveitamento inferior a 40% da pontua\u00e7\u00e3o total nas provas.<\/p>\n\n\n\n<h3 class=\"wp-block-heading\">Prova Discursiva<\/h3>\n\n\n\n<p>A prova discursiva consistiu em uma quest\u00e3o dissertativa baseada no conte\u00fado program\u00e1tico espec\u00edfico.<\/p>\n\n\n\n<p>Os candidatos foram avaliados em uma escala de 0 a 100 pontos, considerando os aspectos de conhecimentos espec\u00edficos da \u00e1rea e o uso do idioma.<\/p>\n\n\n\n<p>Foi considerado eliminado o candidato que obteve nota zero na prova discursiva ou que elaborou um texto assinado e\/ou com qualquer marca que permitisse sua identifica\u00e7\u00e3o.<\/p>\n\n\n\n<h2 class=\"wp-block-heading\" id=\"conhea-o-mte\">Conhe\u00e7a o MTE<\/h2>\n\n\n\n<p>O <a href=\"https:\/\/www.gov.br\/trabalho-e-emprego\/pt-br\" target=\"_blank\" rel=\"noopener\">Minist\u00e9rio do Trabalho e Emprego (MTE)<\/a> \u00e9 respons\u00e1vel por formular e executar pol\u00edticas p\u00fablicas voltadas ao trabalho, emprego, renda e rela\u00e7\u00f5es laborais no Brasil. Criado em 26 de novembro de 1930, o \u00f3rg\u00e3o atua na moderniza\u00e7\u00e3o das rela\u00e7\u00f5es de trabalho e na garantia de direitos dos trabalhadores.<\/p>\n\n\n\n<p>Entre suas principais atribui\u00e7\u00f5es est\u00e3o a fiscaliza\u00e7\u00e3o das normas trabalhistas, a intermedia\u00e7\u00e3o de m\u00e3o de obra, a qualifica\u00e7\u00e3o profissional, a emiss\u00e3o da carteira de trabalho, o registro sindical, al\u00e9m da gest\u00e3o de fundos como o FGTS e o FAT.<\/p>\n\n\n\n<p>O MTE tamb\u00e9m promove pol\u00edticas para <strong>inclus\u00e3o social<\/strong>, <strong>seguran\u00e7a no trabalho<\/strong>, e <strong>apoio \u00e0 economia solid\u00e1ria<\/strong>, atuando por meio de secretarias especializadas e unidades regionais em todo o pa\u00eds.<\/p>","protected":false},"excerpt":{"rendered":"<p>Um novo concurso MTE (Minist\u00e9rio do Trabalho e Emprego)\u00a0foi solicitado com 2.382 vagas para cargos de n\u00edveis m\u00e9dio e superior. Confira!<\/p>\n","protected":false},"author":54696,"featured_media":286181,"comment_status":"closed","ping_status":"closed","sticky":false,"template":"","format":"standard","meta":{"_acf_changed":false,"footnotes":"","_wp_rev_ctl_limit":""},"categories":[44999,44978,228],"tags":[8068,45031],"class_list":["post-22076","post","type-post","status-publish","format-standard","has-post-thumbnail","hentry","category-concursos","category-nacional","category-noticias","tag-concurso-mte","tag-concursos-abertos-nacionais"],"acf":[],"_links":{"self":[{"href":"https:\/\/www.novaconcursos.com.br\/portal\/wp-json\/wp\/v2\/posts\/22076","targetHints":{"allow":["GET"]}}],"collection":[{"href":"https:\/\/www.novaconcursos.com.br\/portal\/wp-json\/wp\/v2\/posts"}],"about":[{"href":"https:\/\/www.novaconcursos.com.br\/portal\/wp-json\/wp\/v2\/types\/post"}],"author":[{"embeddable":true,"href":"https:\/\/www.novaconcursos.com.br\/portal\/wp-json\/wp\/v2\/users\/54696"}],"replies":[{"embeddable":true,"href":"https:\/\/www.novaconcursos.com.br\/portal\/wp-json\/wp\/v2\/comments?post=22076"}],"version-history":[{"count":16,"href":"https:\/\/www.novaconcursos.com.br\/portal\/wp-json\/wp\/v2\/posts\/22076\/revisions"}],"predecessor-version":[{"id":286182,"href":"https:\/\/www.novaconcursos.com.br\/portal\/wp-json\/wp\/v2\/posts\/22076\/revisions\/286182"}],"wp:featuredmedia":[{"embeddable":true,"href":"https:\/\/www.novaconcursos.com.br\/portal\/wp-json\/wp\/v2\/media\/286181"}],"wp:attachment":[{"href":"https:\/\/www.novaconcursos.com.br\/portal\/wp-json\/wp\/v2\/media?parent=22076"}],"wp:term":[{"taxonomy":"category","embeddable":true,"href":"https:\/\/www.novaconcursos.com.br\/portal\/wp-json\/wp\/v2\/categories?post=22076"},{"taxonomy":"post_tag","embeddable":true,"href":"https:\/\/www.novaconcursos.com.br\/portal\/wp-json\/wp\/v2\/tags?post=22076"}],"curies":[{"name":"wp","href":"https:\/\/api.w.org\/{rel}","templated":true}]}}