{"id":221194,"date":"2026-08-24T14:30:33","date_gmt":"2026-08-24T17:30:33","guid":{"rendered":"https:\/\/www.novaconcursos.com.br\/portal\/?post_type=nc-public-tender&#038;p=221194"},"modified":"2026-08-24T14:30:40","modified_gmt":"2026-08-24T17:30:40","slug":"enam","status":"publish","type":"post","link":"https:\/\/www.novaconcursos.com.br\/portal\/concursos\/enam\/","title":{"rendered":"Concurso ENAM 2026: Edital publicado para o Exame Nacional de Magistratura!"},"content":{"rendered":"<p class=\"wp-block-paragraph\">O <strong>Concurso<\/strong> <strong>ENAM 2026<\/strong> \u00e9 a 6\u00aa edi\u00e7\u00e3o do Exame Nacional da Magistratura, processo seletivo nacional e unificado promovido pela Escola Nacional de Forma\u00e7\u00e3o e Aperfei\u00e7oamento de Magistrados (Enfam) com o objetivo de habilitar candidatos para concursos da magistratura. Por se tratar de um exame de car\u00e1ter eliminat\u00f3rio e n\u00e3o classificat\u00f3rio, n\u00e3o h\u00e1 disputa por vagas. O certificado de habilita\u00e7\u00e3o emitido pela Enfam tem validade de <strong>dois anos<\/strong>, podendo ser prorrogado uma \u00fanica vez.<\/p>\n\n\n\n    <div class=\"nova-resumo-edital\">\n        <h2 class=\"nova-resumo-edital-title\" id=\"resumo-edital\">Resumo Edital<\/h2>\n        <ul class=\"nova-resumo-edital-list nova-menu\"><li>\n                <img decoding=\"async\" width=\"24\" height=\"24\" loading=\"lazy\" src=\"https:\/\/www.novaconcursos.com.br\/portal\/wp-content\/themes\/nova-theme\/includes\/assets\/img\/person.svg\" aria-hidden=\"true\" alt=\"\u00edcone pessoa\" title=\"\"><span>\n                    <b>Vagas: <\/b> N\u00e3o se aplica\n                <\/span>\n            <\/li>\n            <li>\n                <img decoding=\"async\" width=\"24\" height=\"24\" loading=\"lazy\" src=\"https:\/\/www.novaconcursos.com.br\/portal\/wp-content\/themes\/nova-theme\/includes\/assets\/img\/inscricoes.svg\" aria-hidden=\"true\" alt=\"\u00edcone pessoa\" title=\"\"><span>\n                    <b>Per\u00edodo de inscri\u00e7\u00f5es: <\/b> 24\/08\/2026 a 24\/09\/2026\n                <\/span>\n            <\/li>\n            <li>\n                <img decoding=\"async\" width=\"24\" height=\"24\" loading=\"lazy\" src=\"https:\/\/www.novaconcursos.com.br\/portal\/wp-content\/themes\/nova-theme\/includes\/assets\/img\/taxa-inscricao.svg\" aria-hidden=\"true\" alt=\"\u00edcone pessoa\" title=\"\"><span>\n                    <b>Taxa de inscri\u00e7\u00e3o: <\/b> R$ 120,00\n                <\/span>\n            <\/li>\n            <li>\n                <img decoding=\"async\" width=\"24\" height=\"24\" loading=\"lazy\" src=\"https:\/\/www.novaconcursos.com.br\/portal\/wp-content\/themes\/nova-theme\/includes\/assets\/img\/prova.svg\" aria-hidden=\"true\" alt=\"\u00edcone pessoa\" title=\"\"><span>\n                    <b>Prova: <\/b> 29\/11\/2026\n                <\/span>\n            <\/li>\n            <li>\n                <img decoding=\"async\" width=\"24\" height=\"24\" loading=\"lazy\" src=\"https:\/\/www.novaconcursos.com.br\/portal\/wp-content\/themes\/nova-theme\/includes\/assets\/img\/banca.svg\" aria-hidden=\"true\" alt=\"\u00edcone pessoa\" title=\"\"><span>\n                    <b>Banca: <\/b> Funda\u00e7\u00e3o Getulio Vargas (FGV)\n                <\/span>\n            <\/li>\n        <\/ul><div class=\"nova-resumo-edital-baixar\">\n            <a href=\"https:\/\/www.novaconcursos.com.br\/portal\/wp-content\/uploads\/2026\/08\/Concurso-ENAM-2026-Edital.pdf\" target=\"_blank\" rel=\"noopener\">\n                Baixe aqui o edital\n            <\/a>\n        <\/div>\n    <\/div>\n\n\n\n<p class=\"wp-block-paragraph\">As <strong>inscri\u00e7\u00f5es<\/strong> poder\u00e3o ser realizadas entre os dias <strong>25 de agosto e 24 de setembro<\/strong>, enquanto a <strong>prova<\/strong> est\u00e1 prevista para o dia <strong>29 de novembro de 2026<\/strong>. Se voc\u00ea ficou interessado(a), continue a leitura e confira todos os detalhes sobre requisitos, inscri\u00e7\u00f5es, prova e cronograma do ENAM 2026.<\/p>\n\n\n\n<h2 class=\"wp-block-heading\" id=\"como-fazer-a-inscrio-no-concurso-enam-2026\">Como fazer a inscri\u00e7\u00e3o no concurso ENAM 2026?<\/h2>\n\n\n\n<p class=\"wp-block-paragraph\">As inscri\u00e7\u00f5es para o concurso ENAM 2026 dever\u00e3o ser realizadas exclusivamente pela internet, por meio do site da <a href=\"https:\/\/conhecimento.fgv.br\/exames\/enam\/6exame\" target=\"_blank\" rel=\"noreferrer noopener\">Funda\u00e7\u00e3o Getulio Vargas (FGV)<\/a>, banca organizadora respons\u00e1vel pelo exame.<\/p>\n\n\n\n<p class=\"wp-block-paragraph\">O per\u00edodo de inscri\u00e7\u00e3o estar\u00e1 aberto entre as <strong>16 horas do dia 25 de agosto e as 16 horas do dia 24 de setembro de 2026<\/strong>. Para participar, o candidato dever\u00e1 acessar a p\u00e1gina do 6\u00ba ENAM no portal da FGV, preencher o formul\u00e1rio eletr\u00f4nico com os dados solicitados e concluir a inscri\u00e7\u00e3o dentro do prazo estabelecido.<\/p>\n\n\n\n<p class=\"wp-block-paragraph\">Ap\u00f3s essa etapa, ser\u00e1 necess\u00e1rio efetuar o pagamento da taxa de inscri\u00e7\u00e3o at\u00e9 o dia <strong>25 de setembro de 2026<\/strong>. A inscri\u00e7\u00e3o somente ser\u00e1 validada ap\u00f3s a confirma\u00e7\u00e3o do pagamento pela rede banc\u00e1ria ou ap\u00f3s o deferimento do pedido de isen\u00e7\u00e3o.<\/p>\n\n\n\n<h3 class=\"wp-block-heading\">Valor da taxa de inscri\u00e7\u00e3o<\/h3>\n\n\n\n<p class=\"wp-block-paragraph\">O valor estabelecido para participa\u00e7\u00e3o no exame \u00e9:<\/p>\n\n\n\n<ul class=\"wp-block-list\"><li><strong>R$ 120,00<\/strong> de taxa de inscri\u00e7\u00e3o.<\/li>\n<\/ul><p class=\"wp-block-paragraph\">O pagamento dever\u00e1 ser realizado at\u00e9 o dia <strong>25 de setembro de 2026<\/strong>, conforme as orienta\u00e7\u00f5es estabelecidas no edital.<\/p>\n\n\n\n<h3 class=\"wp-block-heading\">Isen\u00e7\u00e3o da taxa de inscri\u00e7\u00e3o<\/h3>\n\n\n\n<p class=\"wp-block-paragraph\">Os pedidos de isen\u00e7\u00e3o da taxa poder\u00e3o ser realizados entre as <strong>16 horas do dia 25 de agosto e as 16 horas do dia 8 de setembro de 2026<\/strong>, juntamente com o procedimento de inscri\u00e7\u00e3o.<\/p>\n\n\n\n<p class=\"wp-block-paragraph\">De acordo com o edital, poder\u00e3o solicitar o benef\u00edcio as pessoas que se enquadrarem em uma das hip\u00f3teses previstas, incluindo:<\/p>\n\n\n\n<ul class=\"wp-block-list\"><li><strong>Inscritos no Cadastro \u00danico para Programas Sociais do Governo Federal (Cad\u00danico)<\/strong>, conforme os crit\u00e9rios estabelecidos no edital;<\/li>\n\n\n\n<li><strong>Pessoas que se enquadrem nas condi\u00e7\u00f5es previstas na Lei n\u00ba 13.656\/2018<\/strong>;<\/li>\n\n\n\n<li><strong>Candidatos com renda igual ou inferior ao limite de isen\u00e7\u00e3o do Imposto de Renda da Pessoa F\u00edsica<\/strong>, mediante a devida comprova\u00e7\u00e3o;<\/li>\n\n\n\n<li><strong>Doadores de medula \u00f3ssea<\/strong>, mediante apresenta\u00e7\u00e3o da documenta\u00e7\u00e3o exigida.<\/li>\n<\/ul><p class=\"wp-block-paragraph\">Para solicitar a isen\u00e7\u00e3o, ser\u00e1 necess\u00e1rio realizar o pedido dentro do per\u00edodo estabelecido e apresentar as informa\u00e7\u00f5es e os documentos comprobat\u00f3rios correspondentes \u00e0 condi\u00e7\u00e3o declarada, conforme as regras do edital.<\/p>\n\n\n\n<h2 class=\"wp-block-heading\" id=\"requisitos\">Requisitos<\/h2>\n\n\n\n<p class=\"wp-block-paragraph\">O Exame Nacional da Magistratura (Concurso ENAM 2026) \u00e9 destinado especialmente aos bachar\u00e9is em Direito que pretendem ingressar na magistratura. A habilita\u00e7\u00e3o no exame n\u00e3o representa nomea\u00e7\u00e3o para o cargo de juiz e n\u00e3o substitui as demais etapas dos concursos promovidos pelos tribunais.<\/p>\n\n\n\n<h3 class=\"wp-block-heading\">Requisitos gerais<\/h3>\n\n\n\n<ul class=\"wp-block-list\"><li>Ter nacionalidade brasileira, nata ou naturalizada, ou nacionalidade portuguesa amparada pelo Decreto n\u00ba 70.391\/1972;<\/li>\n\n\n\n<li>Ter conclu\u00eddo o curso de Gradua\u00e7\u00e3o em Direito, em institui\u00e7\u00e3o p\u00fablica ou privada reconhecida pelo Minist\u00e9rio da Educa\u00e7\u00e3o (MEC), at\u00e9 o \u00faltimo dia do per\u00edodo de inscri\u00e7\u00f5es;<\/li>\n\n\n\n<li>Apresentar, no formul\u00e1rio de inscri\u00e7\u00e3o, a documenta\u00e7\u00e3o comprobat\u00f3ria da conclus\u00e3o da Gradua\u00e7\u00e3o em Direito;<\/li>\n\n\n\n<li>Estar quite com as obriga\u00e7\u00f5es militares, quando aplic\u00e1vel;<\/li>\n\n\n\n<li>Estar quite com as obriga\u00e7\u00f5es eleitorais;<\/li>\n\n\n\n<li>Observar que diplomas de programas de P\u00f3s-Gradua\u00e7\u00e3o em Direito n\u00e3o substituem o comprovante de conclus\u00e3o do Bacharelado em Direito.<\/li>\n<\/ul><h3 class=\"wp-block-heading\">Validade do certificado<\/h3>\n\n\n\n<ul class=\"wp-block-list\"><li>O certificado de habilita\u00e7\u00e3o no ENAM ter\u00e1 validade de dois anos, contados da data de sua emiss\u00e3o pela ENFAM;<\/li>\n\n\n\n<li>A validade poder\u00e1 ser prorrogada uma \u00fanica vez por igual per\u00edodo, de forma autom\u00e1tica, salvo justificativa fundamentada da Dire\u00e7\u00e3o-Geral da ENFAM aprovada pelo Conselho Nacional de Justi\u00e7a (CNJ);<\/li>\n\n\n\n<li>Ap\u00f3s a homologa\u00e7\u00e3o do resultado final, a ENFAM dever\u00e1 emitir o certificado digital de habilita\u00e7\u00e3o em at\u00e9 30 dias.<\/li>\n<\/ul><figure class=\"wp-block-image size-large\"><img decoding=\"async\" width=\"1024\" height=\"574\" src=\"https:\/\/www.novaconcursos.com.br\/portal\/wp-content\/uploads\/2026\/08\/magistrada-sentada-1024x574.webp\" alt=\"\" class=\"wp-image-313654\" loading=\"lazy\" title=\"\" srcset=\"https:\/\/www.novaconcursos.com.br\/portal\/wp-content\/uploads\/2026\/08\/magistrada-sentada-300x168.webp 300w, https:\/\/www.novaconcursos.com.br\/portal\/wp-content\/uploads\/2026\/08\/magistrada-sentada-480x269.webp 480w, https:\/\/www.novaconcursos.com.br\/portal\/wp-content\/uploads\/2026\/08\/magistrada-sentada-768x430.webp 768w, https:\/\/www.novaconcursos.com.br\/portal\/wp-content\/uploads\/2026\/08\/magistrada-sentada-1024x574.webp 1024w, https:\/\/www.novaconcursos.com.br\/portal\/wp-content\/uploads\/2026\/08\/magistrada-sentada-1536x861.webp 1536w, https:\/\/www.novaconcursos.com.br\/portal\/wp-content\/uploads\/2026\/08\/magistrada-sentada-2048x1148.webp 2048w\" sizes=\"auto, (max-width: 480px) 100vw, (max-width: 768px) 100vw, (max-width: 1200px) 70vw, 768px\"><figcaption class=\"wp-element-caption\">Concurso ENAM 2026: Exame para a \u00e1rea jur\u00eddica tem edital publicado!<\/figcaption><\/figure><h2 class=\"wp-block-heading\" id=\"etapas-e-provas-do-concurso-enam-2026\">Etapas e provas do concurso ENAM 2026<\/h2>\n\n\n\n<p class=\"wp-block-paragraph\">O concurso ENAM 2026 ser\u00e1 realizado em <strong>uma \u00fanica etapa<\/strong>, composta por prova objetiva de car\u00e1ter exclusivamente eliminat\u00f3rio.<\/p>\n\n\n\n<p class=\"wp-block-paragraph\">A organiza\u00e7\u00e3o e a execu\u00e7\u00e3o ficar\u00e3o sob responsabilidade da <strong>FGV<\/strong>, com supervis\u00e3o das comiss\u00f5es Executiva e Acad\u00eamica e aux\u00edlio das subcomiss\u00f5es institu\u00eddas pela ENFAM.<\/p>\n\n\n\n<h3 class=\"wp-block-heading\">Prova objetiva<\/h3>\n\n\n\n<p class=\"wp-block-paragraph\">A prova objetiva est\u00e1 prevista para o dia <strong>29 de novembro de 2026<\/strong>, das <strong>13h \u00e0s 18h<\/strong>, conforme o hor\u00e1rio oficial de Bras\u00edlia.<\/p>\n\n\n\n<p class=\"wp-block-paragraph\">A avalia\u00e7\u00e3o ter\u00e1 dura\u00e7\u00e3o de <strong>5 horas<\/strong>, e os port\u00f5es ser\u00e3o fechados \u00e0s <strong>12h30<\/strong>.<\/p>\n\n\n\n<p class=\"wp-block-paragraph\">A prova ser\u00e1 composta por <strong>80 quest\u00f5es de m\u00faltipla escolha<\/strong>, com cinco alternativas e apenas uma resposta correta. Todas as quest\u00f5es ter\u00e3o o mesmo valor.<\/p>\n\n\n\n<h3 class=\"wp-block-heading\">Disciplinas<\/h3>\n\n\n\n<p class=\"wp-block-paragraph\">A prova objetiva contar\u00e1 com a seguinte distribui\u00e7\u00e3o:<\/p>\n\n\n\n<ul class=\"wp-block-list\"><li>Direito Constitucional: 16 quest\u00f5es;<\/li>\n\n\n\n<li>Direito Administrativo: 10 quest\u00f5es;<\/li>\n\n\n\n<li>No\u00e7\u00f5es Gerais de Direito e Forma\u00e7\u00e3o Human\u00edstica: 6 quest\u00f5es;<\/li>\n\n\n\n<li>Direitos Humanos: 6 quest\u00f5es;<\/li>\n\n\n\n<li>Direito Processual Civil: 12 quest\u00f5es;<\/li>\n\n\n\n<li>Direito Civil: 12 quest\u00f5es;<\/li>\n\n\n\n<li>Direito Empresarial: 6 quest\u00f5es;<\/li>\n\n\n\n<li>Direito Penal: 12 quest\u00f5es.<\/li>\n<\/ul><p class=\"wp-block-paragraph\">Em Direito Constitucional, poder\u00e3o ser cobradas tamb\u00e9m quest\u00f5es de <strong>Direito Constitucional do Trabalho, Direito Constitucional Tribut\u00e1rio e normas constitucionais de Processo Penal<\/strong>.<\/p>\n\n\n\n<h3 class=\"wp-block-heading\">Cidades de aplica\u00e7\u00e3o<\/h3>\n\n\n\n<p class=\"wp-block-paragraph\">A prova ser\u00e1 aplicada nas <strong>capitais dos estados e em Bras\u00edlia\/DF<\/strong>, conforme a cidade escolhida pelo candidato no momento da inscri\u00e7\u00e3o.<\/p>\n\n\n\n<p class=\"wp-block-paragraph\">As cidades dispon\u00edveis ser\u00e3o:<\/p>\n\n\n\n<ul class=\"wp-block-list\"><li><strong>Norte:<\/strong> Rio Branco\/AC, Macap\u00e1\/AP, Manaus\/AM, Bel\u00e9m\/PA, Porto Velho\/RO, Boa Vista\/RR e Palmas\/TO;<\/li>\n\n\n\n<li><strong>Nordeste:<\/strong> Aracaju\/SE, Fortaleza\/CE, Jo\u00e3o Pessoa\/PB, Macei\u00f3\/AL, Natal\/RN, Recife\/PE, Salvador\/BA, S\u00e3o Lu\u00eds\/MA e Teresina\/PI;<\/li>\n\n\n\n<li><strong>Centro-Oeste:<\/strong> Bras\u00edlia\/DF, Goi\u00e2nia\/GO, Campo Grande\/MS e Cuiab\u00e1\/MT;<\/li>\n\n\n\n<li><strong>Sudeste:<\/strong> Belo Horizonte\/MG, Rio de Janeiro\/RJ, S\u00e3o Paulo\/SP e Vit\u00f3ria\/ES;<\/li>\n\n\n\n<li><strong>Sul:<\/strong> Curitiba\/PR, Florian\u00f3polis\/SC e Porto Alegre\/RS.<\/li>\n<\/ul><h2 class=\"wp-block-heading\" id=\"o-que-cai-na-prova-do-concurso-enam-2026\">O que cai na prova do concurso ENAM 2026?<\/h2>\n\n\n\n<p class=\"wp-block-paragraph\">A prova do concurso ENAM 2026 exige uma prepara\u00e7\u00e3o ampla, com forte concentra\u00e7\u00e3o nas principais \u00e1reas jur\u00eddicas. Entre os conte\u00fados previstos est\u00e3o Direito Constitucional, Direito Administrativo, Direito Processual Civil, Direito Civil, Direito Empresarial e Direito Penal, al\u00e9m de Direitos Humanos e No\u00e7\u00f5es Gerais de Direito e Forma\u00e7\u00e3o Human\u00edstica.<\/p>\n\n\n\n<p class=\"wp-block-paragraph\">Em <strong>Direito Constitucional<\/strong>, o candidato deve dominar desde teoria da Constitui\u00e7\u00e3o e direitos fundamentais at\u00e9 organiza\u00e7\u00e3o dos Poderes, controle de constitucionalidade e sistema tribut\u00e1rio. J\u00e1 <strong>Direito Administrativo<\/strong> abrange temas como atos e agentes p\u00fablicos, licita\u00e7\u00f5es, contratos, servi\u00e7os p\u00fablicos, responsabilidade civil do Estado e controle da Administra\u00e7\u00e3o.<\/p>\n\n\n\n<p class=\"wp-block-paragraph\"><strong>Direito Processual Civil<\/strong> aparece de forma extensa, passando por jurisdi\u00e7\u00e3o, compet\u00eancia, sujeitos do processo, provas, decis\u00f5es, recursos, execu\u00e7\u00e3o, precedentes, a\u00e7\u00f5es coletivas e meios adequados de solu\u00e7\u00e3o de conflitos. Em <strong>Direito Civil<\/strong>, a cobran\u00e7a inclui pessoas, neg\u00f3cios jur\u00eddicos, obriga\u00e7\u00f5es, contratos, responsabilidade civil, direitos reais, fam\u00edlia, sucess\u00f5es e direito do consumidor.<\/p>\n\n\n\n<p class=\"wp-block-paragraph\">O edital ainda re\u00fane <strong>Direito Empresarial<\/strong>, com sociedades, contratos empresariais, t\u00edtulos de cr\u00e9dito, recupera\u00e7\u00e3o judicial e fal\u00eancia, e <strong>Direito Penal<\/strong>, que contempla teoria do crime, penas, concurso de pessoas, a\u00e7\u00e3o penal e crimes em esp\u00e9cie.<\/p>\n\n\n\n<p class=\"wp-block-paragraph\">Outro eixo importante \u00e9 a forma\u00e7\u00e3o human\u00edstica. Nessa parte, entram temas como \u00e9tica da magistratura, sociologia e psicologia judici\u00e1ria, filosofia e teoria geral do Direito, direito digital, intelig\u00eancia artificial, tomada de decis\u00e3o judicial e antidiscrimina\u00e7\u00e3o. <strong>Direitos Humanos<\/strong> tamb\u00e9m merece aten\u00e7\u00e3o, especialmente quanto aos sistemas internacional e interamericano de prote\u00e7\u00e3o, controle de convencionalidade e direitos dos povos origin\u00e1rios.<\/p>\n\n\n\n<p class=\"wp-block-paragraph\">Como o conte\u00fado \u00e9 bastante abrangente, a prepara\u00e7\u00e3o tende a funcionar melhor com revis\u00e3o constante da legisla\u00e7\u00e3o, estudo de jurisprud\u00eancia e resolu\u00e7\u00e3o frequente de quest\u00f5es, especialmente nos grandes blocos de Direito Constitucional, Administrativo, Processual Civil, Civil e Penal.<\/p>\n\n\n\n<h2 class=\"wp-block-heading\" id=\"materiais-preparatrios-para-o-concurso-enam-2026\">Materiais preparat\u00f3rios para o concurso ENAM 2026<\/h2>\n\n\n\n<p class=\"wp-block-paragraph\">A prepara\u00e7\u00e3o para o <strong>concurso<\/strong> <strong>ENAM 2026<\/strong> exige dom\u00ednio dos conte\u00fados jur\u00eddicos, const\u00e2ncia nos estudos e uma rotina bem planejada. Utilizar materiais de apoio de qualidade pode facilitar a revis\u00e3o das disciplinas e contribuir para um aprendizado mais eficiente.<\/p>\n\n\n\n<p class=\"wp-block-paragraph\">A <strong>Nova Concursos<\/strong> oferece materiais completos e atualizados para quem busca fortalecer os conhecimentos e se preparar para avalia\u00e7\u00f5es da \u00e1rea jur\u00eddica, com conte\u00fado organizado e linguagem acess\u00edvel.<\/p>\n\n\n\n<p class=\"wp-block-paragraph\">Comece sua prepara\u00e7\u00e3o com anteced\u00eancia e aproveite cada etapa dos estudos para aprofundar os temas essenciais para um bom desempenho no exame.<\/p>\n\n\n\n<h3 class=\"wp-block-heading\">Apostila Direito Constitucional para Concursos<\/h3>\n\n\n\n<p class=\"wp-block-paragraph\">A <strong>Apostila Direito Constitucional para Concursos<\/strong> da Nova Concursos \u00e9 uma excelente op\u00e7\u00e3o para refor\u00e7ar uma das principais \u00e1reas do Direito. Com teoria organizada e conte\u00fado atualizado, o material facilita o estudo e a revis\u00e3o dos temas de Direito Constitucional cobrados em concursos e exames.<\/p>\n\n\n\n<p class=\"wp-block-paragraph\"><\/p><div class=\"nova-continue-reading\">Estude com a <a href=\"https:\/\/www.novaconcursos.com.br\/apostila\/direito-constitucional-concursos\">apostila Direito Constitucional para Concursos<\/a>!<\/div>","protected":false},"excerpt":{"rendered":"<p>Concurso ENAM 2026 \u00e9 organizado pela FGV, ter\u00e1 aplica\u00e7\u00e3o nacional e provas em novembro! Saiba mais. <\/p>\n","protected":false},"author":54693,"featured_media":313656,"comment_status":"closed","ping_status":"closed","sticky":false,"template":"","format":"standard","meta":{"_acf_changed":false,"footnotes":"","_wp_rev_ctl_limit":""},"categories":[44999,44978,44946],"tags":[46019,45031],"class_list":["post-221194","post","type-post","status-publish","format-standard","has-post-thumbnail","hentry","category-concursos","category-nacional","category-carreira-juridica","tag-concurso-enam","tag-concursos-abertos-nacionais"],"acf":[],"_links":{"self":[{"href":"https:\/\/www.novaconcursos.com.br\/portal\/wp-json\/wp\/v2\/posts\/221194","targetHints":{"allow":["GET"]}}],"collection":[{"href":"https:\/\/www.novaconcursos.com.br\/portal\/wp-json\/wp\/v2\/posts"}],"about":[{"href":"https:\/\/www.novaconcursos.com.br\/portal\/wp-json\/wp\/v2\/types\/post"}],"author":[{"embeddable":true,"href":"https:\/\/www.novaconcursos.com.br\/portal\/wp-json\/wp\/v2\/users\/54693"}],"replies":[{"embeddable":true,"href":"https:\/\/www.novaconcursos.com.br\/portal\/wp-json\/wp\/v2\/comments?post=221194"}],"version-history":[{"count":18,"href":"https:\/\/www.novaconcursos.com.br\/portal\/wp-json\/wp\/v2\/posts\/221194\/revisions"}],"predecessor-version":[{"id":313776,"href":"https:\/\/www.novaconcursos.com.br\/portal\/wp-json\/wp\/v2\/posts\/221194\/revisions\/313776"}],"wp:featuredmedia":[{"embeddable":true,"href":"https:\/\/www.novaconcursos.com.br\/portal\/wp-json\/wp\/v2\/media\/313656"}],"wp:attachment":[{"href":"https:\/\/www.novaconcursos.com.br\/portal\/wp-json\/wp\/v2\/media?parent=221194"}],"wp:term":[{"taxonomy":"category","embeddable":true,"href":"https:\/\/www.novaconcursos.com.br\/portal\/wp-json\/wp\/v2\/categories?post=221194"},{"taxonomy":"post_tag","embeddable":true,"href":"https:\/\/www.novaconcursos.com.br\/portal\/wp-json\/wp\/v2\/tags?post=221194"}],"curies":[{"name":"wp","href":"https:\/\/api.w.org\/{rel}","templated":true}]}}