{"id":221425,"date":"2024-11-14T05:00:00","date_gmt":"2024-11-14T08:00:00","guid":{"rendered":"https:\/\/www.novaconcursos.com.br\/portal\/?post_type=nc-public-tender&#038;p=221425"},"modified":"2024-12-26T11:34:35","modified_gmt":"2024-12-26T14:34:35","slug":"prefeitura-ribeirao-neves-mg","status":"publish","type":"post","link":"https:\/\/www.novaconcursos.com.br\/portal\/concursos\/prefeitura-ribeirao-neves-mg\/","title":{"rendered":"Concurso Prefeitura de Ribeir\u00e3o das Neves-MG: Edital publicado com 664 vagas!"},"content":{"rendered":"<p>Foi publicado o edital do concurso<strong>\u00a0Prefeitura de Ribeir\u00e3o das Neves<\/strong> para \u00e1rea da sa\u00fade com 664 vagas!<\/p>\n\n\n\n<p>O edital oferece oportunidades para candidatos de <strong>n\u00edveis m\u00e9dio e superior<\/strong>, com sal\u00e1rios de at\u00e9 <strong>R$ 7 mil<\/strong>!<\/p>\n\n\n\n<p>Confira todos os detalhes do certame ao longo deste artigo!<\/p>\n\n\n\n<h3 class=\"wp-block-heading\">Edital do Concurso 2024<\/h3>\n\n\n\n<p>Vagas: 664<br>Escolaridade: n\u00edveis fundamental, m\u00e9dio e superior<br>Sal\u00e1rio: de R$ 1.700,00 a R$ 7.045,04<br>Per\u00edodo de inscri\u00e7\u00e3o: de 06\/01\/25 a 05\/02\/2025<br>Taxa de inscri\u00e7\u00e3o: R$ 50,00 e R$ 120,00<br>Prova: 16\/03\/2025 <br>Banca: IBGP<br><a href=\"https:\/\/www.novaconcursos.com.br\/portal\/wp-content\/uploads\/2024\/02\/edital_ribeirao-das-neves-mg-2024.pdf\">Baixe o edital<\/a><\/p>\n\n\n\n<h2 class=\"wp-block-heading\" id=\"como-fazer-a-inscrio-no-concurso-ribeiro-das-neves-mg\">Como fazer a inscri\u00e7\u00e3o no concurso Ribeir\u00e3o das Neves MG?<\/h2>\n\n\n\n<p><span style=\"font-weight: 400;\">Para participar do concurso Ribeir\u00e3o das Neves, \u00e9 necess\u00e1rio realizar a inscri\u00e7\u00e3o acessando o site da banca organizadora, <a href=\"https:\/\/novo.ibgpconcursos.com.br\/concurso.jsp?cod=507\" target=\"_blank\" rel=\"noreferrer noopener\">IBGP<\/a>. Lembrando que o per\u00edodo das inscri\u00e7\u00f5es ser\u00e1 das<strong> 09h do dia 06 de janeiro at\u00e9 \u00e0s 16h do dia 05 de fevereiro de 2025<\/strong>.<\/span><\/p>\n\n\n\n<p><span style=\"font-weight: 400;\">Al\u00e9m disso, para efetivar a inscri\u00e7\u00e3o, ser\u00e1 preciso efetuar o pagamento da <strong>taxa de inscri\u00e7\u00e3o<\/strong>, at\u00e9 o dia 06 de fevereiro, nos seguintes <strong>valores<\/strong>:<\/span><\/p>\n\n\n\n<ul class=\"wp-block-list\"><li><strong>N\u00edvel fundamental: <\/strong>R$ 50,00<\/li>\n\n\n\n<li><strong>N\u00edvel m\u00e9dio\/t\u00e9cnico: <\/strong>R$ 80,00<\/li>\n\n\n\n<li><strong>N\u00edvel superior:<\/strong> R$ 120,00<\/li>\n<\/ul><p>Para os candidatos que<strong> n\u00e3o tiverem acesso \u00e0 internet<\/strong> ser\u00e1 disponibilizado um computador e uma impressora para que possam realizar suas inscri\u00e7\u00f5es, sendo de exclusiva responsabilidade do candidato<br>realizar o respectivo procedimento nos termos deste Edital.<\/p>\n\n\n\n<p>Portanto, basta se direcionar a sede da Prefeitura Municipal de Ribeir\u00e3o das Neves, situada \u00e0 Rua Ari Teixeira da Costa, 1.100 \u2013 Bairro Savassi, de 08h \u00e0s 12h e das 13h \u00e0s 17h, de segunda a sexta-feira em dias \u00fateis.<\/p>\n\n\n\n<h3 class=\"wp-block-heading\">Como n\u00e3o pagar a taxa de inscri\u00e7\u00e3o do concurso Ribeir\u00e3o das Neves<\/h3>\n\n\n\n<p><span style=\"font-weight: 400;\">Vale ressaltar que o concurso oferece a possibilidade de<strong> isen\u00e7\u00e3o da taxa<\/strong> de inscri\u00e7\u00e3o para candidatos que atendam aos seguintes crit\u00e9rios:<\/span><\/p>\n\n\n\n<ul class=\"wp-block-list\"><li><span style=\"font-weight: 400;\">Estarem desempregados;<\/span><\/li>\n\n\n\n<li>Terem a condi\u00e7\u00e3o de membro de fam\u00edlia de baixa renda;<\/li>\n\n\n\n<li>Apresentarem condi\u00e7\u00e3o de insufici\u00eancia econ\u00f4mico-financeira.<\/li>\n<\/ul><p><span style=\"font-weight: 400;\"><strong>Aten\u00e7\u00e3o!<\/strong> O pedido de isen\u00e7\u00e3o da taxa poder\u00e1 ser feito somente entre os dias 06 e 08 de janeiro de 2025.<\/span><\/p>\n\n\n\n<h2 class=\"wp-block-heading\" id=\"cargos-vagas-e-salrios-do-concurso-ribeiro-das-neves-mg\">Cargos, vagas e sal\u00e1rios do concurso Ribeir\u00e3o das Neves \u2013 MG?<\/h2>\n\n\n\n<p>A Secretaria Municipal de Sa\u00fade de Ribeir\u00e3o das Neves, em <a href=\"https:\/\/www.novaconcursos.com.br\/portal\/concursos-abertos\/mg\/\">Minas Gerais<\/a>, est\u00e1 ofertando <strong>664 vagas<\/strong> de n\u00edveis fundamental, m\u00e9dio e superior distribu\u00eddas entre os seguintes cargos:<\/p>\n\n\n\n<ul class=\"wp-block-list\"><li><strong>N\u00edvel Fundamental Incompleto: <\/strong>\n<ul class=\"wp-block-list\"><li>Motorista De Ambul\u00e2ncia \u2013 Ve\u00edculos Pesados (1 Vaga).<\/li>\n<\/ul><\/li>\n\n\n\n<li><strong>N\u00edvel Fundamental Completo: <\/strong>\n<ul class=\"wp-block-list\"><li>Auxiliar Em Sa\u00fade Bucal (2 Vagas).<\/li>\n<\/ul><\/li>\n\n\n\n<li><strong>N\u00edvel M\u00e9dio\/T\u00e9cnico: <\/strong>\n<ul class=\"wp-block-list\"><li>T\u00e9cnico Em Enfermagem (312); <\/li>\n\n\n\n<li>T\u00e9cnico Em Laborat\u00f3rio (2 Vagas); <\/li>\n\n\n\n<li>T\u00e9cnico Em Patologia Cl\u00ednica (1 Vaga); <\/li>\n\n\n\n<li>T\u00e9cnico Em Pr\u00f3tese Dent\u00e1ria (1 Vaga); <\/li>\n\n\n\n<li>T\u00e9cnico Em Radiologia (10 Vagas); <\/li>\n\n\n\n<li>T\u00e9cnico Em Sa\u00fade Bucal (1 Vaga).<\/li>\n<\/ul><\/li>\n\n\n\n<li><strong>N\u00edvel Superior: <\/strong>\n<ul class=\"wp-block-list\"><li>Cirurgi\u00e3o Dentista (2 Vagas); <\/li>\n\n\n\n<li>Enfermeiro (20 Vagas); <\/li>\n\n\n\n<li>Farmac\u00eautico (12 Vagas); <\/li>\n\n\n\n<li>Fisioterapeuta; <\/li>\n\n\n\n<li>Fonoaudi\u00f3logo (6 Vagas); <\/li>\n\n\n\n<li>Fiscal De Sa\u00fade P\u00fablica (8 Vagas); <\/li>\n\n\n\n<li>M\u00e9dico Veterin\u00e1rio (3 vagas);<\/li>\n\n\n\n<li>M\u00e9dico \u2013 diversas especialidades (255).<\/li>\n<\/ul><\/li>\n<\/ul><p>A remunera\u00e7\u00e3o para os contratados estar\u00e1 de acordo com o n\u00edvel de escolaridade, sendo de <strong>R$ 1.700,00 a R$ 7.045,04<\/strong>, com uma jornada de trabalho que compreende entre 12 a 40 horas semanais, ou ainda, em escala de 12 horas de trabalho por 36 horas de descanso.<\/p>\n\n\n\n<h2 class=\"wp-block-heading\" id=\"quem-pode-participar-do-concurso-ribeiro-das-neves\">Quem pode participar do concurso Ribeir\u00e3o das Neves?<\/h2>\n\n\n\n<p>As exig\u00eancias <strong>b\u00e1sicas<\/strong> para investidura em um dos cargos da secretaria de sa\u00fade de Ribeir\u00e3o das Neves MG s\u00e3o:<\/p>\n\n\n\n<ul class=\"wp-block-list\"><li>Ter sido classificado no Concurso P\u00fablico, na forma prevista neste Edital, anexos e eventuais retifica\u00e7\u00f5es;<\/li>\n\n\n\n<li>Ser brasileiro nato ou naturalizado, OU, no caso de nacionalidade portuguesa, estar amparado pelo Estatuto de Igualdade entre Brasileiros e Portugueses, com reconhecimento do gozo dos direitos pol\u00edticos, na forma do disposto do \u00a7 1\u00ba art. 12 da Constitui\u00e7\u00e3o Federal\/88, combinado com o Decreto Federal n\u00ba 70.436, 18 de abril de 1972;<\/li>\n\n\n\n<li>Estar em gozo dos direitos pol\u00edticos;<\/li>\n\n\n\n<li>Estar quite com as obriga\u00e7\u00f5es eleitorais;<\/li>\n\n\n\n<li>Estar em dia com as obriga\u00e7\u00f5es militares, para os candidatos do sexo masculino;<\/li>\n\n\n\n<li>Ter idade m\u00ednima de 18 anos completos, no ato da nomea\u00e7\u00e3o;<\/li>\n\n\n\n<li>For julgado apto f\u00edsica e mentalmente para o exerc\u00edcio do cargo, por pr\u00e9via inspe\u00e7\u00e3o m\u00e9dica oficial e \u00e0 equipe Multiprofissional em caso de Pessoas com Defici\u00eancia (PcD);<\/li>\n\n\n\n<li>Ter os documentos comprobat\u00f3rios de escolaridade m\u00ednima\/requisitos constantes no Anexo I do Edital;<\/li>\n\n\n\n<li>N\u00e3o ser aposentado por invalidez e nem estar com idade de aposentadoria compuls\u00f3ria, ou seja, 70 anos;<\/li>\n\n\n\n<li>N\u00e3o receber proventos de aposentadoria decorrentes do art. 40 ou dos arts. 42 e 142 da Constitui\u00e7\u00e3o Federal de 1988, com a remunera\u00e7\u00e3o de cargo, emprego ou fun\u00e7\u00e3o p\u00fablica, ressalvados os cargos acumul\u00e1veis na forma da respectiva Constitui\u00e7\u00e3o, os cargos eletivos e os cargos em comiss\u00e3o declarados em lei de livre nomea\u00e7\u00e3o e exonera\u00e7\u00e3o;<\/li>\n\n\n\n<li>N\u00e3o acumular remunera\u00e7\u00e3o de cargos p\u00fablicos, ressalvados os cargos acumul\u00e1veis na forma da Constitui\u00e7\u00e3o Federal de 1988.<\/li>\n<\/ul><p><\/p>\n\n\n\n<h2 class=\"wp-block-heading\" id=\"quais-as-etapas-de-seleo-do-concurso-prefeitura-de-ribeiro-d\">Quais as etapas de sele\u00e7\u00e3o do concurso Prefeitura de Ribeir\u00e3o das Neves?<\/h2>\n\n\n\n<p>A sele\u00e7\u00e3o SME Ribeir\u00e3o das Neves ser\u00e1 realizada nas seguintes fases:<\/p>\n\n\n\n<ul class=\"wp-block-list\"><li>Prova Objetiva (todos os cargos), de car\u00e1ter eliminat\u00f3rio e classificat\u00f3rio; e<\/li>\n\n\n\n<li>Prova de T\u00edtulos (apenas para os cargos de n\u00edvel superior), de car\u00e1ter classificat\u00f3rio.<\/li>\n<\/ul><p>As provas objetivas ser\u00e3o aplicadas na data prov\u00e1vel de <strong>16 de mar\u00e7o de 2025<\/strong>. Conhe\u00e7a todos os detalhes do processo de avalia\u00e7\u00e3o.<\/p>\n\n\n\n<h3 class=\"wp-block-heading\">Prova Objetiva<\/h3>\n\n\n\n<p>Esta etapa ser\u00e1 constitu\u00edda por quest\u00f5es de m\u00faltipla escolha, distribu\u00eddas entre as seguintes\u00a0<strong>disciplinas<\/strong>, de acordo com a escolaridade:<\/p>\n\n\n\n<ul class=\"wp-block-list\"><li><strong>N\u00edvel fundamental (20 quest\u00f5es)<\/strong>\n<ul class=\"wp-block-list\"><li>Portugu\u00eas \u2013 10<\/li>\n\n\n\n<li>Matem\u00e1tica \u2013 05<\/li>\n\n\n\n<li>Conhecimentos Gerais \u2013 05<\/li>\n<\/ul><\/li>\n<\/ul><ul class=\"wp-block-list\"><li><strong>N\u00edvel m\u00e9dio\/t\u00e9cnico (35 quest\u00f5es)<\/strong>\n<ul class=\"wp-block-list\"><li>Portugu\u00eas \u2013 10<\/li>\n\n\n\n<li>Racioc\u00ednio L\u00f3gico \u2013 05<\/li>\n\n\n\n<li>Legisla\u00e7\u00e3o \u2013 05<\/li>\n\n\n\n<li>Conhecimentos Espec\u00edficos \u2013 15<\/li>\n<\/ul><\/li>\n<\/ul><ul class=\"wp-block-list\"><li><strong>N\u00edvel superior (50 quest\u00f5es)<\/strong>\n<ul class=\"wp-block-list\"><li>Portugu\u00eas \u2013 10<\/li>\n\n\n\n<li>Racioc\u00ednio L\u00f3gico \u2013 05<\/li>\n\n\n\n<li>Legisla\u00e7\u00e3o \u2013 05<\/li>\n\n\n\n<li>Conhecimentos Espec\u00edficos \u2013 30<\/li>\n<\/ul><\/li>\n<\/ul><p>Ser\u00e1 considerado\u00a0<strong>aprovado<\/strong> o candidato que obtiver, no\u00a0m\u00ednimo, 50% do valor total da prova que \u00e9 de 100 pontos.<\/p>\n\n\n\n<p>Confira como ser\u00e1 o peso das quest\u00f5es de acordo com o n\u00edvel de escolaridade:<\/p>\n\n\n\n<figure class=\"wp-block-image size-full\"><a href=\"https:\/\/www.novaconcursos.com.br\/portal\/wp-content\/uploads\/2024\/11\/ribeirao-das-neves.webp\"><img decoding=\"async\" width=\"933\" height=\"567\" src=\"https:\/\/www.novaconcursos.com.br\/portal\/wp-content\/uploads\/2024\/11\/ribeirao-das-neves.webp\" alt=\"Foi publicado o edital do concurso\u00a0Prefeitura de Ribeir\u00e3o das Neves para \u00e1rea da sa\u00fade com 664 vagas!\" class=\"wp-image-261364\" loading=\"lazy\" title=\"\" srcset=\"https:\/\/www.novaconcursos.com.br\/portal\/wp-content\/uploads\/2024\/11\/ribeirao-das-neves-300x182.webp 300w, https:\/\/www.novaconcursos.com.br\/portal\/wp-content\/uploads\/2024\/11\/ribeirao-das-neves-480x292.webp 480w, https:\/\/www.novaconcursos.com.br\/portal\/wp-content\/uploads\/2024\/11\/ribeirao-das-neves-768x467.webp 768w, https:\/\/www.novaconcursos.com.br\/portal\/wp-content\/uploads\/2024\/11\/ribeirao-das-neves.webp 933w\" sizes=\"auto, (max-width: 480px) 100vw, (max-width: 768px) 100vw, (max-width: 1200px) 70vw, 768px\"><\/a><figcaption><\/figcaption><\/figure><figure class=\"wp-block-image size-full\"><a href=\"https:\/\/www.novaconcursos.com.br\/portal\/wp-content\/uploads\/2024\/11\/ribeirao-das-neves-1.webp\"><img decoding=\"async\" width=\"941\" height=\"605\" src=\"https:\/\/www.novaconcursos.com.br\/portal\/wp-content\/uploads\/2024\/11\/ribeirao-das-neves-1.webp\" alt=\"\" class=\"wp-image-261366\" loading=\"lazy\" title=\"\" srcset=\"https:\/\/www.novaconcursos.com.br\/portal\/wp-content\/uploads\/2024\/11\/ribeirao-das-neves-1-300x193.webp 300w, https:\/\/www.novaconcursos.com.br\/portal\/wp-content\/uploads\/2024\/11\/ribeirao-das-neves-1-480x309.webp 480w, https:\/\/www.novaconcursos.com.br\/portal\/wp-content\/uploads\/2024\/11\/ribeirao-das-neves-1-768x494.webp 768w, https:\/\/www.novaconcursos.com.br\/portal\/wp-content\/uploads\/2024\/11\/ribeirao-das-neves-1.webp 941w\" sizes=\"auto, (max-width: 480px) 100vw, (max-width: 768px) 100vw, (max-width: 1200px) 70vw, 768px\"><\/a><figcaption><\/figcaption><\/figure><figure class=\"wp-block-image size-full\"><a href=\"https:\/\/www.novaconcursos.com.br\/portal\/wp-content\/uploads\/2024\/11\/ribeirao-das-neves-2.webp\"><img decoding=\"async\" width=\"943\" height=\"562\" src=\"https:\/\/www.novaconcursos.com.br\/portal\/wp-content\/uploads\/2024\/11\/ribeirao-das-neves-2.webp\" alt=\"\" class=\"wp-image-261367\" loading=\"lazy\" title=\"\" srcset=\"https:\/\/www.novaconcursos.com.br\/portal\/wp-content\/uploads\/2024\/11\/ribeirao-das-neves-2-300x179.webp 300w, https:\/\/www.novaconcursos.com.br\/portal\/wp-content\/uploads\/2024\/11\/ribeirao-das-neves-2-480x286.webp 480w, https:\/\/www.novaconcursos.com.br\/portal\/wp-content\/uploads\/2024\/11\/ribeirao-das-neves-2-768x458.webp 768w, https:\/\/www.novaconcursos.com.br\/portal\/wp-content\/uploads\/2024\/11\/ribeirao-das-neves-2.webp 943w\" sizes=\"auto, (max-width: 480px) 100vw, (max-width: 768px) 100vw, (max-width: 1200px) 70vw, 768px\"><\/a><figcaption><\/figcaption><\/figure><h3 class=\"wp-block-heading\">Prova de T\u00edtulos<\/h3>\n\n\n\n<p>Todos os candidatos aos cargos de n\u00edvel superior dever\u00e3o passar pela segunda etapa de sele\u00e7\u00e3o que consta da Prova de T\u00edtulos.<\/p>\n\n\n\n<p>Para esta etapa ser\u00e3o consideradas e pontuadas a forma\u00e7\u00e3o acad\u00eamica e a experi\u00eancia profissional do candidato.<\/p>\n\n\n\n<p>Para tanto, o candidato aprovado na prova objetiva dever\u00e1 estar atento, pois ser\u00e1 convocado por meio do site da banca organizadora a apresentar os t\u00edtulos para an\u00e1lise.<\/p>\n\n\n\n<h2 class=\"wp-block-heading\" id=\"saiba-como-se-preparar-para-o-concurso-ribeiro-das-neves\">Saiba como se preparar para o Concurso Ribeir\u00e3o das Neves<\/h2>\n\n\n\n<p>Para ter uma boa prepara\u00e7\u00e3o para concurso \u00e9 extremamente importante estar munido de bons materiais de estudo como apostilas e cursos elaborados focados no edital. <\/p>\n\n\n\n<p>Pois bem, Apostilas bem estruturadas oferecem um resumo organizado dos conte\u00fados exigidos no conte\u00fado program\u00e1tico, permitindo uma revis\u00e3o eficiente e focada, ajudando o candidato a priorizar o que mais cai nas provas e a consolidar conceitos b\u00e1sicos e avan\u00e7ados. <\/p>\n\n\n\n<p>J\u00e1 os Cursos Online com videoaulas, permitem um aprofundamento maior, com explica\u00e7\u00f5es de professores especializados, resolu\u00e7\u00e3o de quest\u00f5es, e <strong>t\u00e9cnicas de memoriza\u00e7\u00e3o<\/strong> e interpreta\u00e7\u00e3o de texto.<\/p>\n\n\n\n<p>Al\u00e9m disso, os Cursos incluem simulados e exerc\u00edcios pr\u00e1ticos, que s\u00e3o essenciais para identificar pontos de melhoria, simular o ambiente de prova e ganhar confian\u00e7a. Vejamos os <a href=\"https:\/\/www.novaconcursos.com.br\/catalogsearch\/result\/?q=Prefeitura%20Municipal%20de%20Ribeir%C3%A3o%20das%20Neves%20-%20MG\">materiais<\/a> da Nova Concursos e comece j\u00e1 sua prepara\u00e7\u00e3o.<\/p>\n\n\n\n<h3 class=\"wp-block-heading\">Apostila Concurso Ribeir\u00e3o das Neves-MG<\/h3>\n\n\n\n<p>Com a apostila do Concurso Ribeir\u00e3o das Neves, sua prepara\u00e7\u00e3o ser\u00e1 completa e focada no conte\u00fado que realmente cai na prova! <\/p>\n\n\n\n<p>? Elaborada especialmente para os cargo de T\u00e9cnico em Enfermagem, nossa apostila traz tudo o que voc\u00ea precisa: teoria clara, quest\u00f5es gabaritadas e conte\u00fado atualizado em Portugu\u00eas, Racioc\u00ednio L\u00f3gico, Conhecimentos Espec\u00edficos e Legisla\u00e7\u00e3o. <\/p>\n\n\n\n<p>Cada p\u00e1gina foi pensada para que voc\u00ea ganhe <strong>seguran\u00e7a e efici\u00eancia no estudo<\/strong>, aumentando suas chances de aprova\u00e7\u00e3o. Invista em seu futuro e esteja pronto para transformar sua carreira com uma vaga no setor p\u00fablico! <\/p>\n\n\n\n<p><a href=\"https:\/\/www.novaconcursos.com.br\/apostila\/prefeitura-ribeirao-neves-mg-tecnico-enfermagem\">Clique aqui<\/a> e confira a Apostila! <\/p>\n\n\n\n<h3 class=\"wp-block-heading\">Curso Online Concurso Ribeir\u00e3o das Neves-MG<\/h3>\n\n\n\n<p>Para voc\u00ea que est\u00e1 se preparando para o concurso da Prefeitura de Ribeir\u00e3o das Neves, saiba que os Cursos Online s\u00e3o o caminho mais r\u00e1pido e <strong>eficiente para a aprova\u00e7\u00e3o<\/strong>! <\/p>\n\n\n\n<p>Com aulas focadas 100% nos conte\u00fados do conte\u00fado program\u00e1tico, voc\u00ea ter\u00e1 acesso ilimitado a videoaulas atualizadas, tutoria, plano de estudos, tudo para auxiliar seu processo de aprendizagem.<\/p>\n\n\n\n<p>Aprenda com professores experientes em Portugu\u00eas, Racioc\u00ednio L\u00f3gico e Legisla\u00e7\u00e3o, tudo no conforto da sua casa e no seu ritmo. N\u00e3o perca essa chance de estudar com qualidade e conquistar sua vaga!<\/p>\n\n\n\n<p>Para ter acesso aos Cursos Online <a href=\"https:\/\/www.novaconcursos.com.br\/cursos-online\/prefeitura-municipal-de-ribeirao-das-neves-mg?promo_name=concurso&amp;promo_id=%2Fportal%2Fconcursos%2Fprefeitura-ribeirao-neves-mg&amp;promo_creative=Cursos&amp;promo_position=box-tipo-produto\">clique aqui<\/a>!<\/p>\n\n\n\n<h2 class=\"wp-block-heading\" id=\"o-que-cai-na-prova-do-concurso-ribeiro-das-neves\">O que cai na prova do Concurso Ribeir\u00e3o das Neves?<\/h2>\n\n\n\n<p>Ser\u00e3o cobrados os seguintes assuntos de Conhecimentos B\u00e1sicos, conforme indicado no edital, para os cargos de n\u00edveis <strong>m\u00e9dio\/t\u00e9cnico e superior:<\/strong><\/p>\n\n\n\n<ul class=\"wp-block-list\"><li><strong>Portugu\u00eas<\/strong>\n<ul class=\"wp-block-list\"><li>Compreens\u00e3o e interpreta\u00e7\u00e3o de textos. <\/li>\n\n\n\n<li>G\u00eaneros e tipos de texto. <\/li>\n\n\n\n<li>Significa\u00e7\u00e3o das palavras. <\/li>\n\n\n\n<li>Figuras de Sintaxe.<\/li>\n\n\n\n<li>Figuras de Linguagem. <\/li>\n\n\n\n<li>Articula\u00e7\u00e3o textual: operadores sequenciais, express\u00f5es referenciais. <\/li>\n\n\n\n<li>Coes\u00e3o e coer\u00eancia textual. Identifica\u00e7\u00e3o, defini\u00e7\u00e3o, classifica\u00e7\u00e3o, flex\u00e3o e emprego das classes de palavras; forma\u00e7\u00e3o de palavras. <\/li>\n\n\n\n<li>Verbos: flex\u00e3o, conjuga\u00e7\u00e3o, vozes, correla\u00e7\u00e3o entre tempos e modos verbais. <\/li>\n\n\n\n<li>Concord\u00e2ncia verbal e nominal. <\/li>\n\n\n\n<li>Reg\u00eancia verbal e nominal. <\/li>\n\n\n\n<li>Crase. <\/li>\n\n\n\n<li>Coloca\u00e7\u00e3o pronominal. <\/li>\n\n\n\n<li>Estrutura da ora\u00e7\u00e3o e do per\u00edodo: aspectos sint\u00e1ticos e sem\u00e2nticos. <\/li>\n\n\n\n<li>Acentua\u00e7\u00e3o gr\u00e1fica. <\/li>\n\n\n\n<li>Ortografia. <\/li>\n\n\n\n<li>Pontua\u00e7\u00e3o. <\/li>\n\n\n\n<li>Varia\u00e7\u00e3o lingu\u00edstica.<\/li>\n<\/ul><\/li>\n<\/ul><ul class=\"wp-block-list\"><li><strong>Racioc\u00ednio L\u00f3gico<\/strong>\n<ul class=\"wp-block-list\"><li>No\u00e7\u00f5es b\u00e1sicas da l\u00f3gica matem\u00e1tica: equival\u00eancia e implica\u00e7\u00e3o l\u00f3gica, argumentos v\u00e1lidos, problemas com tabelas e argumenta\u00e7\u00e3o. <\/li>\n\n\n\n<li>Verdades e Mentiras: resolu\u00e7\u00e3o de problemas. <\/li>\n\n\n\n<li>Sequ\u00eancias (com n\u00fameros, com figuras, de palavras). <\/li>\n\n\n\n<li>An\u00e1lise combinat\u00f3ria e probabilidade. <\/li>\n\n\n\n<li>Problemas envolvendo racioc\u00ednio l\u00f3gico.<\/li>\n<\/ul><\/li>\n<\/ul><ul class=\"wp-block-list\"><li><strong>Legisla\u00e7\u00e3o<\/strong>\n<ul class=\"wp-block-list\"><li>Constitui\u00e7\u00e3o da Rep\u00fablica Federativa do Brasil (com as Emendas Constitucionais): Art.196 a 200. <\/li>\n\n\n\n<li>Legisla\u00e7\u00f5es Federais de Sa\u00fade P\u00fablica: Lei Federal n\u00ba 8.080\/1990. Portaria Federal n\u00ba 2.436\/2017. Lei Federal n\u00ba 8.142\/1990. <\/li>\n\n\n\n<li>Pol\u00edtica Nacional de Aten\u00e7\u00e3o B\u00e1sica. <\/li>\n\n\n\n<li>Sistema \u00danico de Sa\u00fade: Hist\u00f3ria do sistema de sa\u00fade no Brasil. Reforma Sanit\u00e1ria Brasileira. <\/li>\n\n\n\n<li>Concep\u00e7\u00e3o do Sistema \u00danico de Sa\u00fade (SUS). <\/li>\n\n\n\n<li>A Lei Org\u00e2nica da Sa\u00fade. Controle social. Modelos de aten\u00e7\u00e3o \u00e0 sa\u00fade. Aten\u00e7\u00e3o \u00e0 sa\u00fade no SUS. <\/li>\n\n\n\n<li>Aten\u00e7\u00e3o Prim\u00e1ria em sa\u00fade: Aten\u00e7\u00e3o b\u00e1sica; Estrat\u00e9gia de Sa\u00fade da Fam\u00edlia; Programa Nacional de Aten\u00e7\u00e3o B\u00e1sica. <\/li>\n\n\n\n<li>Vigil\u00e2ncia em Sa\u00fade: conceitos b\u00e1sicos; evolu\u00e7\u00e3o do conceito de Vigil\u00e2ncia em Sa\u00fade. <\/li>\n\n\n\n<li>Organiza\u00e7\u00e3o atual da \u00e1rea de Vigil\u00e2ncia em Sa\u00fade nas tr\u00eas esferas de gest\u00e3o do SUS. <\/li>\n\n\n\n<li>A Programa\u00e7\u00e3o de A\u00e7\u00f5es em Vigil\u00e2ncia em Sa\u00fade (PAVS); Componentes e elementos da vigil\u00e2ncia em sa\u00fade. <\/li>\n\n\n\n<li>Vigil\u00e2ncia Epidemiol\u00f3gica: Vigil\u00e2ncia Epidemiol\u00f3gica das doen\u00e7as transmiss\u00edveis. <\/li>\n\n\n\n<li>Vigil\u00e2ncia Epidemiol\u00f3gica das Doen\u00e7as N\u00e3o Transmiss\u00edveis Vigil\u00e2ncia Sanit\u00e1ria; Vigil\u00e2ncia em sa\u00fade ambiental; Vigil\u00e2ncia em sa\u00fade do trabalhador: Sistemas de Informa\u00e7\u00f5es da Vigil\u00e2ncia em Sa\u00fade. <\/li>\n\n\n\n<li>Epidemiologia: conceitos b\u00e1sicos, objetivos. <\/li>\n\n\n\n<li>Medidas da ocorr\u00eancia de doen\u00e7as; tipos de estudos, avalia\u00e7\u00e3o de servi\u00e7os de sa\u00fade. <\/li>\n\n\n\n<li>Sistemas de Informa\u00e7\u00e3o em Sa\u00fade. <\/li>\n\n\n\n<li>Guia de Vigil\u00e2ncia Epidemiol\u00f3gica \u2013 Covid-19.<\/li>\n<\/ul><\/li>\n<\/ul><p><\/p>","protected":false},"excerpt":{"rendered":"<p>Foi publicado o edital do concurso\u00a0Prefeitura de Ribeir\u00e3o das Neves para \u00e1rea da sa\u00fade com 664 vagas! O edital oferece oportunidades para candidatos de n\u00edveis m\u00e9dio e superior, com sal\u00e1rios de at\u00e9 R$ 7 mil!<\/p>\n","protected":false},"author":28995,"featured_media":261374,"comment_status":"closed","ping_status":"closed","sticky":false,"template":"","format":"standard","meta":{"_acf_changed":false,"footnotes":"","_wp_rev_ctl_limit":""},"categories":[44999],"tags":[45001],"class_list":["post-221425","post","type-post","status-publish","format-standard","has-post-thumbnail","hentry","category-concursos","tag-concursos-abertos-mg"],"acf":[],"_links":{"self":[{"href":"https:\/\/www.novaconcursos.com.br\/portal\/wp-json\/wp\/v2\/posts\/221425","targetHints":{"allow":["GET"]}}],"collection":[{"href":"https:\/\/www.novaconcursos.com.br\/portal\/wp-json\/wp\/v2\/posts"}],"about":[{"href":"https:\/\/www.novaconcursos.com.br\/portal\/wp-json\/wp\/v2\/types\/post"}],"author":[{"embeddable":true,"href":"https:\/\/www.novaconcursos.com.br\/portal\/wp-json\/wp\/v2\/users\/28995"}],"replies":[{"embeddable":true,"href":"https:\/\/www.novaconcursos.com.br\/portal\/wp-json\/wp\/v2\/comments?post=221425"}],"version-history":[{"count":15,"href":"https:\/\/www.novaconcursos.com.br\/portal\/wp-json\/wp\/v2\/posts\/221425\/revisions"}],"predecessor-version":[{"id":267295,"href":"https:\/\/www.novaconcursos.com.br\/portal\/wp-json\/wp\/v2\/posts\/221425\/revisions\/267295"}],"wp:featuredmedia":[{"embeddable":true,"href":"https:\/\/www.novaconcursos.com.br\/portal\/wp-json\/wp\/v2\/media\/261374"}],"wp:attachment":[{"href":"https:\/\/www.novaconcursos.com.br\/portal\/wp-json\/wp\/v2\/media?parent=221425"}],"wp:term":[{"taxonomy":"category","embeddable":true,"href":"https:\/\/www.novaconcursos.com.br\/portal\/wp-json\/wp\/v2\/categories?post=221425"},{"taxonomy":"post_tag","embeddable":true,"href":"https:\/\/www.novaconcursos.com.br\/portal\/wp-json\/wp\/v2\/tags?post=221425"}],"curies":[{"name":"wp","href":"https:\/\/api.w.org\/{rel}","templated":true}]}}