{"id":221482,"date":"2024-02-06T11:34:29","date_gmt":"2024-02-06T14:34:29","guid":{"rendered":"https:\/\/www.novaconcursos.com.br\/portal\/?p=221482"},"modified":"2024-02-06T11:34:33","modified_gmt":"2024-02-06T14:34:33","slug":"novo-edital-ales-pode-contar-com-vagas-para-policia-legislativa-confira","status":"publish","type":"post","link":"https:\/\/www.novaconcursos.com.br\/portal\/noticias\/novo-edital-ales-pode-contar-com-vagas-para-policia-legislativa-confira\/","title":{"rendered":"Novo edital ALES pode contar com vagas para Pol\u00edcia Legislativa. Confira!"},"content":{"rendered":"<p>Um novo <a href=\"https:\/\/www.novaconcursos.com.br\/portal\/concursos\/concurso-assembleia-legislativa-es\/\">concurso Ales<\/a> segue previsto para ser publicado em <strong>2024 <\/strong>e a banca deve sair em breve. E o edital poder\u00e1 contar com vagas para <strong>Policial Legislativo<\/strong>. Veja os detalhes!<\/p>\n\n\n\n<ul class=\"wp-block-list\"><li><strong>Confira:\u00a0<\/strong><a href=\"https:\/\/www.novaconcursos.com.br\/mapa-mental\/lingua-portuguesa-principais-topicos-pdf\">Mapas Mentais L\u00edngua Portuguesa \u2013 Principais T\u00f3picos (PDF)<\/a><\/li>\n<\/ul><p>Estude para o concurso dos seus sonhos com o\u00a0<strong>M\u00e9todo<\/strong>\u00a0que j\u00e1 ajudou na<strong>\u00a0aprova\u00e7\u00e3o de mais de 70 mil alunos<\/strong>.\u00a0<a href=\"https:\/\/www.novaconcursos.com.br\/eventos\/assinatura\" target=\"_blank\" rel=\"noreferrer noopener\">Clique aqui<\/a>\u00a0e saiba mais!<\/p>\n\n\n\n<h2 class=\"wp-block-heading\" id=\"quando-sai-o-edital-do-concurso-ales\">Quando sai o edital do concurso ALES?<\/h2>\n\n\n\n<p>Ao que tudo indica, ainda no <strong>primeiro semestre<\/strong> de 2024 deve ser publicado o edital do concurso da Assembleia Legislativa do Esp\u00edrito Santo.<\/p>\n\n\n\n<p>Entretanto, ainda n\u00e3o h\u00e1 uma data confirmada. Segundo o presidente da casa legislativa, deputado Marcelo Santos, a carreira de <strong>Policial Legislativo<\/strong>\u00a0poder\u00e1 estar contemplada.<\/p>\n\n\n\n<p>Ainda segundo o deputado, a Ales est\u00e1, neste momento, transformando um quadro de servidores em policiais legislativos e por isso poder\u00e1 ser necess\u00e1rio <strong>ampliar o efetivo.<\/strong><\/p>\n\n\n\n<blockquote class=\"wp-block-quote is-layout-flow wp-block-quote-is-layout-flow\">\n<p><em>\u201cVai figurar, possivelmente, no concurso da Assembleia o policial legislativo\u201d,<\/em> destacou Marcelo Santos.<\/p>\n\n\n\n<p>Ele ainda citou que j\u00e1 houve o convite \u00e0s empresas interessadas na sele\u00e7\u00e3o e que, em breve, espera anunciar o nome da organizadora. O \u00faltimo, em 2011, foi organizado pelo <a href=\"https:\/\/www.cebraspe.org.br\/\" target=\"_blank\" rel=\"noreferrer noopener\">Cebraspe<\/a>.<\/p>\n<\/blockquote>\n\n\n\n<p><em>\u201cEstamos na fase de convidar as empresas que v\u00e3o realizar o certame e tem uma novidade, j\u00e1 que poderemos incluir a pol\u00edcia legislativa\u201d,<\/em> pontuou Marcelo Santos.<\/p>\n\n\n\n<p>Por fim, em sua fala, o deputado ainda destacou a inten\u00e7\u00e3o de dar <strong>posse aos aprovados<\/strong> ainda neste ano, no segundo semestre de 2024.<\/p>\n\n\n\n<blockquote class=\"wp-block-quote is-layout-flow wp-block-quote-is-layout-flow\">\n<p><em>\u201cEu gostaria de estar nomeando e dando posse aos novos concursados j\u00e1 no in\u00edcio do segundo semestre deste ano\u201d,<\/em> finalizou.<\/p>\n\n\n\n<h2 class=\"wp-block-heading\" id=\"quais-os-salrios-dos-servidores-da-ales\">Quais os sal\u00e1rios dos servidores da Ales?<\/h2>\n\n\n\n<p>A previs\u00e3o repassada anteriormente, \u00e9 que sejam ofertadas de <strong>27 a 35 vagas <\/strong>para cargos de diversas especialidades. Por isso, confira os sal\u00e1rios dos contratados pela Ales:<\/p>\n\n\n\n<ul class=\"wp-block-list\" id=\"block-f31b3630-b63e-41f9-ac32-60d8cf552f96\"><li>T\u00e9cnico Legislativo Junior: R$ 2.877,82;<\/li>\n\n\n\n<li>T\u00e9cnico Legislativo S\u00eanior: R$ 4.232,03;<\/li>\n\n\n\n<li>T\u00e9cnico em Tecnologia da Informa\u00e7\u00e3o: R$ 4.232,03;<\/li>\n\n\n\n<li>T\u00e9cnico em Comunica\u00e7\u00e3o Social: R$ 4.232,03;<\/li>\n\n\n\n<li>Taqu\u00edgrafo Parlamentar: R$ 6.126,32;<\/li>\n\n\n\n<li>Analista em Comunica\u00e7\u00e3o Social: R$ 6.126,32<\/li>\n\n\n\n<li>Consultor Parlamentar Tem\u00e1tico: R$ 8.571,63; e<\/li>\n\n\n\n<li>Procurador 1\u00aa Categoria: R$ 22.696,55<\/li>\n<\/ul><p><em>\u201cO que posso dizer para os concurseiros \u00e9, se preparem! \u00c9 um concurso que n\u00f3s iremos realizar depois de 10 anos, muito importante para a Assembleia. Esse \u00e9 um concurso que n\u00f3s queremos qualificar ainda mais a presta\u00e7\u00e3o de servi\u00e7o das comiss\u00f5es permanentes, s\u00e3o 18 comiss\u00f5es permanentes aqui na Casa\u201d,<\/em> falou Marcelo Santos em janeiro de 2024.<\/p>\n\n\n\n<p>Quer saber de mais editais de <a href=\"https:\/\/www.novaconcursos.com.br\/portal\/concursos-abertos\/es\/\">concursos abertos<\/a> no Esp\u00edrito Santo? Clique e confira!<\/p>\n\n\n\n<h2 class=\"wp-block-heading\" id=\"o-que-estudar-para-as-provas-do-concurso-ales\">O que estudar para as provas do concurso ALES?<\/h2>\n\n\n\n<p>Portanto, como o novo edital ainda n\u00e3o saiu, quem quiser<strong> come\u00e7ar sua prepara\u00e7\u00e3o<\/strong> pode usar editais passados como espelho. <\/p>\n\n\n\n<p>Assim, a Assembleia Legislativa ES n\u00e3o realiza concursos para efetivos desde <strong>2011<\/strong>, quando ofertou 141 vagas para v\u00e1rias carreiras.<\/p>\n\n\n\n<p>Na \u00e9poca, ent\u00e3o, os candidatos foram avaliados por meio de provas objetivas, de car\u00e1ter eliminat\u00f3rio e classificat\u00f3rio, com <strong>60 quest\u00f5es<\/strong>.<\/p>\n\n\n\n<p>Do total do quantitativo, 25 quest\u00f5es foram de conhecimentos b\u00e1sicos e 35 de conhecimentos espec\u00edficos. Para procurador, houve tamb\u00e9m uma <strong>prova pr\u00e1tica.<\/strong><\/p>\n\n\n\n<ul class=\"wp-block-list\"><li>P1: Conhecimentos b\u00e1sicos (25)\n<ul class=\"wp-block-list\"><li>L\u00edngua Portuguesa;<\/li>\n\n\n\n<li>No\u00e7\u00f5es de Inform\u00e1tica; e<\/li>\n\n\n\n<li>Organiza\u00e7\u00e3o do Poder Legislativo Estadual.<\/li>\n<\/ul><\/li>\n\n\n\n<li>P2: Conhecimentos espec\u00edficos (35).<\/li>\n<\/ul><p>Foram considerados\u00a0<strong>aprovados<\/strong>\u00a0aqueles que obtiveram nota igual ou superior a 30 pontos, com exce\u00e7\u00e3o dos interessados no cargo de Procurador que precisaram alcan\u00e7ar 36 pontos e ainda foram submetidos a uma<strong>\u00a0prova pr\u00e1tica.<\/strong><\/p>\n\n\n\n<h3 class=\"wp-block-heading\">Quais os sal\u00e1rios?<\/h3>\n\n\n\n<p>Posteriormente, os <strong>sal\u00e1rios\u00a0<\/strong>dos aprovados variaram entre R$ 2.620,41 e R$ 8.570,80 para carga hor\u00e1ria semanal de 30 horas.<\/p>\n\n\n\n<p>Al\u00e9m disso, os servidores podiam contar com o\u00a0<strong>benef\u00edcio\u00a0<\/strong>do Aux\u00edlio-Alimenta\u00e7\u00e3o e os candidatos ao cargo de<strong>\u00a0Procurador<\/strong>\u00a0tamb\u00e9m possu\u00edam Gratifica\u00e7\u00e3o de Produtividade de at\u00e9 20%.<\/p>\n\n\n\n<p>Atualmente, a remunera\u00e7\u00e3o destes cargos podem variar entre<strong>\u00a0R$2,8 mil e R$22 mil<\/strong>.<\/p>\n<\/blockquote>\n\n\n\n<h3 class=\"wp-block-heading\">E os requisitos?<\/h3>\n\n\n\n<ul class=\"wp-block-list\"><li>Ter nacionalidade brasileira ou portuguesa, e, no caso de nacionalidade portuguesa, estar amparado pelo Estatuto de Igualdade entre Brasileiros e Portugueses;<\/li>\n\n\n\n<li>Estar em dia com as obriga\u00e7\u00f5es eleitorais e, em caso de candidato do sexo masculino, tamb\u00e9m com as militares;<\/li>\n\n\n\n<li>Ter, na data da posse, idade m\u00ednima de 18 anos completos;<\/li>\n\n\n\n<li>Ter aptid\u00e3o f\u00edsica e mental para o exerc\u00edcio das atribui\u00e7\u00f5es do cargo;<\/li>\n\n\n\n<li>N\u00e3o ter sido demitido do Servi\u00e7o P\u00fablico Federal, Estadual ou Municipal, com impedimento de exercer fun\u00e7\u00e3o p\u00fablica; e<\/li>\n\n\n\n<li>Apresentar declara\u00e7\u00e3o de bens que constituem o seu patrim\u00f4nio, declara\u00e7\u00e3o de que n\u00e3o acumula cargo, emprego ou fun\u00e7\u00e3o p\u00fablica, ou proventos de inatividade.<\/li>\n<\/ul><p>Entretanto, os requisitos<strong>\u00a0espec\u00edficos<\/strong>\u00a0para cada n\u00edvel de escolaridade foram:<\/p>\n\n\n\n<ul class=\"wp-block-list\"><li><strong>N\u00edvel m\u00e9dio\/t\u00e9cnico<\/strong>\n<ul class=\"wp-block-list\"><li>Curso m\u00e9dio profissionalizante; e\/ou<\/li>\n\n\n\n<li>Curso t\u00e9cnico na \u00e1rea de especializa\u00e7\u00e3o.<\/li>\n<\/ul><\/li>\n\n\n\n<li><strong>N\u00edvel superior<\/strong>\n<ul class=\"wp-block-list\"><li>Gradua\u00e7\u00e3o na respectiva \u00e1rea.<\/li>\n<\/ul><\/li>\n<\/ul><h2 class=\"wp-block-heading\" id=\"sobre-a-ales\">Sobre a ALES<\/h2>\n\n\n\n<p>Assim, a\u00a0<a href=\"https:\/\/www.al.es.gov.br\/\" target=\"_blank\" rel=\"noreferrer noopener\">Assembleia Legislativa do Esp\u00edrito Santo<\/a>\u00a0segue composta pelos 30 deputados estaduais eleitos pelo voto dos cidad\u00e3os do Estado.<\/p>\n\n\n\n<p>A ALES tem como\u00a0<strong>atribui\u00e7\u00e3o<\/strong>\u00a0a cria\u00e7\u00e3o e aprova\u00e7\u00e3o de leis, a discuss\u00e3o de pol\u00edticas p\u00fablicas, bem como a fiscaliza\u00e7\u00e3o dos atos do Poder Executivo e do uso dos recursos p\u00fablicos.<\/p>\n\n\n\n<p>De acordo com a<strong>\u00a0Constitui\u00e7\u00e3o Estadual<\/strong>, cabe \u00e0 Assembleia, com a san\u00e7\u00e3o do governador, manifestar-se sobre mat\u00e9rias de compet\u00eancia do Estado referentes aos seguintes assuntos:<\/p>\n\n\n\n<ul class=\"wp-block-list\"><li>Tributos;<\/li>\n\n\n\n<li>Or\u00e7amentos;<\/li>\n\n\n\n<li>Programas estaduais;<\/li>\n\n\n\n<li>Cria\u00e7\u00e3o de munic\u00edpios;<\/li>\n\n\n\n<li>Organiza\u00e7\u00e3o administrativa dos poderes, institui\u00e7\u00f5es, secretarias e \u00f3rg\u00e3os estaduais;<\/li>\n\n\n\n<li>Cria\u00e7\u00e3o e extin\u00e7\u00e3o de cargos, empregos e fun\u00e7\u00f5es p\u00fablicas e seus respectivos vencimentos; e<\/li>\n\n\n\n<li>Explora\u00e7\u00e3o de servi\u00e7os p\u00fablicos.<\/li>\n<\/ul>","protected":false},"excerpt":{"rendered":"<p>Um novo concurso Ales segue previsto para ser publicado em 2024 e a banca deve sair em breve. E o edital poder\u00e1 contar com vagas para Policial Legislativo. Veja os detalhes! Estude para o concurso dos seus sonhos com o\u00a0M\u00e9todo\u00a0que j\u00e1 ajudou na\u00a0aprova\u00e7\u00e3o de mais de 70 mil alunos.\u00a0Clique aqui\u00a0e saiba mais! Quando sai o [&hellip;]<\/p>\n","protected":false},"author":54671,"featured_media":221488,"comment_status":"closed","ping_status":"closed","sticky":false,"template":"","format":"standard","meta":{"_acf_changed":false,"footnotes":"","_wp_rev_ctl_limit":""},"categories":[228],"tags":[],"class_list":["post-221482","post","type-post","status-publish","format-standard","has-post-thumbnail","hentry","category-noticias"],"acf":[],"_links":{"self":[{"href":"https:\/\/www.novaconcursos.com.br\/portal\/wp-json\/wp\/v2\/posts\/221482","targetHints":{"allow":["GET"]}}],"collection":[{"href":"https:\/\/www.novaconcursos.com.br\/portal\/wp-json\/wp\/v2\/posts"}],"about":[{"href":"https:\/\/www.novaconcursos.com.br\/portal\/wp-json\/wp\/v2\/types\/post"}],"author":[{"embeddable":true,"href":"https:\/\/www.novaconcursos.com.br\/portal\/wp-json\/wp\/v2\/users\/54671"}],"replies":[{"embeddable":true,"href":"https:\/\/www.novaconcursos.com.br\/portal\/wp-json\/wp\/v2\/comments?post=221482"}],"version-history":[{"count":4,"href":"https:\/\/www.novaconcursos.com.br\/portal\/wp-json\/wp\/v2\/posts\/221482\/revisions"}],"predecessor-version":[{"id":221499,"href":"https:\/\/www.novaconcursos.com.br\/portal\/wp-json\/wp\/v2\/posts\/221482\/revisions\/221499"}],"wp:featuredmedia":[{"embeddable":true,"href":"https:\/\/www.novaconcursos.com.br\/portal\/wp-json\/wp\/v2\/media\/221488"}],"wp:attachment":[{"href":"https:\/\/www.novaconcursos.com.br\/portal\/wp-json\/wp\/v2\/media?parent=221482"}],"wp:term":[{"taxonomy":"category","embeddable":true,"href":"https:\/\/www.novaconcursos.com.br\/portal\/wp-json\/wp\/v2\/categories?post=221482"},{"taxonomy":"post_tag","embeddable":true,"href":"https:\/\/www.novaconcursos.com.br\/portal\/wp-json\/wp\/v2\/tags?post=221482"}],"curies":[{"name":"wp","href":"https:\/\/api.w.org\/{rel}","templated":true}]}}