{"id":221540,"date":"2024-02-06T13:48:26","date_gmt":"2024-02-06T16:48:26","guid":{"rendered":"https:\/\/www.novaconcursos.com.br\/portal\/?p=221540"},"modified":"2024-02-07T08:42:41","modified_gmt":"2024-02-07T11:42:41","slug":"ministra-esther-explica-como-sera-cobrado-portugues-cnu","status":"publish","type":"post","link":"https:\/\/www.novaconcursos.com.br\/portal\/noticias\/ministra-esther-explica-como-sera-cobrado-portugues-cnu\/","title":{"rendered":"CNU: Ministra Esther explica como ser\u00e1 cobrado L\u00edngua Portuguesa na prova!"},"content":{"rendered":"<p>Ap\u00f3s pol\u00eamica envolvendo a <strong>falta de quest\u00f5es de l\u00edngua portuguesa<\/strong> nas provas do <a href=\"https:\/\/www.novaconcursos.com.br\/portal\/concursos\/concurso-unificado-nacional\/\">CNU<\/a> (Concurso Nacional Unificado), a Ministra Esther Dweck, esclareceu o assunto.<\/p>\n\n\n\n<p>De acordo com ela, a disciplina<strong> n\u00e3o est\u00e1 fora do conte\u00fado program\u00e1tico, <\/strong>visto que ser\u00e1 cobrada na avalia\u00e7\u00e3o discursiva e na\u00a0interpreta\u00e7\u00e3o das demais quest\u00f5es.\u00a0<\/p>\n\n\n\n<p><em>\u201cNa prova discursiva 50% da nota \u00e9 avalia\u00e7\u00e3o do portugu\u00eas; 50% \u00e9 o conte\u00fado espec\u00edfico que est\u00e1 sendo abordado a\u00ed. E a prova inteira \u00e9 an\u00e1lise de interpreta\u00e7\u00e3o de texto e an\u00e1lise formal do portugu\u00eas na parte escrita\u201d<\/em>, disse a ministra.<\/p>\n\n\n\n<p>A ministra explicou que tanto a gram\u00e1tica, quanto a interpreta\u00e7\u00e3o de textos estar\u00e3o<strong> inseridas de forma transversal<\/strong> ao longo de outras \u00e1reas previstas no conte\u00fado program\u00e1tico.<\/p>\n\n\n\n<p>A aus\u00eancia de quest\u00f5es diretas de l\u00edngua portuguesa tinha sido criticada pela\u00a0senadora pelo Distrito Federal, Damares Alves.<\/p>\n\n\n\n<p><em>\u201cFui surpreendida com a not\u00edcia de que no concurso nacional unificado deste ano n\u00e3o ser\u00e3o aplicadas\u00a0quest\u00f5es espec\u00edficas de L\u00edngua Portuguesa. No lugar entraram perguntas sobre diversidade. Um absurdo. Nossa equipe j\u00e1 estuda que medidas judiciais ou jur\u00eddicas podem ser adotadas\u201d,<\/em> disse Damares.<\/p>\n\n\n\n<p>O secret\u00e1rio de Gest\u00e3o de Pessoas, Jos\u00e9 Celso Cardoso, j\u00e1 tinha se pronunciado sobre o assunto representando o Minist\u00e9rio da Gest\u00e3o e Inova\u00e7\u00e3o em Servi\u00e7os P\u00fablicos (MGI).<\/p>\n\n\n\n<p><em>\u201cA L\u00edngua Portuguesa \u00e9 a l\u00edngua do concurso e ser\u00e1 cobrada da primeira \u00e0 \u00faltima linha, tanto pela capacidade de os candidatos de ler e interpretar texto, como pela capacidade escrita que eles ter\u00e3o que demonstrar atrav\u00e9s da prova discursiva\u201d, <\/em>disse.<\/p>\n\n\n\n<ul class=\"wp-block-list\"><li><strong>Confira:<\/strong>\u00a0<a href=\"https:\/\/www.novaconcursos.com.br\/curso-online\/concurso-nacional-unificado-cnu-bloco-7?promo_creative=Curso+Online+Bloco+7%3A+Gest%C3%A3o+Governamental+e+Administra%C3%A7%C3%A3o+P%C3%BAblica&amp;promo_name=noticia&amp;promo_id=%2Fportal%2Fnoticias%2Fconcurso-unificado-reajuste-de-beneficios&amp;promo_position=corpo-texto\">Curso Online Bloco 7: Gest\u00e3o Governamental e Administra\u00e7\u00e3o P\u00fablica<\/a><\/li>\n\n\n\n<li><strong>Confira<\/strong>:\u00a0<a href=\"https:\/\/www.novaconcursos.com.br\/curso-online\/concurso-nacional-unificado-cnu-bloco-4?promo_creative=Curso+Online+Bloco+4%3A+Trabalho+e+Sa%C3%BAde+do+Servidor&amp;promo_name=noticia&amp;promo_id=%2Fportal%2Fnoticias%2Fconcurso-unificado-reajuste-de-beneficios&amp;promo_position=corpo-texto\">Curso Online Bloco 4: Trabalho e Sa\u00fade do Servidor<\/a><\/li>\n<\/ul><p>Estude para o concurso dos seus sonhos com o\u00a0<strong>M\u00e9todo<\/strong>\u00a0que j\u00e1 ajudou na\u00a0<strong>aprova\u00e7\u00e3o de mais de 70 mil alunos.<\/strong>\u00a0<a href=\"https:\/\/aprovacao.novaconcursos.com.br\/assinatura?promo_creative=Clique+aqui&amp;promo_name=noticia&amp;promo_id=%2Fportal%2Fnoticias%2Fconcurso-unificado-reajuste-de-beneficios&amp;promo_position=corpo-texto\" target=\"_blank\" rel=\"noreferrer noopener\">Clique aqui<\/a>\u00a0e saiba mais!<\/p>\n\n\n\n<h2 class=\"wp-block-heading\" id=\"como-sero-as-provas-do-cnu\">Como ser\u00e3o as provas do CNU?<\/h2>\n\n\n\n<p>O\u00a0<a href=\"https:\/\/www.gov.br\/gestao\/pt-br\/concursonacional\" target=\"_blank\" rel=\"noreferrer noopener\">concurso Unificado,<\/a>\u00a0ou \u201cEnem dos Concursos\u201d, \u00e9 uma proposta do Governo Federal para preencher as vagas do Poder Executivo autorizadas em 2023\u00a0<strong>por meio de um \u00fanico concurso,<\/strong>\u00a0com provas aplicadas simultaneamente, em 220 cidades espalhadas pelo pa\u00eds.<\/p>\n\n\n\n<p>Est\u00e3o sendo ofertadas 6.640 vagas de diversas especialidades para 21 \u00f3rg\u00e3os e minist\u00e9rios, com sal\u00e1rios de at\u00e9 R$ 22 mil.<\/p>\n\n\n\n<ul class=\"wp-block-list\"><li><a href=\"https:\/\/www.novaconcursos.com.br\/portal\/noticias\/concurso-nacional-unificado-quais-sao-areas-cargos\/\">Confira quais s\u00e3o as \u00e1reas e cargos do Concurso Nacional Unificado!<\/a><\/li>\n<\/ul><p>Os interessados em uma das vagas ser\u00e3o avaliados em tr\u00eas etapas:<\/p>\n\n\n\n<ul class=\"wp-block-list\"><li><strong>Primeira etapa<\/strong>\n<ul class=\"wp-block-list\"><li>Exame de Habilidades e Conhecimentos (Prova Objetiva e Reda\u00e7\u00e3o), de car\u00e1ter classificat\u00f3rio e eliminat\u00f3rio;<\/li>\n\n\n\n<li>Per\u00edcia M\u00e9dica \u2013 Avalia\u00e7\u00e3o Biopsicossocial, para os candidatos que se declararem com defici\u00eancia;<\/li>\n\n\n\n<li>Procedimento de Verifica\u00e7\u00e3o da condi\u00e7\u00e3o declarada para concorrer \u00e0s vagas reservadas aos candidatos negros;<\/li>\n\n\n\n<li>Procedimento de Verifica\u00e7\u00e3o Documental, para concorrer \u00e0s vagas reservadas aos candidatos ind\u00edgenas para os cargos da Funda\u00e7\u00e3o Nacional dos Povos Ind\u00edgenas (FUNAI).<\/li>\n<\/ul><\/li>\n\n\n\n<li><strong>Segunda etapa<\/strong>\n<ul class=\"wp-block-list\"><li>Avalia\u00e7\u00e3o de T\u00edtulos, quando couber, de car\u00e1ter classificat\u00f3rio.<\/li>\n<\/ul><\/li>\n\n\n\n<li><strong>Terceira etapa<\/strong>\n<ul class=\"wp-block-list\"><li>Curso de Forma\u00e7\u00e3o, de car\u00e1ter classificat\u00f3rio e eliminat\u00f3rio, dos candidatos ao cargo de Especialista em Pol\u00edticas P\u00fablicas e Gest\u00e3o Governamental do Minist\u00e9rio da Gest\u00e3o e da Inova\u00e7\u00e3o em Servi\u00e7os P\u00fablicos \u2013 MGI; e para o cargo de Pesquisador em Informa\u00e7\u00f5es Geogr\u00e1ficas e Estat\u00edsticas ser\u00e1 constitu\u00edda de Prova Did\u00e1tica na forma de aula, de car\u00e1ter classificat\u00f3rio.<\/li>\n<\/ul><\/li>\n<\/ul><h2 class=\"wp-block-heading\" id=\"\"><\/h2>\n\n\n\n<p>A prova objetiva e discursiva ocorrer\u00e1 no dia\u00a0<strong>05 de maio de 2024<\/strong>, em uma das 220 cidades escolhidas no ato de inscri\u00e7\u00e3o, em dois turnos:<\/p>\n\n\n\n<ul class=\"wp-block-list\"><li><strong>Manh\u00e3<\/strong>\n<ul class=\"wp-block-list\"><li>n\u00edvel superior: provas objetivas de conhecimentos gerais \u2013 20 quest\u00f5es + prova discursiva de conhecimentos espec\u00edficos do bloco (2h30 de dura\u00e7\u00e3o)<\/li>\n\n\n\n<li>n\u00edvel m\u00e9dio: 15 quest\u00f5es de l\u00edngua portuguesa + reda\u00e7\u00e3o (2h30 de dura\u00e7\u00e3o)<\/li>\n<\/ul><\/li>\n\n\n\n<li><strong>Tarde<\/strong>\n<ul class=\"wp-block-list\"><li>n\u00edvel superior: provas objetivas de conhecimentos espec\u00edficos \u2013 50 quest\u00f5es (3h30 de dura\u00e7\u00e3o)<\/li>\n\n\n\n<li>n\u00edvel m\u00e9dio: provas objetivas \u2013 45 quest\u00f5es (3h de dura\u00e7\u00e3o).<\/li>\n<\/ul><\/li>\n<\/ul><p>As provas ser\u00e3o aplicadas no m\u00e9todo\u00a0<a href=\"https:\/\/www.novaconcursos.com.br\/livro\/1000-questoes-gabaritadas-cesgranrio?promo_creative=Funda%C3%A7%C3%A3o+Cesgranrio%2C&amp;promo_name=noticia&amp;promo_id=%2Fportal%2Fnoticias%2Fcnu-saiba-escolher-sua-vaga-conforme-bloco-tematico&amp;promo_position=corpo-texto\">Funda\u00e7\u00e3o Cesgranrio,<\/a>\u00a0banca organizadora do certame.<\/p>\n\n\n\n<p>Sendo\u00a0<strong>quest\u00f5es de m\u00faltipla escolha<\/strong>\u00a0(cinco alternativas A, B, C, D, E).\u00a0Confira as disciplinas:<\/p>\n\n\n\n<h3 class=\"wp-block-heading\">Conhecimentos Gerais<\/h3>\n\n\n\n<ul class=\"wp-block-list\"><li>Pol\u00edticas P\u00fablicas<\/li>\n\n\n\n<li>Desafios do Estado de Direito: Democracia e Cidadania<\/li>\n\n\n\n<li>\u00c9tica e integridade<\/li>\n\n\n\n<li>Diversidade e Inclus\u00e3o na Sociedade<\/li>\n\n\n\n<li>Administra\u00e7\u00e3o P\u00fablica Federal<\/li>\n\n\n\n<li>Finan\u00e7as P\u00fablicas<\/li>\n<\/ul><h3 class=\"wp-block-heading\">Conhecimentos Espec\u00edficos<\/h3>\n\n\n\n<p><strong>1\u00ba Bloco<\/strong><\/p>\n\n\n\n<ul class=\"wp-block-list\"><li>Gest\u00e3o Governamental e Governan\u00e7a P\u00fablica<\/li>\n\n\n\n<li>Pol\u00edticas P\u00fablicas<\/li>\n\n\n\n<li>Gest\u00e3o Ambiental e Tecnol\u00f3gica, Sustentabilidade e Energia<\/li>\n\n\n\n<li>Planejamento e Gest\u00e3o de Obras, Pol\u00edticas P\u00fablicas de Infraestrutura e Acessibilidade<\/li>\n\n\n\n<li>Engenharia Cartogr\u00e1fica e Geoprocessamento<\/li>\n<\/ul><p><strong>2\u00ba Bloco<\/strong><\/p>\n\n\n\n<ul class=\"wp-block-list\"><li>Gest\u00e3o Governamental e Governan\u00e7a P\u00fablica<\/li>\n\n\n\n<li>Pol\u00edticas P\u00fablicas<\/li>\n\n\n\n<li>Ger\u00eancia e Suporte da Tecnologida da Informa\u00e7\u00e3o<\/li>\n\n\n\n<li>Desenvolvimento de Software<\/li>\n\n\n\n<li>Apoio \u00e0 decis\u00e3o, intelig\u00eancia artificial e m\u00e9todos quantitativos<\/li>\n<\/ul><p><strong>3\u00ba Bloco\u00a0<\/strong><\/p>\n\n\n\n<ul class=\"wp-block-list\"><li>Gest\u00e3o Governamental e Governan\u00e7a P\u00fablica<\/li>\n\n\n\n<li>Pol\u00edticas P\u00fablicas<\/li>\n\n\n\n<li>Caracteriza\u00e7\u00e3o da Paisagem do Meio Rural<\/li>\n\n\n\n<li>Pr\u00e1ticas de Produ\u00e7\u00e3o Agropecu\u00e1ria no Meio Rural<\/li>\n\n\n\n<li>Desenvolvimento Sustent\u00e1vel no Meio Rural<\/li>\n<\/ul><p><strong>4\u00ba Bloco<\/strong><\/p>\n\n\n\n<ul class=\"wp-block-list\"><li>Gest\u00e3o Governamental e Governan\u00e7a P\u00fablica<\/li>\n\n\n\n<li>Pol\u00edticas P\u00fablicas<\/li>\n\n\n\n<li>Sociologia e Psicologia Aplicadas ao Trabalho<\/li>\n\n\n\n<li>Seguran\u00e7a e Sa\u00fade do Trabalhor e Trabalhadora<\/li>\n\n\n\n<li>Direito do Trabalho<\/li>\n<\/ul><p><strong>5\u00ba Bloco\u00a0<\/strong><\/p>\n\n\n\n<ul class=\"wp-block-list\"><li>Gest\u00e3o Governamental e Governan\u00e7a P\u00fablica<\/li>\n\n\n\n<li>Pol\u00edticas P\u00fablicas: educa\u00e7\u00e3o, ci\u00eancia e tecnologia e justi\u00e7a<\/li>\n\n\n\n<li>Pol\u00edticas P\u00fablicas: sa\u00fade e desenvolvimento social<\/li>\n\n\n\n<li>Direito Humanos, dos povos origin\u00e1rios e das popula\u00e7\u00f5es tradicionais<\/li>\n\n\n\n<li>Pesquisa e avalia\u00e7\u00e3o<\/li>\n<\/ul><p><strong>6\u00ba Bloco\u00a0<\/strong><\/p>\n\n\n\n<ul class=\"wp-block-list\"><li>Gest\u00e3o Governamental e Governan\u00e7a P\u00fablica<\/li>\n\n\n\n<li>Pol\u00edticas P\u00fablicas e An\u00e1lise de dados<\/li>\n\n\n\n<li>Economia, Economia solid\u00e1ria e contexto internacional<\/li>\n\n\n\n<li>Or\u00e7amento P\u00fablico, Contabilidade e Regula\u00e7\u00e3o<\/li>\n\n\n\n<li>Ingl\u00eas<\/li>\n<\/ul><p><strong>7\u00ba Bloco\u00a0<\/strong><\/p>\n\n\n\n<ul class=\"wp-block-list\"><li>Gest\u00e3o Governamental e Governan\u00e7a P\u00fablica: estrat\u00e9gia, pessoas, projetos e processos<\/li>\n\n\n\n<li>Gest\u00e3o Governamenta e Governan\u00e7a P\u00fablica: riscos, inova\u00e7\u00e3o, participa\u00e7\u00e3o, log\u00edstica e patrim\u00f4nio<\/li>\n\n\n\n<li>Pol\u00edticas p\u00fablicas e No\u00e7\u00f5es de Estat\u00edstica<\/li>\n\n\n\n<li>Administra\u00e7\u00e3o Financeira e Or\u00e7ament\u00e1ria, Contabilidade P\u00fablica e Compras Administra\u00e7\u00e3o P\u00fablica<\/li>\n\n\n\n<li>Comunica\u00e7\u00e3o, Gest\u00e3o documental, Transpar\u00eancia e Prote\u00e7\u00e3o de Dados<\/li>\n<\/ul><p>Conhe\u00e7a outros concursos que est\u00e3o abertos:\u00a0<a href=\"https:\/\/www.novaconcursos.com.br\/portal\/concursos-abertos\/\">Concursos Abertos: Mais de\u00a060 mil vagas\u00a0abertas para\u00a0todos os n\u00edveis!<\/a><\/p>\n\n\n\n<h2 class=\"wp-block-heading\" id=\"ministra-esther-confirmou-mais-de-15-milhes-de-inscries\">Ministra Esther confirmou mais de 1,5 milh\u00f5es de inscri\u00e7\u00f5es<\/h2>\n\n\n\n<p>O Minist\u00e9rio da Gest\u00e3o e Inova\u00e7\u00e3o em Servi\u00e7os P\u00fablicos informou que o CNU soma\u00a0<strong>mais de\u00a01,5 milh\u00e3o de candidaturas.<\/strong><\/p>\n\n\n\n<p>De acordo com a ministra da Gest\u00e3o e Inova\u00e7\u00e3o em Servi\u00e7os P\u00fablicos (MGI), Esther Dweck, a previs\u00e3o \u00e9 que as inscri\u00e7\u00f5es cres\u00e7am ainda mais essa semana.<\/p>\n\n\n\n<p><em>\u201cN\u00f3s sabemos que existe uma corrida na primeira e na \u00faltima semana. Na primeira semana, atingimos 1 milh\u00e3o de inscritos, embora esta semana tenha sido um pouco mais lenta como o esperado, imaginamos que na pr\u00f3xima semana o ritmo acelerar\u00e1 novamente\u201d,\u00a0<\/em>disse a ministra.<\/p>\n\n\n\n<p>Os interessados em uma das vagas ter\u00e3o at\u00e9 \u00e0s\u00a0<strong>23h59 do dia 09 de fevereiro de 2024<\/strong>\u00a0para efetuar a candidatura.<\/p>\n\n\n\n<p>Ao acessar o portal GOV.BR, o candidato dever\u00e1 optar por um\u00a0<strong>\u00fanico bloco tem\u00e1tico\u00a0<\/strong>para concorrer por todas as vagas e especialidades dentro do bloco escolhido.<\/p>\n\n\n\n<p>De maneira mais simplificada, ser\u00e1 preciso acompanhar a seguinte ordem:<\/p>\n\n\n\n<ul class=\"wp-block-list\"><li>1\u00ba \u2013 escolher o bloco tem\u00e1tico<\/li>\n\n\n\n<li>2\u00ba \u2013 escolher os cargos que deseja concorrer dentro do bloco<\/li>\n\n\n\n<li>3\u00ba \u2013 ordenar a prefer\u00eancia entre esses cargos<\/li>\n\n\n\n<li>4\u00ba \u2013 ordenar a prefer\u00eancia entre as especialidades<\/li>\n<\/ul><p>Depois de preencher o formul\u00e1rio de inscri\u00e7\u00e3o, o candidatos dever\u00e3o efetuar o pagamento da<strong>\u00a0taxa de inscri\u00e7\u00e3o<\/strong>\u00a0gerada\u00a0por GRU (Guia de Recolhimento da Uni\u00e3o).\u00a0<\/p>\n\n\n\n<p>O valor \u00e9 de acordo com o n\u00edvel de escolaridade:<\/p>\n\n\n\n<ul class=\"wp-block-list\"><li>n\u00edvel m\u00e9dio: R$ 60,00<\/li>\n\n\n\n<li>n\u00edvel superior: R$ 90,00<\/li>\n<\/ul>","protected":false},"excerpt":{"rendered":"<p>Ap\u00f3s pol\u00eamica envolvendo a falta de quest\u00f5es de l\u00edngua portuguesa nas provas do CNU (Concurso Nacional Unificado), a Ministra Esther Dweck, esclareceu o assunto. De acordo com ela, a disciplina n\u00e3o est\u00e1 fora do conte\u00fado program\u00e1tico, visto que ser\u00e1 cobrada na avalia\u00e7\u00e3o discursiva e na\u00a0interpreta\u00e7\u00e3o das demais quest\u00f5es.\u00a0 \u201cNa prova discursiva 50% da nota \u00e9 [&hellip;]<\/p>\n","protected":false},"author":54679,"featured_media":221335,"comment_status":"closed","ping_status":"closed","sticky":false,"template":"","format":"standard","meta":{"_acf_changed":false,"footnotes":"","_wp_rev_ctl_limit":""},"categories":[228],"tags":[],"class_list":["post-221540","post","type-post","status-publish","format-standard","has-post-thumbnail","hentry","category-noticias"],"acf":[],"_links":{"self":[{"href":"https:\/\/www.novaconcursos.com.br\/portal\/wp-json\/wp\/v2\/posts\/221540","targetHints":{"allow":["GET"]}}],"collection":[{"href":"https:\/\/www.novaconcursos.com.br\/portal\/wp-json\/wp\/v2\/posts"}],"about":[{"href":"https:\/\/www.novaconcursos.com.br\/portal\/wp-json\/wp\/v2\/types\/post"}],"author":[{"embeddable":true,"href":"https:\/\/www.novaconcursos.com.br\/portal\/wp-json\/wp\/v2\/users\/54679"}],"replies":[{"embeddable":true,"href":"https:\/\/www.novaconcursos.com.br\/portal\/wp-json\/wp\/v2\/comments?post=221540"}],"version-history":[{"count":5,"href":"https:\/\/www.novaconcursos.com.br\/portal\/wp-json\/wp\/v2\/posts\/221540\/revisions"}],"predecessor-version":[{"id":221587,"href":"https:\/\/www.novaconcursos.com.br\/portal\/wp-json\/wp\/v2\/posts\/221540\/revisions\/221587"}],"wp:featuredmedia":[{"embeddable":true,"href":"https:\/\/www.novaconcursos.com.br\/portal\/wp-json\/wp\/v2\/media\/221335"}],"wp:attachment":[{"href":"https:\/\/www.novaconcursos.com.br\/portal\/wp-json\/wp\/v2\/media?parent=221540"}],"wp:term":[{"taxonomy":"category","embeddable":true,"href":"https:\/\/www.novaconcursos.com.br\/portal\/wp-json\/wp\/v2\/categories?post=221540"},{"taxonomy":"post_tag","embeddable":true,"href":"https:\/\/www.novaconcursos.com.br\/portal\/wp-json\/wp\/v2\/tags?post=221540"}],"curies":[{"name":"wp","href":"https:\/\/api.w.org\/{rel}","templated":true}]}}