{"id":22173,"date":"2024-03-11T08:03:46","date_gmt":"2024-03-11T11:03:46","guid":{"rendered":"http:\/\/www.novaconcursos.com.br\/portal\/?post_type=nc-public-tender&#038;p=22173"},"modified":"2025-04-14T17:33:57","modified_gmt":"2025-04-14T20:33:57","slug":"concurso-prefeitura-de-florianopolis-sc","status":"publish","type":"post","link":"https:\/\/www.novaconcursos.com.br\/portal\/concursos\/concurso-prefeitura-de-florianopolis-sc\/","title":{"rendered":"Concurso Prefeitura de Florian\u00f3polis: Edital publicado. 53 vagas!"},"content":{"rendered":"<p>\u00d3timas not\u00edcias para os profissionais da Sa\u00fade! Foi divulgado o novo concurso da <strong>Prefeitura de Florian\u00f3polis\u00a0<\/strong>para a Secretaria de Sa\u00fade!<\/p>\n\n\n\n<p>O edital oferece 53 vagas de n\u00edvel m\u00e9dio e superior, com sal\u00e1rios de at\u00e9 <strong>R$18 mil<\/strong>!<\/p>\n\n\n\n<p>Saiba como participar!<\/p>\n\n\n\n<h2 class=\"wp-block-heading\" id=\"resumo-do-edital\">Resumo do Edital<\/h2>\n\n\n\n<p>Vagas: 53 + CR<br>Escolaridade: n\u00edveis m\u00e9dio\/t\u00e9cnico e superior<br>Sal\u00e1rio iniciais: de R$ 3.070,43 at\u00e9 R$ 18.128,65<br>Per\u00edodo de inscri\u00e7\u00e3o: de 22\/3\/2024 a 22\/4\/2024<br>Taxa de inscri\u00e7\u00e3o: R$120,00 e R$150,00<br>Prova: 23\/6\/2024<br>Banca: FURB<br><a href=\"https:\/\/anexos.cdn.selecao.net.br\/uploads\/342\/concursos\/343\/anexos\/UTRGO5RsGpz1HsLRe5OkIlwZL06YeFPBi3utArJX.pdf\" target=\"_blank\" rel=\"noopener\">Baixe o edital<\/a><\/p>\n\n\n\n<h2 class=\"wp-block-heading\" id=\"como-se-inscrever-no-concurso-da-prefeitura-de-florianpolis\">Como se inscrever no concurso da Prefeitura de Florian\u00f3polis?<\/h2>\n\n\n\n<p>As inscri\u00e7\u00f5es para o concurso da SMS Prefeitura de Florian\u00f3polis estar\u00e3o abertas a partir das <strong>08h do dia 22 de mar\u00e7o at\u00e9 \u00e0s 23h59 do dia 22 de abril de 2024<\/strong>, no site da banca organizadora, <a href=\"https:\/\/concursos.furb.br\/informacoes\/343\/\" target=\"_blank\" rel=\"noopener\">FURB<\/a>.<\/p>\n\n\n\n<p>Para participar do concurso, o interessado dever\u00e1 pagar uma <strong>taxa de inscri\u00e7\u00e3o<\/strong>, at\u00e9 o dia 23 de abril, no valor de R$ 120,00 para os cargos de n\u00edvel m\u00e9dio\/t\u00e9cnico e de R$150,00 para os cargos de n\u00edvel superior.<\/p>\n\n\n\n<p>O certame oferece a<strong> isen\u00e7\u00e3o<\/strong> da taxa para os seguintes candidatos:<\/p>\n\n\n\n<ul class=\"wp-block-list\"><li>doadores de sangue residente no munic\u00edpio de Florian\u00f3polis;<\/li>\n\n\n\n<li>inscritos no Cadastro \u00danico para programas do Governo Federal (Cad\u00danico);<\/li>\n\n\n\n<li>cadastrados no Registro Brasileiro de Doadores Volunt\u00e1rios de Medula \u00d3ssea (REDOME); e<\/li>\n\n\n\n<li>o candidato nomeado para compor a Mesa Receptora ou Junta Eleitoral e o Jurado do Tribunal do J\u00fari, de acordo com a Lei Municipal n.\u00ba 7943\/2009.<\/li>\n<\/ul><p><strong>Aten\u00e7\u00e3o!<\/strong> O per\u00edodo de solicita\u00e7\u00e3o de isen\u00e7\u00e3o ser\u00e1 de 22 de mar\u00e7o a 1 de abril!<\/p>\n\n\n\n<ul class=\"wp-block-list\"><li><strong>Confira:\u00a0<\/strong><a href=\"https:\/\/www.novaconcursos.com.br\/apostila\/prefeituras-concursos?promo_creative=Apostila+Concursos+de+Prefeituras&amp;promo_name=concurso&amp;promo_id=%2Fportal%2Fconcursos%2Fconcurso-prefeitura-de-ubatuba-sp&amp;promo_position=corpo-texto\">Apostila Concursos de Prefeituras<\/a><\/li>\n<\/ul><h2 class=\"wp-block-heading\" id=\"cargos-vagas-e-salrios-do-concurso-prefeitura-de-florianpoli\">Cargos, vagas e sal\u00e1rios do concurso Prefeitura de Florian\u00f3polis<\/h2>\n\n\n\n<p>A Prefeitura de Florian\u00f3polis est\u00e1 ofertando 53 vagas, distribu\u00eddas entre os seguintes cargos:<\/p>\n\n\n\n<p><strong>N\u00edvel M\u00e9dio\/T\u00e9cnico<\/strong><\/p>\n\n\n\n<ul class=\"wp-block-list\"><li>T\u00e9cnico de Enfermagem: 30 vagas<\/li>\n\n\n\n<li>T\u00e9cnico de Sa\u00fade Bucal: 01 vaga<\/li>\n<\/ul><p><strong>N\u00edvel Superior<\/strong><\/p>\n\n\n\n<ul class=\"wp-block-list\"><li>Enfermeiro: CR<\/li>\n\n\n\n<li>Fiscal de Vigil\u00e2ncia em Sa\u00fade: 01 vaga<\/li>\n\n\n\n<li>M\u00e9dico \u2013 Cardiologista: 01 vaga\n<ul class=\"wp-block-list\"><li>Endocrinologista Pedi\u00e1trico: 01 vaga<\/li>\n\n\n\n<li>Epidemiologista: 01 vaga<\/li>\n\n\n\n<li>Geriatra: 01 vaga<\/li>\n\n\n\n<li>Ginecologista e Obstetra: 01 vaga<\/li>\n\n\n\n<li>Neuropediatra: 01 vaga<\/li>\n\n\n\n<li>Neurologista: 01 vaga<\/li>\n\n\n\n<li>Pneumologista: 01 vaga<\/li>\n\n\n\n<li>Pneumologista Pedi\u00e1trico: 01 vaga<\/li>\n\n\n\n<li>Reumatologista: 01 vaga<\/li>\n\n\n\n<li>Fam\u00edlia e Comunidade: 10 vagas<\/li>\n<\/ul><\/li>\n\n\n\n<li>Odont\u00f3logo \u2013 Endodontista: 01 vaga<\/li>\n<\/ul><p>Os cargos de n\u00edvel m\u00e9dio\/t\u00e9cnico possuem uma<strong> remunera\u00e7\u00e3o inicial<\/strong> no valor de R$ 3.070,43.<\/p>\n\n\n\n<p>J\u00e1 o sal\u00e1rio dos cargos de n\u00edvel superior s\u00e3o vari\u00e1veis. Confira:<\/p>\n\n\n\n<ul class=\"wp-block-list\"><li>Fiscal de Vigil\u00e2ncia em Sa\u00fade: R$ 3.161,09<\/li>\n\n\n\n<li>Enfermeiro: R$ 10.370,11<\/li>\n\n\n\n<li>M\u00e9dico (todas as especialidades) e Odont\u00f3logo:\n<ul class=\"wp-block-list\"><li>20h: R$ 8.113,54<\/li>\n\n\n\n<li>40h: R$ 18.128,65<\/li>\n<\/ul><\/li>\n<\/ul><p>Al\u00e9m disso, os servidores far\u00e3o jus aos seguintes<strong> benef\u00edcios<\/strong>:<\/p>\n\n\n\n<p><strong> Aux\u00edlio Alimenta\u00e7\u00e3o:<\/strong> R$ 27,27 pago por dia \u00fatil trabalhado, para os servidores com carga hor\u00e1ria semanal de 40 (quarenta) horas;<\/p>\n\n\n\n<p><strong>Aux\u00edlio Lanche: <\/strong>R$ 23,53 , pago por dia \u00fatil trabalhado, para servidores com carga hor\u00e1ria semanal de 30 horas;<\/p>\n\n\n\n<p><strong>Vale Transporte: <\/strong>servidor que receber at\u00e9 3\u00a0 pisos salariais (at\u00e9 R$5.008,05) poder\u00e3o optar pelo Vale Transporte custeado integralmente pelo Munic\u00edpio de Florian\u00f3polis. Acima deste valor, haver\u00e1 um desconto equivalente a 6% sobre o vencimento base.<\/p>\n\n\n\n<h2 class=\"wp-block-heading\" id=\"requisitos\">Requisitos<\/h2>\n\n\n\n<p>As exig\u00eancias <strong>b\u00e1sicas<\/strong> para investidura nos cargos de educa\u00e7\u00e3o da Prefeitura de Florian\u00f3polis s\u00e3o:<\/p>\n\n\n\n<ul class=\"wp-block-list\"><li>ser brasileiro nato ou naturalizado, ou cidad\u00e3o portugu\u00eas, a quem tenha sido deferida a igualdade nas condi\u00e7\u00f5es prevista no Decreto 70.436, de 18.04.1972, ou gozar das prerrogativas previstas no art. 12 da Constitui\u00e7\u00e3o Federal e demais disposi\u00e7\u00f5es de lei, no caso de estrangeiros;<\/li>\n\n\n\n<li>gozo dos direitos pol\u00edticos;<\/li>\n\n\n\n<li>estar em dia no cumprimento das obriga\u00e7\u00f5es eleitorais e do servi\u00e7o militar obrigat\u00f3rio;<\/li>\n\n\n\n<li>idade m\u00ednima de 18 (dezoito) anos;<\/li>\n\n\n\n<li>n\u00edvel de escolaridade exigido para o exerc\u00edcio do cargo; e<\/li>\n\n\n\n<li>aptid\u00e3o f\u00edsica e mental.<\/li>\n<\/ul><p>J\u00e1 os requisitos <strong>espec\u00edficos<\/strong> de cada cargo, est\u00e3o relacionados ao n\u00edvel de escolaridade exigido pelos cargos, \u00e1rea de forma\u00e7\u00e3o e registro no conselho de classe, quando houver.<\/p>\n\n\n\n<h2 class=\"wp-block-heading\" id=\"etapas-de-seleo-do-concurso-prefeitura-de-florianpolis\">Etapas de Sele\u00e7\u00e3o do concurso Prefeitura de Florian\u00f3polis<\/h2>\n\n\n\n<p>A sele\u00e7\u00e3o da SMS Florian\u00f3polis ser\u00e1 composta pelas seguintes etapas:<\/p>\n\n\n\n<ul class=\"wp-block-list\"><li>Prova de T\u00edtulos, de car\u00e1ter facultativo e classificat\u00f3rio (para os cargos de n\u00edvel superior);<\/li>\n\n\n\n<li>Prova Objetiva, de car\u00e1ter eliminat\u00f3rio e classificat\u00f3rio.<\/li>\n<\/ul><h3 class=\"wp-block-heading\">Prova de T\u00edtulos<\/h3>\n\n\n\n<p>Nesta etapa, de car\u00e1ter facultativo, o candidato dever\u00e1 entregar os documentos necess\u00e1rios no <strong>ato da inscri\u00e7\u00e3o<\/strong>.<\/p>\n\n\n\n<p>A pontua\u00e7\u00e3o ser\u00e1 somada \u00e0s notas dos candidatos aprovados na prova objetiva.<\/p>\n\n\n\n<p>Veja abaixo o t\u00edtulo e a<strong> pontua\u00e7\u00e3o<\/strong> referente a cada cargo:<\/p>\n\n\n\n<p><strong>Enfermeiro<\/strong><\/p>\n\n\n\n<ul class=\"wp-block-list\"><li>Resid\u00eancia Multiprofissional em Sa\u00fade da Fam\u00edlia e\/ou em \u00c1rea Profissional de Sa\u00fade da Fam\u00edlia: 7 pontos;<\/li>\n\n\n\n<li>Especializa\u00e7\u00e3o em Sa\u00fade da Fam\u00edlia: 2 pontos;<\/li>\n\n\n\n<li>Outra especializa\u00e7\u00e3o: 1 ponto<\/li>\n<\/ul><p><strong> Fiscal de Vigil\u00e2ncia em Sa\u00fade<\/strong><\/p>\n\n\n\n<ul class=\"wp-block-list\"><li>Especializa\u00e7\u00e3o em Vigil\u00e2ncia: 7 pontos<\/li>\n\n\n\n<li>Outra especializa\u00e7\u00e3o: 3 pontos<\/li>\n<\/ul><p><strong>M\u00e9dico de Fam\u00edlia e Comunidade<\/strong><\/p>\n\n\n\n<ul class=\"wp-block-list\"><li>Resid\u00eancia M\u00e9dica: 5 pontos<\/li>\n\n\n\n<li>Ano adicional da Resid\u00eancia M\u00e9dica: 2 pontos<\/li>\n\n\n\n<li>Especializa\u00e7\u00e3o: 1 ponto<\/li>\n\n\n\n<li>Atividade de preceptoria\/doc\u00eancia: 0,50 ponto por semestre (m\u00e1ximo de 04 semestres)<\/li>\n<\/ul><p><strong>M\u00e9dico (demais \u00e1reas)<\/strong><\/p>\n\n\n\n<ul class=\"wp-block-list\"><li>Ano adicional de resid\u00eancia: 5 pontos<\/li>\n\n\n\n<li>Especializa\u00e7\u00e3o: 3 pontos<\/li>\n\n\n\n<li>Atividade de preceptoria\/doc\u00eancia: 0,50 ponto por semestre (m\u00e1ximo de 04 semestres)<\/li>\n<\/ul><p><strong>Odont\u00f3logo<\/strong><\/p>\n\n\n\n<ul class=\"wp-block-list\"><li>Especializa\u00e7\u00e3o em endodontia: 7 pontos<\/li>\n\n\n\n<li>Outra especializa\u00e7\u00e3o na \u00e1rea de atua\u00e7\u00e3o: 3 pontos<\/li>\n<\/ul><h3 class=\"wp-block-heading\">Prova Objetiva<\/h3>\n\n\n\n<p>A prova objetiva ser\u00e1 aplicada no dia <b>23 de junho de 2024 <\/b>e ter\u00e1 3h30 de dura\u00e7\u00e3o para os cargos de n\u00edvel m\u00e9dio e de 4h30 para os cargos de n\u00edvel superior.<\/p>\n\n\n\n<p>A avalia\u00e7\u00e3o ser\u00e1 composta por<strong>\u00a0quest\u00f5es de m\u00faltipla escolha<\/strong>, nas seguintes disciplinas:<\/p>\n\n\n\n<p><strong>N\u00edvel m\u00e9dio\/t\u00e9cnico \u2013 60 quest\u00f5es\u00a0<\/strong><\/p>\n\n\n\n<ul class=\"wp-block-list\"><li>L\u00edngua Portuguesa (10)<\/li>\n\n\n\n<li>Conhecimentos Gerais e Legisla\u00e7\u00e3o (10)<\/li>\n\n\n\n<li>Racioc\u00ednio L\u00f3gico (05)<\/li>\n\n\n\n<li>No\u00e7\u00f5es de Inform\u00e1tica (05)<\/li>\n\n\n\n<li>Conhecimentos Espec\u00edficos (30)<\/li>\n<\/ul><p><strong>N\u00edvel superior \u2013 80 quest\u00f5es<\/strong><\/p>\n\n\n\n<ul class=\"wp-block-list\"><li>L\u00edngua Portuguesa (15)<\/li>\n\n\n\n<li>Conhecimentos Gerais e Legisla\u00e7\u00e3o (10)<\/li>\n\n\n\n<li>Racioc\u00ednio L\u00f3gico (10)<\/li>\n\n\n\n<li>No\u00e7\u00f5es de Inform\u00e1tica (05)<\/li>\n\n\n\n<li>Conhecimentos Espec\u00edficos (40)<\/li>\n<\/ul><p>A prova ser\u00e1 avaliada em uma escala de 0 \u00e0 10 pontos e para ser considerado <strong>aprovado<\/strong> o candidato dever\u00e1 obter nota igual ou superior \u00e0 5 pontos.<\/p>\n\n\n\n<h4 class=\"wp-block-heading\">O que vai cair na prova?<\/h4>\n\n\n\n<p>Confira o conte\u00fado program\u00e1tico abaixo:<\/p>\n\n\n\n<p><strong>L\u00edngua Portuguesa<\/strong><\/p>\n\n\n\n<ul class=\"wp-block-list\"><li>Compreens\u00e3o, an\u00e1lise e interpreta\u00e7\u00e3o de textos;<\/li>\n\n\n\n<li>Tipos e g\u00eaneros textuais;<\/li>\n\n\n\n<li>Fun\u00e7\u00f5es da linguagem;<\/li>\n\n\n\n<li>Figuras de linguagem;<\/li>\n\n\n\n<li>Coes\u00e3o textual e os sentidos constru\u00eddos no texto;<\/li>\n\n\n\n<li>Fon\u00e9tica;<\/li>\n\n\n\n<li>Ortografia;<\/li>\n\n\n\n<li>Pontua\u00e7\u00e3o;<\/li>\n\n\n\n<li>Acentua\u00e7\u00e3o gr\u00e1fica;<\/li>\n\n\n\n<li>Estrutura e forma\u00e7\u00e3o de palavras;<\/li>\n\n\n\n<li>Deriva\u00e7\u00e3o e composi\u00e7\u00e3o;<\/li>\n\n\n\n<li>Classes gramaticais: substantivo, artigo, adjetivo, pronome, numeral, verbo, adv\u00e9rbio, preposi\u00e7\u00e3o, conjun\u00e7\u00e3o e interjei\u00e7\u00e3o.<\/li>\n\n\n\n<li>Coloca\u00e7\u00e3o pronominal;<\/li>\n\n\n\n<li>Reg\u00eancia nominal e verbal;<\/li>\n\n\n\n<li>Emprego do acento grave (crase); Concord\u00e2ncia nominal e verbal;<\/li>\n\n\n\n<li>Aspectos sint\u00e1ticos e sem\u00e2nticos;<\/li>\n\n\n\n<li>Sentido conotativo e denotativo;<\/li>\n\n\n\n<li>An\u00e1lise sint\u00e1tica do per\u00edodo simples e composto;<\/li>\n\n\n\n<li>Sentido dos voc\u00e1bulos no texto;<\/li>\n\n\n\n<li>Significa\u00e7\u00e3o das palavras;<\/li>\n\n\n\n<li>Sin\u00f4nimos, ant\u00f4nimos, hip\u00f4nimos e hiper\u00f4nimos;<\/li>\n\n\n\n<li>Uso dos porqu\u00eas; e<\/li>\n\n\n\n<li>Processos de coordena\u00e7\u00e3o e subordina\u00e7\u00e3o (valores sem\u00e2nticos).<\/li>\n<\/ul><p><strong>Conhecimentos Gerais e Legisla\u00e7\u00e3o<\/strong><\/p>\n\n\n\n<ul class=\"wp-block-list\"><li>Aspectos hist\u00f3ricos, culturais, geogr\u00e1ficos, sociais, pol\u00edticos e econ\u00f4micos: mundo, Brasil, Santa Catarina e Florian\u00f3polis;<\/li>\n\n\n\n<li>Descobertas e inova\u00e7\u00f5es cient\u00edficas na atualidade e seus respectivos impactos na sociedade contempor\u00e2nea;<\/li>\n\n\n\n<li>Desenvolvimento urbano brasileiro;<\/li>\n\n\n\n<li>Cultura e sociedade brasileira: arte, arquitetura, cinema, m\u00eddias, pol\u00edtica, revistas e televis\u00e3o;<\/li>\n\n\n\n<li>Lei Org\u00e2nica do Munic\u00edpio de Florian\u00f3polis. Estatuto do Magist\u00e9rio P\u00fablico Municipal de Florian\u00f3polis e suas altera\u00e7\u00f5es.<\/li>\n<\/ul><p><strong>Racioc\u00ednio L\u00f3gico\u00a0<\/strong><\/p>\n\n\n\n<ul class=\"wp-block-list\"><li>Racioc\u00ednio l\u00f3gico envolvendo problemas aritm\u00e9ticos, geom\u00e9tricos e matriciais;<\/li>\n\n\n\n<li>N\u00fameros inteiros e racionais (na forma decimal e fracion\u00e1ria): opera\u00e7\u00f5es (adi\u00e7\u00e3o, subtra\u00e7\u00e3o, multiplica\u00e7\u00e3o, divis\u00e3o, potencia\u00e7\u00e3o); express\u00f5es num\u00e9ricas;<\/li>\n\n\n\n<li>N\u00fameros e grandezas proporcionais: raz\u00f5es e propor\u00e7\u00f5es; divis\u00e3o em partes proporcionais; regra de tr\u00eas simples e composta; porcentagem;<\/li>\n\n\n\n<li>Princ\u00edpios de contagem e probabilidade;<\/li>\n\n\n\n<li>Opera\u00e7\u00f5es com conjuntos;<\/li>\n\n\n\n<li>Sistema m\u00e9trico: medidas de tempo, comprimento, superf\u00edcie, volume, capacidade e massa;<\/li>\n\n\n\n<li>Interpreta\u00e7\u00e3o de gr\u00e1ficos e tabelas;<\/li>\n\n\n\n<li>M\u00e9dia aritm\u00e9tica simples e ponderada; e<\/li>\n\n\n\n<li>Resolu\u00e7\u00e3o de situa\u00e7\u00f5esproblema.<\/li>\n<\/ul><p><strong>No\u00e7\u00f5es de Inform\u00e1tica<\/strong><\/p>\n\n\n\n<ul class=\"wp-block-list\"><li>No\u00e7\u00f5es de internet, intranet e redes de computadores;<\/li>\n\n\n\n<li>Conceitos b\u00e1sicos dos modos de utiliza\u00e7\u00e3o de tecnologias digitais, suas ferramentas, uso e opera\u00e7\u00e3o de aplicativos e procedimentos de inform\u00e1tica;<\/li>\n\n\n\n<li>Conceitos b\u00e1sicos dos modos de utiliza\u00e7\u00e3o de aplicativos para edi\u00e7\u00e3o de textos, planilhas, apresenta\u00e7\u00f5es, correio eletr\u00f4nico, Agenda, videoconfer\u00eancia, chat, armazenamento de arquivos, Ambientes Virtuais de Aprendizagem, formul\u00e1rios eletr\u00f4nicos, edi\u00e7\u00e3o de sites utilizando-se a su\u00edte de produtividade Google Workspace.<\/li>\n\n\n\n<li>No\u00e7\u00f5es b\u00e1sicas de edi\u00e7\u00e3o de imagens e v\u00eddeos. Conceitos e modos de utiliza\u00e7\u00e3o de Sistemas Operacionais, Windows 10 e superiores, Chrome OS etc.<\/li>\n<\/ul><p>Quer ingressar na carreira p\u00fablica? Confira todos os <a href=\"https:\/\/www.novaconcursos.com.br\/portal\/concursos-abertos\/sc\/\">concursos abertos em Santa Catarina<\/a>!<\/p>","protected":false},"excerpt":{"rendered":"<p>\u00d3timas not\u00edcias para os profissionais da Sa\u00fade! Foi divulgado o novo concurso da Prefeitura de Florian\u00f3polis\u00a0para a Secretaria de Sa\u00fade!<\/p>\n<p>O edital oferece 53 vagas de n\u00edvel m\u00e9dio e superior, com sal\u00e1rios de at\u00e9 R$18 mil!<\/p>\n<p>Saiba como participar!<\/p>\n","protected":false},"author":16,"featured_media":224669,"comment_status":"closed","ping_status":"closed","sticky":false,"template":"","format":"standard","meta":{"_acf_changed":false,"footnotes":"","_wp_rev_ctl_limit":""},"categories":[44999],"tags":[],"class_list":["post-22173","post","type-post","status-publish","format-standard","has-post-thumbnail","hentry","category-concursos"],"acf":[],"_links":{"self":[{"href":"https:\/\/www.novaconcursos.com.br\/portal\/wp-json\/wp\/v2\/posts\/22173","targetHints":{"allow":["GET"]}}],"collection":[{"href":"https:\/\/www.novaconcursos.com.br\/portal\/wp-json\/wp\/v2\/posts"}],"about":[{"href":"https:\/\/www.novaconcursos.com.br\/portal\/wp-json\/wp\/v2\/types\/post"}],"author":[{"embeddable":true,"href":"https:\/\/www.novaconcursos.com.br\/portal\/wp-json\/wp\/v2\/users\/16"}],"replies":[{"embeddable":true,"href":"https:\/\/www.novaconcursos.com.br\/portal\/wp-json\/wp\/v2\/comments?post=22173"}],"version-history":[{"count":24,"href":"https:\/\/www.novaconcursos.com.br\/portal\/wp-json\/wp\/v2\/posts\/22173\/revisions"}],"predecessor-version":[{"id":279298,"href":"https:\/\/www.novaconcursos.com.br\/portal\/wp-json\/wp\/v2\/posts\/22173\/revisions\/279298"}],"wp:featuredmedia":[{"embeddable":true,"href":"https:\/\/www.novaconcursos.com.br\/portal\/wp-json\/wp\/v2\/media\/224669"}],"wp:attachment":[{"href":"https:\/\/www.novaconcursos.com.br\/portal\/wp-json\/wp\/v2\/media?parent=22173"}],"wp:term":[{"taxonomy":"category","embeddable":true,"href":"https:\/\/www.novaconcursos.com.br\/portal\/wp-json\/wp\/v2\/categories?post=22173"},{"taxonomy":"post_tag","embeddable":true,"href":"https:\/\/www.novaconcursos.com.br\/portal\/wp-json\/wp\/v2\/tags?post=22173"}],"curies":[{"name":"wp","href":"https:\/\/api.w.org\/{rel}","templated":true}]}}