{"id":221877,"date":"2024-03-12T12:47:41","date_gmt":"2024-03-12T15:47:41","guid":{"rendered":"https:\/\/www.novaconcursos.com.br\/portal\/?post_type=nc-public-tender&#038;p=221877"},"modified":"2025-04-10T15:19:43","modified_gmt":"2025-04-10T18:19:43","slug":"iplanfor-instituto-planejamento-fortaleza","status":"publish","type":"post","link":"https:\/\/www.novaconcursos.com.br\/portal\/concursos\/iplanfor-instituto-planejamento-fortaleza\/","title":{"rendered":"Concurso Iplanfor Fortaleza: Inscri\u00e7\u00f5es prorrogadas. Prova em abril!"},"content":{"rendered":"<p>Aten\u00e7\u00e3o, concurseiros! Ap\u00f3s retifica\u00e7\u00e3o, as inscri\u00e7\u00f5es do concurso<strong> Iplanfor<\/strong> (Instituto de Planejamento de Fortaleza) foram adiadas!<\/p>\n\n\n\n<p>O certame oferece 60 vagas de <strong>n\u00edvel superior<\/strong>, com iniciais de<strong> R$ 10,6 mil<\/strong>!<\/p>\n\n\n\n<p>Confira todos os detalhes a seguir!<\/p>\n\n\n\n<h2 class=\"wp-block-heading\" id=\"resumo-do-edital\">Resumo do Edital<\/h2>\n\n\n\n<p>Vagas: 60 + CR<br>Escolaridade: n\u00edvel superior<br>Sal\u00e1rio: R$10.660,21<br>Per\u00edodo de inscri\u00e7\u00e3o: de 9\/2\/24 a 19\/3\/24<br>Taxa de inscri\u00e7\u00e3o: R$ 215,00<br>Provas: 14\/04\/2024<br>Banca: Idecan<br><a href=\"https:\/\/www.novaconcursos.com.br\/portal\/wp-content\/uploads\/2024\/02\/edital-iplanfor.pdf\" target=\"_blank\" rel=\"noopener\">Baixe o edital.<\/a><\/p>\n\n\n\n<h2 class=\"wp-block-heading\" id=\"como-se-inscrever-no-concurso-iplanfor\">Como se inscrever no concurso Iplanfor?<\/h2>\n\n\n\n<p>Com a retifica\u00e7\u00e3o, as inscri\u00e7\u00f5es do concurso Iplanfor foram prorrogadas!<\/p>\n\n\n\n<p>Assim, os interessados poder\u00e3o realiz\u00e1-la at\u00e9 o dia<strong> 19 de mar\u00e7o de 2024<\/strong>, no site do <a href=\"https:\/\/www.idecan.org.br\/\" target=\"_blank\" rel=\"noopener\">Idecan<\/a>, banca organizadora do certame.<\/p>\n\n\n\n<p>Para efetivar a inscri\u00e7\u00e3o, \u00e9 necess\u00e1rio que o interessado pague uma\u00a0<strong>taxa <\/strong>de inscri\u00e7\u00e3o, at\u00e9 o dia 20 de mar\u00e7o, no valor de <strong>R$215,00<\/strong>.<\/p>\n\n\n\n<p>Al\u00e9m disso, o certame oferece a <strong>isen\u00e7\u00e3o\u00a0da taxa<\/strong>\u00a0de inscri\u00e7\u00e3o para os candidatos que se enquadrarem nos seguintes crit\u00e9rios:<\/p>\n\n\n\n<ul class=\"wp-block-list\"><li>ser doador de sangue e que tem, no m\u00ednimo, 02 doa\u00e7\u00f5es no per\u00edodo de 01 ano;<\/li>\n\n\n\n<li>ser benefici\u00e1rio de, pelo menos, um dos programas sociais do Governo Federal; ou<\/li>\n\n\n\n<li>ser doadora de leite materno em pelo menos 3 ocasi\u00f5es no per\u00edodo de 12 meses anteriores \u00e0 data de inscri\u00e7\u00e3o no concurso.<\/li>\n<\/ul><p>Saiba mais a seguir!<\/p>\n\n\n\n<ul class=\"wp-block-list\"><li><strong>Confira:\u00a0<\/strong><a href=\"https:\/\/www.novaconcursos.com.br\/apostila\/basico-para-concursos-lingua-portuguesa?promo_creative=Apostila+L%C3%ADngua+Portuguesa+para+Concursos+%E2%80%93+Ed.+2024&amp;promo_name=concurso&amp;promo_id=%2Fportal%2Fconcursos%2Fconcurso-de-admissao-ao-colegio-naval&amp;promo_position=corpo-texto\">Apostila L\u00edngua Portuguesa para Concursos \u2013 Ed. 2024<\/a><\/li>\n\n\n\n<li><strong>Confira:\u00a0<\/strong><a href=\"https:\/\/www.novaconcursos.com.br\/livro\/1000-questoes-gabaritadas-conteudos-basicos-concursos?promo_creative=Livro+1.000+Quest%C3%B5es+Gabaritadas+de+Conte%C3%BAdos+B%C3%A1sicos+para+Concursos&amp;promo_name=concurso&amp;promo_id=%2Fportal%2Fconcursos%2Fconcurso-de-admissao-ao-colegio-naval&amp;promo_position=corpo-texto\">Livro 1.000 Quest\u00f5es Gabaritadas de Conte\u00fados B\u00e1sicos para Concursos<\/a><\/li>\n<\/ul><p>Estude para o concurso dos seus sonhos com o\u00a0<strong>M\u00e9todo<\/strong>\u00a0que j\u00e1 ajudou na\u00a0<strong>aprova\u00e7\u00e3o de mais de 70 mil alunos!<\/strong>\u00a0<a href=\"https:\/\/aprovacao.novaconcursos.com.br\/assinatura?promo_creative=Clique+aqui&amp;promo_name=concurso&amp;promo_id=%2Fportal%2Fconcursos%2Fconcurso-ses-mt&amp;promo_position=corpo-texto\">Clique aqui<\/a>\u00a0e saiba mais!<\/p>\n\n\n\n<h2 class=\"wp-block-heading\" id=\"cargos-vagas-e-salrios-do-concurso-iplanfor\">Cargos, vagas e sal\u00e1rios do concurso Iplanfor<\/h2>\n\n\n\n<p>O Instituto de Planejamento de Fortaleza est\u00e1 ofertando <strong>60 vagas + CR<\/strong> para o cargo de <strong>Analista de Planejamento e Inova\u00e7\u00e3o<\/strong>, nas seguintes especialidades:<\/p>\n\n\n\n<ul class=\"wp-block-list\"><li>Acervo (02)<\/li>\n\n\n\n<li>Articula\u00e7\u00e3o Internacional (01)<\/li>\n\n\n\n<li>Comunica\u00e7\u00e3o e Design (05)<\/li>\n\n\n\n<li>Desenvolvimento Urbano (12)<\/li>\n\n\n\n<li>Estudos e Pesquisas (05)<\/li>\n\n\n\n<li>Geoprocessamento (03)<\/li>\n\n\n\n<li>Gest\u00e3o de Dados (07)<\/li>\n\n\n\n<li>Gest\u00e3o e Or\u00e7amento (06)<\/li>\n\n\n\n<li>Jur\u00eddica (03)<\/li>\n\n\n\n<li>Pol\u00edticas P\u00fablicas (08)<\/li>\n\n\n\n<li><span style=\"font-weight: 400;\">Tecnologia (08)<\/span><\/li>\n<\/ul><p>O cargo faz jus a um <strong>sal\u00e1rio inicial<\/strong> no valor de<strong> R$10.660,21<\/strong>!<\/p>\n\n\n\n<h2 class=\"wp-block-heading\" id=\"requisitos\">Requisitos<\/h2>\n\n\n\n<p>As exig\u00eancias<strong> b\u00e1sicas<\/strong> para investidura no cargo de Analista Iplanfor s\u00e3o:<\/p>\n\n\n\n<ul class=\"wp-block-list\"><li>ter sido aprovado e classificado no concurso p\u00fablico;<\/li>\n\n\n\n<li>ter nacionalidade brasileira ou portuguesa e, no caso de nacionalidade portuguesa, estar amparado pelo Estatuto de Igualdade entre brasileiros e portugueses, com reconhecimento do gozo dos direitos pol\u00edticos, nos termos do \u00a7 1\u00ba, do art. 12, da Constitui\u00e7\u00e3o da Rep\u00fablica Federativa do Brasil;<\/li>\n\n\n\n<li><strong>ter idade m\u00ednima de 18 (dezoito) anos completos na data da investidura;<\/strong><\/li>\n\n\n\n<li>estar quite com as obriga\u00e7\u00f5es eleitorais e, em caso de candidato do sexo masculino, tamb\u00e9m com as militares;<\/li>\n\n\n\n<li>possuir os requisitos exigidos para o exerc\u00edcio do cargo\/\u00e1rea;<\/li>\n\n\n\n<li>ter aptid\u00e3o f\u00edsica e mental para o exerc\u00edcio das atribui\u00e7\u00f5es do cargo;<\/li>\n\n\n\n<li>n\u00e3o acumular cargos, empregos ou fun\u00e7\u00f5es p\u00fablicas, salvo nos casos constitucionalmente permitidos;<\/li>\n\n\n\n<li>cumprir as demais determina\u00e7\u00f5es do edital.<\/li>\n<\/ul><p>J\u00e1 os requisitos <strong>espec\u00edficos<\/strong> de cada cargo est\u00e3o relacionados a \u00e1rea de forma\u00e7\u00e3o de cada cargo\/\u00e1rea, al\u00e9m de registro no respectivo conselho de classe.<\/p>\n\n\n\n<p>Vale ressaltar que a retifica\u00e7\u00e3o ampliou as <strong>\u00e1reas de gradua\u00e7\u00e3o<\/strong> para cargos de n\u00edvel superior.<\/p>\n\n\n\n<h2 class=\"wp-block-heading\" id=\"quais-as-etapas-de-seleo-do-concurso-iplanfor\">Quais as etapas de sele\u00e7\u00e3o do concurso Iplanfor?<\/h2>\n\n\n\n<p>O concurso Iplanfor, da Prefeitura de Fortaleza, ser\u00e1 realizado nas seguintes fases:<\/p>\n\n\n\n<ul class=\"wp-block-list\"><li>Prova objetiva, de car\u00e1ter eliminat\u00f3rio e classificat\u00f3rio;<\/li>\n\n\n\n<li>Prova discursiva,\u00a0de car\u00e1ter eliminat\u00f3rio e classificat\u00f3rio;<\/li>\n\n\n\n<li>Prova de t\u00edtulos, de car\u00e1ter classificat\u00f3rio; e<\/li>\n\n\n\n<li>Curso de forma\u00e7\u00e3o,\u00a0de car\u00e1ter classificat\u00f3rio e eliminat\u00f3rio.<\/li>\n<\/ul><p>As provas objetiva e discursiva ser\u00e3o aplicadas no dia<strong> 14 de abril de 2024<\/strong>, no munic\u00edpio de Fortaleza\/CE, das <strong>13h \u00e0s 19h<\/strong>.<\/p>\n\n\n\n<p>Saiba mais detalhes sobre as provas!<\/p>\n\n\n\n<h3 class=\"wp-block-heading\">Prova Objetiva<\/h3>\n\n\n\n<p>Esta etapa ser\u00e1 composta por <strong>60 quest\u00f5es<\/strong> de m\u00faltipla escolha, onde ser\u00e3o avaliadas as<strong> disciplinas<\/strong> a seguir:<\/p>\n\n\n\n<ul class=\"wp-block-list\"><li>Conhecimentos gerais\n<ul class=\"wp-block-list\"><li>L\u00edngua Portuguesa (05)<\/li>\n\n\n\n<li>No\u00e7\u00f5es de Gest\u00e3o P\u00fablica e atualidades (15)<\/li>\n\n\n\n<li>Racioc\u00ednio L\u00f3gico (05)<\/li>\n\n\n\n<li>Legisla\u00e7\u00e3o (05)<\/li>\n<\/ul><\/li>\n\n\n\n<li>Conhecimentos espec\u00edficos (30)<\/li>\n<\/ul><p>A prova ser\u00e1 avaliada em uma escala de 0 \u00e0 105 pontos e ser\u00e1 considerado <strong>reprovado<\/strong>, o candidato que:<\/p>\n\n\n\n<ul class=\"wp-block-list\"><li>obtiver nota inferior a 50% do total de pontos da Prova Objetiva; ou<\/li>\n\n\n\n<li>obtiver nota igual ou superior a 50% do total de pontos da Prova Objetiva, por\u00e9m n\u00e3o acertar pelo menos 1 (uma) quest\u00e3o em cada disciplina que comp\u00f5e a prova objetiva;<\/li>\n\n\n\n<li>obtiver nota igual ou superior a 50% do total de pontos da Prova Objetiva, por\u00e9m classifica\u00e7\u00e3o acima do quantitativo de convoca\u00e7\u00e3o determinado para a pr\u00f3xima fase do concurso, nos termos dispostos neste edital.<\/li>\n<\/ul><h3 class=\"wp-block-heading\">Prova Discursiva<\/h3>\n\n\n\n<p>A prova dissertativa compreender\u00e1 <strong>quatro quest\u00f5es<\/strong>, das quais duas ser\u00e3o apresentadas no formato de estudo de caso, abordando o conte\u00fado program\u00e1tico de conhecimentos espec\u00edficos.<\/p>\n\n\n\n<p><span style=\"font-weight: 400;\">As respostas devem ter possuir de 10 a 15 linhas para cada texto, sendo atribu\u00edda nota 0,0 aos textos que n\u00e3o respeitarem o limite m\u00ednimo de linhas.<\/span><\/p>\n\n\n\n<p>O exame ser\u00e1 avaliado em at\u00e9 100 pontos, sendo atribu\u00eddos 25 pontos para cada quest\u00e3o.<\/p>\n\n\n\n<p>Ser\u00e3o considerados <strong>aprovados<\/strong> somente os candidatos que alcan\u00e7arem um percentual m\u00ednimo de 60% da nota total.<\/p>\n\n\n\n<h3 class=\"wp-block-heading\">Prova de T\u00edtulos<\/h3>\n\n\n\n<p>Esta etapa ser\u00e1 avaliada em at\u00e9 26 pontos e ser\u00e3o consideradas as seguintes titula\u00e7\u00f5es:<\/p>\n\n\n\n<ul class=\"wp-block-list\"><li>Doutorado (inerente ao cargo\/\u00e1rea): 3,5 pontos<\/li>\n\n\n\n<li>Doutorado (em qualquer \u00e1rea de forma\u00e7\u00e3o): 3 pontos<\/li>\n\n\n\n<li>Mestrado (inerente ao cargo\/\u00e1rea): 2,5 pontos<\/li>\n\n\n\n<li>Mestrado (em qualquer \u00e1rea de forma\u00e7\u00e3o): 2 pontos<\/li>\n\n\n\n<li>P\u00f3s-gradua\u00e7\u00e3o em n\u00edvel de especializa\u00e7\u00e3o, com carga hor\u00e1ria m\u00ednima de 360 h\/a (em qualquer \u00e1rea de forma\u00e7\u00e3o): at\u00e9 3 pontos<\/li>\n\n\n\n<li>P\u00f3s-gradua\u00e7\u00e3o em n\u00edvel de especializa\u00e7\u00e3o, com carga hor\u00e1ria m\u00ednima de 360 h\/a (em qualquer \u00e1rea de forma\u00e7\u00e3o): at\u00e9 2 pontos<\/li>\n\n\n\n<li>Experi\u00eancia Profissional na \u00e1rea p\u00fablica (inerente ao cargo\/\u00e1rea): 1,0 ponto por ano completo e sem sobreposi\u00e7\u00e3o de tempo (at\u00e9 5 pontos)<\/li>\n\n\n\n<li>Experi\u00eancia Profissional na \u00e1rea p\u00fablica (em qualquer \u00e1rea de forma\u00e7\u00e3o): 1,0 ponto por ano completo e sem sobreposi\u00e7\u00e3o de tempo (at\u00e9 5 pontos);<\/li>\n<\/ul><h3 class=\"wp-block-heading\">Curso de Forma\u00e7\u00e3o<\/h3>\n\n\n\n<p><span style=\"font-weight: 400;\">O Curso de Forma\u00e7\u00e3o contar\u00e1 com uma carga hor\u00e1ria de <strong>40 horas-aula<\/strong> e ser\u00e1 conduzido pelo IDECAN, no munic\u00edpio de Fortaleza, Cear\u00e1.<\/span><\/p>\n\n\n\n<p><span style=\"font-weight: 400;\">O curso tem por objetivo de avaliar as compet\u00eancias comportamentais dos candidatos.<\/span><\/p>\n\n\n\n<p><span style=\"font-weight: 400;\">Todas as atividades realizadas durante o Curso de Forma\u00e7\u00e3o ser\u00e3o avaliadas pelas quatro Comiss\u00f5es Avaliadoras. A nota final do Curso de Forma\u00e7\u00e3o ser\u00e1 calculada somando as notas de todas as atividades realizadas, totalizando at\u00e9 100 pontos.<\/span><\/p>\n\n\n\n<p><span style=\"font-weight: 400;\">Ser\u00e1 <strong>eliminado<\/strong> do concurso o candidato que n\u00e3o cumprir 100% da carga hor\u00e1ria do Curso de Forma\u00e7\u00e3o.<\/span><\/p>\n\n\n\n<p>Quer ingressar na carreira p\u00fablica? <a href=\"https:\/\/www.novaconcursos.com.br\/portal\/concursos-abertos\/ce\/\">Confira todos os concursos abertos no estado do Cear\u00e1!<\/a><\/p>\n\n\n\n<h2 class=\"wp-block-heading\" id=\"sobre-fortaleza-ce\">Sobre Fortaleza CE<\/h2>\n\n\n\n<p><a href=\"https:\/\/www.fortaleza.ce.gov.br\/\" target=\"_blank\" rel=\"noopener\">Fortaleza<\/a> \u00e9 a capital do estado do Cear\u00e1, no Nordeste brasileiro, e \u00e9 a cidade mais populosa do\u00a0estado. A cidade \u00e9 conhecida por suas praias, com fal\u00e9sias vermelhas, palmeiras, dunas e lagoas.<\/p>\n\n\n\n<p>As tradi\u00e7\u00f5es folcl\u00f3ricas da cidade podem ser vistas em apresenta\u00e7\u00f5es de dan\u00e7a no Theatro Jos\u00e9 de Alencar, constru\u00e7\u00e3o em estilo art nouveau inaugurada em 1910. Outro destaque arquitet\u00f4nico \u00e9 a Catedral Metropolitana, em estilo neog\u00f3tico.<\/p>\n\n\n\n<p>Atualmente, \u00e9 a\u00a0d\u00e9cima primeira\u00a0cidade mais rica do pa\u00eds em\u00a0PIB\u00a0e a<strong>\u00a01.\u00aa mais rica do Nordeste<\/strong>, com 65 bilh\u00f5es de\u00a0reais.<sup id=\"cite_ref-:0_6-0\" class=\"reference\"><\/sup>\u00a0Possui, ainda, a\u00a0terceira\u00a0regi\u00e3o metropolitana mais rica das regi\u00f5es Norte e Nordeste.<\/p>\n\n\n\n<p>\u00c9 um importante<strong> centro industrial e comercial<\/strong> do Brasil, com o oitavo maior poder de compra\u00a0municipal da na\u00e7\u00e3o.<\/p>\n\n\n\n<p>No turismo, em 2012, a cidade alcan\u00e7ou as marcas de segundo destino mais desejado do Brasil e quarta cidade brasileira que mais recebeu turistas de acordo com o\u00a0Minist\u00e9rio do Turismo. \u00c9 sede do\u00a0Banco do Nordeste, da\u00a0Transnordestina Log\u00edstica\u00a0e do\u00a0DNOCS. A\u00a0BR-116, a mais importante rodovia do pa\u00eds, come\u00e7a em Fortaleza. O munic\u00edpio faz parte do\u00a0Mercado Comum de Cidades\u00a0do\u00a0Mercosul.<\/p>","protected":false},"excerpt":{"rendered":"<p>Aten\u00e7\u00e3o, concurseiros! Ap\u00f3s retifica\u00e7\u00e3o, as inscri\u00e7\u00f5es do concurso Iplanfor (Instituto de Planejamento de Fortaleza) foram adiadas!<\/p>\n<p>O certame oferece 60 vagas de n\u00edvel superior, com iniciais de R$ 10,6 mil!<\/p>\n<p>Confira todos os detalhes a seguir!<\/p>\n","protected":false},"author":54684,"featured_media":221898,"comment_status":"closed","ping_status":"closed","sticky":false,"template":"","format":"standard","meta":{"_acf_changed":false,"footnotes":"","_wp_rev_ctl_limit":""},"categories":[44999],"tags":[],"class_list":["post-221877","post","type-post","status-publish","format-standard","has-post-thumbnail","hentry","category-concursos"],"acf":[],"_links":{"self":[{"href":"https:\/\/www.novaconcursos.com.br\/portal\/wp-json\/wp\/v2\/posts\/221877","targetHints":{"allow":["GET"]}}],"collection":[{"href":"https:\/\/www.novaconcursos.com.br\/portal\/wp-json\/wp\/v2\/posts"}],"about":[{"href":"https:\/\/www.novaconcursos.com.br\/portal\/wp-json\/wp\/v2\/types\/post"}],"author":[{"embeddable":true,"href":"https:\/\/www.novaconcursos.com.br\/portal\/wp-json\/wp\/v2\/users\/54684"}],"replies":[{"embeddable":true,"href":"https:\/\/www.novaconcursos.com.br\/portal\/wp-json\/wp\/v2\/comments?post=221877"}],"version-history":[{"count":14,"href":"https:\/\/www.novaconcursos.com.br\/portal\/wp-json\/wp\/v2\/posts\/221877\/revisions"}],"predecessor-version":[{"id":278961,"href":"https:\/\/www.novaconcursos.com.br\/portal\/wp-json\/wp\/v2\/posts\/221877\/revisions\/278961"}],"wp:featuredmedia":[{"embeddable":true,"href":"https:\/\/www.novaconcursos.com.br\/portal\/wp-json\/wp\/v2\/media\/221898"}],"wp:attachment":[{"href":"https:\/\/www.novaconcursos.com.br\/portal\/wp-json\/wp\/v2\/media?parent=221877"}],"wp:term":[{"taxonomy":"category","embeddable":true,"href":"https:\/\/www.novaconcursos.com.br\/portal\/wp-json\/wp\/v2\/categories?post=221877"},{"taxonomy":"post_tag","embeddable":true,"href":"https:\/\/www.novaconcursos.com.br\/portal\/wp-json\/wp\/v2\/tags?post=221877"}],"curies":[{"name":"wp","href":"https:\/\/api.w.org\/{rel}","templated":true}]}}