{"id":221892,"date":"2024-02-09T10:53:30","date_gmt":"2024-02-09T13:53:30","guid":{"rendered":"https:\/\/www.novaconcursos.com.br\/portal\/?p=221892"},"modified":"2024-02-09T10:53:34","modified_gmt":"2024-02-09T13:53:34","slug":"pouca-horas-para-o-fim-das-inscricoes-concurso-unificado-tem-2-milhoes-de-inscritos","status":"publish","type":"post","link":"https:\/\/www.novaconcursos.com.br\/portal\/noticias\/pouca-horas-para-o-fim-das-inscricoes-concurso-unificado-tem-2-milhoes-de-inscritos\/","title":{"rendered":"Pouca horas para o fim das inscri\u00e7\u00f5es, concurso unificado tem 2 milh\u00f5es de inscritos!"},"content":{"rendered":"<p>Com poucas horas para o fim das inscri\u00e7\u00f5es, o <a href=\"https:\/\/www.novaconcursos.com.br\/portal\/concursos\/concurso-unificado-nacional\/\">concurso Unificado<\/a> atingiu a parcial de <strong>2 milh\u00f5es de inscri\u00e7\u00f5es. <\/strong>Entretanto, 700 mil inscritos ainda n\u00e3o efetuaram o pagamento da taxa de inscri\u00e7\u00e3o, o que representa 35% da quantidade total.<\/p>\n\n\n\n<p>A ministra da Gest\u00e3o e Inova\u00e7\u00e3o em Servi\u00e7os P\u00fablicos (MGI), Esther Dweck,<strong> alertou os candidatos <\/strong>que ainda n\u00e3o realizaram o pagamento.<\/p>\n\n\n\n<p><em>\u201cA inscri\u00e7\u00e3o final depende do pagamento das inscri\u00e7\u00f5es, ent\u00e3o fa\u00e7o esse alerta ao pessoal que j\u00e1 se inscreveu e n\u00e3o pagou\u201d<\/em>, disse.<\/p>\n\n\n\n<p>Os candidatos que ainda n\u00e3o se inscreveram ter\u00e3o at\u00e9 \u00e0s\u00a0<strong>23h59 do dia 09 de fevereiro de 2024<\/strong>\u00a0para efetuar a candidatura.<\/p>\n\n\n\n<p>Ao acessar a conta no portal GOV.BR, o candidato dever\u00e1 optar por um\u00a0<strong>\u00fanico bloco tem\u00e1tico\u00a0<\/strong>para concorrer por todas as vagas e especialidades dentro do bloco escolhido.<\/p>\n\n\n\n<p>Depois de preencher o formul\u00e1rio de inscri\u00e7\u00e3o, o candidatos dever\u00e3o efetuar o pagamento da<strong>\u00a0taxa de inscri\u00e7\u00e3o<\/strong>\u00a0gerada\u00a0por GRU (Guia de Recolhimento da Uni\u00e3o).\u00a0<\/p>\n\n\n\n<p>O valor \u00e9 de acordo com o n\u00edvel de escolaridade:<\/p>\n\n\n\n<ul class=\"wp-block-list\"><li>n\u00edvel m\u00e9dio: R$ 60,00<\/li>\n\n\n\n<li>n\u00edvel superior: R$ 90,00<\/li>\n<\/ul><p>Nesta semana, o CNU superou o concurso Banco do Brasil, que era considerado<strong> \u201co maior concurso da hist\u00f3ria\u201d<\/strong>, com 1,7 milh\u00e3o de candidaturas.<\/p>\n\n\n\n<p>No entanto, para manter esse t\u00edtulo, ser\u00e1 preciso que, pelo menos, mais 300 mil candidatos realizem o pagamento da taxa de inscri\u00e7\u00e3o.<\/p>\n\n\n\n<p>N\u00e3o sabe qual bloco escolher? Esse artigo pode te ajudar:\u00a0<a href=\"https:\/\/www.novaconcursos.com.br\/portal\/artigos\/cnu-qual-bloco-escolher-do-concurso-nacional-unificado\/\">CNU: Qual bloco tem\u00e1tico \u00e9 melhor e como escolher?<\/a><\/p>\n\n\n\n<ul class=\"wp-block-list\"><li><strong>Confira:<\/strong>\u00a0<a href=\"https:\/\/www.novaconcursos.com.br\/curso-online\/concurso-nacional-unificado-cnu-bloco-4?promo_creative=Concurso+Nacional+Unificado+%28CNU%29+%26%238211%3B+Bloco+4%3A+Trabalho+e+Sa%C3%BAde+do+Servidor&amp;promo_name=noticia&amp;promo_id=%2Fportal%2Fnoticias%2Fconcurso-unificado-passa-por-nova-retificacao&amp;promo_position=corpo-texto\">Concurso Nacional Unificado (CNU) \u2013 Bloco 4: Trabalho e Sa\u00fade do Servidor<\/a><\/li>\n\n\n\n<li><strong>Confira:<\/strong>\u00a0<a href=\"https:\/\/www.novaconcursos.com.br\/curso-online\/concurso-nacional-unificado-cnu-bloco-7?promo_creative=Concurso+Nacional+Unificado+%28CNU%29+%26%238211%3B+Bloco+7%3A+Gest%C3%A3o+Governamental+e+Administra%C3%A7%C3%A3o+P%C3%BAblica&amp;promo_name=noticia&amp;promo_id=%2Fportal%2Fnoticias%2Fconcurso-unificado-passa-por-nova-retificacao&amp;promo_position=corpo-texto\">Concurso Nacional Unificado (CNU) \u2013 Bloco 7: Gest\u00e3o Governamental e Administra\u00e7\u00e3o P\u00fablica<\/a><\/li>\n<\/ul><p>Estude para o concurso dos seus sonhos com o\u00a0<strong>M\u00e9todo\u00a0<\/strong>que j\u00e1 ajudou na\u00a0<strong>aprova\u00e7\u00e3o de mais de 70 mil alunos!<\/strong>\u00a0<a href=\"https:\/\/aprovacao.novaconcursos.com.br\/assinatura?promo_creative=Clique+aqui&amp;promo_name=noticia&amp;promo_id=%2Fportal%2Fnoticias%2Fconcurso-unificado-passa-por-nova-retificacao&amp;promo_position=corpo-texto\" target=\"_blank\" rel=\"noreferrer noopener\">Clique aqui<\/a>\u00a0e saiba mais!<\/p>\n\n\n\n<h2 class=\"wp-block-heading\" id=\"cargos-e-vagas-esto-distribudos-em-blocos-temticos\">Cargos e vagas est\u00e3o distribu\u00eddos em blocos tem\u00e1ticos<\/h2>\n\n\n\n<p>O\u00a0<a href=\"https:\/\/www.gov.br\/gestao\/pt-br\/concursonacional\" target=\"_blank\" rel=\"noreferrer noopener\">concurso Unificado,<\/a>\u00a0ou \u201cEnem dos Concursos\u201d, \u00e9 uma proposta do Governo Federal para preencher as vagas do Poder Executivo autorizadas em 2023\u00a0<strong>por meio de um \u00fanico concurso,<\/strong>\u00a0com provas aplicadas simultaneamente, em 220 cidades espalhadas pelo pa\u00eds.<\/p>\n\n\n\n<p>Est\u00e3o sendo ofertadas 6.640 vagas de diversas especialidades para 21 \u00f3rg\u00e3os e minist\u00e9rios, com sal\u00e1rios de at\u00e9 R$ 22 mil.<\/p>\n\n\n\n<p>As oportunidades est\u00e3o distribu\u00eddas em<strong>\u00a0oito blocos tem\u00e1ticos,<\/strong>\u00a0que foram divididos por \u00e1rea de atua\u00e7\u00e3o governamental, de acordo com o perfil desejado, sendo:<\/p>\n\n\n\n<ul class=\"wp-block-list\"><li>1\u00ba Infraestrutura, Exatas e Engenharia<\/li>\n\n\n\n<li>2\u00ba Tecnologia, Dados e Informa\u00e7\u00e3o<\/li>\n\n\n\n<li>3\u00ba Ambiental, Agr\u00e1rio e Biol\u00f3gicas<\/li>\n\n\n\n<li>4\u00ba Trabalho e Sa\u00fade do Servidor<\/li>\n\n\n\n<li>5\u00ba Educa\u00e7\u00e3o, Sa\u00fade, Desenvolvimento Social e Direitos Humanos<\/li>\n\n\n\n<li>6\u00ba Setores Econ\u00f4micos e Regula\u00e7\u00e3o<\/li>\n\n\n\n<li>7\u00ba Gest\u00e3o Governamental e Administra\u00e7\u00e3o P\u00fablica<\/li>\n\n\n\n<li>8\u00ba N\u00edvel Intermedi\u00e1rio<\/li>\n<\/ul><ul class=\"wp-block-list\"><li>\u00a0<a href=\"https:\/\/www.novaconcursos.com.br\/portal\/noticias\/concurso-nacional-unificado-quais-sao-areas-cargos\/\">Confira quais s\u00e3o as \u00e1reas e cargos do Concurso Nacional Unificado!<\/a><\/li>\n<\/ul><h2 class=\"wp-block-heading\" id=\"provas-do-concurso-unificado-se-aproximam\">Provas do Concurso Unificado se aproximam!<\/h2>\n\n\n\n<p>Com as inscri\u00e7\u00f5es encerrando, as provas objetivas e discursivas se aproximam. Os candidatos ser\u00e3o avaliados no dia\u00a0<strong>05 de maio de 2024<\/strong>, em uma das 220 cidades escolhidas no ato de inscri\u00e7\u00e3o, em dois turnos:<\/p>\n\n\n\n<ul class=\"wp-block-list\"><li><strong>Manh\u00e3<\/strong>\n<ul class=\"wp-block-list\"><li>n\u00edvel superior: provas objetivas de conhecimentos gerais \u2013 20 quest\u00f5es + prova discursiva de conhecimentos espec\u00edficos do bloco (2h30 de dura\u00e7\u00e3o)<\/li>\n\n\n\n<li>n\u00edvel m\u00e9dio: 15 quest\u00f5es de l\u00edngua portuguesa + reda\u00e7\u00e3o (2h30 de dura\u00e7\u00e3o)<\/li>\n<\/ul><\/li>\n\n\n\n<li><strong>Tarde<\/strong>\n<ul class=\"wp-block-list\"><li>n\u00edvel superior: provas objetivas de conhecimentos espec\u00edficos \u2013 50 quest\u00f5es (3h30 de dura\u00e7\u00e3o)<\/li>\n\n\n\n<li>n\u00edvel m\u00e9dio: provas objetivas \u2013 45 quest\u00f5es (3h de dura\u00e7\u00e3o)<\/li>\n<\/ul><\/li>\n<\/ul><ul class=\"wp-block-list\"><li><strong>Saiba o que estudar:\u00a0<\/strong><a href=\"https:\/\/www.novaconcursos.com.br\/portal\/concursos\/concurso-unificado-nacional\/\">Concurso Nacional Unificado: Editais publicados. 6.640 vagas!<\/a><\/li>\n<\/ul>","protected":false},"excerpt":{"rendered":"<p>Com poucas horas para o fim das inscri\u00e7\u00f5es, o concurso Unificado atingiu a parcial de 2 milh\u00f5es de inscri\u00e7\u00f5es. Entretanto, 700 mil inscritos ainda n\u00e3o efetuaram o pagamento da taxa de inscri\u00e7\u00e3o, o que representa 35% da quantidade total. A ministra da Gest\u00e3o e Inova\u00e7\u00e3o em Servi\u00e7os P\u00fablicos (MGI), Esther Dweck, alertou os candidatos que [&hellip;]<\/p>\n","protected":false},"author":54679,"featured_media":221496,"comment_status":"closed","ping_status":"closed","sticky":false,"template":"","format":"standard","meta":{"_acf_changed":false,"footnotes":"","_wp_rev_ctl_limit":""},"categories":[228],"tags":[],"class_list":["post-221892","post","type-post","status-publish","format-standard","has-post-thumbnail","hentry","category-noticias"],"acf":[],"_links":{"self":[{"href":"https:\/\/www.novaconcursos.com.br\/portal\/wp-json\/wp\/v2\/posts\/221892","targetHints":{"allow":["GET"]}}],"collection":[{"href":"https:\/\/www.novaconcursos.com.br\/portal\/wp-json\/wp\/v2\/posts"}],"about":[{"href":"https:\/\/www.novaconcursos.com.br\/portal\/wp-json\/wp\/v2\/types\/post"}],"author":[{"embeddable":true,"href":"https:\/\/www.novaconcursos.com.br\/portal\/wp-json\/wp\/v2\/users\/54679"}],"replies":[{"embeddable":true,"href":"https:\/\/www.novaconcursos.com.br\/portal\/wp-json\/wp\/v2\/comments?post=221892"}],"version-history":[{"count":4,"href":"https:\/\/www.novaconcursos.com.br\/portal\/wp-json\/wp\/v2\/posts\/221892\/revisions"}],"predecessor-version":[{"id":221906,"href":"https:\/\/www.novaconcursos.com.br\/portal\/wp-json\/wp\/v2\/posts\/221892\/revisions\/221906"}],"wp:featuredmedia":[{"embeddable":true,"href":"https:\/\/www.novaconcursos.com.br\/portal\/wp-json\/wp\/v2\/media\/221496"}],"wp:attachment":[{"href":"https:\/\/www.novaconcursos.com.br\/portal\/wp-json\/wp\/v2\/media?parent=221892"}],"wp:term":[{"taxonomy":"category","embeddable":true,"href":"https:\/\/www.novaconcursos.com.br\/portal\/wp-json\/wp\/v2\/categories?post=221892"},{"taxonomy":"post_tag","embeddable":true,"href":"https:\/\/www.novaconcursos.com.br\/portal\/wp-json\/wp\/v2\/tags?post=221892"}],"curies":[{"name":"wp","href":"https:\/\/api.w.org\/{rel}","templated":true}]}}