{"id":222214,"date":"2024-02-16T09:26:59","date_gmt":"2024-02-16T12:26:59","guid":{"rendered":"https:\/\/www.novaconcursos.com.br\/portal\/?p=222214"},"modified":"2025-03-05T14:18:46","modified_gmt":"2025-03-05T17:18:46","slug":"tse-unificado-2024-tire-suas-duvidas","status":"publish","type":"post","link":"https:\/\/www.novaconcursos.com.br\/portal\/artigos\/tse-unificado-2024-tire-suas-duvidas\/","title":{"rendered":"Tira suas d\u00favidas sobre o TSE Unificado 2024: Edital nos pr\u00f3ximos dias!"},"content":{"rendered":"<p>Em reuni\u00e3o com os membros da Federa\u00e7\u00e3o Nacional dos Trabalhadores do Judici\u00e1rio Federal e Minist\u00e9rio P\u00fablico da Uni\u00e3o (Fenajufe), realizada no dia 06 de fevereiro, o diretor-geral do TSE, Rog\u00e9rio Galloro, informou que o edital do <a href=\"https:\/\/www.novaconcursos.com.br\/portal\/concursos\/concurso-tse\/\">concurso TSE Unificado 2024<\/a> pode sair nos pr\u00f3ximos dias, com <strong>520 vagas.<\/strong><\/p>\n\n\n\n<p>O certame j\u00e1 possui banca organizadora contratada para o recebimento das inscri\u00e7\u00f5es e aplica\u00e7\u00e3o das etapas avaliativas, como as provas objetivas. A empresa selecionada foi o <strong>Cebraspe.<\/strong><\/p>\n\n\n\n<p>Nessa mat\u00e9ria, vou <strong>tirar todas as suas d\u00favidas <\/strong>sobre o certame que est\u00e1 por vir. Fique comigo para j\u00e1 ir se preparando!<\/p>\n\n\n\n<h2 class=\"wp-block-heading\" id=\"vai-ter-concurso-do-tse\">Vai ter concurso do TSE?<\/h2>\n\n\n\n<p>O concurso do TSE ter\u00e1 edital publicado a qualquer momento, para o provimento de <strong>520 vagas <\/strong>de T\u00e9cnico Judici\u00e1rio e Analista Judici\u00e1rio, nas seguintes especialidades:<\/p>\n\n\n\n<ul class=\"wp-block-list\"><li><strong>T\u00e9cnico Judici\u00e1rio<\/strong>\n<ul class=\"wp-block-list\"><li>\u00c1rea Administrativa Sem Especialidade;<\/li>\n\n\n\n<li>\u00c1rea Administrativa Para Agente De Pol\u00edcia Judicial; e<\/li>\n\n\n\n<li>\u00c1rea De Apoio Especializado Em Programa\u00e7\u00e3o De Sistemas.<\/li>\n<\/ul><\/li>\n\n\n\n<li><strong>Analista Judici\u00e1rio<\/strong>\n<ul class=\"wp-block-list\"><li>\u00c1rea Administrativa Em Contabilidade;<\/li>\n\n\n\n<li>\u00c1rea Administrativa Sem Especialidade;<\/li>\n\n\n\n<li>Apoio Especializado Em Tecnologia Da Informa\u00e7\u00e3o;<\/li>\n\n\n\n<li>Apoio Especializado Em Arquitetura;<\/li>\n\n\n\n<li>Apoio Especializado Em Arquivologia;<\/li>\n\n\n\n<li>Apoio Especializado Em Biblioteconomia;<\/li>\n\n\n\n<li>Apoio Especializado Em Enfermagem;<\/li>\n\n\n\n<li>Apoio Especializado Em Engenharia Civil;<\/li>\n\n\n\n<li>Apoio Especializado Em Engenharia El\u00e9trica;<\/li>\n\n\n\n<li>Apoio Especializado Em Estat\u00edstica;<\/li>\n\n\n\n<li>Apoio Especializado Em Engenharia Mec\u00e2nica;<\/li>\n\n\n\n<li>Apoio Especializado Em Medicina \u2013 Cl\u00ednica Geral, Medicina Do Trabalho E Psiquiatria;<\/li>\n\n\n\n<li>Apoio Especializado Em Odontologia;<\/li>\n\n\n\n<li>Apoio Especializado Em Psicologia;<\/li>\n\n\n\n<li>Apoio Especializado Em Servi\u00e7o Social;<\/li>\n\n\n\n<li>Apoio Especializado Em An\u00e1lise De Sistemas; e<\/li>\n\n\n\n<li>\u00c1rea Judici\u00e1ria Sem Especialidade.<\/li>\n<\/ul><\/li>\n<\/ul><p>As oportunidades ser\u00e3o distribu\u00eddas entre o TSE e os 26 Tribunais Regionais Eleitorais do pa\u00eds. Somente o TRE do Tocantins n\u00e3o participar\u00e1 da sele\u00e7\u00e3o, pois ainda tem edital v\u00e1lido.<\/p>\n\n\n\n<h2 class=\"wp-block-heading\" id=\"quanto-ganha-um-tcnico-do-tse\">Quanto ganha um T\u00e9cnico do TSE?<\/h2>\n\n\n\n<p>Em janeiro de 2023, o presidente Lula <strong>reajustou a remunera\u00e7\u00e3o<\/strong>\u00a0dos servidores do Poder Judici\u00e1rio da Uni\u00e3o.<\/p>\n\n\n\n<p>De acordo com a publica\u00e7\u00e3o do Di\u00e1rio Oficial daquele dia, \u201cos valores constantes dos Anexos II, III e VIII da Lei n\u00ba 11.416, de 15 de dezembro de 2006, e as demais parcelas remunerat\u00f3rias devidas \u00e0s carreiras dos servidores dos quadros de pessoal do Poder Judici\u00e1rio da Uni\u00e3o ser\u00e3o reajustados em<strong>\u00a0parcelas sucessivas e cumulativas\u201d,<\/strong>\u00a0sendo 6% a partir de 1\u00ba de fevereiro de 2023, 6% a partir de 1\u00ba de fevereiro de 2024 e 6,13% a partir de 1\u00ba de fevereiro de 2025.<\/p>\n\n\n\n<p>Lembrando que a remunera\u00e7\u00e3o \u00e9 composta pelo vencimento b\u00e1sico + GAJ (Gratifica\u00e7\u00e3o de Atividade Judici\u00e1ria).<\/p>\n\n\n\n<p>Veja como ficou o sal\u00e1rio com a mudan\u00e7a:<\/p>\n\n\n\n<p><strong>T\u00e9cnico Judici\u00e1rio<\/strong>\u00a0(Vencimento b\u00e1sico + GAJ)<\/p>\n\n\n\n<ul class=\"wp-block-list\"><li>Fevereiro\n<ul class=\"wp-block-list\"><li>2023:\n<ul class=\"wp-block-list\"><li>Inicial:\u00a0R$ 8.046,84<\/li>\n\n\n\n<li>Final:\u00a0R$\u00a012.082,30<\/li>\n<\/ul><\/li>\n\n\n\n<li>2024\n<ul class=\"wp-block-list\"><li>Inicial:\u00a0R$ 8.529,67<\/li>\n\n\n\n<li>Final:\u00a0R$ 12.807,24<\/li>\n<\/ul><\/li>\n\n\n\n<li>2025: R$ 10.372,70\n<ul class=\"wp-block-list\"><li>Inicial:\u00a0R$ 9.052,54<\/li>\n\n\n\n<li>Final:\u00a0R$ 13.592,33<\/li>\n<\/ul><\/li>\n<\/ul><\/li>\n<\/ul><h2 class=\"wp-block-heading\" id=\"quanto-ganha-um-analista-do-tse\">Quanto ganha um Analista do TSE?<\/h2>\n\n\n\n<p>Assim como a remunera\u00e7\u00e3o de T\u00e9cnico Judici\u00e1rio, o sal\u00e1rio do Analista Judici\u00e1rio do TSE sofreu reajuste. Veja como ficou:<\/p>\n\n\n\n<p><strong>Analista Judici\u00e1rio<\/strong>\u00a0(Vencimento b\u00e1sico + GAJ)<\/p>\n\n\n\n<ul class=\"wp-block-list\"><li>Fevereiro\n<ul class=\"wp-block-list\"><li>2023\n<ul class=\"wp-block-list\"><li>Inicial:\u00a0R$ 13.202,62<\/li>\n\n\n\n<li>Final:\u00a0R$ 19.823,62<\/li>\n<\/ul><\/li>\n\n\n\n<li>2024:\n<ul class=\"wp-block-list\"><li>Inicial:\u00a0R$ 13.994,78<\/li>\n\n\n\n<li>Final:\u00a0R$ 21.013,03<\/li>\n<\/ul><\/li>\n\n\n\n<li>2025:\n<ul class=\"wp-block-list\"><li>Inicial:\u00a0R$ 14.852,66<\/li>\n\n\n\n<li>Final:\u00a0R$ 22.301,14<\/li>\n<\/ul><\/li>\n<\/ul><\/li>\n<\/ul><p>Vale lembrar que no dia 1\u00ba de fevereiro de 2024, o presidente do Tribunal Superior Eleitoral, ministro Alexandre de Moraes, assinou,\u00a0Portaria n\u00ba 42 que estabelece o<strong>\u00a0reajuste do auxilio-alimenta\u00e7\u00e3o e aux\u00edlio pr\u00e9-escolar\u00a0<\/strong>para as carreiras de T\u00e9cnico e Analista.<\/p>\n\n\n\n<p>Segundo informa\u00e7\u00f5es do portal de not\u00edcias do Sindjus (Sindicato dos Servidores do Poder Judici\u00e1rio e do MPU no DF), os reajustes ser\u00e3o implantados<strong>\u00a0a partir do dia 01 de fevereiro de 2024<\/strong>, sendo aux\u00edlio-alimenta\u00e7\u00e3o de R$ 1.393,10 e aux\u00edlio pr\u00e9-escolar (creche) de R$ 1.178,82.<\/p>\n\n\n\n<h2 class=\"wp-block-heading\" id=\"o-que-faz-um-tcnico-do-tse\">O que faz um T\u00e9cnico do TSE?<\/h2>\n\n\n\n<p>O T\u00e9cnico Judici\u00e1rio no TSE \u00e9 respons\u00e1vel por executar atividades relacionadas com a <strong>administra\u00e7\u00e3o<\/strong> de recursos humanos, materiais e patrimoniais, or\u00e7ament\u00e1rios e financeiros, controle interno, desenvolvimento organizacional e suporte t\u00e9cnico administrativo.\u00a0<\/p>\n\n\n\n<p>Entre as principais atribui\u00e7\u00f5es do cargo, est\u00e3o:<\/p>\n\n\n\n<ul class=\"wp-block-list\"><li>Atendimento ao p\u00fablico para opera\u00e7\u00f5es eleitorais, como alistamento, transfer\u00eancia, revis\u00e3o e obten\u00e7\u00e3o de certid\u00f5es.<\/li>\n\n\n\n<li>Administra\u00e7\u00e3o de diret\u00f3rios municipais de partidos pol\u00edticos.<\/li>\n\n\n\n<li>Tramita\u00e7\u00e3o de presta\u00e7\u00f5es de contas partid\u00e1rias e de campanha.<\/li>\n\n\n\n<li>Elabora\u00e7\u00e3o de relat\u00f3rios mensais e outras tarefas administrativas.<\/li>\n\n\n\n<li>Cumprimento de cartas de ordem e cartas precat\u00f3rias.<\/li>\n\n\n\n<li>Manuten\u00e7\u00e3o dos sistemas de inform\u00e1tica.<\/li>\n<\/ul><h2 class=\"wp-block-heading\" id=\"quem-pode-fazer-o-concurso-do-tribunal-superior\">Quem pode fazer o concurso do Tribunal Superior?<\/h2>\n\n\n\n<p>Qualquer pessoa pode fazer o concurso do TSE, desde que preencha as seguintes <strong>exig\u00eancias:<\/strong><\/p>\n\n\n\n<ul class=\"wp-block-list\"><li>Ser brasileiro nato ou naturalizado ou portugu\u00eas em condi\u00e7\u00e3o de igualdade de direitos com os brasileiros; no caso de ser portugu\u00eas, comprovar a condi\u00e7\u00e3o de igualdade e gozo dos direitos pol\u00edticos na forma do artigo 12, \u00a7 1\u00ba, da Constitui\u00e7\u00e3o da Rep\u00fablica;<\/li>\n\n\n\n<li>Ter idade m\u00ednima de 18 anos;<\/li>\n\n\n\n<li>Gozar dos direitos pol\u00edticos;<\/li>\n\n\n\n<li>Estar em dia com as obriga\u00e7\u00f5es eleitorais;<\/li>\n\n\n\n<li>Estar em dia com os deveres do Servi\u00e7o Militar, para os candidatos do sexo masculino;<\/li>\n\n\n\n<li>Ter aptid\u00e3o f\u00edsica e mental para o exerc\u00edcio das atribui\u00e7\u00f5es do cargo\/\u00e1rea\/especialidade;<\/li>\n\n\n\n<li>N\u00e3o haver sofrido, no exerc\u00edcio da fun\u00e7\u00e3o p\u00fablica, as penalidades previstas no artigo 137 e seu par\u00e1grafo \u00fanico da Lei n.\u00ba 8.112\/1990;<\/li>\n\n\n\n<li>N\u00e3o pertencer a diret\u00f3rio de partido pol\u00edtico ou exercer qualquer atividade partid\u00e1ria (artigo 365 do C\u00f3digo Eleitoral).<\/li>\n<\/ul><p>Saiba quais certames j\u00e1 est\u00e3o abertos no Brasil:\u00a0<a href=\"https:\/\/www.novaconcursos.com.br\/portal\/concursos-abertos\/\">Concursos Abertos: Mais de\u00a060 mil vagas\u00a0abertas para\u00a0todos os n\u00edveis!<\/a><\/p>\n\n\n\n<h2 class=\"wp-block-heading\" id=\"qual-faculdade-precisa-para-ser-um-tcnico-judicirio\">Qual faculdade precisa para ser um T\u00e9cnico Judici\u00e1rio?<\/h2>\n\n\n\n<p>O cargo de T\u00e9cnico Judici\u00e1rio exige diploma de n\u00edvel superior para ingresso. Isso porque foi promulgado o Projeto de Lei\u00a0<strong>3662\/21<\/strong>, que altera a escolaridade de T\u00e9cnico e estabelece o n\u00edvel superior como requisito aos\u00a0<strong>concursos Tribunais<\/strong>.<\/p>\n\n\n\n<p>De acordo com a Federa\u00e7\u00e3o Nacional dos Trabalhadores e Trabalhadoras do Judici\u00e1rio Federal e Minist\u00e9rio P\u00fablico da Uni\u00e3o (Fenajufe), a altera\u00e7\u00e3o de escolaridade valoriza a carreira, visto que as atividades desempenhadas s\u00e3o complexas e merecem reconhecimento.<\/p>\n\n\n\n<h2 class=\"wp-block-heading\" id=\"quantas-horas-por-dia-trabalha-um-tcnico-do-tre\">Quantas horas por dia trabalha um T\u00e9cnico do TRE?<\/h2>\n\n\n\n<p>O T\u00e9cnico Judici\u00e1rio possui carga hor\u00e1ria de<strong> 40h semanais.<\/strong> Entretanto, ela pode ser reduzida para 35 horas, por semana, desde que o servidor trabalhe 7 horas seguidas, sem intervalo para o almo\u00e7o. O hor\u00e1rio de entrada \u00e9 flex\u00edvel e varia de acordo com a lota\u00e7\u00e3o.<\/p>\n\n\n\n<h2 class=\"wp-block-heading\" id=\"o-que-cai-na-prova-do-tse\">O que cai na prova do TSE?<\/h2>\n\n\n\n<p>Segundo informa\u00e7\u00f5es do projeto b\u00e1sico utilizado na contrata\u00e7\u00e3o da banca organizadora, o concurso TSE ter\u00e1 seis etapas avaliativas:<\/p>\n\n\n\n<ul class=\"wp-block-list\"><li>Prova Objetiva;<\/li>\n\n\n\n<li>Prova Discursiva;<\/li>\n\n\n\n<li>Exame De Aptid\u00e3o F\u00edsica (Somente Agente De Pol\u00edcia Judicial);<\/li>\n\n\n\n<li>Avalia\u00e7\u00e3o De T\u00edtulos;<\/li>\n\n\n\n<li>Avalia\u00e7\u00e3o Biopsicossocial; e<\/li>\n\n\n\n<li>Procedimento De Heteroidentifica\u00e7\u00e3o.<\/li>\n<\/ul><p>As provas objetivas e discursivas para T\u00e9cnico Judici\u00e1rio e Analista Judici\u00e1rio ocorrer\u00e3o em turnos distintos, simultaneamente, nas capitais, sedes dos tribunais.<\/p>\n\n\n\n<p>A prova objetiva ser\u00e1 composta de\u00a0<strong>quest\u00f5es de julgamento\u00a0<\/strong>do tipo \u201ccerto\u201d ou \u201cerrado\u201d, onde cada erro cometido anula um acerto, ou seja, se o candidato acertar 75 quest\u00f5es e errar 75 quest\u00f5es em uma prova com 150 quest\u00f5es, sua pontua\u00e7\u00e3o ser\u00e1 0.<\/p>\n\n\n\n<p>Essa etapa ser\u00e1 avaliada em escala de 0 a 10 pontos, sendo considerado aprovado o candidato que atender os crit\u00e9rios que ser\u00e3o mencionados no edital de abertura.<\/p>\n\n\n\n<p>As disciplinas que ser\u00e3o cobradas n\u00e3o foram divulgadas. Entretanto, o<strong> conte\u00fado program\u00e1tico <\/strong>do \u00faltimo edital pode ser utilizado como base de estudos.<\/p>\n\n\n\n<p>Na ocasi\u00e3o, foram cobradas as seguintes disciplinas:<\/p>\n\n\n\n<ul class=\"wp-block-list\"><li>L\u00edngua Portuguesa<\/li>\n\n\n\n<li>No\u00e7\u00f5es de Inform\u00e1tica<\/li>\n\n\n\n<li>No\u00e7\u00f5es de Direito Administrativo<\/li>\n\n\n\n<li>Arquivologia<\/li>\n\n\n\n<li>No\u00e7\u00f5es de Direito Constitucional<\/li>\n<\/ul><p><\/p>\n\n\n\n<h2 class=\"wp-block-heading\" id=\"qual-foi-o-ltimo-concurso-do-tribunal-superior-eleitoral\">Qual foi o \u00faltimo concurso do Tribunal Superior Eleitoral?<\/h2>\n\n\n\n<p>O \u00faltimo edital unificado do TSE foi publicado em\u00a0<strong>2006<\/strong>\u00a0e contou com organiza\u00e7\u00e3o do\u00a0<a href=\"http:\/\/cebraspe.org.br\/concursos\/\" target=\"_blank\" rel=\"noreferrer noopener\">Cebraspe,<\/a> para o provimento de 804 vagas de T\u00e9cnico Judici\u00e1rio e Analista Judici\u00e1rio.<\/p>\n\n\n\n<p>A sele\u00e7\u00e3o registrou quase\u00a0<strong>190 mil inscri\u00e7\u00f5es<\/strong>, com uma estimativa de 236 candidatos por vaga, sendo:<\/p>\n\n\n\n<ul class=\"wp-block-list\"><li>TSE \u2013 280 vagas<\/li>\n\n\n\n<li>TRE\n<ul class=\"wp-block-list\"><li>RO \u2013 56 vagas<\/li>\n\n\n\n<li>AC \u2013 6 vagas<\/li>\n\n\n\n<li>RJ \u2013 435 vagas<\/li>\n\n\n\n<li>RR \u2013 24 vagas<\/li>\n<\/ul><\/li>\n<\/ul><p>Os candidatos foram avaliados por meio de tr\u00eas etapas:<\/p>\n\n\n\n<ul class=\"wp-block-list\"><li>Prova objetiva;<\/li>\n\n\n\n<li>Prova discursiva;<\/li>\n\n\n\n<li>Avalia\u00e7\u00e3o de t\u00edtulos (somente para n\u00edvel superior).<\/li>\n<\/ul><p>A prova objetiva consistiu em\u00a0<strong>120 quest\u00f5es\u00a0<\/strong>de m\u00faltipla escolha de conhecimentos gerais e espec\u00edficos.<\/p>\n\n\n\n<p>Por outro lado, a prova discursiva consistiu na elabora\u00e7\u00e3o de um texto narrativo, dissertativo ou descritivo, abordando temas atuais que deveria possuir,\u00a0<strong>no m\u00ednimo, 30 linhas<\/strong>.<\/p>\n\n\n\n<p><a href=\"http:\/\/www.cespe.unb.br\/concursos\/_antigos\/2006\/TSE2006\/arquivos\/ED_1_2006_TSE_ABT.PDF\" target=\"_blank\" rel=\"noreferrer noopener\">Baixe o edital!<\/a><\/p>\n\n\n\n<h2 class=\"wp-block-heading\" id=\"estude-para-o-concurso-tse\">Estude para o concurso TSE<\/h2>\n\n\n\n<p>Ficou interessado nessa oportunidade? Ent\u00e3o, n\u00e3o perca tempo e inicie sua prepara\u00e7\u00e3o agora mesmo!<\/p>\n\n\n\n<p>Os\u00a0materiais da Nova\u00a0s\u00e3o uma \u00f3tima fonte de conhecimento. Isso porque al\u00e9m de atualizados, eles s\u00e3o direto ao ponto e foram produzidos por<strong>\u00a0professores que s\u00e3o refer\u00eancia no mercado.<\/strong><\/p>\n\n\n\n<p>Nos preocupamos com a sua aprendizagem, por isso oferecemos materiais em diversos formatos, como apostila, curso online, livro de quest\u00f5es, dentre outros.<\/p>\n\n\n\n<p>E o melhor de tudo, materiais que se<strong>\u00a0encaixam no seu or\u00e7amento e tempo<\/strong>!<\/p>\n\n\n\n<ul class=\"wp-block-list\"><li><strong>Adquira:\u00a0<\/strong><a href=\"https:\/\/www.novaconcursos.com.br\/mapa-de-questoes\/mapa-questoes-tse-unificado-tecnico-administrativo?promo_creative=Mapa+de+Quest%C3%B5es+Online+%26%238211%3B+TSE+Unificado+%26%238211%3B+T%C3%A9cnico+%26%238211%3B+Administrativo&amp;promo_name=noticia&amp;promo_id=%2Fportal%2Fnoticias%2Ftse-unificado-confira-criterios-desempate-concurso&amp;promo_position=corpo-texto\">Mapa de Quest\u00f5es Online \u2013 TSE Unificado \u2013 T\u00e9cnico \u2013 Administrativo<\/a><\/li>\n<\/ul><p>N\u00f3s j\u00e1 aprovamos mais de 70 mil alunos em concursos p\u00fablicos. O pr\u00f3ximo pode ser voc\u00ea!\u00a0<\/p>","protected":false},"excerpt":{"rendered":"<p>Em reuni\u00e3o com os membros da Federa\u00e7\u00e3o Nacional dos Trabalhadores do Judici\u00e1rio Federal e Minist\u00e9rio P\u00fablico da Uni\u00e3o (Fenajufe), realizada no dia 06 de fevereiro, o diretor-geral do TSE, Rog\u00e9rio Galloro, informou que o edital do concurso TSE Unificado 2024 pode sair nos pr\u00f3ximos dias, com 520 vagas. O certame j\u00e1 possui banca organizadora contratada [&hellip;]<\/p>\n","protected":false},"author":54679,"featured_media":222294,"comment_status":"closed","ping_status":"closed","sticky":false,"template":"","format":"standard","meta":{"_acf_changed":false,"footnotes":"","_wp_rev_ctl_limit":""},"categories":[33508],"tags":[],"class_list":["post-222214","post","type-post","status-publish","format-standard","has-post-thumbnail","hentry","category-artigos"],"acf":[],"_links":{"self":[{"href":"https:\/\/www.novaconcursos.com.br\/portal\/wp-json\/wp\/v2\/posts\/222214","targetHints":{"allow":["GET"]}}],"collection":[{"href":"https:\/\/www.novaconcursos.com.br\/portal\/wp-json\/wp\/v2\/posts"}],"about":[{"href":"https:\/\/www.novaconcursos.com.br\/portal\/wp-json\/wp\/v2\/types\/post"}],"author":[{"embeddable":true,"href":"https:\/\/www.novaconcursos.com.br\/portal\/wp-json\/wp\/v2\/users\/54679"}],"replies":[{"embeddable":true,"href":"https:\/\/www.novaconcursos.com.br\/portal\/wp-json\/wp\/v2\/comments?post=222214"}],"version-history":[{"count":9,"href":"https:\/\/www.novaconcursos.com.br\/portal\/wp-json\/wp\/v2\/posts\/222214\/revisions"}],"predecessor-version":[{"id":273995,"href":"https:\/\/www.novaconcursos.com.br\/portal\/wp-json\/wp\/v2\/posts\/222214\/revisions\/273995"}],"wp:featuredmedia":[{"embeddable":true,"href":"https:\/\/www.novaconcursos.com.br\/portal\/wp-json\/wp\/v2\/media\/222294"}],"wp:attachment":[{"href":"https:\/\/www.novaconcursos.com.br\/portal\/wp-json\/wp\/v2\/media?parent=222214"}],"wp:term":[{"taxonomy":"category","embeddable":true,"href":"https:\/\/www.novaconcursos.com.br\/portal\/wp-json\/wp\/v2\/categories?post=222214"},{"taxonomy":"post_tag","embeddable":true,"href":"https:\/\/www.novaconcursos.com.br\/portal\/wp-json\/wp\/v2\/tags?post=222214"}],"curies":[{"name":"wp","href":"https:\/\/api.w.org\/{rel}","templated":true}]}}