{"id":222719,"date":"2024-02-21T08:50:27","date_gmt":"2024-02-21T11:50:27","guid":{"rendered":"https:\/\/www.novaconcursos.com.br\/portal\/?p=222719"},"modified":"2024-12-19T10:29:20","modified_gmt":"2024-12-19T13:29:20","slug":"o-que-estudar-em-politicas-publicas-para-concurso","status":"publish","type":"post","link":"https:\/\/www.novaconcursos.com.br\/portal\/artigos\/o-que-estudar-em-politicas-publicas-para-concurso\/","title":{"rendered":"O que estudar em Pol\u00edticas P\u00fablicas para concurso? Resum\u00e3o CNU!"},"content":{"rendered":"<p>Quer saber <strong>o que estudar em <a href=\"https:\/\/www.novaconcursos.com.br\/portal\/concursos\/concurso-unificado-nacional\/\">Pol\u00edticas P\u00fablicas<\/a> para concurso?<\/strong> Essa \u00e9 uma das disciplinas de conhecimentos gerais que ser\u00e3o cobradas na prova do CNU para candidatos de n\u00edvel superior.<\/p>\n\n\n\n<p>As avalia\u00e7\u00f5es ser\u00e3o aplicadas no dia 05 de maio de 2024, em duas partes, sendo as 20 quest\u00f5es de conhecimentos gerais e a prova discursiva de conhecimentos espec\u00edficos no per\u00edodo da manh\u00e3 e as quest\u00f5es de conhecimentos espec\u00edficos no per\u00edodo da tarde.<\/p>\n\n\n\n<p>N\u00e3o deixe sua prepara\u00e7\u00e3o para \u00faltima hora. Saiba o que estudar em <em>Pol\u00edticas P\u00fablicas para concurso <\/em>e inicie seus estudos agora mesmo!<\/p>\n\n\n\n<h2 class=\"wp-block-heading\" id=\"o-que-estudar-em-polticas-pblicas-para-concurso\">O que estudar em Pol\u00edticas P\u00fablicas para concurso?<\/h2>\n\n\n\n<p>Segundo informa\u00e7\u00f5es do coordenador-geral de Log\u00edstica do CNU, do Minist\u00e9rio da Gest\u00e3o e Inova\u00e7\u00e3o em Servi\u00e7os P\u00fablicos,\u00a0Alexandre Retamal,\u00a0em entrevista ao programa A Voz do Brasil, da Empresa Brasil de Comunica\u00e7\u00e3o (EBC), os candidatos dever\u00e3o estudar os conte\u00fados da prova de forma integrada com a realidade do pa\u00eds e com as pol\u00edticas p\u00fablicas do governo federal.<\/p>\n\n\n\n<p><em>\u201cA dica \u00e9 procurar integrar os conte\u00fados, ver onde eles convergem. E como as pol\u00edticas p\u00fablicas que est\u00e3o sendo trabalhadas pelo governo federal trazem esses conte\u00fados para uma realidade. N\u00f3s estamos querendo selecionar candidatos que possam contribuir verdadeiramente com o nosso pa\u00eds para o desenvolvimento de pol\u00edticas p\u00fablicas que representam tanto a diversidade populacional quanto geogr\u00e1fica do nosso pa\u00eds\u201d,<\/em> recomendou Retamal.<\/p>\n\n\n\n<p>Conforme consta no conte\u00fado program\u00e1tico dos editais do CNU, ser\u00e3o cobrados os seguintes conhecimentos em Pol\u00edticas P\u00fablicas:<\/p>\n\n\n\n<ul class=\"wp-block-list\"><li>Introdu\u00e7\u00e3o \u00e0s pol\u00edticas p\u00fablicas: conceitos e tipologias. <\/li>\n\n\n\n<li>Ciclos de pol\u00edticas p\u00fablicas: agenda e formula\u00e7\u00e3o; processos de decis\u00e3o; implementa\u00e7\u00e3o, seus planos, projetos e programas; monitoramento e avalia\u00e7\u00e3o.<\/li>\n\n\n\n<li>Institucionaliza\u00e7\u00e3o das pol\u00edticas em Direitos Humanos como pol\u00edticas de Estado. <\/li>\n\n\n\n<li>Federalismo e descentraliza\u00e7\u00e3o de pol\u00edticas p\u00fablicas no Brasil: organiza\u00e7\u00e3o e funcionamento dos sistemas de programas nacionais.<\/li>\n<\/ul><h2 class=\"wp-block-heading\" id=\"o-que-so-polticas-pblicas\">O que s\u00e3o Pol\u00edticas P\u00fablicas?<\/h2>\n\n\n\n<p>As Pol\u00edticas P\u00fablicas s\u00e3o ferramentas essenciais na constru\u00e7\u00e3o de um Estado que promova o bem-estar e a equidade em uma sociedade complexa.<\/p>\n\n\n\n<p>Para entender a sua complexidade, \u00e9 essencial compreender o conceito de \u201cpol\u00edtica\u201d e \u201cp\u00fablico\u201d separadamente. Veja:<\/p>\n\n\n\n<p><strong>Pol\u00edtica:<\/strong> \u00e9 o \u201cplano de a\u00e7\u00e3o\u201d, ou o processo de tomada de decis\u00f5es e exerc\u00edcio de poder na sociedade, envolvendo quest\u00f5es governamentais, distribui\u00e7\u00e3o de recursos e resolu\u00e7\u00e3o de conflitos. <\/p>\n\n\n\n<p><strong>P\u00fablico: <\/strong>refere-se ao dom\u00ednio compartilhado por toda a sociedade, abrangendo a popula\u00e7\u00e3o em geral.<\/p>\n\n\n\n<p><strong>Entendi, mas o que s\u00e3o pol\u00edticas p\u00fablicas?<\/strong> ?<\/p>\n\n\n\n<p>Pol\u00edticas P\u00fablicas s\u00e3o diretrizes governamentais elaboradas para solucionar problemas p\u00fablicos, caracterizadas pela intencionalidade p\u00fablica e pela busca de equidade na sociedade.<\/p>\n\n\n\n<p>Essas a\u00e7\u00f5es buscam melhorar a qualidade de vida dos cidad\u00e3os, estabelecendo condi\u00e7\u00f5es compat\u00edveis com a dignidade humana.<\/p>\n\n\n\n<p>Em s\u00edntese, as pol\u00edticas p\u00fablicas representam um planejamento estrat\u00e9gico para criar condi\u00e7\u00f5es justas na conviv\u00eancia social e melhorar a qualidade de vida da popula\u00e7\u00e3o.<\/p>\n\n\n\n<h3 class=\"wp-block-heading\">Quais s\u00e3o os problemas p\u00fablicos mais comuns?<\/h3>\n\n\n\n<ul class=\"wp-block-list\"><li>problemas sem clara delimita\u00e7\u00e3o de fronteiras<\/li>\n\n\n\n<li>problemas relacionados a bens p\u00fablicos e que justificam a interven\u00e7\u00e3o do setor p\u00fablico<\/li>\n\n\n\n<li>problemas que envolvem escala e a\u00e7\u00f5es que precisam ser desenvolvidas em conjunto<\/li>\n\n\n\n<li>problemas dif\u00edceis de serem resolvidos, ou que criam novos problemas<\/li>\n\n\n\n<li>problemas complexos do ponto de vista t\u00e9cnico<\/li>\n\n\n\n<li>problemas que envolvem incerteza e risco<\/li>\n\n\n\n<li>problemas marcados pelas chamadas \u201cescolhas tr\u00e1gicas\u201d<\/li>\n\n\n\n<li>problemas envolvendo redistribui\u00e7\u00e3o de riqueza<\/li>\n<\/ul><figure class=\"wp-block-image size-large\"><a href=\"https:\/\/www.novaconcursos.com.br\/portal\/wp-content\/uploads\/2024\/02\/Sandy_Ppl-17_Single-06.webp\"><img decoding=\"async\" width=\"1024\" height=\"1024\" src=\"https:\/\/www.novaconcursos.com.br\/portal\/wp-content\/uploads\/2024\/02\/Sandy_Ppl-17_Single-06-1024x1024.webp\" alt=\"anima\u00e7\u00e3o quatro pessoas segurando cartazes pelos seus direitos\" class=\"wp-image-222738\" loading=\"lazy\" title=\"\" srcset=\"https:\/\/www.novaconcursos.com.br\/portal\/wp-content\/uploads\/2024\/02\/Sandy_Ppl-17_Single-06-150x150.webp 150w, https:\/\/www.novaconcursos.com.br\/portal\/wp-content\/uploads\/2024\/02\/Sandy_Ppl-17_Single-06-300x300.webp 300w, https:\/\/www.novaconcursos.com.br\/portal\/wp-content\/uploads\/2024\/02\/Sandy_Ppl-17_Single-06-480x480.webp 480w, https:\/\/www.novaconcursos.com.br\/portal\/wp-content\/uploads\/2024\/02\/Sandy_Ppl-17_Single-06-768x768.webp 768w, https:\/\/www.novaconcursos.com.br\/portal\/wp-content\/uploads\/2024\/02\/Sandy_Ppl-17_Single-06-1024x1024.webp 1024w, https:\/\/www.novaconcursos.com.br\/portal\/wp-content\/uploads\/2024\/02\/Sandy_Ppl-17_Single-06.webp 1200w\" sizes=\"auto, (max-width: 480px) 100vw, (max-width: 768px) 100vw, (max-width: 1200px) 70vw, 768px\"><\/a><figcaption class=\"wp-element-caption\"><em>Saiba o que estudar em Pol\u00edticas P\u00fablicas para concurso. Provas do CNU em maio!<\/em><\/figcaption><\/figure><h2 class=\"wp-block-heading\" id=\"quem-cria-as-polticas-pblicas\">Quem cria as pol\u00edticas p\u00fablicas?<\/h2>\n\n\n\n<p>Os \u201catores sociais\u201d s\u00e3o entidades, pessoas ou conjuntos de indiv\u00edduos que est\u00e3o envolvidos e exercem impacto, de forma direta ou indireta, no desenvolvimento das pol\u00edticas p\u00fablicas.<\/p>\n\n\n\n<p>Eles podem ser governamentais, que possuem atribui\u00e7\u00f5es definidas pelo Poder Estatal, ou n\u00e3o governamentais, ou seja, particulares.<\/p>\n\n\n\n<h2 class=\"wp-block-heading\" id=\"o-que-so-demandas-sociais\">O que s\u00e3o demandas sociais?<\/h2>\n\n\n\n<p>As demandas sociais s\u00e3o o resultado da atividade pol\u00edtica e compreendem o conjunto de decis\u00f5es e a\u00e7\u00f5es relacionadas \u00e0 aloca\u00e7\u00e3o imperativa de valores.<\/p>\n\n\n\n<p>Elas podem ser:<\/p>\n\n\n\n<ul class=\"wp-block-list\"><li>novas: resultantes do surgimento de novos atores pol\u00edticos ou de novos problemas<\/li>\n\n\n\n<li>recorrentes: problemas n\u00e3o resolvidos ou mal resolvidos<\/li>\n\n\n\n<li>reprimidas: s\u00e3o quest\u00f5es pr\u00e9vias que n\u00e3o s\u00e3o percebidas como problemas, mas sim como uma condi\u00e7\u00e3o<\/li>\n<\/ul><h2 class=\"wp-block-heading\" id=\"quais-so-os-tipos-de-polticas-pblicas\">Quais s\u00e3o os tipos de Pol\u00edticas P\u00fablicas?<\/h2>\n\n\n\n<p>Como s\u00e3o relacionadas com os direitos dos cidad\u00e3os, elas existem em muitas \u00e1reas, como:<\/p>\n\n\n\n<ul class=\"wp-block-list\"><li>educa\u00e7\u00e3o<\/li>\n\n\n\n<li>sa\u00fade<\/li>\n\n\n\n<li>trabalho<\/li>\n\n\n\n<li>lazer<\/li>\n\n\n\n<li>assist\u00eancia social<\/li>\n\n\n\n<li>meio ambiente<\/li>\n\n\n\n<li>cultura<\/li>\n\n\n\n<li>moradia<\/li>\n\n\n\n<li>transporte<\/li>\n<\/ul><h2 class=\"wp-block-heading\" id=\"o-que-so-ciclos-de-polticas-pblicas\">O que s\u00e3o ciclos de pol\u00edticas p\u00fablicas?<\/h2>\n\n\n\n<p>Os ciclos de pol\u00edticas p\u00fablicas s\u00e3o esquemas de visualiza\u00e7\u00e3o e interpreta\u00e7\u00e3o para elabora\u00e7\u00e3o das pol\u00edticas.<\/p>\n\n\n\n<p>Esses esquemas s\u00e3o organizados em fases sequenciais e interdependentes que v\u00e3o desde a fase inicial de identifica\u00e7\u00e3o do problema, at\u00e9 a formula\u00e7\u00e3o de alternativas para o mesmo e implementa\u00e7\u00e3o da pol\u00edtica p\u00fablica.<\/p>\n\n\n\n<h3 class=\"wp-block-heading\">Quais s\u00e3o os 7 componentes do ciclo de pol\u00edticas p\u00fablicas?<\/h3>\n\n\n\n<p>As pol\u00edticas p\u00fablicas podem ser organizadas em sete etapas:<\/p>\n\n\n\n<ul class=\"wp-block-list\"><li>Identifica\u00e7\u00e3o do problema;<\/li>\n\n\n\n<li>Forma\u00e7\u00e3o de uma agenda;<\/li>\n\n\n\n<li>Formula\u00e7\u00e3o de alternativas;<\/li>\n\n\n\n<li>Tomada de decis\u00e3o;<\/li>\n\n\n\n<li>Implementa\u00e7\u00e3o;<\/li>\n\n\n\n<li>Avalia\u00e7\u00e3o;<\/li>\n\n\n\n<li>Extin\u00e7\u00e3o da pol\u00edtica p\u00fablica.<\/li>\n<\/ul><h2 class=\"wp-block-heading\" id=\"para-que-servem-as-polticas-pblicas\">Para que servem as Pol\u00edticas P\u00fablicas?<\/h2>\n\n\n\n<p>Em resumo, as Pol\u00edticas P\u00fablicas servem para orientar a a\u00e7\u00e3o governamental na promo\u00e7\u00e3o do bem-estar social, econ\u00f4mico e ambiental. <\/p>\n\n\n\n<p>Elas visam resolver problemas coletivos, distribuir recursos de forma justa, e alcan\u00e7ar metas que beneficiem a sociedade como um todo.<\/p>\n\n\n\n<ul class=\"wp-block-list\"><li>Confira:\u00a0<a href=\"https:\/\/www.novaconcursos.com.br\/curso-online\/concurso-nacional-unificado-cnu-bloco-4?promo_creative=Concurso+Nacional+Unificado+%28CNU%29+%E2%80%93+Bloco+4%3A+Trabalho+e+Sa%C3%BAde+do+Servidor&amp;promo_name=noticia&amp;promo_id=%2Fportal%2Fnoticias%2Fconcurso-unificado-1-8-milhao-de-inscritos&amp;promo_position=corpo-texto\">Concurso Nacional Unificado (CNU) \u2013 Bloco 4: Trabalho e Sa\u00fade do Servidor<\/a><\/li>\n\n\n\n<li>Confira:\u00a0<a href=\"https:\/\/www.novaconcursos.com.br\/curso-online\/concurso-nacional-unificado-cnu-bloco-7?promo_creative=Concurso+Nacional+Unificado+%28CNU%29+%E2%80%93+Bloco+7%3A+Gest%C3%A3o+Governamental+e+Administra%C3%A7%C3%A3o+P%C3%BAblica&amp;promo_name=noticia&amp;promo_id=%2Fportal%2Fnoticias%2Fconcurso-unificado-1-8-milhao-de-inscritos&amp;promo_position=corpo-texto\">Concurso Nacional Unificado (CNU) \u2013 Bloco 7: Gest\u00e3o Governamental e Administra\u00e7\u00e3o P\u00fablica<\/a><\/li>\n<\/ul><p>Estude para o concurso dos seus sonhos com o\u00a0M\u00e9todo\u00a0que j\u00e1 ajudou na\u00a0aprova\u00e7\u00e3o de mais de 70 mil alunos!\u00a0<a href=\"https:\/\/aprovacao.novaconcursos.com.br\/assinatura?promo_creative=Clique+aqui&amp;promo_name=noticia&amp;promo_id=%2Fportal%2Fnoticias%2Fconcurso-unificado-1-8-milhao-de-inscritos&amp;promo_position=corpo-texto\" target=\"_blank\" rel=\"noreferrer noopener\">Clique aqui<\/a>\u00a0e saiba mais!<\/p>\n\n\n\n<h2 class=\"wp-block-heading\" id=\"como-sero-as-provas-do-cnu\">Como ser\u00e3o as provas do CNU?<\/h2>\n\n\n\n<p>Com as inscri\u00e7\u00f5es encerradas, as provas do CNU se aproximam. Na ocasi\u00e3o, os candidatos dever\u00e3o demonstrar conhecimentos sobre as disciplinas de:<\/p>\n\n\n\n<p>\u27a1\ufe0f <strong>N\u00edvel Superior<\/strong><\/p>\n\n\n\n<ul class=\"wp-block-list\"><li>Conhecimentos Gerais\u00a0\n<ul class=\"wp-block-list\"><li>Pol\u00edticas p\u00fablicas<\/li>\n\n\n\n<li>Desafios do estado de Direito: democracia e cidadania<\/li>\n\n\n\n<li>\u00c9tica e integridade<\/li>\n\n\n\n<li>Diversidade e Inclus\u00e3o na sociedade<\/li>\n\n\n\n<li>Administra\u00e7\u00e3o P\u00fablica Federal<\/li>\n\n\n\n<li>Finan\u00e7as P\u00fablicas<\/li>\n<\/ul><\/li>\n\n\n\n<li>Conhecimentos Espec\u00edficos\u00a0de acordo com o bloco tem\u00e1tico<\/li>\n<\/ul><p><strong>1\u00ba Bloco<\/strong><\/p>\n\n\n\n<ul class=\"wp-block-list\"><li>Gest\u00e3o Governamental e Governan\u00e7a P\u00fablica<\/li>\n\n\n\n<li>Pol\u00edticas P\u00fablicas<\/li>\n\n\n\n<li>Gest\u00e3o Ambiental e Tecnol\u00f3gica, Sustentabilidade e Energia<\/li>\n\n\n\n<li>Planejamento e Gest\u00e3o de Obras, Pol\u00edticas P\u00fablicas de Infraestrutura e Acessibilidade<\/li>\n\n\n\n<li>Engenharia Cartogr\u00e1fica e Geoprocessamento<\/li>\n<\/ul><p><strong>2\u00ba Bloco<\/strong><\/p>\n\n\n\n<ul class=\"wp-block-list\"><li>Gest\u00e3o Governamental e Governan\u00e7a P\u00fablica<\/li>\n\n\n\n<li>Pol\u00edticas P\u00fablicas<\/li>\n\n\n\n<li>Ger\u00eancia e Suporte da Tecnologida da Informa\u00e7\u00e3o<\/li>\n\n\n\n<li>Desenvolvimento de Software<\/li>\n\n\n\n<li>Apoio \u00e0 decis\u00e3o, intelig\u00eancia artificial e m\u00e9todos quantitativos<\/li>\n<\/ul><p><strong>3\u00ba Bloco<\/strong><\/p>\n\n\n\n<ul class=\"wp-block-list\"><li>Gest\u00e3o Governamental e Governan\u00e7a P\u00fablica<\/li>\n\n\n\n<li>Pol\u00edticas P\u00fablicas<\/li>\n\n\n\n<li>Caracteriza\u00e7\u00e3o da paisagem do meio rural<\/li>\n\n\n\n<li>Pr\u00e1ticas de produ\u00e7\u00e3o agropecu\u00e1ria no meio rural<\/li>\n\n\n\n<li>Desenvolvimento sustent\u00e1vel no meio rural<\/li>\n<\/ul><p><strong>4\u00ba Bloco\u00a0<\/strong><\/p>\n\n\n\n<ul class=\"wp-block-list\"><li>Gest\u00e3o Governamental e Governan\u00e7a P\u00fablica<\/li>\n\n\n\n<li>Pol\u00edticas P\u00fablicas<\/li>\n\n\n\n<li>Sociologia e Psicologia aplicadas ao trabalho<\/li>\n\n\n\n<li>Seguran\u00e7a e Sa\u00fade do Trabalhador<\/li>\n\n\n\n<li>Direito do Trabalho<\/li>\n<\/ul><h6 class=\"wp-block-heading\"><\/h6>\n\n\n\n<p><strong>5\u00ba Bloco<\/strong><\/p>\n\n\n\n<ul class=\"wp-block-list\"><li>Gest\u00e3o Governamental e Governan\u00e7a P\u00fablica<\/li>\n\n\n\n<li>Pol\u00edticas P\u00fablicas: educa\u00e7\u00e3o, ci\u00eancia e tecnologia e justi\u00e7a<\/li>\n\n\n\n<li>Pol\u00edticas P\u00fablicas: sa\u00fade e desenvolvimento social<\/li>\n\n\n\n<li>Direitos humanos, dos povos origin\u00e1rios e das popula\u00e7\u00f5es tradicionais<\/li>\n\n\n\n<li>Pesquisa e avalia\u00e7\u00e3o<\/li>\n<\/ul><p><strong>6\u00ba Bloco<\/strong><\/p>\n\n\n\n<ul class=\"wp-block-list\"><li>Gest\u00e3o Governamental e Governan\u00e7a P\u00fablica<\/li>\n\n\n\n<li>Pol\u00edticas P\u00fablicas e An\u00e1lise de Dados<\/li>\n\n\n\n<li>Economia, Economia Solid\u00e1ria e Contexto Internacional<\/li>\n\n\n\n<li>Or\u00e7amento P\u00fablico, Contabilidade e Regula\u00e7\u00e3o<\/li>\n\n\n\n<li>Ingl\u00eas<\/li>\n<\/ul><p><strong>7\u00ba Bloco\u00a0<\/strong><\/p>\n\n\n\n<ul class=\"wp-block-list\"><li>Gest\u00e3o Governamental e Governan\u00e7a P\u00fablica: estrat\u00e9gia, pessoas, projetos e processos<\/li>\n\n\n\n<li>Gest\u00e3o Governamental e Governan\u00e7a P\u00fablica: riscos, inova\u00e7\u00e3o, participa\u00e7\u00e3o, log\u00edstica e patrim\u00f4nio<\/li>\n\n\n\n<li>Pol\u00edticas P\u00fablicas e No\u00e7\u00f5es de Estat\u00edstica<\/li>\n\n\n\n<li>Administra\u00e7\u00e3o Financeira e Or\u00e7ament\u00e1ria, Contabilidade P\u00fablica e Compras Administra\u00e7\u00e3o P\u00fablica<\/li>\n\n\n\n<li>Comunica\u00e7\u00e3o, Gest\u00e3o Documental, Transpar\u00eancia e Prote\u00e7\u00e3o de Dados<\/li>\n<\/ul><p><strong>\u27a1\ufe0f N\u00edvel M\u00e9dio<\/strong><\/p>\n\n\n\n<ul class=\"wp-block-list\"><li>Conhecimentos Gerais \n<ul class=\"wp-block-list\"><li>L\u00edngua Portuguesa<\/li>\n\n\n\n<li>No\u00e7\u00f5es de Direito\u00a0\u2013 Administrativo e Constitucional<\/li>\n\n\n\n<li>Matem\u00e1tica<\/li>\n\n\n\n<li>Realidade Brasileira<\/li>\n<\/ul><\/li>\n<\/ul><p>Conhe\u00e7a outros concursos que est\u00e3o abertos:\u00a0<a href=\"https:\/\/www.novaconcursos.com.br\/portal\/concursos-abertos\/\">Concursos Abertos: Mais de\u00a060 mil vagas\u00a0abertas para\u00a0todos os n\u00edveis!<\/a><\/p>\n\n\n\n<h2 class=\"wp-block-heading\" id=\"cargos-e-vagas-esto-distribudos-em-blocos-temticos\">Cargos e vagas est\u00e3o distribu\u00eddos em blocos tem\u00e1ticos<\/h2>\n\n\n\n<p>O\u00a0<a href=\"https:\/\/www.gov.br\/gestao\/pt-br\/concursonacional\" target=\"_blank\" rel=\"noreferrer noopener\">concurso Unificado,<\/a>\u00a0ou \u201cEnem dos Concursos\u201d, \u00e9 uma proposta do Governo Federal para preencher as vagas do Poder Executivo autorizadas em 2023\u00a0por meio de um \u00fanico concurso,\u00a0com provas aplicadas simultaneamente, em 220 cidades espalhadas pelo pa\u00eds.<\/p>\n\n\n\n<p>Est\u00e3o sendo ofertadas 6.640 vagas de diversas especialidades para 21 \u00f3rg\u00e3os e minist\u00e9rios, com sal\u00e1rios de at\u00e9 R$ 22 mil.<\/p>\n\n\n\n<p>As oportunidades est\u00e3o distribu\u00eddas em\u00a0oito blocos tem\u00e1ticos,\u00a0que foram divididos por \u00e1rea de atua\u00e7\u00e3o governamental, de acordo com o perfil desejado, sendo:<\/p>\n\n\n\n<ul class=\"wp-block-list\"><li>1\u00ba Infraestrutura, Exatas e Engenharia<\/li>\n\n\n\n<li>2\u00ba Tecnologia, Dados e Informa\u00e7\u00e3o<\/li>\n\n\n\n<li>3\u00ba Ambiental, Agr\u00e1rio e Biol\u00f3gicas<\/li>\n\n\n\n<li>4\u00ba Trabalho e Sa\u00fade do Servidor<\/li>\n\n\n\n<li>5\u00ba Educa\u00e7\u00e3o, Sa\u00fade, Desenvolvimento Social e Direitos Humanos<\/li>\n\n\n\n<li>6\u00ba Setores Econ\u00f4micos e Regula\u00e7\u00e3o<\/li>\n\n\n\n<li>7\u00ba Gest\u00e3o Governamental e Administra\u00e7\u00e3o P\u00fablica<\/li>\n\n\n\n<li>8\u00ba N\u00edvel Intermedi\u00e1rio<\/li>\n<\/ul><ul class=\"wp-block-list\"><li>\u00a0<a href=\"https:\/\/www.novaconcursos.com.br\/portal\/noticias\/concurso-nacional-unificado-quais-sao-areas-cargos\/\">Confira quais s\u00e3o as \u00e1reas e cargos do Concurso Nacional Unificado!<\/a><\/li>\n<\/ul>","protected":false},"excerpt":{"rendered":"<p>Quer saber o que estudar em Pol\u00edticas P\u00fablicas para concurso? Essa \u00e9 uma das disciplinas de conhecimentos gerais que ser\u00e3o cobradas na prova do CNU para candidatos de n\u00edvel superior. As avalia\u00e7\u00f5es ser\u00e3o aplicadas no dia 05 de maio de 2024, em duas partes, sendo as 20 quest\u00f5es de conhecimentos gerais e a prova discursiva [&hellip;]<\/p>\n","protected":false},"author":54679,"featured_media":222074,"comment_status":"closed","ping_status":"closed","sticky":false,"template":"","format":"standard","meta":{"_acf_changed":false,"footnotes":"","_wp_rev_ctl_limit":""},"categories":[33508,44938],"tags":[],"class_list":["post-222719","post","type-post","status-publish","format-standard","has-post-thumbnail","hentry","category-artigos","category-teoria"],"acf":[],"_links":{"self":[{"href":"https:\/\/www.novaconcursos.com.br\/portal\/wp-json\/wp\/v2\/posts\/222719","targetHints":{"allow":["GET"]}}],"collection":[{"href":"https:\/\/www.novaconcursos.com.br\/portal\/wp-json\/wp\/v2\/posts"}],"about":[{"href":"https:\/\/www.novaconcursos.com.br\/portal\/wp-json\/wp\/v2\/types\/post"}],"author":[{"embeddable":true,"href":"https:\/\/www.novaconcursos.com.br\/portal\/wp-json\/wp\/v2\/users\/54679"}],"replies":[{"embeddable":true,"href":"https:\/\/www.novaconcursos.com.br\/portal\/wp-json\/wp\/v2\/comments?post=222719"}],"version-history":[{"count":8,"href":"https:\/\/www.novaconcursos.com.br\/portal\/wp-json\/wp\/v2\/posts\/222719\/revisions"}],"predecessor-version":[{"id":222746,"href":"https:\/\/www.novaconcursos.com.br\/portal\/wp-json\/wp\/v2\/posts\/222719\/revisions\/222746"}],"wp:featuredmedia":[{"embeddable":true,"href":"https:\/\/www.novaconcursos.com.br\/portal\/wp-json\/wp\/v2\/media\/222074"}],"wp:attachment":[{"href":"https:\/\/www.novaconcursos.com.br\/portal\/wp-json\/wp\/v2\/media?parent=222719"}],"wp:term":[{"taxonomy":"category","embeddable":true,"href":"https:\/\/www.novaconcursos.com.br\/portal\/wp-json\/wp\/v2\/categories?post=222719"},{"taxonomy":"post_tag","embeddable":true,"href":"https:\/\/www.novaconcursos.com.br\/portal\/wp-json\/wp\/v2\/tags?post=222719"}],"curies":[{"name":"wp","href":"https:\/\/api.w.org\/{rel}","templated":true}]}}