{"id":222855,"date":"2024-02-21T16:38:36","date_gmt":"2024-02-21T19:38:36","guid":{"rendered":"https:\/\/www.novaconcursos.com.br\/portal\/?p=222855"},"modified":"2024-02-21T16:38:40","modified_gmt":"2024-02-21T19:38:40","slug":"estao-abertas-as-inscricoes-para-a-aeronautica-curso-de-formacao-de-sargentos","status":"publish","type":"post","link":"https:\/\/www.novaconcursos.com.br\/portal\/noticias\/estao-abertas-as-inscricoes-para-a-aeronautica-curso-de-formacao-de-sargentos\/","title":{"rendered":"Est\u00e3o abertas as inscri\u00e7\u00f5es para a Aeron\u00e1utica Curso de Forma\u00e7\u00e3o de Sargentos!"},"content":{"rendered":"<p>O <a href=\"https:\/\/www.novaconcursos.com.br\/portal\/concursos\/concurso-aeronautica-eear\/\">concurso Aeron\u00e1utica<\/a> abriu inscri\u00e7\u00f5es para<strong> 169 vagas\u00a0<\/strong>no exame de admiss\u00e3o ao Curso de Forma\u00e7\u00e3o de Sargentos (CFS), para candidatos de ambos os sexos. <\/p>\n\n\n\n<p>Segundo a divis\u00e3o, ser\u00e3o 135 oportunidades para <strong>ampla concorr\u00eancia <\/strong>e 34 vagas reservadas aos <strong>negros<\/strong>. Saiba detalhes da sele\u00e7\u00e3o, lendo tudo nesta mat\u00e9ria!<\/p>\n\n\n\n<h2 class=\"wp-block-heading\" id=\"como-se-inscrever-no-concurso-aeronutica\">Como se inscrever no concurso Aeron\u00e1utica?<\/h2>\n\n\n\n<p>Portanto, as inscri\u00e7\u00f5es para o concurso da For\u00e7a A\u00e9rea Brasileira (FAB) abriram neste dia<strong> 20 de fevereiro e o prazo termina apenas \u00e0s 15h do dia 12 de mar\u00e7o de 2024<\/strong>.<\/p>\n\n\n\n<p>Assim, as inscri\u00e7\u00f5es devem ser realizadas no site da\u00a0<a href=\"https:\/\/ingresso.eear.fab.mil.br\/\" target=\"_blank\" rel=\"noreferrer noopener\">Escola de Especialistas de Aueron\u00e1utica \u2013 EEAR<\/a>. N\u00e3o h\u00e1 banca organizadora!<\/p>\n\n\n\n<p>Para efetivar a inscri\u00e7\u00e3o, o candidato dever\u00e1 realizar o pagamento de uma<strong>\u00a0taxa\u00a0<\/strong>de inscri\u00e7\u00e3o no valor de\u00a0<strong>R$95,00<\/strong>, at\u00e9 o dia 19 de mar\u00e7o de 2024.<\/p>\n\n\n\n<p>Entretanto, o processo tamb\u00e9m contar\u00e1 com a\u00a0<strong>isen\u00e7\u00e3o<\/strong>\u00a0de taxa de inscri\u00e7\u00e3o, que poder\u00e1 ser solicitado durante todo o per\u00edodo de cadastros.<\/p>\n\n\n\n<p>Poder\u00e1 pedir quem estiver <strong>inscrito no<\/strong> <strong>Cadastro \u00danico<\/strong> para Programas Sociais do Governo Federal (Cad\u00danico), informando n\u00famero de identifica\u00e7\u00e3o social \u2013 NIS, e ser membro de fam\u00edlia de baixa renda, nos termos do Decreto n\u00ba 11.016, de 29 de mar\u00e7o de 2022, por meio de Declara\u00e7\u00e3o de que atenda \u00e0 condi\u00e7\u00e3o estabelecida; ou<\/p>\n\n\n\n<p>Al\u00e9m disso, pode pedir tamb\u00e9m quem for <strong>doador<\/strong> <strong>de medula \u00f3ssea<\/strong> em entidades reconhecidas pelo Minist\u00e9rio da Sa\u00fade, nos termos da Lei n\u00ba 13.656, de 30 de abril de 2018.<\/p>\n\n\n\n<p>Estude para o concurso dos seus sonhos com o\u00a0<strong>M\u00e9todo<\/strong>\u00a0que j\u00e1 ajudou na\u00a0<strong>aprova\u00e7\u00e3o de mais de 70 mil alunos<\/strong>.\u00a0<a href=\"https:\/\/www.novaconcursos.com.br\/eventos\/assinatura\" target=\"_blank\" rel=\"noreferrer noopener\">Clique aqui<\/a>\u00a0e saiba mais!<\/p>\n\n\n\n<h2 class=\"wp-block-heading\" id=\"cargos-vagas-e-salrios-ofertados-pela-eear\">Cargos, Vagas e sal\u00e1rios ofertados pela EEAR<\/h2>\n\n\n\n<p>Posteriormente, o concurso da Escola de Especialistas de Aeron\u00e1utica (EEAR), oferece\u00a0<strong>169 vagas<\/strong>\u00a0para o Curso de Forma\u00e7\u00e3o de Sargentos (CFS). <\/p>\n\n\n\n<p>BEV \u2013 Equipamento de Voo: 8 vagas (ampla concorr\u00eancia \u2013 6 \/ reservadas \u2013 02)<br>BMA \u2013 Mec\u00e2nica de Aeronaves: 60 vagas (ampla concorr\u00eancia \u2013 48 \/ reservadas \u2013 12)<br>BMB \u2013 Material B\u00e9lico: 19 vagas (ampla concorr\u00eancia \u2013 15 \/ reservadas \u2013 04)<br>SAI \u2013 Informa\u00e7\u00f5es Aeron\u00e1uticas: 12 vagas (ampla concorr\u00eancia \u2013 10 \/ reservadas \u2013 02)<br>SGS \u2013 Guarda e Seguran\u00e7a: 20 vagas (ampla concorr\u00eancia \u2013 16 \/ reservadas \u2013 04)<br>BCT \u2013 Controle de Tr\u00e1fego A\u00e9reo: 50 vagas (ampla concorr\u00eancia \u2013 40 \/ reservadas \u2013 10)<\/p>\n\n\n\n<p>\u00c9 importante ressaltar que as vagas estar\u00e3o lotadas na cidade de\u00a0<strong>Guaratinguet\u00e1\/SP<\/strong> e ser\u00e3o para o curso que ter\u00e1 in\u00edcio no\u00a0<strong>1\u00b0 semestre de 2025<\/strong>!<\/p>\n\n\n\n<p>A remunera\u00e7\u00e3o durante a realiza\u00e7\u00e3o do curso est\u00e1 fixado em lei. Al\u00e9m disso, o aprovado contar\u00e1 com vale alimenta\u00e7\u00e3o, alojamento, assist\u00eancias m\u00e9dico-hospitalar e dent\u00e1ria e fardamento.<\/p>\n\n\n\n<p>Ap\u00f3s a\u00a0<strong>conclus\u00e3o do CFS<\/strong>, o aprovada estar\u00e1 promovido \u00e0\u00a0<strong>Terceiro Sargente<\/strong>\u00a0e receber\u00e1 um sal\u00e1rio de\u00a0<strong>R$ 3.825,00<\/strong>, al\u00e9m dos benef\u00edcios que s\u00e3o designados \u00e0 trabalhadores da FAB.<\/p>\n\n\n\n<h2 class=\"wp-block-heading\" id=\"o-que-estudar-para-as-provas-da-aeronutica\">O que estudar para as provas da Aeron\u00e1utica?<\/h2>\n\n\n\n<p>A sele\u00e7\u00e3o do EEAR estar\u00e1 realizada em<strong>\u00a0seis etapas,\u00a0<\/strong>sendo provas escritas; INSPSAU (Inspe\u00e7\u00e3o de sa\u00fade); EAP (Exame de aptid\u00e3o Psicol\u00f3gica); TACF (Teste de avalia\u00e7\u00e3o do Condicionamento F\u00edsico); PHC (Procedimento de Heteroidentifica\u00e7\u00e3o complementar); e Valida\u00e7\u00e3o Documental.<\/p>\n\n\n\n<p>As provas escritas, de car\u00e1ter eliminat\u00f3rio e classificat\u00f3rio, estar\u00e3o aplicadas no dia\u00a0<strong>02 de junho de 2024<\/strong>, com quest\u00f5es de <strong>m\u00faltipla escolha<\/strong>.<\/p>\n\n\n\n<p>Assim, as disciplinas a serem estudadas: L\u00edngua Portuguesa; L\u00edngua Inglesa; Matem\u00e1tica; e F\u00edsica. Esta etapa estar\u00e1 avaliada em uma escala de 0 \u00e0 10 pontos.<\/p>\n\n\n\n<ul class=\"wp-block-list\"><li><strong>Confira:<\/strong> <a href=\"https:\/\/www.novaconcursos.com.br\/apostila\/eear-cfs-curso-formacao-sargentos\">Apostila EEAR 2024 \u2013 CFS \u2013 Curso de Forma\u00e7\u00e3o de Sargentos<\/a><\/li>\n\n\n\n<li><strong>Confira: <\/strong><a href=\"https:\/\/www.novaconcursos.com.br\/apostila\/eear-cfs-curso-formacao-sargentos\">Apostila EEAR 2024 \u2013 CFS \u2013 Curso de Forma\u00e7\u00e3o de Sargentos<\/a><\/li>\n<\/ul><p>Quer conhecer mais detalhes das outras etapas da sele\u00e7\u00e3o? <a href=\"https:\/\/www.novaconcursos.com.br\/portal\/concursos\/concurso-aeronautica-eear\/\">Clique aqui<\/a>!<\/p>\n\n\n\n<h2 class=\"wp-block-heading\" id=\"quais-as-atribuies-dos-cargos-na-aeronutica-eear\">Quais as atribui\u00e7\u00f5es dos cargos na Aeron\u00e1utica \u2013 EEAR?<\/h2>\n\n\n\n<p>Posteriormente, \u00e9 importante<strong> conhecer o servi\u00e7o<\/strong> de cada cargo, para saber se voc\u00ea quer seguir na carreira. Portanto, confira:<\/p>\n\n\n\n<p><strong>BEV \u2013 Equipamentos de Voo<\/strong><\/p>\n\n\n\n<p>Inspe\u00e7\u00e3o, manuten\u00e7\u00e3o e reparos em paraquedas, botes e coletes salva-vidas, capacetes de voo, kits de sobreviv\u00eancia no mar e na selva e outros equipamentos de seguran\u00e7a, salvamento e sobreviv\u00eancia.<\/p>\n\n\n\n<p><strong>BMA \u2013 Mec\u00e2nica de Aeronaves<\/strong><\/p>\n\n\n\n<p>Inspe\u00e7\u00e3o dos motores, h\u00e9lices, sistemas pneum\u00e1ticos, hidr\u00e1ulicos e de combust\u00edvel das aeronaves. Como tripulante, assessora os pilotos em voo e desloca-se constantemente em aeronaves para o cumprimento de miss\u00f5es.<\/p>\n\n\n\n<p><strong>BMB \u2013 Material B\u00e9lico<\/strong><\/p>\n\n\n\n<p>Especialista em armamento e muni\u00e7\u00f5es terrestres e a\u00e9reas. Exerce as fun\u00e7\u00f5es de artilheiro de bordo em aeronaves, inspetor de armas e muni\u00e7\u00f5es, instrutor de tiro e mec\u00e2nico de armamento.<\/p>\n\n\n\n<p><strong>SAI \u2013 Informa\u00e7\u00f5es Aeron\u00e1uticas<\/strong><\/p>\n\n\n\n<p>Respons\u00e1vel por coletar, selecionar e fornecer aos aeronavegantes as informa\u00e7\u00f5es aeron\u00e1uticas necess\u00e1rias \u00e0 realiza\u00e7\u00e3o segura, eficiente e regular de seus voos, bem como receber e processar as mensagens do Servi\u00e7o de Tr\u00e1fego A\u00e9reo e mensagens referentes ao controle, fiscaliza\u00e7\u00e3o e cobran\u00e7a, geradas pela opera\u00e7\u00e3o de aeronaves. (Trabalha na Sala Aer\u00f3dromo, do Sistema de Controle do Espa\u00e7o A\u00e9reo Brasileiro).<\/p>\n\n\n\n<p><strong>SGS \u2013 Guarda e Seguran\u00e7a<\/strong><\/p>\n\n\n\n<p>Atividades de seguran\u00e7a e defesa das instala\u00e7\u00f5es, de pessoas e dignit\u00e1rios e servi\u00e7os de opera\u00e7\u00f5es especiais, bem como, adestramento f\u00edsico e instru\u00e7\u00e3o militar inicial dos que ingressam na Aeron\u00e1utica.<\/p>\n\n\n\n<p><strong>BCT \u2013 Controle de Tr\u00e1fego A\u00e9reo<\/strong><\/p>\n\n\n\n<p>Controla o voo das aeronaves no espa\u00e7o a\u00e9reo brasileiro, atuando em torres de controle de aer\u00f3dromos, nos Centros de Controle e nos Centros Integrados de Defesa A\u00e9rea e Controle de Tr\u00e1fego A\u00e9reo.<\/p>\n\n\n\n<p><a href=\"https:\/\/www.novaconcursos.com.br\/portal\/wp-content\/uploads\/2023\/12\/concurso-eear-aeronautica-cfs-2025.pdf\" target=\"_blank\" rel=\"noreferrer noopener\">Baixe o edital<\/a><\/p>\n\n\n\n<h2 class=\"wp-block-heading\" id=\"sobre-a-eear\">Sobre a EEAR<\/h2>\n\n\n\n<p>A\u00a0<a href=\"https:\/\/www2.fab.mil.br\/eear\/\" target=\"_blank\" rel=\"noreferrer noopener\">Escola de Especialistas de Aeron\u00e1utica<\/a>\u00a0\u00e9 a Organiza\u00e7\u00e3o do Comando da Aeron\u00e1utica, diretamente subordinada ao Diretor-Geral do Departamento de Ensino da Aeron\u00e1utica (DEPENS).<\/p>\n\n\n\n<p>Em 1950 a sede passou a ser em\u00a0<strong>Guaratinguet\u00e1-SP<\/strong>, instalada em terras da antiga Escola Pr\u00e1tica de Agricultura e Pecu\u00e1ria, doadas ao Minist\u00e9rio da Aeron\u00e1utica em 05 de maio de 1950.<\/p>\n\n\n\n<p>A Institui\u00e7\u00e3o tem por finalidade a forma\u00e7\u00e3o e o aperfei\u00e7oamento de Graduados da Aeron\u00e1utica e, para isso, conta com as seguintes\u00a0<strong>atribui\u00e7\u00f5es<\/strong>:<\/p>\n\n\n\n<ul class=\"wp-block-list\"><li>A forma\u00e7\u00e3o militar, c\u00edvica, intelectual e moral dos alu169nos matriculados nos cursos e est\u00e1gios atribu\u00eddos;<\/li>\n\n\n\n<li>A elabora\u00e7\u00e3o e a execu\u00e7\u00e3o dos planos e programas relativos ao ensino e \u00e0s atividades desenvolvidas; e<\/li>\n\n\n\n<li>O cumprimento das atribui\u00e7\u00f5es emanadas do DEPENS referentes aos concursos de admiss\u00e3o aos cursos e est\u00e1gios atribu\u00eddos.<\/li>\n<\/ul><p><strong>O CFS \u2013 Curso de Forma\u00e7\u00e3o de Sargentes\u00a0<\/strong>\u00e9 ofertado pela EEAR e possui dura\u00e7\u00e3o de 2 anos.<\/p>\n\n\n\n<p>O curso tem por objetivo formar Sargentos Especialistas para o Comando da Aeron\u00e1utica, abrangendo instru\u00e7\u00f5es nos Campos Geral, Militar e T\u00e9cnico-Especializado.<\/p>\n\n\n\n<p>A Instru\u00e7\u00e3o ministrada no Campo Geral, comum a todas as especialidades, re\u00fane os conhecimentos b\u00e1sicos necess\u00e1rios \u00e0 habilita\u00e7\u00e3o dos alunos nos seus diferentes n\u00edveis, objetivando nivelar os conhecimentos de alunos de diferentes origens e forma\u00e7\u00f5es.<\/p>\n\n\n\n<p>A instru\u00e7\u00e3o ministrada no Campo Militar visa incorporar nos alunos uma mentalidade que os leve a aceitar, com determina\u00e7\u00e3o, os postulados b\u00e1sicos da vida militar, pautando, assim, os seus procedimentos e satisfazendo, ainda, a um interesse especial do Comando da Aeron\u00e1utica: que os alunos possuam um elevado grau de vibra\u00e7\u00e3o, devo\u00e7\u00e3o e entusiasmo pela For\u00e7a A\u00e9rea.<\/p>\n\n\n\n<p>A instru\u00e7\u00e3o ministrada no Campo T\u00e9cnico-Especializado constitui-se na fase da forma\u00e7\u00e3o do futuro Sargento em que ele \u00e9 preparado para obter um desempenho profissional dentro dos padr\u00f5es estabelecidos pelo Comando da Aeron\u00e1utica, para exercer as atribui\u00e7\u00f5es de sua especialidade.<\/p>","protected":false},"excerpt":{"rendered":"<p>O concurso Aeron\u00e1utica abriu inscri\u00e7\u00f5es para 169 vagas\u00a0no exame de admiss\u00e3o ao Curso de Forma\u00e7\u00e3o de Sargentos (CFS), para candidatos de ambos os sexos. Segundo a divis\u00e3o, ser\u00e3o 135 oportunidades para ampla concorr\u00eancia e 34 vagas reservadas aos negros. Saiba detalhes da sele\u00e7\u00e3o, lendo tudo nesta mat\u00e9ria! Como se inscrever no concurso Aeron\u00e1utica? Portanto, as [&hellip;]<\/p>\n","protected":false},"author":54671,"featured_media":222856,"comment_status":"closed","ping_status":"closed","sticky":false,"template":"","format":"standard","meta":{"_acf_changed":false,"footnotes":"","_wp_rev_ctl_limit":""},"categories":[228],"tags":[],"class_list":["post-222855","post","type-post","status-publish","format-standard","has-post-thumbnail","hentry","category-noticias"],"acf":[],"_links":{"self":[{"href":"https:\/\/www.novaconcursos.com.br\/portal\/wp-json\/wp\/v2\/posts\/222855","targetHints":{"allow":["GET"]}}],"collection":[{"href":"https:\/\/www.novaconcursos.com.br\/portal\/wp-json\/wp\/v2\/posts"}],"about":[{"href":"https:\/\/www.novaconcursos.com.br\/portal\/wp-json\/wp\/v2\/types\/post"}],"author":[{"embeddable":true,"href":"https:\/\/www.novaconcursos.com.br\/portal\/wp-json\/wp\/v2\/users\/54671"}],"replies":[{"embeddable":true,"href":"https:\/\/www.novaconcursos.com.br\/portal\/wp-json\/wp\/v2\/comments?post=222855"}],"version-history":[{"count":2,"href":"https:\/\/www.novaconcursos.com.br\/portal\/wp-json\/wp\/v2\/posts\/222855\/revisions"}],"predecessor-version":[{"id":222858,"href":"https:\/\/www.novaconcursos.com.br\/portal\/wp-json\/wp\/v2\/posts\/222855\/revisions\/222858"}],"wp:featuredmedia":[{"embeddable":true,"href":"https:\/\/www.novaconcursos.com.br\/portal\/wp-json\/wp\/v2\/media\/222856"}],"wp:attachment":[{"href":"https:\/\/www.novaconcursos.com.br\/portal\/wp-json\/wp\/v2\/media?parent=222855"}],"wp:term":[{"taxonomy":"category","embeddable":true,"href":"https:\/\/www.novaconcursos.com.br\/portal\/wp-json\/wp\/v2\/categories?post=222855"},{"taxonomy":"post_tag","embeddable":true,"href":"https:\/\/www.novaconcursos.com.br\/portal\/wp-json\/wp\/v2\/tags?post=222855"}],"curies":[{"name":"wp","href":"https:\/\/api.w.org\/{rel}","templated":true}]}}