{"id":223109,"date":"2024-02-22T17:12:11","date_gmt":"2024-02-22T20:12:11","guid":{"rendered":"https:\/\/www.novaconcursos.com.br\/portal\/?p=223109"},"modified":"2024-02-22T17:12:15","modified_gmt":"2024-02-22T20:12:15","slug":"concursos-rj-prefeitura-de-teresopolis-prepara-edital-para-area-da-saude","status":"publish","type":"post","link":"https:\/\/www.novaconcursos.com.br\/portal\/noticias\/concursos-rj-prefeitura-de-teresopolis-prepara-edital-para-area-da-saude\/","title":{"rendered":"Concursos RJ: Prefeitura de Teres\u00f3polis prepara edital para \u00e1rea da sa\u00fade!"},"content":{"rendered":"<p>A Prefeitura de Teres\u00f3polis d\u00e1 primeiro passo para realiza\u00e7\u00e3o de <a href=\"https:\/\/www.novaconcursos.com.br\/portal\/concursos-abertos\/rj\/\">editais RJ<\/a> para a Secretaria Municipal de Sa\u00fade. Um projeto prev\u00ea a <strong>cria\u00e7\u00e3o de 844 cargos <\/strong>na administra\u00e7\u00e3o. <\/p>\n\n\n\n<p>Quer saber mais detalhes deste projeto e quando a sele\u00e7\u00e3o ser\u00e1 publicada? Clique aqui e confira esta mat\u00e9ria, preparada para voc\u00ea!<\/p>\n\n\n\n<h2 class=\"wp-block-heading\" id=\"edital-sendo-preparado-para-os-concursos-rj\">Edital sendo preparado para os concursos RJ<\/h2>\n\n\n\n<p>Um projeto esteve enviado para a C\u00e2mara de Vereadores, para a implementa\u00e7\u00e3o do Plano de Cargos, Carreiras e Vencimentos (PCCV) da<strong> Secretaria Municipal de Sa\u00fade.<\/strong><\/p>\n\n\n\n<p>Assim, este foi o <strong>primeiro passo <\/strong>para a realiza\u00e7\u00e3o de um novo edital na \u00e1rea da sa\u00fade, na Prefeitura de Teres\u00f3polis, no estado do Rio de Janeiro. <\/p>\n\n\n\n<p>Al\u00e9m de reestruturar o quadro atual, o projeto cria um quadro suplementar com cargos em extin\u00e7\u00e3o, estabelece atribui\u00e7\u00f5es e elenca normas gerais de enquadramento.<\/p>\n\n\n\n<p>Assim, ele define ainda o n\u00famero de vagas e instituindo tabelas de vencimentos. Segundo o prefeito de Teres\u00f3polis, Vinicius Claussen, a proposta quer incentivar os profissionais. <\/p>\n\n\n\n<blockquote class=\"wp-block-quote is-layout-flow wp-block-quote-is-layout-flow\">\n<p><em>\u201cA proposta \u00e9 garantir uma remunera\u00e7\u00e3o justa e competitiva, com crit\u00e9rios que incentivem os profissionais a buscarem aprimoramento cont\u00ednuo e que, certamente, ter\u00e1 reflexo na melhoria da qualidade dos servi\u00e7os prestados \u00e0 popula\u00e7\u00e3o. Isso \u00e9 reconhecimento do valor do trabalho dos servidores municipais da \u00e1rea\u201d<\/em>, destacou o prefeito. <\/p>\n\n\n\n<p>Somente com a <strong>implanta\u00e7\u00e3o do PCCV<\/strong> ser\u00e1 poss\u00edvel a futura realiza\u00e7\u00e3o de concurso p\u00fablico visando ao preenchimento de cargos na \u00e1rea.<\/p>\n\n\n\n<h2 class=\"wp-block-heading\" id=\"impacto-cargos-novos-e-extintos-no-rj\">Impacto, cargos novos e extintos no RJ<\/h2>\n\n\n\n<p>A minuta do projeto de lei complementar do PCCV prev\u00ea a cria\u00e7\u00e3o de <strong>844 novas vagas,<\/strong> a exclus\u00e3o de 544 vagas n\u00e3o utilizadas no Plano de Cargos, Carreiras e Sal\u00e1rios (PCCS) em vigor desde 2013 e a substitui\u00e7\u00e3o de 469 contratados tempor\u00e1rios.<\/p>\n\n\n\n<p>Ela foi elaborada por um grupo de trabalho formado por servidores das secretarias municipais de Sa\u00fade, de Administra\u00e7\u00e3o e da Procuradoria Geral do Munic\u00edpio, e acompanhada pelo Sindicato dos Servidores P\u00fablicos Municipais de Teres\u00f3polis. <\/p>\n\n\n\n<p><em>\u201cCom a realiza\u00e7\u00e3o do concurso p\u00fablico, vamos substituir profissionais contratados por servidores efetivos, que passar\u00e3o a contribuir para o Tereprev (Instituto de Previd\u00eancia dos Servidores Municipais de Teres\u00f3polis). Isso traz mais equil\u00edbrio e garantia para a aposentadoria dos servidores\u201d,<\/em> pontua o Prefeito.<\/p>\n\n\n\n<p>Na avalia\u00e7\u00e3o da Prefeitura, apesar dos custos iniciais, o projeto como um todo resultar\u00e1 em uma economia l\u00edquida em torno de<strong> R$ 56.065,52<\/strong>, o que evidencia sua viabilidade financeira no longo prazo.<\/p>\n\n\n\n<p>Atualmente, existem dois planos de cargos em vigor na Prefeitura, um deles o Plano de Cargos, Carreira e Remunera\u00e7\u00e3o dos Profissionais do Magist\u00e9rio P\u00fablico Municipal de Teres\u00f3polis (Lei Municipal n\u00ba 2.908\/2010).<\/p>\n\n\n\n<p>Por outro lado, o Plano de Cargos, Carreiras e Sal\u00e1rios dos Servidores P\u00fablicos Municipais de Teres\u00f3polis (Lei Complementar 168\/2023), que estabelecem normas de enquadramento, tabelas de vencimentos e outros benef\u00edcios para os servidores das categorias que contemplam.<\/p>\n\n\n\n<h2 class=\"wp-block-heading\" id=\"concursos-rj-ltimo-edital-para-terespolis-foi-para-educao\">Concursos RJ: \u00daltimo edital para Teres\u00f3polis foi para Educa\u00e7\u00e3o<\/h2>\n\n\n\n<p>Sendo assim, quem quiser iniciar os estudos para o novo edital pode usar o \u00faltimo como base de estudos. Ele aconteceu entre <strong>2020 e 2021<\/strong>, mas para Secretaria de Educa\u00e7\u00e3o. <\/p>\n\n\n\n<p>Assim, o sal\u00e1rio bruto para a fun\u00e7\u00e3o, na \u00e9poca, era de R$1.814,85 para uma jornada de 22 horas por semana. Al\u00e9m das provas, foram realizadas provas de t\u00edtulos, tento a banca Instituto AOCP como organizadora. <\/p>\n\n\n\n<h3 class=\"wp-block-heading\">Teres\u00f3polis convoca professores<\/h3>\n\n\n\n<p>As Secretarias de Educa\u00e7\u00e3o e de Administra\u00e7\u00e3o de\u00a0Teres\u00f3polis, na <a href=\"https:\/\/www.teresopolis.rj.gov.br\/\" target=\"_blank\" rel=\"noreferrer noopener\">Prefeitura do Rio de Janeiro<\/a>, divulgaram nesta segunda-feira (19) a convoca\u00e7\u00e3o de <strong>56 professores aprovados<\/strong>.<\/p>\n\n\n\n<p>Trata-se de aprovados no segundo processo seletivo simplificado referente ao Edital 001\/2024 para <strong>contrata\u00e7\u00e3o tempor\u00e1ria.<\/strong><\/p>\n\n\n\n<p>Assim, dos 56 convocados, quatro s\u00e3o do cadastro de reserva. Desde 2019, mais de<strong> 850 professores <\/strong>foram contratados para a Rede Municipal de Ensino.<\/p>\n\n\n\n<p>Os primeiros 56 aprovados tiveram entre os dias 1\u00ba e 2\/02 para se apresentar na Secretaria de Educa\u00e7\u00e3o (Rua Carmela Dutra, 475 \u2013 Agri\u00f5es) para retirar o encaminhamento para a per\u00edcia m\u00e9dica, marcada para acontecer no dia 06, na Secretaria Municipal de Sa\u00fade.<\/p>\n\n\n\n<p>Al\u00e9m disso, no \u00faltimo dia 15, quatro candidatos aprovados do cadastro de reserva tamb\u00e9m foram convocados por meio do DO. <\/p>\n\n\n\n<p>Depois, no dia 20 de fevereiro, mais 14 candidatos aprovados do Cadastro de Reserva foram convocados. <a href=\"https:\/\/atos.teresopolis.rj.gov.br\/diario\/#\/diario\/1151\" target=\"_blank\" rel=\"noreferrer noopener\">Veja a convoca\u00e7\u00e3o<\/a>! <\/p>\n\n\n\n<p>Esses professores devem comparecer \u00e0 Secretaria M. de Educa\u00e7\u00e3o na pr\u00f3xima segunda-feira, 26 de fevereiro, das 9h \u00e0s 17h, para a retirada do encaminhamento para a realiza\u00e7\u00e3o do exame m\u00e9dico admissional e posterior in\u00edcio das atividades.<\/p>\n<\/blockquote>\n\n\n\n<p>Quer saber de mais editais de <a href=\"https:\/\/www.novaconcursos.com.br\/portal\/concursos-previstos\/rj\/\">concursos previstos<\/a> no Rio de Janeiro? Clique e confira!<\/p>\n\n\n\n<h2 class=\"wp-block-heading\" id=\"terespolis-rj\">Teres\u00f3polis\u00a0RJ<\/h2>\n\n\n\n<p><strong>Teres\u00f3polis<\/strong>\u00a0\u00e9 um\u00a0munic\u00edpio brasileiro\u00a0situado no\u00a0interior\u00a0do\u00a0estado\u00a0do\u00a0Rio de Janeiro,\u00a0Regi\u00e3o Sudeste\u00a0do pa\u00eds. Localizado na\u00a0Serra Fluminense, pertence \u00e0\u00a0Regi\u00e3o Geogr\u00e1fica Intermedi\u00e1ria de Petr\u00f3polis.<\/p>\n\n\n\n<p>A cidade est\u00e1 distante a cerca de 94,3\u00a0km a norte da\u00a0capital do estado. Ocupa uma\u00a0\u00e1rea\u00a0de pouco mais de 770\u00a0km\u00b2, sendo aproximadamente 64\u00a0km\u00b2 em\u00a0\u00e1rea urbana, e sua\u00a0popula\u00e7\u00e3o\u00a0em 2022 era de 165\u00a0123 habitantes.<\/p>","protected":false},"excerpt":{"rendered":"<p>A Prefeitura de Teres\u00f3polis d\u00e1 primeiro passo para realiza\u00e7\u00e3o de editais RJ para a Secretaria Municipal de Sa\u00fade. Um projeto prev\u00ea a cria\u00e7\u00e3o de 844 cargos na administra\u00e7\u00e3o. Quer saber mais detalhes deste projeto e quando a sele\u00e7\u00e3o ser\u00e1 publicada? Clique aqui e confira esta mat\u00e9ria, preparada para voc\u00ea! Edital sendo preparado para os concursos [&hellip;]<\/p>\n","protected":false},"author":54671,"featured_media":223111,"comment_status":"closed","ping_status":"closed","sticky":false,"template":"","format":"standard","meta":{"_acf_changed":false,"footnotes":"","_wp_rev_ctl_limit":""},"categories":[228],"tags":[],"class_list":["post-223109","post","type-post","status-publish","format-standard","has-post-thumbnail","hentry","category-noticias"],"acf":[],"_links":{"self":[{"href":"https:\/\/www.novaconcursos.com.br\/portal\/wp-json\/wp\/v2\/posts\/223109","targetHints":{"allow":["GET"]}}],"collection":[{"href":"https:\/\/www.novaconcursos.com.br\/portal\/wp-json\/wp\/v2\/posts"}],"about":[{"href":"https:\/\/www.novaconcursos.com.br\/portal\/wp-json\/wp\/v2\/types\/post"}],"author":[{"embeddable":true,"href":"https:\/\/www.novaconcursos.com.br\/portal\/wp-json\/wp\/v2\/users\/54671"}],"replies":[{"embeddable":true,"href":"https:\/\/www.novaconcursos.com.br\/portal\/wp-json\/wp\/v2\/comments?post=223109"}],"version-history":[{"count":6,"href":"https:\/\/www.novaconcursos.com.br\/portal\/wp-json\/wp\/v2\/posts\/223109\/revisions"}],"predecessor-version":[{"id":223116,"href":"https:\/\/www.novaconcursos.com.br\/portal\/wp-json\/wp\/v2\/posts\/223109\/revisions\/223116"}],"wp:featuredmedia":[{"embeddable":true,"href":"https:\/\/www.novaconcursos.com.br\/portal\/wp-json\/wp\/v2\/media\/223111"}],"wp:attachment":[{"href":"https:\/\/www.novaconcursos.com.br\/portal\/wp-json\/wp\/v2\/media?parent=223109"}],"wp:term":[{"taxonomy":"category","embeddable":true,"href":"https:\/\/www.novaconcursos.com.br\/portal\/wp-json\/wp\/v2\/categories?post=223109"},{"taxonomy":"post_tag","embeddable":true,"href":"https:\/\/www.novaconcursos.com.br\/portal\/wp-json\/wp\/v2\/tags?post=223109"}],"curies":[{"name":"wp","href":"https:\/\/api.w.org\/{rel}","templated":true}]}}