{"id":223442,"date":"2024-02-28T09:44:50","date_gmt":"2024-02-28T12:44:50","guid":{"rendered":"https:\/\/www.novaconcursos.com.br\/portal\/?p=223442"},"modified":"2024-02-28T09:44:53","modified_gmt":"2024-02-28T12:44:53","slug":"concursos-es-previstos-para-2024-saiba-aqui","status":"publish","type":"post","link":"https:\/\/www.novaconcursos.com.br\/portal\/noticias\/concursos-es-previstos-para-2024-saiba-aqui\/","title":{"rendered":"Concursos ES previstos para 2024: Saiba aqui!"},"content":{"rendered":"<p>O Estado do Esp\u00edrito Santo reserva excelentes<strong> oportunidades em <a href=\"https:\/\/www.novaconcursos.com.br\/portal\/concursos-abertos\/es\/\">concurso ES<\/a> para 2024, <\/strong>como o caso das Centrais de Abastecimento do Esp\u00edrito Santo, por exemplo, que ter\u00e1 edital publicado a qualquer momento.<\/p>\n\n\n\n<p>Ser\u00e3o oportunidades no \u00e2mbito\u00a0estadual\u00a0e\u00a0municipal, para as \u00e1reas de Seguran\u00e7a, Tribunal, Legislativa, entre outras.<\/p>\n\n\n\n<p>No ramo dos concursos, quem se antecipa, sai na frente. N\u00e3o perca tempo! Confira os <em>concursos ES previstos para 2024!<\/em><\/p>\n\n\n\n<h2 class=\"wp-block-heading\" id=\"quais-os-melhores-concursos-es-previstos-para-2024\">Quais os melhores concursos ES previstos para 2024?<\/h2>\n\n\n\n<h3 class=\"wp-block-heading\">Ceasa ES<\/h3>\n\n\n\n<p>O concurso Ceasa ES (Centrais de Abastecimento do Esp\u00edrito Santo) j\u00e1 iniciou a etapa de contrata\u00e7\u00e3o da banca organizadora.<\/p>\n\n\n\n<p>A abertura de licita\u00e7\u00e3o para contrata\u00e7\u00e3o da empresa foi iniciada na \u00faltima sexta-feira, 23 de fevereiro. O prazo para as interessadas enviarem as suas propostas termina no dia 08 de mar\u00e7o de 2024.<\/p>\n\n\n\n<p>Ser\u00e3o ofertadas 35 vagas de n\u00edvel m\u00e9dio e superior, al\u00e9m de oportunidades de cadastro reserva, sendo:<\/p>\n\n\n\n<ul class=\"wp-block-list\"><li>N\u00edvel M\u00e9dio\n<ul class=\"wp-block-list\"><li>Motorista: 01 vaga + CR;<\/li>\n\n\n\n<li>Agente Operacional de Mercado: 20 vagas + CR; e<\/li>\n\n\n\n<li>Auxiliar Administrativo: 7 vagas + CR.<\/li>\n<\/ul><\/li>\n<\/ul><ul class=\"wp-block-list\"><li>N\u00edvel T\u00e9cnico\n<ul class=\"wp-block-list\"><li>T\u00e9cnico Agr\u00edcola: 1 vaga + CR;<\/li>\n\n\n\n<li>T\u00e9cnico em Inform\u00e1tica: 1 vaga + CR;<\/li>\n\n\n\n<li>T\u00e9cnico em Estat\u00edstica: 1 vaga + CR;<\/li>\n\n\n\n<li>T\u00e9cnico em Contabilidade: 1 vaga + CR; e<\/li>\n\n\n\n<li>T\u00e9cnico em Recursos Humanos (RH): 1 vaga + CR.<\/li>\n<\/ul><\/li>\n<\/ul><ul class=\"wp-block-list\"><li>N\u00edvel Superior\n<ul class=\"wp-block-list\"><li>Contador: 1 vaga + CR; e<\/li>\n\n\n\n<li>Advogado: 1 vaga + CR.<\/li>\n<\/ul><\/li>\n<\/ul><p>Os classificados receber\u00e3o sal\u00e1rios iniciais que variam de R$ 2.579,92 at\u00e9 R$ 8.186,29.<\/p>\n\n\n\n<h3 class=\"wp-block-heading\">\u00c1rea Policial e Seguran\u00e7a<\/h3>\n\n\n\n<p><strong>Concurso PM ES<\/strong><\/p>\n\n\n\n<p>A banca organizadora do\u00a0<a href=\"https:\/\/www.novaconcursos.com.br\/portal\/concursos\/pm-es-oficial\/\">concurso PM ES<\/a>\u00a0(Pol\u00edcia Militar do Estado do Espirito Santo) j\u00e1 foi contratada e o edital ser\u00e1 publicado a qualquer momento. A empresa escolhida foi o\u00a0<a href=\"https:\/\/www.idecan.org.br\/\" target=\"_blank\" rel=\"noreferrer noopener\">Idecan.<\/a><\/p>\n\n\n\n<p>Ser\u00e3o ofertadas 40 vagas\u00a0para a carreira de Oficial Combatente, que exige o n\u00edvel m\u00e9dio e oferece sal\u00e1rios inicias de R$ 3.128,91 durante o Curso de Forma\u00e7\u00e3o.<\/p>\n\n\n\n<p>Ap\u00f3s formado, o Aluno-Oficial \u00e9 promovido para o posto de Aspirante-a-Oficial, enquanto realiza o est\u00e1gio probat\u00f3rio. Nessa etapa, a remunera\u00e7\u00e3o \u00e9 de R$ 7.775,54.<\/p>\n\n\n\n<p>S\u00f3 ent\u00e3o, ele \u00e9 promovido para o posto de 2\u00ba Tenente, se tornando um Oficial, definitivamente. O sal\u00e1rio, por sua vez, ser\u00e1 de\u00a0R$ 9.108,48.<\/p>\n\n\n\n<p><strong>Concurso PC ES<\/strong><\/p>\n\n\n\n<p>Segundo informa\u00e7\u00f5es do delegado-geral da Pol\u00edcia Civil do Esp\u00edrito Santo, Jos\u00e9 Darcy Arruda, o\u00a0<a href=\"https:\/\/www.novaconcursos.com.br\/portal\/concursos\/concurso-pc-es-delegado\/\">concurso PC ES<\/a>\u00a0(Pol\u00edcia Civil do Esp\u00edrito Santo) ser\u00e1 realizado\u00a0em 2024, ap\u00f3s as adequa\u00e7\u00f5es \u00e0\u00a0Lei Org\u00e2nica Nacional, sancionada no ano passado.<\/p>\n\n\n\n<p><em>\u201cCom certeza, ano que vem, a gente vai ter concurso sim. Pode ir se preparando que vem coisa boa a\u00ed. Precisamos ter concursos\u201d,<\/em>\u00a0disse o delegado-geral.<\/p>\n\n\n\n<p>De acordo com o delegado, o grupo de trabalho (GT)\u00a0<strong>\u00a0<\/strong>para regulamenta\u00e7\u00e3o da Lei Org\u00e2nica na corpora\u00e7\u00e3o j\u00e1 foi criado e ser\u00e1 respons\u00e1vel pelos\u00a0estudos t\u00e9cnicos para a\u00a0implementa\u00e7\u00e3o\u00a0da legisla\u00e7\u00e3o.<\/p>\n\n\n\n<p>Saiba o que muda\u00a0com a <a href=\"https:\/\/www.novaconcursos.com.br\/portal\/noticias\/pc-es-cria-grupo-para-implementar-lei-organica\/\">Lei Org\u00e2nica da Pol\u00edcia Civil!<\/a><\/p>\n\n\n\n<p><strong>Concurso Guarda de Vit\u00f3ria<\/strong><\/p>\n\n\n\n<p>O concurso Guarda de Vit\u00f3ria tamb\u00e9m possui banca organizadora contratada. A empresa escolhida \u00e9 a Funda\u00e7\u00e3o Get\u00falio Vargas.<\/p>\n\n\n\n<p>Lembrando que a banca \u00e9 respons\u00e1vel por receber as inscri\u00e7\u00f5es, elaborar o edital e aplicar as etapas avaliativas, como a prova objetiva.<\/p>\n\n\n\n<p>Ser\u00e3o ofertadas 100 vagas de Guarda Municipal, que exige o n\u00edvel m\u00e9dio e oferece sal\u00e1rios inicias de R$ 3.565,02 para jornadas de trabalho de 40h semanais.<\/p>\n\n\n\n<h3 class=\"wp-block-heading\">\u00c1rea de Tribunal<\/h3>\n\n\n\n<p><strong>Concurso TRF 2<\/strong><\/p>\n\n\n\n<p>A banca organizadora do novo\u00a0<a href=\"https:\/\/www.novaconcursos.com.br\/portal\/concursos\/concurso-trf-2a-regiao-rj-e-es\/\">concurso TRF 2<\/a>\u00a0(Tribunal Regional da 2\u00aa Regi\u00e3o RJ\/ES)\u00a0foi definida, o que torna o edital iminente. A escolhida foi o\u00a0Instituto AOCP.<\/p>\n\n\n\n<p>O concurso visa\u00a0a forma\u00e7\u00e3o de um\u00a0cadastro reserva\u00a0para as carreiras de T\u00e9cnico Judici\u00e1rio e Analista Judici\u00e1rio, exig\u00eancia de n\u00edvel superior.<\/p>\n\n\n\n<p>Os aprovados ser\u00e3o convocados durante todo o prazo de validade do certame, conforme necessidade e or\u00e7amento dispon\u00edvel.<\/p>\n\n\n\n<p><strong>Concurso TSE Unificado<\/strong><\/p>\n\n\n\n<p>Em reuni\u00e3o com os membros da Federa\u00e7\u00e3o Nacional dos Trabalhadores do Judici\u00e1rio Federal e Minist\u00e9rio P\u00fablico da Uni\u00e3o (Fenajufe), realizada no dia 06 de fevereiro, o diretor-geral do TSE, Rog\u00e9rio Galloro, informou que o edital do\u00a0<a href=\"https:\/\/www.novaconcursos.com.br\/portal\/concursos\/concurso-tse\/\">concurso TSE Unificado 2024<\/a>\u00a0pode sair nos pr\u00f3ximos dias, com\u00a0520 vagas.<\/p>\n\n\n\n<p>O certame j\u00e1 possui banca organizadora contratada para o recebimento das inscri\u00e7\u00f5es e aplica\u00e7\u00e3o das etapas avaliativas, como as provas objetivas. A empresa selecionada foi o\u00a0Cebraspe.<\/p>\n\n\n\n<p>As oportunidades ser\u00e3o distribu\u00eddas entre o TSE e os 26 Tribunais Regionais Eleitorais do pa\u00eds, como o Tribunal Regional Eleitoral do Estado do Esp\u00edrito Santo. Somente o TRE do Tocantins n\u00e3o participar\u00e1 da sele\u00e7\u00e3o, pois ainda tem edital v\u00e1lido.<\/p>\n\n\n\n<p>Tira suas d\u00favidas sobre o <a href=\"https:\/\/www.novaconcursos.com.br\/portal\/artigos\/tse-unificado-2024-tire-suas-duvidas\/\">TSE Unificado 2024!<\/a><\/p>\n\n\n\n<p><strong>Concurso MP ES<\/strong><\/p>\n\n\n\n<p>Foi publicada a\u00a0<a href=\"https:\/\/www.novaconcursos.com.br\/portal\/wp-content\/uploads\/2023\/10\/comissao-mpes.jpg\" target=\"_blank\" rel=\"noreferrer noopener\">Portaria n\u00b0 806<\/a>\u00a0que institui a comiss\u00e3o respons\u00e1vel pelo pr\u00f3ximo concurso do Minist\u00e9rio P\u00fablico do Esp\u00edrito Santo.<\/p>\n\n\n\n<p>O pr\u00f3ximo passo\u00a0para a realiza\u00e7\u00e3o do certame \u00e9 a escolha e contrata\u00e7\u00e3o da banca organizadora, tornando o edital iminente.<\/p>\n\n\n\n<p>O quantitativo de vagas que ser\u00e3o ofertadas ainda n\u00e3o foi divulgado, entretanto 778 novos cargos n\u00edvel m\u00e9dio e superior foram criados no MP ES.<\/p>\n\n\n\n<h3 class=\"wp-block-heading\">\u00c1rea Legislativa <\/h3>\n\n\n\n<p><strong>Concurso ALES<\/strong><\/p>\n\n\n\n<p>A Assembleia Legislativa do Esp\u00edrito Santo (ALES) anunciou a cria\u00e7\u00e3o da carreira de\u00a0Pol\u00edcia Legislativa\u00a0atrav\u00e9s do Projeto de Lei 77\/2024, que converte o cargo de T\u00e9cnico Legislativo J\u00fanior em Agente de Pol\u00edcia Legislativa.<\/p>\n\n\n\n<p>Segundo o presidente da ALES, Marcelo Santos, essa mudan\u00e7a visa\u00a0reestruturar o quadro de pessoal\u00a0do \u00f3rg\u00e3o, proporcionando maior seguran\u00e7a para parlamentares, servidores e a popula\u00e7\u00e3o em geral.<\/p>\n\n\n\n<p>O cargo de Agente de Pol\u00edcia Legislativa manter\u00e1 a mesma estrutura remunerat\u00f3ria e o mesmo n\u00edvel de escolaridade exigido para ingresso.<\/p>\n\n\n\n<p>Lembrando que o certame j\u00e1 possui comiss\u00e3o de planejamento formada. O pr\u00f3ximo passo \u00e9 a contrata\u00e7\u00e3o da organizadora.<\/p>\n\n\n\n<p>Conhe\u00e7a os concursos que j\u00e1 est\u00e3o abertos no Brasil:\u00a0<a href=\"https:\/\/www.novaconcursos.com.br\/portal\/concursos-abertos\/\">Concursos Abertos: Mais de\u00a060 mil vagas\u00a0abertas para\u00a0todos os n\u00edveis!<\/a><\/p>\n\n\n\n<h2 class=\"wp-block-heading\" id=\"outras-oportunidades\">Outras oportunidades<\/h2>\n\n\n\n<p>Saiba quais s\u00e3o as demais oportunidades previstas no Estado do Esp\u00edrito Santo:<\/p>\n\n\n\n<h3 class=\"wp-block-heading\">Concurso SESA ES<\/h3>\n\n\n\n<p>Ao que tudo indica, o edital do novo concurso da Secretaria de Estado da Sa\u00fade do\u00a0Esp\u00edrito Santo\u00a0est\u00e1 pr\u00f3ximo.<\/p>\n\n\n\n<p>O certame j\u00e1 possui comiss\u00e3o de planejamento formada. O pr\u00f3ximo passo \u00e9 a contrata\u00e7\u00e3o da organizadora.<\/p>\n\n\n\n<p>At\u00e9 o momento,\u00a0n\u00e3o h\u00e1 informa\u00e7\u00f5es\u00a0sobre a quantidade de vagas e quais \u00e1reas ser\u00e3o contempladas com o certame.\u00a0<\/p>\n\n\n\n<h3 class=\"wp-block-heading\">Concurso Crefito 15<\/h3>\n\n\n\n<p>O\u00a0Conselho Regional de Fisioterapia e Terapia Ocupacional da 15\u00aa Regi\u00e3o\u00a0<strong>(CREFITO 15)<\/strong>, no Esp\u00edrito Santo,\u00a0ter\u00e1 edital em breve!<\/p>\n\n\n\n<p>Isso porque segundo informa\u00e7\u00f5es documento publicado no Di\u00e1rio Oficial da Uni\u00e3o, a banca organizadora do concurso j\u00e1 est\u00e1 em defini\u00e7\u00e3o. <\/p>\n\n\n\n<p>Ainda n\u00e3o h\u00e1 informa\u00e7\u00f5es\u00a0sobre a quantidade de vagas e quais \u00e1reas ser\u00e3o contempladas com o certame.<\/p>\n\n\n\n<h3 class=\"wp-block-heading\">Concurso Prodest <\/h3>\n\n\n\n<p>O concurso para o Instituto de Tecnologia da Informa\u00e7\u00e3o e Comunica\u00e7\u00e3o do\u00a0Esp\u00edrito Santo tamb\u00e9m ser\u00e1 publicado a qualquer momento.<\/p>\n\n\n\n<p>A empresa escolhida para organizar a sele\u00e7\u00e3o foi o Instituto Brasileiro de Apoio e Desenvolvimento Executivo (Ibade).<\/p>\n\n\n\n<p>Ser\u00e3o ofertadas oportunidades para a carreira de\u00a0Analista\u00a0de Tecnologia da Informa\u00e7\u00e3o, que exige o n\u00edvel superior e possui sal\u00e1rios de\u00a0R$ 7.009,29.<\/p>\n\n\n\n<h2 class=\"wp-block-heading\" id=\"estude-para-concursos-es\">Estude para concursos ES!<\/h2>\n\n\n\n<p>Se voc\u00ea gostou de uma dessas oportunidades e quer garantir a sua vaga no servi\u00e7o p\u00fablico em 2024, n\u00e3o deixe para estudar de \u00faltima hora!<\/p>\n\n\n\n<p>A Nova oferece materiais para todos os editais. S\u00e3o cursos, apostilas e mapas mentais produzidos por\u00a0professores que s\u00e3o refer\u00eancia no mercado.<\/p>\n\n\n\n<ul class=\"wp-block-list\"><li><strong>Confira: <\/strong><a href=\"https:\/\/www.novaconcursos.com.br\/curso-online\/curso-lingua-portuguesa-prof-ariane-budke?q=l%C3%ADngua%20por\">Curso Online de L\u00edngua Portuguesa \u2013 Prof\u00aa. Ariane Budke<\/a><\/li>\n<\/ul><p>J\u00e1 s\u00e3o mais de\u00a070 mil alunos\u00a0aprovados. O pr\u00f3ximo pode ser voc\u00ea!?<\/p>","protected":false},"excerpt":{"rendered":"<p>O Estado do Esp\u00edrito Santo reserva excelentes oportunidades em concurso ES para 2024, como o caso das Centrais de Abastecimento do Esp\u00edrito Santo, por exemplo, que ter\u00e1 edital publicado a qualquer momento. Ser\u00e3o oportunidades no \u00e2mbito\u00a0estadual\u00a0e\u00a0municipal, para as \u00e1reas de Seguran\u00e7a, Tribunal, Legislativa, entre outras. No ramo dos concursos, quem se antecipa, sai na frente. [&hellip;]<\/p>\n","protected":false},"author":54679,"featured_media":223458,"comment_status":"closed","ping_status":"closed","sticky":false,"template":"","format":"standard","meta":{"_acf_changed":false,"footnotes":"","_wp_rev_ctl_limit":""},"categories":[228],"tags":[],"class_list":["post-223442","post","type-post","status-publish","format-standard","has-post-thumbnail","hentry","category-noticias"],"acf":[],"_links":{"self":[{"href":"https:\/\/www.novaconcursos.com.br\/portal\/wp-json\/wp\/v2\/posts\/223442","targetHints":{"allow":["GET"]}}],"collection":[{"href":"https:\/\/www.novaconcursos.com.br\/portal\/wp-json\/wp\/v2\/posts"}],"about":[{"href":"https:\/\/www.novaconcursos.com.br\/portal\/wp-json\/wp\/v2\/types\/post"}],"author":[{"embeddable":true,"href":"https:\/\/www.novaconcursos.com.br\/portal\/wp-json\/wp\/v2\/users\/54679"}],"replies":[{"embeddable":true,"href":"https:\/\/www.novaconcursos.com.br\/portal\/wp-json\/wp\/v2\/comments?post=223442"}],"version-history":[{"count":16,"href":"https:\/\/www.novaconcursos.com.br\/portal\/wp-json\/wp\/v2\/posts\/223442\/revisions"}],"predecessor-version":[{"id":223468,"href":"https:\/\/www.novaconcursos.com.br\/portal\/wp-json\/wp\/v2\/posts\/223442\/revisions\/223468"}],"wp:featuredmedia":[{"embeddable":true,"href":"https:\/\/www.novaconcursos.com.br\/portal\/wp-json\/wp\/v2\/media\/223458"}],"wp:attachment":[{"href":"https:\/\/www.novaconcursos.com.br\/portal\/wp-json\/wp\/v2\/media?parent=223442"}],"wp:term":[{"taxonomy":"category","embeddable":true,"href":"https:\/\/www.novaconcursos.com.br\/portal\/wp-json\/wp\/v2\/categories?post=223442"},{"taxonomy":"post_tag","embeddable":true,"href":"https:\/\/www.novaconcursos.com.br\/portal\/wp-json\/wp\/v2\/tags?post=223442"}],"curies":[{"name":"wp","href":"https:\/\/api.w.org\/{rel}","templated":true}]}}