{"id":223624,"date":"2024-06-06T13:04:46","date_gmt":"2024-06-06T16:04:46","guid":{"rendered":"https:\/\/www.novaconcursos.com.br\/portal\/?p=223624"},"modified":"2024-06-06T13:05:39","modified_gmt":"2024-06-06T16:05:39","slug":"confira-o-que-cai-na-prova-pm-es-oficial-cfo-2024","status":"publish","type":"post","link":"https:\/\/www.novaconcursos.com.br\/portal\/noticias\/confira-o-que-cai-na-prova-pm-es-oficial-cfo-2024\/","title":{"rendered":"Confira o que cai na prova PM ES Oficial (CFO 2024)!"},"content":{"rendered":"<p>Quer saber <strong>o que cai na prova do <a href=\"https:\/\/www.novaconcursos.com.br\/portal\/concursos\/pm-es-oficial\/\">concurso PM ES Oficial<\/a> (CFO 2024)?<\/strong> A Pol\u00edcia Militar do Esp\u00edrito Santo tem edital publicado e j\u00e1 est\u00e1 com inscri\u00e7\u00f5es abertas para a nova sele\u00e7\u00e3o.<\/p>\n\n\n\n<p>O conte\u00fado program\u00e1tico visa facilitar os estudos dos candidatos que j\u00e1 est\u00e3o se preparando para o concurso PM ES. <\/p>\n\n\n\n<p>O certame oferta 40 vagas para o cargo de\u00a0Oficial Combatente, que exige o n\u00edvel m\u00e9dio. Confira<em> o que cai na prova PM ES Oficial (CFO 2024)!<\/em><\/p>\n\n\n\n<h2 class=\"wp-block-heading\" id=\"o-que-cai-na-prova-pm-es-oficial\">O que cai na prova PM ES Oficial?<\/h2>\n\n\n\n<p>Segundo o edital PM ES 2024 ser\u00e3o cobrados\u00a0os\u00a0seguintes conte\u00fados:<\/p>\n\n\n\n<h3 class=\"wp-block-heading\">Conhecimentos b\u00e1sicos<\/h3>\n\n\n\n<h4 class=\"wp-block-heading\">L\u00edngua Portuguesa<\/h4>\n\n\n\n<ul class=\"wp-block-list\"><li>Compreens\u00e3o, interpreta\u00e7\u00e3o e infer\u00eancias de textos;<\/li>\n\n\n\n<li>Tipologia e G\u00eaneros textuais;<\/li>\n\n\n\n<li>Varia\u00e7\u00e3o Lingu\u00edstica;<\/li>\n\n\n\n<li>O processo de comunica\u00e7\u00e3o e as fun\u00e7\u00f5es da linguagem;<\/li>\n\n\n\n<li>Rela\u00e7\u00f5es sem\u00e2ntico lexicais, como met\u00e1fora, meton\u00edmia, anton\u00edmia, sinon\u00edmia, hiperon\u00edmia, hipon\u00edmia, reitera\u00e7\u00e3o, compara\u00e7\u00e3o, redund\u00e2ncia e outras;<\/li>\n\n\n\n<li>Norma ortogr\u00e1fica;<\/li>\n\n\n\n<li>Morfossintaxe das classes de palavras: substantivo, adjetivo, artigo, pronome, adv\u00e9rbio, preposi\u00e7\u00e3o, conjun\u00e7\u00e3o, interjei\u00e7\u00e3o, numeral e os seus respectivos empregos;<\/li>\n\n\n\n<li>Verbo;<\/li>\n\n\n\n<li>Concord\u00e2ncia verbal e nominal;<\/li>\n\n\n\n<li>Reg\u00eancia nominal e verbal;<\/li>\n\n\n\n<li>Coes\u00e3o e Coer\u00eancia textuais.;<\/li>\n\n\n\n<li>Sintaxe: rela\u00e7\u00f5es sint\u00e1tico-sem\u00e2nticas estabelecidas entre ora\u00e7\u00f5es, per\u00edodos ou par\u00e1grafos (per\u00edodo simples e per\u00edodo composto por coordena\u00e7\u00e3o e subordina\u00e7\u00e3o);<\/li>\n\n\n\n<li>Pontua\u00e7\u00e3o;<\/li>\n\n\n\n<li>Fun\u00e7\u00f5es do \u201cque\u201d e do \u201cse\u201d;<\/li>\n\n\n\n<li>Fon\u00e9tica e Fonologia: som e fonema, encontros voc\u00e1licos e consonantais e d\u00edgrafos;<\/li>\n\n\n\n<li>Forma\u00e7\u00e3o de palavras; e<\/li>\n\n\n\n<li>Uso da Crase.<\/li>\n<\/ul><h4 class=\"wp-block-heading\">Racioc\u00ednio L\u00f3gico<\/h4>\n\n\n\n<ul class=\"wp-block-list\"><li>Proposi\u00e7\u00f5es L\u00f3gicas: Compreens\u00e3o de proposi\u00e7\u00f5es simples e compostas, identifica\u00e7\u00e3o de conectivos l\u00f3gicos (e, ou, n\u00e3o), e an\u00e1lise de sua veracidade;<\/li>\n\n\n\n<li>Tabelas Verdade: Constru\u00e7\u00e3o de tabelas verdade para determinar a veracidade de proposi\u00e7\u00f5es compostas, utilizando os diferentes conectivos l\u00f3gicos;<\/li>\n\n\n\n<li>Argumenta\u00e7\u00e3o L\u00f3gica: Identifica\u00e7\u00e3o de argumentos v\u00e1lidos e inv\u00e1lidos, e reconhecimento de fal\u00e1cias l\u00f3gicas em racioc\u00ednios;<\/li>\n\n\n\n<li>Sequ\u00eancias L\u00f3gicas: Resolu\u00e7\u00e3o de problemas envolvendo padr\u00f5es num\u00e9ricos, alfab\u00e9ticos ou de figuras, identificando a l\u00f3gica subjacente;<\/li>\n\n\n\n<li>Diagramas L\u00f3gicos: Utiliza\u00e7\u00e3o de diagramas de Venn para representar rela\u00e7\u00f5es entre conjuntos e resolver problemas de inclus\u00e3o e exclus\u00e3o;<\/li>\n\n\n\n<li>Racioc\u00ednio Dedutivo e Indutivo: Pr\u00e1tica na resolu\u00e7\u00e3o de problemas baseados em racioc\u00ednio dedutivo (partindo de uma regra geral para uma conclus\u00e3o espec\u00edfica) e racioc\u00ednio indutivo (generalizando a partir de casos espec\u00edficos).<\/li>\n<\/ul><h4 class=\"wp-block-heading\">Matem\u00e1tica<\/h4>\n\n\n\n<ul class=\"wp-block-list\"><li>Aritm\u00e9tica: Opera\u00e7\u00f5es b\u00e1sicas (adi\u00e7\u00e3o, subtra\u00e7\u00e3o, multiplica\u00e7\u00e3o, divis\u00e3o), propriedades dos n\u00fameros, fra\u00e7\u00f5es, decimais, porcentagens, raz\u00f5es e propor\u00e7\u00f5es;<\/li>\n\n\n\n<li>\u00c1lgebra: Resolu\u00e7\u00e3o de equa\u00e7\u00f5es e inequa\u00e7\u00f5es, simplifica\u00e7\u00e3o de express\u00f5es alg\u00e9bricas, fatora\u00e7\u00e3o, identidades alg\u00e9bricas, sistemas de equa\u00e7\u00f5es lineares;<\/li>\n\n\n\n<li>Geometria: Conceitos geom\u00e9tricos b\u00e1sicos (pontos, retas, planos), medidas de \u00e2ngulos, per\u00edmetros e \u00e1reas de figuras planas, volumes de s\u00f3lidos geom\u00e9tricos;<\/li>\n\n\n\n<li>Trigonometria: Aplica\u00e7\u00f5es de seno, cosseno e tangente, identidades trigonom\u00e9tricas, resolu\u00e7\u00e3o de tri\u00e2ngulos e problemas envolvendo medidas de \u00e2ngulos;<\/li>\n\n\n\n<li>Probabilidade e Estat\u00edstica: Conceitos de probabilidade, eventos, c\u00e1lculo de m\u00e9dias, medianas, moda, desvio padr\u00e3o, interpreta\u00e7\u00e3o de gr\u00e1ficos e tabelas;<\/li>\n\n\n\n<li>Matem\u00e1tica Financeira: C\u00e1lculos de juros simples e compostos, descontos, taxas de porcentagem, amortiza\u00e7\u00f5es, s\u00e9ries uniformes e planos de financiamento;<\/li>\n\n\n\n<li>Racioc\u00ednio Matem\u00e1tico: Resolu\u00e7\u00e3o de problemas que requerem an\u00e1lise l\u00f3gica, interpreta\u00e7\u00e3o de enunciados e aplica\u00e7\u00e3o de conceitos matem\u00e1ticos para encontrar solu\u00e7\u00f5es.<\/li>\n<\/ul><h4 class=\"wp-block-heading\">Geografia Geral<\/h4>\n\n\n\n<ul class=\"wp-block-list\"><li>A rela\u00e7\u00e3o entre movimentos da Terra e a organiza\u00e7\u00e3o do espa\u00e7o geogr\u00e1fico;<\/li>\n\n\n\n<li>As paisagens mundiais;<\/li>\n\n\n\n<li>A din\u00e2mica da Litosfera;<\/li>\n\n\n\n<li>Continentes e oceanos; Relevo terrestre;<\/li>\n\n\n\n<li>Minerais e rochas;<\/li>\n\n\n\n<li>Solos: pr\u00e1ticas de manejo e conserva\u00e7\u00e3o.<\/li>\n<\/ul><h4 class=\"wp-block-heading\">Geografia do Brasil<\/h4>\n\n\n\n<ul class=\"wp-block-list\"><li>Regi\u00f5es brasileiras, marcas do Brasil em todos os cantos. Divis\u00e3o Pol\u00edtico-Administrativa do Brasil;<\/li>\n\n\n\n<li>Clima e Biomas Brasileiros;<\/li>\n\n\n\n<li>Relevo Brasileiro;<\/li>\n\n\n\n<li>Hidrografia do Brasil;<\/li>\n\n\n\n<li>Aspectos Econ\u00f4micos e Sociais;<\/li>\n\n\n\n<li>Problemas Ambientais e Conserva\u00e7\u00e3o;<\/li>\n\n\n\n<li>Quest\u00f5es Atuais e Geopol\u00edtica;<\/li>\n<\/ul><h4 class=\"wp-block-heading\">Geografia do Esp\u00edrito Santo<\/h4>\n\n\n\n<ul class=\"wp-block-list\"><li>Localiza\u00e7\u00e3o e Divis\u00e3o Territorial: Estudo da localiza\u00e7\u00e3o do Esp\u00edrito Santo no contexto do Brasil e sua divis\u00e3o em regi\u00f5es, munic\u00edpios e microrregi\u00f5es;<\/li>\n\n\n\n<li>Relevo e Geomorfologia: Compreens\u00e3o das caracter\u00edsticas do relevo capixaba, incluindo as serras, planaltos, plan\u00edcies costeiras e sua influ\u00eancia na ocupa\u00e7\u00e3o humana e na economia do estado;<\/li>\n\n\n\n<li>Clima e Vegeta\u00e7\u00e3o: An\u00e1lise do clima e dos tipos de vegeta\u00e7\u00e3o presentes no Esp\u00edrito Santo, como a Mata Atl\u00e2ntica, os manguezais e as restingas, destacando suas caracter\u00edsticas e import\u00e2ncia ambiental;<\/li>\n\n\n\n<li>Recursos H\u00eddricos: Estudo dos principais rios, bacias hidrogr\u00e1ficas, lagoas e represas do Esp\u00edrito Santo, bem como quest\u00f5es relacionadas \u00e0 gest\u00e3o dos recursos h\u00eddricos e \u00e0 preserva\u00e7\u00e3o dos mananciais;<\/li>\n\n\n\n<li>Aspectos Econ\u00f4micos e Sociais: Conhecimento sobre a economia capixaba, incluindo setores como agricultura, pecu\u00e1ria, ind\u00fastria, com\u00e9rcio e servi\u00e7os, bem como indicadores sociais, como popula\u00e7\u00e3o, educa\u00e7\u00e3o, sa\u00fade e distribui\u00e7\u00e3o de renda;<\/li>\n\n\n\n<li>Infraestrutura e Transportes: Estudo da infraestrutura de transporte do Esp\u00edrito Santo, incluindo portos, aeroportos, rodovias e ferrovias, e sua import\u00e2ncia para o desenvolvimento econ\u00f4mico e a integra\u00e7\u00e3o regional;<\/li>\n\n\n\n<li>Turismo e Patrim\u00f4nio Cultural: Compreens\u00e3o do potencial tur\u00edstico do Esp\u00edrito Santo, incluindo suas praias, patrim\u00f4nio hist\u00f3rico, cultural e natural, bem como iniciativas de preserva\u00e7\u00e3o e promo\u00e7\u00e3o do turismo sustent\u00e1vel;<\/li>\n\n\n\n<li>Quest\u00f5es Ambientais e Sustentabilidade: An\u00e1lise dos principais problemas ambientais enfrentados pelo Esp\u00edrito Santo, como desmatamento, polui\u00e7\u00e3o h\u00eddrica e do ar, eros\u00e3o costeira, e pol\u00edticas de conserva\u00e7\u00e3o e desenvolvimento sustent\u00e1vel.<\/li>\n<\/ul><h4 class=\"wp-block-heading\">Hist\u00f3ria do Brasil<\/h4>\n\n\n\n<ul class=\"wp-block-list\"><li>Hist\u00f3ria do Brasil Colonial: Conhecimento sobre o per\u00edodo colonial brasileiro, desde a chegada dos portugueses em 1500 at\u00e9 a independ\u00eancia do Brasil em 1822, abordando quest\u00f5es como coloniza\u00e7\u00e3o, explora\u00e7\u00e3o econ\u00f4mica, sociedade colonial e resist\u00eancias ind\u00edgenas e escravas;<\/li>\n\n\n\n<li>Hist\u00f3ria do Brasil Imp\u00e9rio: Estudo do per\u00edodo imperial brasileiro, abrangendo o Primeiro Reinado, o Per\u00edodo Regencial e o Segundo Reinado, incluindo quest\u00f5es pol\u00edticas, econ\u00f4micas, sociais e culturais;<\/li>\n\n\n\n<li>Hist\u00f3ria do Brasil Rep\u00fablica: An\u00e1lise dos principais momentos da hist\u00f3ria republicana brasileira, incluindo Rep\u00fablica Velha, Era Vargas, Ditadura Militar, redemocratiza\u00e7\u00e3o e os governos contempor\u00e2neos;<\/li>\n\n\n\n<li>Hist\u00f3ria das Rela\u00e7\u00f5es Internacionais: Compreens\u00e3o dos principais eventos e processos das rela\u00e7\u00f5es internacionais, como guerras, alian\u00e7as, tratados e organiza\u00e7\u00f5es internacionais ao longo da hist\u00f3ria;<\/li>\n\n\n\n<li>Movimentos Sociais e Culturais: Estudo dos movimentos sociais e culturais que marcaram a hist\u00f3ria mundial e brasileira, como movimentos oper\u00e1rios, feministas, negros, ind\u00edgenas, ambientalistas e culturais;<\/li>\n\n\n\n<li>Hist\u00f3ria Econ\u00f4mica e Social: Conhecimento sobre a hist\u00f3ria econ\u00f4mica e social, incluindo processos de industrializa\u00e7\u00e3o, urbaniza\u00e7\u00e3o, migra\u00e7\u00f5es, classes sociais, desigualdades, movimentos sociais e pol\u00edticas p\u00fablicas.<\/li>\n<\/ul><h4 class=\"wp-block-heading\">Hist\u00f3ria do Esp\u00edrito Santo<\/h4>\n\n\n\n<ul class=\"wp-block-list\"><li>Coloniza\u00e7\u00e3o e Povoamento: Estudo sobre os primeiros habitantes do territ\u00f3rio capixaba, incluindo os povos ind\u00edgenas que habitavam a regi\u00e3o antes da chegada dos colonizadores europeus;<\/li>\n\n\n\n<li>Abordagem sobre o processo de coloniza\u00e7\u00e3o portuguesa, as capitanias heredit\u00e1rias e a funda\u00e7\u00e3o das primeiras vilas e cidades no Esp\u00edrito Santo;<\/li>\n\n\n\n<li>Ciclo do Ouro e Ciclo do Caf\u00e9: An\u00e1lise dos per\u00edodos de explora\u00e7\u00e3o do ouro e da produ\u00e7\u00e3o de caf\u00e9 no Esp\u00edrito Santo, destacando os principais eventos, personagens e impactos econ\u00f4micos, sociais e culturais desses ciclos na hist\u00f3ria do estado;<\/li>\n\n\n\n<li>Per\u00edodo Imperial e Rep\u00fablica Velha: Estudo sobre a participa\u00e7\u00e3o do Esp\u00edrito Santo nos movimentos pol\u00edticos e sociais do per\u00edodo imperial e da Rep\u00fablica Velha, incluindo a aboli\u00e7\u00e3o da escravid\u00e3o, a proclama\u00e7\u00e3o da Rep\u00fablica, a pol\u00edtica cafeicultora e os conflitos pol\u00edticos regionais;<\/li>\n\n\n\n<li>Era Vargas e Ditadura Militar: Compreens\u00e3o dos principais acontecimentos pol\u00edticos, econ\u00f4micos e sociais durante os per\u00edodos do governo de Get\u00falio Vargas e da Ditadura Militar no Brasil, e como esses eventos afetaram o Esp\u00edrito Santo;<\/li>\n\n\n\n<li>Desenvolvimento Econ\u00f4mico e Social: Estudo dos processos de industrializa\u00e7\u00e3o, urbaniza\u00e7\u00e3o e moderniza\u00e7\u00e3o econ\u00f4mica do Esp\u00edrito Santo ao longo do s\u00e9culo XX, incluindo a diversifica\u00e7\u00e3o da economia, a implanta\u00e7\u00e3o de infraestrutura e a expans\u00e3o do mercado consumidor;<\/li>\n\n\n\n<li>Movimentos Sociais e Culturais: An\u00e1lise dos movimentos sociais e culturais que marcaram a hist\u00f3ria do Esp\u00edrito Santo, como movimentos sociais de trabalhadores, movimentos ambientalistas, movimentos culturais e manifesta\u00e7\u00f5es art\u00edsticas locais;<\/li>\n\n\n\n<li>Pol\u00edtica e Governan\u00e7a: Conhecimento sobre a organiza\u00e7\u00e3o pol\u00edtica e administrativa do Esp\u00edrito Santo, incluindo a estrutura do governo estadual, as institui\u00e7\u00f5es pol\u00edticas e as principais lideran\u00e7as pol\u00edticas do estado ao longo da hist\u00f3ria;<\/li>\n\n\n\n<li>Mem\u00f3ria e Patrim\u00f4nio: Estudo da preserva\u00e7\u00e3o da mem\u00f3ria hist\u00f3rica e do patrim\u00f4nio cultural do Esp\u00edrito Santo, incluindo o papel de museus, arquivos, monumentos e outras institui\u00e7\u00f5es na preserva\u00e7\u00e3o e divulga\u00e7\u00e3o da hist\u00f3ria local.<\/li>\n<\/ul><h4 class=\"wp-block-heading\">Inform\u00e1tica<\/h4>\n\n\n\n<ul class=\"wp-block-list\"><li>Conceito de internet e intranet;<\/li>\n\n\n\n<li>Conceitos e modos de utiliza\u00e7\u00e3o de tecnologias, ferramentas, aplicativos e procedimentos associados \u00e0 internet\/intranet;<\/li>\n\n\n\n<li>Ferramentas e aplicativos comerciais de navega\u00e7\u00e3o, de correio eletr\u00f4nico, de grupos de discuss\u00e3o, de busca, de pesquisae de redes sociais;<\/li>\n\n\n\n<li>No\u00e7\u00f5es de sistema operacional (ambiente Linux e Windows);<\/li>\n\n\n\n<li>Acesso \u00e0 dist\u00e2ncia a computadores, transfer\u00eancia de informa\u00e7\u00e3o e arquivos, aplicativos de \u00e1udio, v\u00eddeo e multim\u00eddia;<\/li>\n\n\n\n<li>Edi\u00e7\u00e3o de textos, planilhas e apresenta\u00e7\u00f5es (ambientes Microsoft Office e LibreOffice);<\/li>\n\n\n\n<li>Redes de computadores;<\/li>\n\n\n\n<li>Conceitos de prote\u00e7\u00e3o e seguran\u00e7a;<\/li>\n\n\n\n<li>No\u00e7\u00f5es de v\u00edrus, worms e pragas virtuais;<\/li>\n\n\n\n<li>Aplicativos para seguran\u00e7a (antiv\u00edrus, firewall, anti-spyware etc.);<\/li>\n\n\n\n<li>Computa\u00e7\u00e3o na nuvem (cloud computing);<\/li>\n\n\n\n<li>Fundamentos da Teoria Geral de Sistemas;<\/li>\n\n\n\n<li>Sistemas de informa\u00e7\u00e3o;<\/li>\n\n\n\n<li>Fases e etapas de sistema de informa\u00e7\u00e3o;<\/li>\n\n\n\n<li>Teoria da informa\u00e7\u00e3o;<\/li>\n\n\n\n<li>Conceitos de informa\u00e7\u00e3o, dados, representa\u00e7\u00e3o de dados, de conhecimentos, seguran\u00e7a e intelig\u00eancia;<\/li>\n\n\n\n<li>Banco de dados;<\/li>\n\n\n\n<li>Base de dados, documenta\u00e7\u00e3o e prototipa\u00e7\u00e3o;<\/li>\n\n\n\n<li>Modelagem conceitual: abstra\u00e7\u00e3o, modelo entidade-relacionamento, an\u00e1lise funcional e administra\u00e7\u00e3o de dados;<\/li>\n\n\n\n<li>Dados estruturados e n\u00e3o estruturados;<\/li>\n\n\n\n<li>Banco de dados relacionais: conceitos b\u00e1sicos e caracter\u00edsticas;<\/li>\n\n\n\n<li>Chaves e relacionamentos;<\/li>\n\n\n\n<li>No\u00e7\u00f5es de minera\u00e7\u00e3o de dados: conceitua\u00e7\u00e3o e caracter\u00edsticas;<\/li>\n\n\n\n<li>No\u00e7\u00f5es de aprendizado de m\u00e1quina;<\/li>\n\n\n\n<li>No\u00e7\u00f5es de big data: conceito, premissas e aplica\u00e7\u00e3o;<\/li>\n\n\n\n<li>Redes de comunica\u00e7\u00e3o;<\/li>\n\n\n\n<li>Introdu\u00e7\u00e3o a redes(computa\u00e7\u00e3o\/telecomunica\u00e7\u00f5es);<\/li>\n\n\n\n<li>Camada f\u00edsica, de enlace de dados e subcamada de acesso ao meio;<\/li>\n\n\n\n<li>No\u00e7\u00f5es b\u00e1sicas de transmiss\u00e3o de dados: tipos de enlace, c\u00f3digos, modos e meios de transmiss\u00e3o;<\/li>\n\n\n\n<li>Redes de computadores: locais, metropolitanas e de longa dist\u00e2ncia;<\/li>\n\n\n\n<li>Terminologia e aplica\u00e7\u00f5es, topologias, modelos de arquitetura (OSI\/ISO e TCP\/IP) e protocolos;<\/li>\n\n\n\n<li>Interconex\u00e3o de redes, n\u00edvel de transporte;<\/li>\n\n\n\n<li>No\u00e7\u00f5es de programa\u00e7\u00e3o Python e R. API (application programming interface);<\/li>\n\n\n\n<li>Metadados de arquivos.<\/li>\n<\/ul><p><\/p>\n\n\n\n<p><\/p>\n\n\n\n<ul class=\"wp-block-list\"><li><strong>Confira:<\/strong>\u00a0<a href=\"https:\/\/www.novaconcursos.com.br\/curso-online\/pm-es-soldado?promo_creative=Curso+Online+PM+ES+%E2%80%93+Soldado+Combatente&amp;promo_name=noticia&amp;promo_id=%2Fportal%2Fnoticias%2Fconcurso-pm-es-iminente-banca-contratada&amp;promo_position=corpo-texto\">Curso Online PM ES \u2013 Soldado Combatente<\/a><\/li>\n\n\n\n<li><strong>Confira:\u00a0<\/strong><a href=\"https:\/\/www.novaconcursos.com.br\/apostila\/pm-es-soldado?promo_creative=Apostila+PM+ES+%E2%80%93+Soldado&amp;promo_name=noticia&amp;promo_id=%2Fportal%2Fnoticias%2Fconcurso-pm-es-iminente-banca-contratada&amp;promo_position=corpo-texto\">Apostila PM ES \u2013 Soldado<\/a><\/li>\n<\/ul><p>Estude para o concurso dos seus sonhos com o\u00a0M\u00e9todo que j\u00e1 ajudou na\u00a0aprova\u00e7\u00e3o de mais de 70 mil alunos!\u00a0<a href=\"https:\/\/aprovacao.novaconcursos.com.br\/assinatura?promo_creative=Clique+aqui&amp;promo_name=noticia&amp;promo_id=%2Fportal%2Fnoticias%2Fconcurso-pm-es-iminente-banca-contratada&amp;promo_position=corpo-texto\" target=\"_blank\" rel=\"noreferrer noopener\">Clique aqui<\/a>\u00a0e saiba mais!<\/p>\n\n\n\n<h3 class=\"wp-block-heading\">Conhecimentos espec\u00edficos<\/h3>\n\n\n\n<h4 class=\"wp-block-heading\">No\u00e7\u00f5es de Direito Administrativo<\/h4>\n\n\n\n<ul class=\"wp-block-list\"><li>Estado, governo e administra\u00e7\u00e3o p\u00fablica. Conceitos. Elementos;<\/li>\n\n\n\n<li>Direito administrativo. Conceito. Objeto. Fontes;<\/li>\n\n\n\n<li>Ato administrativo. Conceito, requisitos, atributos, classifica\u00e7\u00e3o e esp\u00e9cies;<\/li>\n\n\n\n<li>Extin\u00e7\u00e3o do ato administrativo: cassa\u00e7\u00e3o, anula\u00e7\u00e3o, revoga\u00e7\u00e3o e convalida\u00e7\u00e3o;<\/li>\n\n\n\n<li>Decad\u00eancia administrativa;<\/li>\n\n\n\n<li>Poderes da administra\u00e7\u00e3o p\u00fablica;<\/li>\n\n\n\n<li>Hier\u00e1rquico, disciplinar, regulamentar e de pol\u00edcia;<\/li>\n\n\n\n<li>Uso e abuso do poder;<\/li>\n\n\n\n<li>Regime jur\u00eddico-administrativo. Conceito. Princ\u00edpios expressos e impl\u00edcitos da administra\u00e7\u00e3o p\u00fablica;<\/li>\n\n\n\n<li>Responsabilidade civil do Estado. Evolu\u00e7\u00e3o hist\u00f3rica;<\/li>\n\n\n\n<li>Responsabilidade civil do Estado no direito brasileiro;<\/li>\n\n\n\n<li>Responsabilidade por ato comissivo do Estado;<\/li>\n\n\n\n<li>Responsabilidade por omiss\u00e3o do Estado;<\/li>\n\n\n\n<li>Requisitos para a demonstra\u00e7\u00e3o da responsabilidade do Estado;<\/li>\n\n\n\n<li>Causas excludentes e atenuantes da responsabilidade do Estado;<\/li>\n\n\n\n<li>Repara\u00e7\u00e3o do dano;<\/li>\n\n\n\n<li>Direito de regresso. Servi\u00e7os p\u00fablicos. Conceito. Elementos constitutivos;<\/li>\n\n\n\n<li>Formas de presta\u00e7\u00e3o e meios de execu\u00e7\u00e3o;<\/li>\n\n\n\n<li>Delega\u00e7\u00e3o: concess\u00e3o, permiss\u00e3o e autoriza\u00e7\u00e3o. Classifica\u00e7\u00e3o. Princ\u00edpios;<\/li>\n\n\n\n<li>Organiza\u00e7\u00e3o administrativa. Centraliza\u00e7\u00e3o, descentraliza\u00e7\u00e3o, concentra\u00e7\u00e3o e desconcentra\u00e7\u00e3o;<\/li>\n\n\n\n<li>Administra\u00e7\u00e3o direta e indireta;<\/li>\n\n\n\n<li>Autarquias, funda\u00e7\u00f5es, empresas p\u00fablicas e sociedades de economia mista;<\/li>\n\n\n\n<li>Entidades paraestatais e terceiro setor: servi\u00e7os sociais aut\u00f4nomos, entidades de apoio, organiza\u00e7\u00f5es sociais, organiza\u00e7\u00f5es da sociedade civil de interesse p\u00fablico;<\/li>\n\n\n\n<li>Controle da administra\u00e7\u00e3o p\u00fablica;<\/li>\n\n\n\n<li>Controle exercido pela administra\u00e7\u00e3o p\u00fablica;<\/li>\n\n\n\n<li>Controle judicial. Controle legislativo;<\/li>\n\n\n\n<li>Improbidade administrativa: Lei n\u00ba 8.429\/1992;<\/li>\n\n\n\n<li>Licita\u00e7\u00f5es e contratos administrativos;<\/li>\n\n\n\n<li>Legisla\u00e7\u00e3o pertinente;<\/li>\n\n\n\n<li>Lei n\u00ba 14.133\/2021 e demais disposi\u00e7\u00f5es normativas;<\/li>\n\n\n\n<li>Interven\u00e7\u00e3o do Estado na Propriedade e Atua\u00e7\u00e3o no Dom\u00ednio Econ\u00f4mico: Desapropria\u00e7\u00e3o, Requisi\u00e7\u00e3o, Servid\u00e3o administrativa, Ocupa\u00e7\u00e3o tempor\u00e1ria e Tombamento;<\/li>\n\n\n\n<li>Responsabilidade Civil da Administra\u00e7\u00e3o P\u00fablica: Conceito de responsabilidade civil;<\/li>\n\n\n\n<li>Teoria do risco administrativo;<\/li>\n\n\n\n<li>Dano: conceito e tipos;<\/li>\n\n\n\n<li>Exclus\u00e3o da responsabilidade; Repara\u00e7\u00e3o do dano: a\u00e7\u00e3o regressiva.<\/li>\n<\/ul><h4 class=\"wp-block-heading\">No\u00e7\u00f5es de Direito Constitucional<\/h4>\n\n\n\n<ul class=\"wp-block-list\"><li>Constitui\u00e7\u00e3o da Rep\u00fablica Federativa do Brasil de 1988;<\/li>\n\n\n\n<li>Princ\u00edpios fundamentais;<\/li>\n\n\n\n<li>Poderes Constituintes Origin\u00e1rio, Derivado e Decorrente;<\/li>\n\n\n\n<li>Aplicabilidade das normas constitucionais;<\/li>\n\n\n\n<li>Normas de efic\u00e1cia plena, contida e limitada;<\/li>\n\n\n\n<li>Normas program\u00e1ticas;<\/li>\n\n\n\n<li>Direitos e garantias fundamentais;<\/li>\n\n\n\n<li>Direitos e deveres individuais e coletivos, direitos sociais, direitos de nacionalidade, direitos pol\u00edticos, partidos pol\u00edticos;<\/li>\n\n\n\n<li>Rem\u00e9dios Constitucionais;<\/li>\n\n\n\n<li>Organiza\u00e7\u00e3o pol\u00edtico-administrativa do Estado;<\/li>\n\n\n\n<li>Estado federal brasileiro, Uni\u00e3o, estados, Distrito Federal, munic\u00edpios e territ\u00f3rios;<\/li>\n\n\n\n<li>Administra\u00e7\u00e3o p\u00fablica;<\/li>\n\n\n\n<li>Disposi\u00e7\u00f5es gerais, servidores p\u00fablicos;<\/li>\n\n\n\n<li>Poder executivo;<\/li>\n\n\n\n<li>Atribui\u00e7\u00f5es e responsabilidades do presidente da Rep\u00fablica;<\/li>\n\n\n\n<li>Poder legislativo;<\/li>\n\n\n\n<li>Estrutura;<\/li>\n\n\n\n<li>Funcionamento e atribui\u00e7\u00f5es;<\/li>\n\n\n\n<li>Processo legislativo;<\/li>\n\n\n\n<li>Fiscaliza\u00e7\u00e3o cont\u00e1bil, financeira e or\u00e7ament\u00e1ria;<\/li>\n\n\n\n<li>Comiss\u00f5es parlamentares de inqu\u00e9rito;<\/li>\n\n\n\n<li>Poder judici\u00e1rio;<\/li>\n\n\n\n<li>Disposi\u00e7\u00f5es gerais;<\/li>\n\n\n\n<li>\u00d3rg\u00e3os do poder judici\u00e1rio;<\/li>\n\n\n\n<li>Organiza\u00e7\u00e3o e compet\u00eancias, Conselho Nacional de Justi\u00e7a;<\/li>\n\n\n\n<li>A\u00e7\u00f5es constitucionais: Habeas Corpus;<\/li>\n\n\n\n<li>Habeas Data;<\/li>\n\n\n\n<li>Mandado de Seguran\u00e7a;<\/li>\n\n\n\n<li>Mandado de Injun\u00e7\u00e3o;<\/li>\n\n\n\n<li>A\u00e7\u00e3o Popular;<\/li>\n\n\n\n<li>A\u00e7\u00e3o Civil P\u00fablica;<\/li>\n\n\n\n<li>Composi\u00e7\u00e3o e compet\u00eancias;<\/li>\n\n\n\n<li>Fun\u00e7\u00f5es essenciais \u00e0 justi\u00e7a;<\/li>\n\n\n\n<li>Minist\u00e9rio P\u00fablico, Advocacia P\u00fablica;<\/li>\n\n\n\n<li>Defensoria P\u00fablica;<\/li>\n\n\n\n<li>Da Defesa do Estado e das Institui\u00e7\u00f5es Democr\u00e1ticas.<\/li>\n<\/ul><h2 class=\"wp-block-heading\" id=\"quais-as-etapas-avaliativas-do-concurso-pm-es\">Quais as etapas avaliativas do concurso PM ES?<\/h2>\n\n\n\n<p>Os candidatos ser\u00e3o avaliados por meio de oito etapas de sele\u00e7\u00e3o, sendo a primeira composta pelas fases de Prova objetiva e prova discursiva, de car\u00e1ter eliminat\u00f3rio e classificat\u00f3rio; Aferi\u00e7\u00e3o de Idade e Procedimentos de heteroidentifica\u00e7\u00e3o, de car\u00e1ter eliminat\u00f3rio.<\/p>\n\n\n\n<p>A partir da segunda at\u00e9 a s\u00e9tima etapa o car\u00e1ter \u00e9 eliminat\u00f3rio e seguem a respectiva ordem: Exame de Aptid\u00e3o F\u00edsica, Exame de Avalia\u00e7\u00e3o Psicol\u00f3gica, Investiga\u00e7\u00e3o Social, Exame de Sa\u00fade, Entrega de documenta\u00e7\u00e3o e Classifica\u00e7\u00e3o para Fins de Matr\u00edcula no Curso de Forma\u00e7\u00e3o.<\/p>\n\n\n\n<p>Por fim, a \u00faltima etapa \u00e9 o Curso de Forma\u00e7\u00e3o de Oficiais, de car\u00e1ter eliminat\u00f3rio e classificat\u00f3rio.<\/p>\n\n\n\n<p>Aten\u00e7\u00e3o! As provas objetiva e discursiva ser\u00e3o aplicadas, simultaneamente, no dia\u00a0<strong>15 de setembro de 2024<\/strong>.<\/p>\n\n\n\n<p><a href=\"https:\/\/www.novaconcursos.com.br\/portal\/noticias\/saiba-quanto-ganha-oficial-pm-es\/\">Clique aqui e saiba quanto ganha um Oficial da PM ES (CFO)!<\/a><\/p>\n\n\n\n<p>A prova objetiva ser\u00e1 composta por\u00a080 quest\u00f5es\u00a0de m\u00faltipla escolha, distribu\u00eddas entre conhecimentos gerais (L\u00edngua Portuguesa, Racioc\u00ednio L\u00f3gico e Matem\u00e1tico, Geografia Geral do Brasil e do Esp\u00edrito Santo, Hist\u00f3ria do Brasil e do Esp\u00edrito Santo e Inform\u00e1tica) e conhecimentos espec\u00edficos (No\u00e7\u00f5es de Direito Administrativo e Constitucional)<\/p>\n\n\n\n<p>Tem interesse em ingressar na carreira p\u00fablica? Confira todos os\u00a0<a href=\"https:\/\/www.novaconcursos.com.br\/portal\/concursos-abertos\/es\/\">concursos abertos no Esp\u00edrito Santo<\/a>!<\/p>\n\n\n\n<p><strong>Fiquem ligados no nosso blog para as pr\u00f3ximas not\u00edcias sobre o concurso PM ES!<\/strong><\/p>","protected":false},"excerpt":{"rendered":"<p>Quer saber o que cai na prova do concurso PM ES Oficial (CFO 2024)? A Pol\u00edcia Militar do Esp\u00edrito Santo tem edital publicado e j\u00e1 est\u00e1 com inscri\u00e7\u00f5es abertas para a nova sele\u00e7\u00e3o. O conte\u00fado program\u00e1tico visa facilitar os estudos dos candidatos que j\u00e1 est\u00e3o se preparando para o concurso PM ES. O certame oferta [&hellip;]<\/p>\n","protected":false},"author":54687,"featured_media":223629,"comment_status":"closed","ping_status":"closed","sticky":false,"template":"","format":"standard","meta":{"_acf_changed":false,"footnotes":"","_wp_rev_ctl_limit":""},"categories":[228],"tags":[],"class_list":["post-223624","post","type-post","status-publish","format-standard","has-post-thumbnail","hentry","category-noticias"],"acf":[],"_links":{"self":[{"href":"https:\/\/www.novaconcursos.com.br\/portal\/wp-json\/wp\/v2\/posts\/223624","targetHints":{"allow":["GET"]}}],"collection":[{"href":"https:\/\/www.novaconcursos.com.br\/portal\/wp-json\/wp\/v2\/posts"}],"about":[{"href":"https:\/\/www.novaconcursos.com.br\/portal\/wp-json\/wp\/v2\/types\/post"}],"author":[{"embeddable":true,"href":"https:\/\/www.novaconcursos.com.br\/portal\/wp-json\/wp\/v2\/users\/54687"}],"replies":[{"embeddable":true,"href":"https:\/\/www.novaconcursos.com.br\/portal\/wp-json\/wp\/v2\/comments?post=223624"}],"version-history":[{"count":14,"href":"https:\/\/www.novaconcursos.com.br\/portal\/wp-json\/wp\/v2\/posts\/223624\/revisions"}],"predecessor-version":[{"id":237158,"href":"https:\/\/www.novaconcursos.com.br\/portal\/wp-json\/wp\/v2\/posts\/223624\/revisions\/237158"}],"wp:featuredmedia":[{"embeddable":true,"href":"https:\/\/www.novaconcursos.com.br\/portal\/wp-json\/wp\/v2\/media\/223629"}],"wp:attachment":[{"href":"https:\/\/www.novaconcursos.com.br\/portal\/wp-json\/wp\/v2\/media?parent=223624"}],"wp:term":[{"taxonomy":"category","embeddable":true,"href":"https:\/\/www.novaconcursos.com.br\/portal\/wp-json\/wp\/v2\/categories?post=223624"},{"taxonomy":"post_tag","embeddable":true,"href":"https:\/\/www.novaconcursos.com.br\/portal\/wp-json\/wp\/v2\/tags?post=223624"}],"curies":[{"name":"wp","href":"https:\/\/api.w.org\/{rel}","templated":true}]}}