{"id":224308,"date":"2024-03-06T16:06:43","date_gmt":"2024-03-06T19:06:43","guid":{"rendered":"https:\/\/www.novaconcursos.com.br\/portal\/?p=224308"},"modified":"2024-03-06T16:06:47","modified_gmt":"2024-03-06T19:06:47","slug":"prf-busca-convocar-mais-excedentes-do-ultimo-concurso-confira","status":"publish","type":"post","link":"https:\/\/www.novaconcursos.com.br\/portal\/noticias\/prf-busca-convocar-mais-excedentes-do-ultimo-concurso-confira\/","title":{"rendered":"PRF busca convocar mais excedentes do \u00faltimo concurso. Confira!"},"content":{"rendered":"<p>A Pol\u00edcia Rodovi\u00e1ria Federal quer <strong>chamar mais aprovados<\/strong> no <a href=\"https:\/\/www.novaconcursos.com.br\/portal\/concursos\/concurso-prf\/\">Edital PRF<\/a> de 2021 que aguardam convoca\u00e7\u00f5es. A sele\u00e7\u00e3o tem validade at\u00e9 2025!<\/p>\n\n\n\n<p>Por conta do n\u00famero de cargos vagos e de mais servidores que devem se aposentar no fim de 2024, uma <strong>nova sele\u00e7\u00e3o<\/strong> tamb\u00e9m est\u00e1 sendo estudada para a corpora\u00e7\u00e3o.<\/p>\n\n\n\n<p>Quer saber detalhes da \u00faltima sele\u00e7\u00e3o e das novas convoca\u00e7\u00f5es? Venha comigo nesta mat\u00e9ria e saiba tamb\u00e9m quando haver\u00e1 um novo edital da PRF.<\/p>\n\n\n\n<h2 class=\"wp-block-heading\" id=\"diretorgeral-refora-desejo-por-convocao-de-excedentes-na-prf\">Diretor-geral refor\u00e7a desejo por convoca\u00e7\u00e3o de excedentes na PRF<\/h2>\n\n\n\n<p>De acordo com o diretor-geral substituto da Pol\u00edcia Rodovi\u00e1ria Federal, Ant\u00f4nio Fernando, \u00e9 desejo da institui\u00e7\u00e3o chamar mais aprovados do concurso realizado em 2021.<\/p>\n\n\n\n<p>Atualmente, o \u00f3rg\u00e3o conta com cerca de\u00a0<strong>400 cargos vagos.<\/strong>\u00a0Entretanto, aproximadamente 1.000 aprovados no \u00faltimo certame aguardam convoca\u00e7\u00e3o.<\/p>\n\n\n\n<p>Mas, cabe destacar que a autoriza\u00e7\u00e3o depende do governo federal. Por isso, ele busca aprova\u00e7\u00e3o do Minist\u00e9rio da Gest\u00e3o e Inova\u00e7\u00e3o em Servi\u00e7os P\u00fablicos (MGI) para nomea\u00e7\u00e3o de mais aprovados <strong>ainda em 2024.<\/strong><\/p>\n\n\n\n<blockquote class=\"wp-block-quote is-layout-flow wp-block-quote-is-layout-flow\">\n<p><em>\u201cN\u00f3s estamos requerendo ao governo para que esse ano consigamos fazer o chamamento para formar uma nova turma, pois ainda temos excedentes do \u00faltimo concurso. Estamos fazendo esfor\u00e7os para que esses excedentes sejam chamados para refor\u00e7ar o policiamento nas rodovias e aumentar a quantidade de PRFs\u201d<\/em>, detacou o diretor.<\/p>\n\n\n\n<p>\u00c9 importante destacar que, em agosto de 2023, o \u00faltimo concurso da Pol\u00edcia Rodovi\u00e1ria Federal teve sua validade prorrogada\u00a0<strong>at\u00e9 21 de dezembro de 2025<\/strong>.<\/p>\n\n\n\n<p>Al\u00e9m disso, de acordo com o presidente da Federa\u00e7\u00e3o Nacional dos Policiais Rodovi\u00e1rios Federais (Fenaprf), T\u00e1cio Melo, uma nova turma poder\u00e1 ser convocada em breve, com\u00a0<strong>500 novos policiais.<\/strong><\/p>\n\n\n\n<h3 class=\"wp-block-heading\">Como foi o concurso?<\/h3>\n\n\n\n<p>Assim, o edital ofertou\u00a0<strong>1.500 vagas<\/strong>, todas destinadas a carreira de policial rodovi\u00e1ria federal. Ao todo, 304.330 pessoas se inscreveram para as provas.<\/p>\n\n\n\n<p>Sob organiza\u00e7\u00e3o do\u00a0<a href=\"http:\/\/cebraspe.org.br\/concursos\/\" target=\"_blank\" rel=\"noreferrer noopener\">Cebraspe <\/a>(Centro Brasileiro de Pesquisa em Avalia\u00e7\u00e3o e Sele\u00e7\u00e3o e de Promo\u00e7\u00e3o de Eventos), a avalia\u00e7\u00e3o dos candidatos foi em duas etapas. A prova teve <strong>120 quest\u00f5es de \u201ccerto ou errado\u201d<\/strong>.<\/p>\n\n\n\n<p>Ademais, com uma jornada de trabalho de 40 horas semanais, os aprovados contaram com <strong>remunera\u00e7\u00e3o inicial\u00a0<\/strong>de R$ 9.899,88. Havia ainda R$ 458,00 de aux\u00edlio-alimenta\u00e7\u00e3o.<\/p>\n<\/blockquote>\n\n\n\n<h2 class=\"wp-block-heading\" id=\"quando-sai-o-novo-concurso-prf\">Quando sai o novo concurso PRF?<\/h2>\n\n\n\n<p>Segundo informa\u00e7\u00f5es do presidente da Fenaprf, T\u00e1cio Melo, o sindicato prev\u00ea um\u00a0<strong>novo edital entre 2025 e 2026.<\/strong> Entretanto, \u00e9 apenas uma previs\u00e3o!<\/p>\n\n\n\n<p>O presidente tamb\u00e9m lembrou que no fim de 2024, cerca de 5 mil aprovados no concurso de 1994 completar\u00e3o 30 anos de servi\u00e7o e come\u00e7ar\u00e3o a ter expectativa de aposentadoria, deixando seus cargos vagos, o que fortalece a realiza\u00e7\u00e3o de um novo certame.<\/p>\n\n\n\n<p>Al\u00e9m disso, recentemente, o diretor-geral da PRF, Ant\u00f4nio Fernando Souza Oliveira, encaminhou ao ministro da Justi\u00e7a e Seguran\u00e7a, Fl\u00e1vio Dino, o pedido de autoriza\u00e7\u00e3o para realiza\u00e7\u00e3o de um<strong>\u00a0novo certame.<\/strong><\/p>\n\n\n\n<p>Ele solicitou <strong>4.902 vagas para o cargo de Policial Rodovi\u00e1rio Federal<\/strong>, exig\u00eancia de n\u00edvel superior. A ideia \u00e9 que esse quantitativo seja distribu\u00eddo em oito turmas do curso de forma\u00e7\u00e3o ao longo dos anos.<\/p>\n\n\n\n<p><em>\u201cNecess\u00e1ria se faz a obten\u00e7\u00e3o de autoriza\u00e7\u00e3o para a realiza\u00e7\u00e3o de concurso p\u00fablico com o objetivo de prover 4.902 (quatro mil novecentos e dois) vagas para o cargo de policial rodovi\u00e1rio federal, a fim de atingir o efetivo aproximado de 18.000 policiais, dividindo a forma\u00e7\u00e3o em 8 turmas nos pr\u00f3ximos anos\u201d,\u00a0<\/em>explicou a PRF.<\/p>\n\n\n\n<p>Tamb\u00e9m foram solicitadas<strong>\u00a0219 vagas de Agente Administrativo<\/strong>, com sal\u00e1rios iniciais no valor de R$ 5.173,81, para jornadas de trabalho de 40 horas semanais.<\/p>\n\n\n\n<p>Saiba mais detalhes do\u00a0<a href=\"https:\/\/www.novaconcursos.com.br\/portal\/noticias\/concurso-prf-pedido-enviado-com-219-vagas-para-agente\/\">\u201cPedido enviado com 219 vagas da PRF para Agente Administrativo!\u201d<\/a><\/p>\n\n\n\n<p>Presidente da FenaPrf prev\u00ea novo edital PRF entre 2025 e 2026. <a href=\"https:\/\/www.novaconcursos.com.br\/portal\/noticias\/prf-edital-previsto-entre-2025-2026-entenda\/\">Entenda<\/a>!<\/p>\n\n\n\n<figure class=\"wp-block-image size-large\"><a href=\"https:\/\/www.novaconcursos.com.br\/portal\/wp-content\/uploads\/2024\/03\/depositphotos-327321638-xl-scaled.webp\"><img decoding=\"async\" width=\"1024\" height=\"683\" src=\"https:\/\/www.novaconcursos.com.br\/portal\/wp-content\/uploads\/2024\/03\/depositphotos-327321638-xl-1024x683.webp\" alt=\"\" class=\"wp-image-224309\" loading=\"lazy\" title=\"\" srcset=\"https:\/\/www.novaconcursos.com.br\/portal\/wp-content\/uploads\/2024\/03\/depositphotos-327321638-xl-300x200.webp 300w, https:\/\/www.novaconcursos.com.br\/portal\/wp-content\/uploads\/2024\/03\/depositphotos-327321638-xl-480x320.webp 480w, https:\/\/www.novaconcursos.com.br\/portal\/wp-content\/uploads\/2024\/03\/depositphotos-327321638-xl-768x512.webp 768w, https:\/\/www.novaconcursos.com.br\/portal\/wp-content\/uploads\/2024\/03\/depositphotos-327321638-xl-1024x683.webp 1024w, https:\/\/www.novaconcursos.com.br\/portal\/wp-content\/uploads\/2024\/03\/depositphotos-327321638-xl-1536x1024.webp 1536w, https:\/\/www.novaconcursos.com.br\/portal\/wp-content\/uploads\/2024\/03\/depositphotos-327321638-xl-2048x1365.webp 2048w\" sizes=\"auto, (max-width: 480px) 100vw, (max-width: 768px) 100vw, (max-width: 1200px) 70vw, 768px\"><\/a><figcaption class=\"wp-element-caption\"><em>Policial Rodovi\u00e1rio Federal (PRF) em fiscaliza\u00e7\u00e3o nas rodovias do Brasil \/ Corpora\u00e7\u00e3o quer convocar mais excedentes \/ Foto: Divulga\u00e7\u00e3o PRF<\/em><\/figcaption><\/figure><h2 class=\"wp-block-heading\" id=\"prf-e-mgi-firmam-acordo-de-reajuste-salarial\">PRF e MGI firmam acordo de reajuste salarial<\/h2>\n\n\n\n<p>Ap\u00f3s sucessivas reuni\u00f5es entre a FenaPRF e o Governo Federal, representantes da Pol\u00edcia Rodovi\u00e1ria Federal (PRF)\u00a0e do Minist\u00e9rio da Gest\u00e3o e da Inova\u00e7\u00e3o em Servi\u00e7os P\u00fablicos (MGI) firmaram acordo que confere\u00a0<strong>reajuste salarial<\/strong>\u00a0para\u00a0PRF.<\/p>\n\n\n\n<p>Portanto, o reajuste salarial\u00a0ser\u00e1 dividido em<strong>\u00a0tr\u00eas parcelas,\u00a0<\/strong>pelos pr\u00f3ximas tr\u00eas anos, sendo 3% em agosto de 2024; 5% em maio de 2025 e 17,87% em maio de 2026.<\/p>\n\n\n\n<p>Dessa forma, o sal\u00e1rio inicial de um Policial Rodovi\u00e1rio Federal ser\u00e1 de\u00a0<strong>R$ 12.253,84<\/strong>\u00a0a partir de 2026, podendo chegar em R$ 23 mil no final da carreira.<\/p>\n\n\n\n<p><strong>Saiba mais:<\/strong>\u00a0<a href=\"https:\/\/www.novaconcursos.com.br\/portal\/noticias\/prf-governo-federal-assinam-acordo-recomposicao-salarial\/\">PRF e Governo Federal assinam acordo de recomposi\u00e7\u00e3o salarial!<\/a><\/p>\n\n\n\n<p><strong>Confira:\u00a0<\/strong><a href=\"https:\/\/www.novaconcursos.com.br\/curso-online\/prf-agente-administrativo\">Curso Online PRF \u2013 Agente Administrativo<\/a><br><strong>Confira:<\/strong>\u00a0<a href=\"https:\/\/www.novaconcursos.com.br\/curso-online\/prf-policial-rodoviario-federal\">Curso Online PRF \u2013 Policial Rodovi\u00e1rio Federal<\/a><\/p>\n\n\n\n<h2 class=\"wp-block-heading\" id=\"sobre-a-prf\">Sobre a PRF<\/h2>\n\n\n\n<p>Assim, \u00e0\u00a0<a href=\"https:\/\/www.gov.br\/prf\/pt-br\" target=\"_blank\" rel=\"noreferrer noopener\">Pol\u00edcia Rodovi\u00e1ria Federal<\/a>\u00a0cabe compet\u00eancias estabelecidas no \u00a7 2\u00ba do art. 144 da Constitui\u00e7\u00e3o, no art. 20 da Lei n.\u00ba 9.503, de 23 de setembro de 1997 \u2013 C\u00f3digo de Tr\u00e2nsito Brasileiro, no Decreto n.\u00ba 1.655, de 03 de outubro de 1995, e:<\/p>\n\n\n\n<p>Planejar, coordenar e executar o policiamento, a preven\u00e7\u00e3o e a repress\u00e3o de crimes nas rodovias federais e nas \u00e1reas de interesse da Uni\u00e3o;<br>Exercer os poderes de autoridade de tr\u00e2nsito nas rodovias e nas estradas federais;<br>Executar policiamento, fiscaliza\u00e7\u00e3o e inspe\u00e7\u00e3o do tr\u00e2nsito e do transporte de pessoas, cargas e bens;<br>Planejar, coordenar e executar os servi\u00e7os de preven\u00e7\u00e3o de acidentes e salvamento de v\u00edtimas nas rodovias federais;<br>Realizar levantamentos de locais, BO, per\u00edcias de tr\u00e2nsito, testes de dosagem alco\u00f3lica, al\u00e9m de investiga\u00e7\u00f5es imprescind\u00edveis \u00e0 elucida\u00e7\u00e3o dos acidentes de tr\u00e2nsito;<br>Assegurar a livre circula\u00e7\u00e3o nas rodovias e estradas federais, especialmente em casos de acidentes de tr\u00e2nsito, manifesta\u00e7\u00f5es sociais e calamidades p\u00fablicas;<br>Manter articula\u00e7\u00e3o com os \u00f3rg\u00e3os de tr\u00e2nsito, transporte, seguran\u00e7a p\u00fablica, intelig\u00eancia e defesa civil, para promover o interc\u00e2mbio de informa\u00e7\u00f5es;<br>Executar, promover e participar das atividades de orienta\u00e7\u00e3o e educa\u00e7\u00e3o para a seguran\u00e7a no tr\u00e2nsito, al\u00e9m de desenvolver trabalho cont\u00ednuo e permanente de preven\u00e7\u00e3o de acidentes;<br>Informar ao \u00f3rg\u00e3o de infraestrutura sobre as condi\u00e7\u00f5es da via, da sinaliza\u00e7\u00e3o e do tr\u00e1fego que possam comprometer a seguran\u00e7a do tr\u00e2nsito, al\u00e9m de solicitar e adotar medidas emergenciais \u00e0 sua prote\u00e7\u00e3o;<br>Credenciar, contratar, conveniar, fiscalizar e adotar medidas de seguran\u00e7a relativas aos servi\u00e7os de recolhimento, remo\u00e7\u00e3o e guarda de ve\u00edculos e animais e escolta de transporte de produtos perigosos e cargas superdimensionadas e indivis\u00edveis;<br>Planejar e executar medidas de seguran\u00e7a para a escolta dos deslocamentos do presidente da Rep\u00fablica, vice-presidente, dos ministros, chefes de Estado, diplomatas estrangeiros e outras autoridades, nas rodovias federais e outras \u00e1reas, quando solicitado;<br>Lavrar o termo circunstanciado de que trata o art. 69 da Lei n.\u00ba 9.099 \u2013 26 de setembro de 1995.<\/p>","protected":false},"excerpt":{"rendered":"<p>A Pol\u00edcia Rodovi\u00e1ria Federal quer chamar mais aprovados no Edital PRF de 2021 que aguardam convoca\u00e7\u00f5es. A sele\u00e7\u00e3o tem validade at\u00e9 2025! Por conta do n\u00famero de cargos vagos e de mais servidores que devem se aposentar no fim de 2024, uma nova sele\u00e7\u00e3o tamb\u00e9m est\u00e1 sendo estudada para a corpora\u00e7\u00e3o. Quer saber detalhes da [&hellip;]<\/p>\n","protected":false},"author":54671,"featured_media":224310,"comment_status":"closed","ping_status":"closed","sticky":false,"template":"","format":"standard","meta":{"_acf_changed":false,"footnotes":"","_wp_rev_ctl_limit":""},"categories":[228],"tags":[],"class_list":["post-224308","post","type-post","status-publish","format-standard","has-post-thumbnail","hentry","category-noticias"],"acf":[],"_links":{"self":[{"href":"https:\/\/www.novaconcursos.com.br\/portal\/wp-json\/wp\/v2\/posts\/224308","targetHints":{"allow":["GET"]}}],"collection":[{"href":"https:\/\/www.novaconcursos.com.br\/portal\/wp-json\/wp\/v2\/posts"}],"about":[{"href":"https:\/\/www.novaconcursos.com.br\/portal\/wp-json\/wp\/v2\/types\/post"}],"author":[{"embeddable":true,"href":"https:\/\/www.novaconcursos.com.br\/portal\/wp-json\/wp\/v2\/users\/54671"}],"replies":[{"embeddable":true,"href":"https:\/\/www.novaconcursos.com.br\/portal\/wp-json\/wp\/v2\/comments?post=224308"}],"version-history":[{"count":4,"href":"https:\/\/www.novaconcursos.com.br\/portal\/wp-json\/wp\/v2\/posts\/224308\/revisions"}],"predecessor-version":[{"id":224315,"href":"https:\/\/www.novaconcursos.com.br\/portal\/wp-json\/wp\/v2\/posts\/224308\/revisions\/224315"}],"wp:featuredmedia":[{"embeddable":true,"href":"https:\/\/www.novaconcursos.com.br\/portal\/wp-json\/wp\/v2\/media\/224310"}],"wp:attachment":[{"href":"https:\/\/www.novaconcursos.com.br\/portal\/wp-json\/wp\/v2\/media?parent=224308"}],"wp:term":[{"taxonomy":"category","embeddable":true,"href":"https:\/\/www.novaconcursos.com.br\/portal\/wp-json\/wp\/v2\/categories?post=224308"},{"taxonomy":"post_tag","embeddable":true,"href":"https:\/\/www.novaconcursos.com.br\/portal\/wp-json\/wp\/v2\/tags?post=224308"}],"curies":[{"name":"wp","href":"https:\/\/api.w.org\/{rel}","templated":true}]}}