{"id":224799,"date":"2024-03-12T15:56:25","date_gmt":"2024-03-12T18:56:25","guid":{"rendered":"https:\/\/www.novaconcursos.com.br\/portal\/?p=224799"},"modified":"2024-03-12T15:56:29","modified_gmt":"2024-03-12T18:56:29","slug":"concursos-educacao-anunciado-criacao-de-100-campis-ifs","status":"publish","type":"post","link":"https:\/\/www.novaconcursos.com.br\/portal\/noticias\/concursos-educacao-anunciado-criacao-de-100-campis-ifs\/","title":{"rendered":"Concursos Educa\u00e7\u00e3o: Anunciado a cria\u00e7\u00e3o de 100 campis IFS em todo o pa\u00eds!"},"content":{"rendered":"<p>Boa not\u00edcia para os interessados nos <a href=\"https:\/\/www.novaconcursos.com.br\/portal\/concurso-por-instituicao\/instituto-federal\/\">concursos Educa\u00e7\u00e3o!<\/a> Nesta ter\u00e7a-feira, 12 de mar\u00e7o, o presidente Luiz In\u00e1cio Lula da Silva <strong>anunciou a cria\u00e7\u00e3o de 100 novos campis dos Institutos Federais de Educa\u00e7\u00e3o, Ci\u00eancia e Tecnologia (IFs) at\u00e9 2026.\u00a0<\/strong><\/p>\n\n\n\n<p>Todas as regi\u00f5es do Brasil ser\u00e3o contempladas com novas sedes, incluindo o\u00a0Distrito Federal. Segundo o Governo Federal, o objetivo \u00e9 aumentar a oferta de vagas na educa\u00e7\u00e3o profissional e tecnol\u00f3gica, al\u00e9m de criar oportunidades para jovens e adultos.\u00a0<\/p>\n\n\n\n<p>Com a iniciativa, ser\u00e1 necess\u00e1ria a contrata\u00e7\u00e3o de novos professores t\u00e9cnico-administrativos por meio de concursos p\u00fablicos. Saiba mais!<\/p>\n\n\n\n<h2 class=\"wp-block-heading\" id=\"loa-visa-o-provimento-de-15773-vagas-em-concursos-educao\">LOA visa o provimento de 15.773 vagas em concursos Educa\u00e7\u00e3o!<\/h2>\n\n\n\n<p>O Novo Programa de Acelera\u00e7\u00e3o do Crescimento (Novo PAC) pretende investir R$ 3,9 bilh\u00f5es em obras, sendo R$ 2,5 bilh\u00f5es para cria\u00e7\u00e3o de novos campi e R$ 1,4 bilh\u00f5es para a consolida\u00e7\u00e3o de unidades dos IFs j\u00e1 existentes.<\/p>\n\n\n\n<p><em>\u201cN\u00f3s vamos fazer mais escolas t\u00e9cnicas neste pa\u00eds, sobretudo para que sejamos cidad\u00e3os de primeira classe\u201d<\/em>, disse o presidente Lula.<\/p>\n\n\n\n<p>O quantitativo de vagas e as \u00e1reas que ser\u00e3o contempladas n\u00e3o foi informado. Entretanto, a Lei Or\u00e7ament\u00e1ria Anual (LOA) de 2024 prev\u00ea at\u00e9 15.773 vagas em concursos p\u00fablicos para Professor e T\u00e9cnico-Administrativo.<\/p>\n\n\n\n<p>O ministro da Educa\u00e7\u00e3o, Camilo Santana, tamb\u00e9m anunciou que ser\u00e1 aberta uma mesa de negocia\u00e7\u00e3o para a reestrutura\u00e7\u00e3o da carreira de T\u00e9cnico-Administrativo em Educa\u00e7\u00e3o (TAE).<\/p>\n\n\n\n<h2 class=\"wp-block-heading\" id=\"quantos-campi-sero-abertos-por-regio\">Quantos campi ser\u00e3o abertos por regi\u00e3o?<\/h2>\n\n\n\n<p>O Governo Federal divulgou quantos campi ser\u00e3o abertos por regi\u00e3o do pa\u00eds. Confira:<\/p>\n\n\n\n<h3 class=\"wp-block-heading\">Norte<\/h3>\n\n\n\n<ul class=\"wp-block-list\"><li>Bahia (06)\n<ul class=\"wp-block-list\"><li>Santo Estev\u00e3o Ribeira do Pombal, Itabuna, Maca\u00fabas, Po\u00e7\u00f5es, Salvador, Ruy Barbosa e Remanso<\/li>\n<\/ul><\/li>\n\n\n\n<li>Pernambuco (08)\n<ul class=\"wp-block-list\"><li>Goiana, Santa Cruz do Capibaribe, Recife, Araripina, \u00c1guas Belas e Bezerros<\/li>\n<\/ul><\/li>\n\n\n\n<li>Cear\u00e1 (06) \n<ul class=\"wp-block-list\"><li>Fortaleza, Cascavel, Mauriti, Campos Sales e Lavras de Mangabeira<\/li>\n<\/ul><\/li>\n\n\n\n<li>Maranh\u00e3o (04)\n<ul class=\"wp-block-list\"><li>Chapadinha, Colinas, Balsas e Amarante do Maranh\u00e3o<\/li>\n<\/ul><\/li>\n\n\n\n<li>Para\u00edba (03)\n<ul class=\"wp-block-list\"><li>Mamanguape, Sap\u00e9 e Queimadas<\/li>\n<\/ul><\/li>\n\n\n\n<li>Rio Grande do Norte (03)\n<ul class=\"wp-block-list\"><li>Touros, S\u00e3o Miguel e Umarizal<\/li>\n<\/ul><\/li>\n\n\n\n<li>Piau\u00ed (03)\n<ul class=\"wp-block-list\"><li>Barras, Esperantina e Altos<\/li>\n<\/ul><\/li>\n\n\n\n<li>Alagoas (03)\n<ul class=\"wp-block-list\"><li>Girau do Ponciano, Mata Grande e Macei\u00f3<\/li>\n<\/ul><\/li>\n\n\n\n<li>Sergipe (02)\n<ul class=\"wp-block-list\"><li>Japaratuba e Aracaju<\/li>\n<\/ul><\/li>\n<\/ul><h3 class=\"wp-block-heading\">Sul<\/h3>\n\n\n\n<ul class=\"wp-block-list\"><li>Paran\u00e1 (05)\n<ul class=\"wp-block-list\"><li>Maring\u00e1, Arauc\u00e1ria, Cianorte, Camb\u00e9 e Toledo<\/li>\n<\/ul><\/li>\n\n\n\n<li>Rio Grande do Sul (05)\n<ul class=\"wp-block-list\"><li>Ca\u00e7apava do Sul, S\u00e3o Luiz Gonzaga, S\u00e3o Leopoldo, Porto Alegre e Gramado<\/li>\n<\/ul><\/li>\n\n\n\n<li>Santa Catarina (03)\n<ul class=\"wp-block-list\"><li>Tijucas, Campos Novos e Mafra<\/li>\n<\/ul><\/li>\n<\/ul><h3 class=\"wp-block-heading\">Sudeste<\/h3>\n\n\n\n<ul class=\"wp-block-list\"><li>S\u00e3o Paulo (12) \n<ul class=\"wp-block-list\"><li>S\u00e3o Paulo (Jardim \u00c2ngela e Cidade Tiradentes), Osasco, Santos, Diadema, Ribeir\u00e3o Preto, Sumar\u00e9, Franco da Rocha, Cotia, Carapicu\u00edba, S\u00e3o Vicente e Mau\u00e1<\/li>\n<\/ul><\/li>\n\n\n\n<li>Minas Gerais (08)\n<ul class=\"wp-block-list\"><li>Jo\u00e3o Monlevade, Itajub\u00e1, Sete Lagoas, Caratinga, S\u00e3o Jo\u00e3o Nepomuceno, Belo Horizonte, Minas Novas e Bom Despacho<\/li>\n<\/ul><\/li>\n\n\n\n<li>Rio de Janeiro (06)\n<ul class=\"wp-block-list\"><li>Rio de Janeiro (Cidade de Deus e Complexo do Alem\u00e3o), Mag\u00e9, Belford Roxo, Teres\u00f3polis e S\u00e3o Gon\u00e7alo<\/li>\n<\/ul><\/li>\n\n\n\n<li>Esp\u00edrito Santo (01)\n<ul class=\"wp-block-list\"><li>Muniz Freire<\/li>\n<\/ul><\/li>\n<\/ul><h3 class=\"wp-block-heading\">Norte<\/h3>\n\n\n\n<ul class=\"wp-block-list\"><li>Par\u00e1 (05)\n<ul class=\"wp-block-list\"><li>Barcarena, Reden\u00e7\u00e3o, Tail\u00e2ndia, Alenquer e Viseu<\/li>\n<\/ul><\/li>\n\n\n\n<li>Amazonas (02)\n<ul class=\"wp-block-list\"><li>Santo Ant\u00f4nio do I\u00e7\u00e1 e Manicor\u00e9<\/li>\n<\/ul><\/li>\n\n\n\n<li>Rond\u00f4nia (01)\n<ul class=\"wp-block-list\"><li>Butiritis<\/li>\n<\/ul><\/li>\n\n\n\n<li>Tocantins (01)\n<ul class=\"wp-block-list\"><li>Tocantin\u00f3polis<\/li>\n<\/ul><\/li>\n\n\n\n<li>Acre (01)\n<ul class=\"wp-block-list\"><li>Feij\u00f3<\/li>\n<\/ul><\/li>\n\n\n\n<li>Amap\u00e1 (01)\n<ul class=\"wp-block-list\"><li>Tartarugalzinho<\/li>\n<\/ul><\/li>\n\n\n\n<li>Roraima (01)\n<ul class=\"wp-block-list\"><li>Rorain\u00f3polis<\/li>\n<\/ul><\/li>\n<\/ul><h3 class=\"wp-block-heading\">Centro-Oeste<\/h3>\n\n\n\n<ul class=\"wp-block-list\"><li>Goi\u00e1s (03)\n<ul class=\"wp-block-list\"><li>Cavalcante, Porangatu e Quirin\u00f3polis<\/li>\n<\/ul><\/li>\n\n\n\n<li>Mato Grosso (03)\n<ul class=\"wp-block-list\"><li>\u00c1gua Boa, Colniza e Canarana<\/li>\n<\/ul><\/li>\n\n\n\n<li>Distrito Federal (02)\n<ul class=\"wp-block-list\"><li>Sol Nascente e Sobradinho<\/li>\n<\/ul><\/li>\n\n\n\n<li>Mato Grosso do Sul (02)\n<ul class=\"wp-block-list\"><li>Parana\u00edba e Amamba\u00ed<\/li>\n<\/ul><\/li>\n<\/ul><p>A constru\u00e7\u00e3o de novos campi nos munic\u00edpios tamb\u00e9m impacta o setor da Constru\u00e7\u00e3o Civil, al\u00e9m de gerar emprego e renda.<\/p>\n\n\n\n<p>Saiba quais concursos est\u00e3o abertos no Brasil:\u00a0<a href=\"https:\/\/www.novaconcursos.com.br\/portal\/concursos-abertos\/\">Concursos Abertos: Mais de 79 mil vagas!<\/a><a href=\"https:\/\/twitter.com\/intent\/tweet?text=https%3A%2F%2Fwww.novaconcursos.com.br%2Fportal%2Fnoticias%2Forgaos-participantes-cargos-vagas-e-salarios-do-tse-unificado%2F%3Futm_source%3Dtwitter%26utm_medium%3Dcpc%26utm_campaign%3Dtwitter-share-blog\" target=\"_blank\" rel=\"noreferrer noopener\"><\/a><\/p>\n\n\n\n<h2 class=\"wp-block-heading\" id=\"quanto-ganham-os-aprovados-nos-concurso-educao-do-instituto-\">Quanto ganham os aprovados nos concurso Educa\u00e7\u00e3o do Instituto Federal?<\/h2>\n\n\n\n<p>Atualmente, os servidores do Instituto Federal possuem remunera\u00e7\u00e3o inicial de at\u00e9 R$ 5 mil, sendo:<\/p>\n\n\n\n<ul class=\"wp-block-list\"><li>Assistente de Alunos: R$ 2.778,13<\/li>\n\n\n\n<li>Cargos de N\u00edvel M\u00e9dio: R$ 3.325,19<\/li>\n\n\n\n<li>Cargos de N\u00edvel Superior: R$ 5.214,92<\/li>\n\n\n\n<li>Professor: R$ 4.875,18<\/li>\n<\/ul><p>Al\u00e9m do sal\u00e1rio, os servidores tem direito ao aux\u00edlio-alimenta\u00e7\u00e3o de R$ 658,00, aux\u00edlio-transporte, aux\u00edlio pr\u00e9-escolar e retribui\u00e7\u00e3o por titula\u00e7\u00e3o (para professor) de R$975,04 para especializa\u00e7\u00e3o, R$2.437,59 para mestrado e R$5.606,46 para doutorado.\u00a0<\/p>\n\n\n\n<h2 class=\"wp-block-heading\" id=\"concursos-educao-abertos\">Concursos Educa\u00e7\u00e3o Abertos<\/h2>\n\n\n\n<p>Saiba quais concursos Educa\u00e7\u00e3o est\u00e3o abertos no momento:<\/p>\n\n\n\n<h3 class=\"wp-block-heading\">Inscri\u00e7\u00f5es IFSuldeMinas encerram nesta segunda-feira, (12)!<\/h3>\n\n\n\n<p>O IF Sul de Minas tem edital aberto para o provimento de vagas de Assistente em Administra\u00e7\u00e3o\u00a0na carreira de T\u00e9cnico Administrativo em Educa\u00e7\u00e3o (TAE).<\/p>\n\n\n\n<p>Os interessados em uma das vagas devem fazer as inscri\u00e7\u00f5es no site da pr\u00f3pria institui\u00e7\u00e3o, at\u00e9 \u00e0s 23h59 desta segunda-feira, 12 de mar\u00e7o. A taxa de inscri\u00e7\u00e3o \u00e9 R$ 80,00.<\/p>\n\n\n\n<p>A aplica\u00e7\u00e3o das provas objetivas ser\u00e1 no dia 24 de mar\u00e7o de 2024, no per\u00edodo da manh\u00e3, na cidade de Pouso Alegre\/MG.<\/p>\n\n\n\n<p>Entenda todo o processo de sele\u00e7\u00e3o do concurso <a href=\"https:\/\/www.novaconcursos.com.br\/portal\/concursos\/concurso-if-sul-de-minas\/\">IFSuldeMinas!<\/a><\/p>\n\n\n\n<h3 class=\"wp-block-heading\">Provas do IF Baiano ser\u00e3o em abril!<\/h3>\n\n\n\n<p>As inscri\u00e7\u00f5es do IF Baiano j\u00e1 foram encerradas. O edital oferta 52 oportunidades para diversas especialidades.<\/p>\n\n\n\n<p>As provas ser\u00e3o aplicadas no dia 14 de abril de 2024. Na ocasi\u00e3o, os candidatos dever\u00e3o demonstrar conhecimentos em L\u00edngua Portuguesa, Legisla\u00e7\u00e3o, Inform\u00e1tica e Conhecimentos Espec\u00edficos.<\/p>\n\n\n\n<p>Est\u00e1 iniciando a sua prepara\u00e7\u00e3o?<\/p>\n\n\n\n<ul class=\"wp-block-list\"><li>Confira: <a href=\"https:\/\/www.novaconcursos.com.br\/mapa-de-questoes\/mapa-questoes-if-baianao-tecnico-administrativos-educacao-ass-adm?q=if%20baiano\">Mapa de Quest\u00f5es \u2013 IF Baiano \u2013 T\u00e9cnico-Administrativos em Educa\u00e7\u00e3o<\/a><\/li>\n<\/ul><p>Estude para o concurso dos seus sonhos com o\u00a0<strong>M\u00e9todo<\/strong>\u00a0que j\u00e1 ajudou na\u00a0<strong>aprova\u00e7\u00e3o de mais de 70 mil alunos.<\/strong>\u00a0<a href=\"https:\/\/aprovacao.novaconcursos.com.br\/assinatura?promo_creative=Clique+aqui&amp;promo_name=noticia&amp;promo_id=%2Fportal%2Fnoticias%2Forgaos-participantes-cargos-vagas-e-salarios-do-tse-unificado&amp;promo_position=corpo-texto\" target=\"_blank\" rel=\"noreferrer noopener\">Clique aqui<\/a>\u00a0e saiba mais!<\/p>","protected":false},"excerpt":{"rendered":"<p>Boa not\u00edcia para os interessados nos concursos Educa\u00e7\u00e3o! Nesta ter\u00e7a-feira, 12 de mar\u00e7o, o presidente Luiz In\u00e1cio Lula da Silva anunciou a cria\u00e7\u00e3o de 100 novos campis dos Institutos Federais de Educa\u00e7\u00e3o, Ci\u00eancia e Tecnologia (IFs) at\u00e9 2026.\u00a0 Todas as regi\u00f5es do Brasil ser\u00e3o contempladas com novas sedes, incluindo o\u00a0Distrito Federal. Segundo o Governo Federal, [&hellip;]<\/p>\n","protected":false},"author":54679,"featured_media":224818,"comment_status":"closed","ping_status":"closed","sticky":false,"template":"","format":"standard","meta":{"_acf_changed":false,"footnotes":"","_wp_rev_ctl_limit":""},"categories":[228],"tags":[],"class_list":["post-224799","post","type-post","status-publish","format-standard","has-post-thumbnail","hentry","category-noticias"],"acf":[],"_links":{"self":[{"href":"https:\/\/www.novaconcursos.com.br\/portal\/wp-json\/wp\/v2\/posts\/224799","targetHints":{"allow":["GET"]}}],"collection":[{"href":"https:\/\/www.novaconcursos.com.br\/portal\/wp-json\/wp\/v2\/posts"}],"about":[{"href":"https:\/\/www.novaconcursos.com.br\/portal\/wp-json\/wp\/v2\/types\/post"}],"author":[{"embeddable":true,"href":"https:\/\/www.novaconcursos.com.br\/portal\/wp-json\/wp\/v2\/users\/54679"}],"replies":[{"embeddable":true,"href":"https:\/\/www.novaconcursos.com.br\/portal\/wp-json\/wp\/v2\/comments?post=224799"}],"version-history":[{"count":8,"href":"https:\/\/www.novaconcursos.com.br\/portal\/wp-json\/wp\/v2\/posts\/224799\/revisions"}],"predecessor-version":[{"id":224821,"href":"https:\/\/www.novaconcursos.com.br\/portal\/wp-json\/wp\/v2\/posts\/224799\/revisions\/224821"}],"wp:featuredmedia":[{"embeddable":true,"href":"https:\/\/www.novaconcursos.com.br\/portal\/wp-json\/wp\/v2\/media\/224818"}],"wp:attachment":[{"href":"https:\/\/www.novaconcursos.com.br\/portal\/wp-json\/wp\/v2\/media?parent=224799"}],"wp:term":[{"taxonomy":"category","embeddable":true,"href":"https:\/\/www.novaconcursos.com.br\/portal\/wp-json\/wp\/v2\/categories?post=224799"},{"taxonomy":"post_tag","embeddable":true,"href":"https:\/\/www.novaconcursos.com.br\/portal\/wp-json\/wp\/v2\/tags?post=224799"}],"curies":[{"name":"wp","href":"https:\/\/api.w.org\/{rel}","templated":true}]}}