{"id":225583,"date":"2024-03-19T14:22:45","date_gmt":"2024-03-19T17:22:45","guid":{"rendered":"https:\/\/www.novaconcursos.com.br\/portal\/?p=225583"},"modified":"2024-08-29T13:36:12","modified_gmt":"2024-08-29T16:36:12","slug":"inss-nao-vai-aderir-ao-edital-unificado-confira-a-fala-do-presidente","status":"publish","type":"post","link":"https:\/\/www.novaconcursos.com.br\/portal\/noticias\/inss-nao-vai-aderir-ao-edital-unificado-confira-a-fala-do-presidente\/","title":{"rendered":"INSS n\u00e3o vai aderir ao edital Unificado. Confira a fala do presidente!"},"content":{"rendered":"<p>Aten\u00e7\u00e3o! Em entrevista \u00e0 Anasps TV, o presidente do INSS, Alessandro Stefanutto, revelou que<strong> o <a href=\"https:\/\/www.novaconcursos.com.br\/portal\/concursos\/concurso-inss\/\">INSS<\/a> n\u00e3o vai aderir ao edital Unificado em virtude da complexidade das carreiras do INSS.<\/strong><\/p>\n\n\n\n<p>O presidente foi questionado em raz\u00e3o da \u00faltima coletiva de imprensa, onde foi mencionado que at\u00e9 mar\u00e7o novos \u00f3rg\u00e3os poder\u00e3o escolher participar da segunda edi\u00e7\u00e3o do edital Unificado.<\/p>\n\n\n\n<p>Durante a conversa, Alessandro Stefanutto, tamb\u00e9m comentou sobre a expectativa de nomea\u00e7\u00e3o dos aprovados no \u00faltimo concurso INSS. Fique conosco nessa mat\u00e9ria e <em>confira a fala do presidente!<\/em><\/p>\n\n\n\n<h2 class=\"wp-block-heading\" id=\"inss-no-vai-aderir-ao-edital-unificado\">INSS n\u00e3o vai aderir ao edital Unificado?<\/h2>\n\n\n\n<p>Ao ser questionado sobre a participa\u00e7\u00e3o do INSS na pr\u00f3xima edi\u00e7\u00e3o do concurso Nacional Unificado, o presidente do INSS, Alessandro Stefanutto, comentou sobre a complexidade das carreiras da autarquia.<\/p>\n\n\n\n<p><em>\u201cNo que diz respeito ao concurso unificado, eu penso que o servidor do INSS, seja o t\u00e9cnico e o analista, traz uma particularidade muito grande. Eles s\u00e3o, na Esplanada, e na verdade, em todo Brasil, a \u00fanica carreira do Executivo que realmente concede direitos diretamente \u00e0 popula\u00e7\u00e3o. Assim, n\u00e3o me parece apropriado termos um concurso geral para essa carreira. Quando foi colocado no ano passado, eu refutei, n\u00e3o porque a ideia \u00e9 ruim \u2013 j\u00e1 que ela \u00e9 excelente \u2013 mas porque a carreira do INSS tem muitas particularidades e, por isso, acredito que devemos ter concursos a parte\u201d<\/em>, disse.<\/p>\n\n\n\n<p>O concurso Unificado, tamb\u00e9m chamado de \u201cEnem dos Concursos\u201d \u00e9 uma proposta do governo para preencher todas as vagas autorizadas do Poder Executivo, por meio de um \u00fanico concurso, dividido por blocos tem\u00e1ticos, de acordo com o perfil profissional e com aplica\u00e7\u00e3o de provas, simultaneamente, em diversas cidades do pa\u00eds.<\/p>\n\n\n\n<p>A primeira edi\u00e7\u00e3o registrou 2,1 inscri\u00e7\u00f5es e ter\u00e1 aplica\u00e7\u00e3o de provas no dia 05 de maio de 2024.<\/p>\n\n\n\n<p>Agora, o Minist\u00e9rio da Gest\u00e3o e Inova\u00e7\u00e3o em Servi\u00e7os P\u00fablicos iniciou o planejamento de uma segunda edi\u00e7\u00e3o do concurso Unificado.<\/p>\n\n\n\n<p>Em portaria publicada no Di\u00e1rio Oficial da Uni\u00e3o, desta sexta-feira, 8 de mar\u00e7o, o MGI designou uma servidora em car\u00e1ter tempor\u00e1rio para acompanhar a implementa\u00e7\u00e3o do CPNU e auxiliar no planejamento das futuras edi\u00e7\u00f5es.<\/p>\n\n\n\n<h2 class=\"wp-block-heading\" id=\"curso-grtis-inss\">Curso Gr\u00e1tis INSS<\/h2>\n\n\n\n<p>Prepare-se com anteced\u00eancia para garantir a sua vaga! Com o nosso\u00a0<a href=\"https:\/\/www.novaconcursos.com.br\/eventos\/curso-gratis-inss-tecnico-do-seguro-social-blog\/?promo_creative=Curso+Gr%C3%A1tis+INSS+2024%2C&amp;promo_name=concurso&amp;promo_id=%2Fportal%2Fconcursos%2Fconcurso-inss&amp;promo_position=corpo-texto\"><strong>Curso Gr\u00e1tis INSS 2024<\/strong>,<\/a>\u00a0voc\u00ea ter\u00e1 acesso a aulas completas e um plano de estudos personalizado para te guiar durante a prepara\u00e7\u00e3o. Al\u00e9m disso, poder\u00e1 esclarecer suas d\u00favidas diretamente com nossos professores. E o melhor de tudo: \u00e9 totalmente gratuito! N\u00e3o deixe essa oportunidade passar. <strong><a href=\"https:\/\/www.novaconcursos.com.br\/eventos\/curso-gratis-inss-tecnico-do-seguro-social-blog\/?promo_creative=Inscreva-se+agora+e+comece+a+sua+jornada+rumo+%C3%A0+aprova%C3%A7%C3%A3o%21&amp;promo_name=concurso&amp;promo_id=%2Fportal%2Fconcursos%2Fconcurso-inss&amp;promo_position=corpo-texto\">Inscreva-se agora e comece a sua jornada rumo \u00e0 aprova\u00e7\u00e3o!<\/a><\/strong><\/p>\n\n\n\n\n\n<h2 class=\"wp-block-heading\" id=\"presidente-do-inss-planeja-convocar-todos-os-excedentes-do-l\">Presidente do INSS planeja convocar todos os excedentes do \u00faltimo concurso!<\/h2>\n\n\n\n<p>Ainda durante a conversa, o presidente Alessandro Stefanutto, demonstrou interesse em convocar todos os aprovados do \u00faltimo concurso <a href=\"https:\/\/meu.inss.gov.br\/\" target=\"_blank\" rel=\"noreferrer noopener\">INSS.<\/a><\/p>\n\n\n\n<p><em>\u201cO INSS tem um concurso em andamento que vence em maio e o meu pedido \u00e9 prorrogar. N\u00e9, determina\u00e7\u00e3o j\u00e1 com, obviamente, acertada com o ministro Carlos Lupi. N\u00f3s vamos prorrogar (o prazo de validade) porque quero aproveitar esse concurso e aproveitar todos os candidatos, todos que ficaram remanescentes, que tem condi\u00e7\u00f5es jur\u00eddicas de virem a ser dos nossos quadros. Eu vou lutar at\u00e9 o fim para que sejam aproveitados.\u201d<\/em><\/p>\n\n\n\n<p>O prazo de validade foi prorrogado e permanecer\u00e1 vigente at\u00e9 4 de maio de 2025.\u00a0A prorroga\u00e7\u00e3o favorece a chamada dos excedentes que foram aprovados em cadastro reserva e aguardam a convoca\u00e7\u00e3o do INSS.\u00a0<\/p>\n\n\n\n<p>A lista conta com cerca de 1.800 aprovados em cadastro reserva. Enquanto o concurso estiver v\u00e1lido, o \u00f3rg\u00e3o poder\u00e1 utiliz\u00e1-la para convocar novos servidores.\u00a0<\/p>\n\n\n\n<p><a href=\"https:\/\/www.novaconcursos.com.br\/portal\/concursos-abertos\/\">Confira todos os concursos que est\u00e7ao abertos no Brasil!<\/a><\/p>\n\n\n\n<h2 class=\"wp-block-heading\" id=\"rgo-refora-pedido-de-autorizao-de-edital-para-perito\">\u00d3rg\u00e3o refor\u00e7a pedido de autoriza\u00e7\u00e3o de edital para Perito!<\/h2>\n\n\n\n<p>Na \u00faltima sexta-feira, 8 de mar\u00e7o, foi publicada novamente no Di\u00e1rio Oficial da Uni\u00e3o, a portaria conjunta do Minist\u00e9rio da Previd\u00eancia Social e INSS, que torna p\u00fablico o parecer t\u00e9cnico de per\u00edcia conectada.<\/p>\n\n\n\n<p>O documento confirma o novo pedido de autoriza\u00e7\u00e3o ao Minist\u00e9rio da Gest\u00e3o e da Inova\u00e7\u00e3o dos Servi\u00e7os P\u00fablicos, para o provimento de 1.574 vagas de Perito M\u00e9dico.<\/p>\n\n\n\n<p>Segundo informa\u00e7\u00f5es do\u00a0ministro Carlos Lupi, as oportunidades ser\u00e3o destinadas para\u00a0cidades longes das capitais,\u00a0tendo como intuito diminuir o d\u00e9ficit de pessoal.<\/p>\n\n\n\n<p>Inclusive, haver\u00e1 uma\u00a0trava para transfer\u00eancias\u00a0de, no m\u00ednimo, dez anos. Tal medida ser\u00e1 adotada como forma de fazer o profissional ficar estabelecido na localidade escolhida, visto que muitos prestam concurso com a inten\u00e7\u00e3o de tomar posse em cidades menores, mas pedem transfer\u00eancia para a capital.<\/p>\n\n\n\n<p>A carreira de Perito M\u00e9dico \u00e9 vinculada \u00e0 Subsecretaria de Per\u00edcia M\u00e9dica Federal e exige\u00a0n\u00edvel superior em Medicina\u00a0e registro regular no Conselho Regional de Medicina para ingresso.<\/p>\n\n\n\n<p><\/p>","protected":false},"excerpt":{"rendered":"<p>Aten\u00e7\u00e3o! Em entrevista \u00e0 Anasps TV, o presidente do INSS, Alessandro Stefanutto, revelou que o INSS n\u00e3o vai aderir ao edital Unificado em virtude da complexidade das carreiras do INSS. O presidente foi questionado em raz\u00e3o da \u00faltima coletiva de imprensa, onde foi mencionado que at\u00e9 mar\u00e7o novos \u00f3rg\u00e3os poder\u00e3o escolher participar da segunda edi\u00e7\u00e3o [&hellip;]<\/p>\n","protected":false},"author":54679,"featured_media":225604,"comment_status":"closed","ping_status":"closed","sticky":false,"template":"","format":"standard","meta":{"_acf_changed":false,"footnotes":"","_wp_rev_ctl_limit":""},"categories":[228],"tags":[],"class_list":["post-225583","post","type-post","status-publish","format-standard","has-post-thumbnail","hentry","category-noticias"],"acf":[],"_links":{"self":[{"href":"https:\/\/www.novaconcursos.com.br\/portal\/wp-json\/wp\/v2\/posts\/225583","targetHints":{"allow":["GET"]}}],"collection":[{"href":"https:\/\/www.novaconcursos.com.br\/portal\/wp-json\/wp\/v2\/posts"}],"about":[{"href":"https:\/\/www.novaconcursos.com.br\/portal\/wp-json\/wp\/v2\/types\/post"}],"author":[{"embeddable":true,"href":"https:\/\/www.novaconcursos.com.br\/portal\/wp-json\/wp\/v2\/users\/54679"}],"replies":[{"embeddable":true,"href":"https:\/\/www.novaconcursos.com.br\/portal\/wp-json\/wp\/v2\/comments?post=225583"}],"version-history":[{"count":10,"href":"https:\/\/www.novaconcursos.com.br\/portal\/wp-json\/wp\/v2\/posts\/225583\/revisions"}],"predecessor-version":[{"id":249428,"href":"https:\/\/www.novaconcursos.com.br\/portal\/wp-json\/wp\/v2\/posts\/225583\/revisions\/249428"}],"wp:featuredmedia":[{"embeddable":true,"href":"https:\/\/www.novaconcursos.com.br\/portal\/wp-json\/wp\/v2\/media\/225604"}],"wp:attachment":[{"href":"https:\/\/www.novaconcursos.com.br\/portal\/wp-json\/wp\/v2\/media?parent=225583"}],"wp:term":[{"taxonomy":"category","embeddable":true,"href":"https:\/\/www.novaconcursos.com.br\/portal\/wp-json\/wp\/v2\/categories?post=225583"},{"taxonomy":"post_tag","embeddable":true,"href":"https:\/\/www.novaconcursos.com.br\/portal\/wp-json\/wp\/v2\/tags?post=225583"}],"curies":[{"name":"wp","href":"https:\/\/api.w.org\/{rel}","templated":true}]}}