{"id":225620,"date":"2020-09-24T14:50:00","date_gmt":"2020-09-24T17:50:00","guid":{"rendered":"https:\/\/www.novaconcursos.com.br\/portal\/?p=225620"},"modified":"2024-08-07T17:14:20","modified_gmt":"2024-08-07T20:14:20","slug":"concurso-dpe-pa-edital-area-de-apoio","status":"publish","type":"post","link":"https:\/\/www.novaconcursos.com.br\/portal\/noticias\/concurso-dpe-pa-edital-area-de-apoio\/","title":{"rendered":"Concurso DPE PA: Defensoria inicia estudos para edital na \u00e1rea de Apoio!"},"content":{"rendered":"<p>Foi informado pela Defensoria P\u00fablica do Estado do Par\u00e1,\u00a0<strong>que prepara um novo\u00a0concurso\u00a0DPE PA para servidores na \u00e1rea de Apoio<\/strong>. Vagas para n\u00edveis m\u00e9dio e superior!<\/p>\n\n\n\n<h2 class=\"wp-block-heading\" id=\"edital-do-novo-concurso-dpe-pa\">Edital do novo concurso DPE PA<\/h2>\n\n\n\n<p>\u00c9 preparado pela Defensoria P\u00fablica do Estado do Par\u00e1,\u00a0<strong>um novo\u00a0concurso\u00a0DPE PA para os servidores na \u00e1rea de Apoio<\/strong>. Os estudos para viabilizar o certame j\u00e1 foram iniciados,\u00a0<strong>e o edital deve ser publicado em 2021<\/strong>.<\/p>\n\n\n\n<p><strong>As oportunidades ser\u00e3o para carreiras de n\u00edveis m\u00e9dio e superior<\/strong>, que ser\u00e3o confirmadas oportunamente. Ao que tudo indica, o estudo feito pelo \u00f3rg\u00e3o ir\u00e1 indicar os cargos de maiores necessidades.<\/p>\n\n\n\n<p>Entretanto,\u00a0<strong>existe a possibilidade que o novo\u00a0concurso\u00a0DPE PA traga uma boa oferta e para todos os cargos poss\u00edveis<\/strong>, tendo em vista que o \u00faltimo edital para servidores j\u00e1 tem 13 anos desde a sua divulga\u00e7\u00e3o.<\/p>\n\n\n\n<p>Recentemente, o defensor p\u00fablico geral, Jo\u00e3o Paulo L\u00e9do, recebeu uma equipe de servidores da ger\u00eancia de Gest\u00e3o de Pessoas da DPE com o\u00a0<strong>objetivo de debater ideias e a\u00e7\u00f5es para aprimorar a comunica\u00e7\u00e3o entre os servidores e a institui\u00e7\u00e3o<\/strong>.<\/p>\n\n\n\n<p>No encontro realizado, foram apresentadas as diretrizes da gest\u00e3o e identificados por eles as maiores necessidades atuais da ger\u00eancia para melhorar os servi\u00e7os restados.\u00a0<strong>Durante a reuni\u00e3o, foi destacado pelo defensor a necessidade de um novo\u00a0concurso\u00a0DPE PA<\/strong>.<\/p>\n\n\n\n<p>De acordo com o defensor p\u00fablico,\u00a0<strong>estudos j\u00e1 foram iniciados para viabilizar o\u00a0certame\u00a0e o novo edital<\/strong>, bem como ser\u00e1 feito um redesenho da gest\u00e3o de estrat\u00e9gias e compet\u00eancias.<\/p>\n\n\n\n<p><em>\u201cNossa gest\u00e3o tem como meta a realiza\u00e7\u00e3o de concurso p\u00fablico para servidores da DPE e para isso j\u00e1 iniciamos estudo de viabilidade. Tamb\u00e9m \u00e9 necess\u00e1rio destacar que iremos trabalhar com a regulamenta\u00e7\u00e3o das atribui\u00e7\u00f5es e compet\u00eancias de controle de pol\u00edtica institucional. As pessoas s\u00e3o o maior patrim\u00f4nio da Defensoria P\u00fablica \u00e9 nosso maior desejo \u00e9 a valoriza\u00e7\u00e3o desses servidores\u201d<\/em>, informou Jo\u00e3o Paulo L\u00e9do.<\/p>\n\n\n\n<h2 class=\"wp-block-heading\" id=\"governo-do-par-anunciou-diversos-concursos-para-2020\">Governo do Par\u00e1 anunciou diversos concursos para 2020<\/h2>\n\n\n\n<p>Ap\u00f3s ter anunciado diversos editais no in\u00edcio do ano e no decorrer do primeiro semestre,\u00a0<strong>a Seplad reafirmou a previs\u00e3o de diversos\u00a0concursos\u00a0p\u00fablicos para serem divulgados ainda no ano de 2020<\/strong>.<\/p>\n\n\n\n<p><strong>Os destaques s\u00e3o os concursos da PM PA e da PC PA, que j\u00e1 t\u00eam banca organizadora definida<\/strong>. Os\u00a0certames\u00a0da SEAP e SESPA tamb\u00e9m est\u00e3o em est\u00e1gios avan\u00e7ados.<\/p>\n\n\n\n<p>A\u00a0sele\u00e7\u00e3o\u00a0da Defensoria P\u00fablica do Estado do Par\u00e1 n\u00e3o entra na lista,\u00a0<strong>pois a previs\u00e3o n\u00e3o \u00e9 divulg\u00e1-lo em 2020, podendo sair em 2021<\/strong>, mas ainda sem data definida.<\/p>\n\n\n\n<p>Confira os pr\u00f3ximos\u00a0concursos p\u00fablicos\u00a0<strong>previstos no Par\u00e1:<\/strong><\/p>\n\n\n\n<h3 class=\"wp-block-heading\">Seguran\u00e7a P\u00fablica<\/h3>\n\n\n\n<ul class=\"wp-block-list\"><li>Pol\u00edcia Civil;<\/li>\n\n\n\n<li>Pol\u00edcia Militar;<\/li>\n\n\n\n<li>Secretaria de Estado de Administra\u00e7\u00e3o Penitenci\u00e1ria (Seap);<\/li>\n\n\n\n<li>Funda\u00e7\u00e3o de Atendimento Socioeducativo do Par\u00e1 (Fasepa);<\/li>\n\n\n\n<li>Departamento Estadual de Tr\u00e2nsito (Detran).<\/li>\n<\/ul><h3 class=\"wp-block-heading\">Sa\u00fade<\/h3>\n\n\n\n<ul class=\"wp-block-list\"><li>Secretaria de Estado de Sa\u00fade P\u00fablica (Sespa);<\/li>\n\n\n\n<li>Funda\u00e7\u00e3o Hospital de Cl\u00ednicas Gaspar Vianna;<\/li>\n\n\n\n<li>Hospital Ophir Loyola.<\/li>\n<\/ul><h3 class=\"wp-block-heading\">Educa\u00e7\u00e3o<\/h3>\n\n\n\n<ul class=\"wp-block-list\"><li>Secretaria de Estado de Educa\u00e7\u00e3o (Seduc);<\/li>\n\n\n\n<li>Universidade do Estado do Par\u00e1 (Uepa).<\/li>\n<\/ul><p><em>\u201cN\u00f3s temos a convic\u00e7\u00e3o de que ainda no primeiro semestre de 2021 teremos o in\u00edcio das provas de sele\u00e7\u00e3o para a Pol\u00edcia Civil do Estado. Vamos disponibilizar vagas para delegado, escriv\u00e3o e papiloscopista, todos de suma import\u00e2ncia no desvendar de crimes naquilo que trabalhamos enquanto pol\u00edcia judici\u00e1ria. Vamos ofertar em torno de 1.500 vagas, o maior da hist\u00f3ria do \u00f3rg\u00e3o levado a efeito por este Governo. Ganha a sociedade, com mais seguran\u00e7a p\u00fablica e a t\u00e3o almejada paz social\u201d<\/em>, relatou o delegado-geral da Pol\u00edcia Civil, Alberto Teixeira.<\/p>\n\n\n\n<p>Al\u00e9m de Sa\u00fade, Seguran\u00e7a e Educa\u00e7\u00e3o, o Estado do Par\u00e1 ainda poder\u00e1 ser contemplado com editais de\u00a0concurso\u00a0em outras \u00e1reas.\u00a0<strong>As demais oportunidades do governo do Par\u00e1 ser\u00e3o para as seguintes \u00e1reas:<\/strong><\/p>\n\n\n\n<ul class=\"wp-block-list\"><li><strong>\u00c1rea Fiscal<\/strong>: concurso para Secretaria de Estado da Fazenda (SEFA), com cargos de n\u00edvel superior;<\/li>\n\n\n\n<li><strong>\u00c1rea Ambiental<\/strong>: concurso para Secretaria de Estado de Meio Ambiente e Sustentabilidade\/Semas;<\/li>\n\n\n\n<li><strong>\u00c1rea Administrativa<\/strong>: concurso para Procuradoria-Geral do Estado do Par\u00e1\/PGE, cargo com forma\u00e7\u00e3o em Direito.<\/li>\n<\/ul><p><em>\u201cContinuamos com a mesma postura. Mesmo diante da pandemia n\u00e3o paramos os nossos trabalhos. A prioridade permanece sendo concurso, e estamos fazendo de tudo para agilizar os que est\u00e3o em andamento. Mas precisamos respeitar as regras da OMS (Organiza\u00e7\u00e3o Mundial da Sa\u00fade) e o decreto do governador\u201d<\/em>, informou a Seplad.<\/p>","protected":false},"excerpt":{"rendered":"<p>Foi informado pela Defensoria P\u00fablica do Estado do Par\u00e1,\u00a0que prepara um novo\u00a0concurso\u00a0DPE PA para servidores na \u00e1rea de Apoio. Vagas para n\u00edveis m\u00e9dio e superior! Edital do novo concurso DPE PA \u00c9 preparado pela Defensoria P\u00fablica do Estado do Par\u00e1,\u00a0um novo\u00a0concurso\u00a0DPE PA para os servidores na \u00e1rea de Apoio. Os estudos para viabilizar o certame [&hellip;]<\/p>\n","protected":false},"author":46247,"featured_media":0,"comment_status":"closed","ping_status":"closed","sticky":false,"template":"","format":"standard","meta":{"_acf_changed":false,"footnotes":"","_wp_rev_ctl_limit":""},"categories":[228],"tags":[],"class_list":["post-225620","post","type-post","status-publish","format-standard","hentry","category-noticias"],"acf":[],"_links":{"self":[{"href":"https:\/\/www.novaconcursos.com.br\/portal\/wp-json\/wp\/v2\/posts\/225620","targetHints":{"allow":["GET"]}}],"collection":[{"href":"https:\/\/www.novaconcursos.com.br\/portal\/wp-json\/wp\/v2\/posts"}],"about":[{"href":"https:\/\/www.novaconcursos.com.br\/portal\/wp-json\/wp\/v2\/types\/post"}],"author":[{"embeddable":true,"href":"https:\/\/www.novaconcursos.com.br\/portal\/wp-json\/wp\/v2\/users\/46247"}],"replies":[{"embeddable":true,"href":"https:\/\/www.novaconcursos.com.br\/portal\/wp-json\/wp\/v2\/comments?post=225620"}],"version-history":[{"count":1,"href":"https:\/\/www.novaconcursos.com.br\/portal\/wp-json\/wp\/v2\/posts\/225620\/revisions"}],"predecessor-version":[{"id":225621,"href":"https:\/\/www.novaconcursos.com.br\/portal\/wp-json\/wp\/v2\/posts\/225620\/revisions\/225621"}],"wp:attachment":[{"href":"https:\/\/www.novaconcursos.com.br\/portal\/wp-json\/wp\/v2\/media?parent=225620"}],"wp:term":[{"taxonomy":"category","embeddable":true,"href":"https:\/\/www.novaconcursos.com.br\/portal\/wp-json\/wp\/v2\/categories?post=225620"},{"taxonomy":"post_tag","embeddable":true,"href":"https:\/\/www.novaconcursos.com.br\/portal\/wp-json\/wp\/v2\/tags?post=225620"}],"curies":[{"name":"wp","href":"https:\/\/api.w.org\/{rel}","templated":true}]}}