{"id":225707,"date":"2020-01-28T17:08:00","date_gmt":"2020-01-28T20:08:00","guid":{"rendered":"https:\/\/www.novaconcursos.com.br\/portal\/?p=225707"},"modified":"2025-12-08T10:49:39","modified_gmt":"2025-12-08T13:49:39","slug":"concurso-depen-comissao-organizadora-deve-ser-constituida-ate-fevereiro","status":"publish","type":"post","link":"https:\/\/www.novaconcursos.com.br\/portal\/noticias\/concurso-depen-comissao-organizadora-deve-ser-constituida-ate-fevereiro\/","title":{"rendered":"Concurso DEPEN: Comiss\u00e3o organizadora deve ser constitu\u00edda at\u00e9 fevereiro!"},"content":{"rendered":"<p>A\u00a0comiss\u00e3o organizadora\u00a0do\u00a0<a href=\"https:\/\/www.novaconcursos.com.br\/portal\/concursos\/senappen\/\">concurso\u00a0DEPEN\u00a0<\/a>(Departamento Penitenci\u00e1rio Nacional) respons\u00e1vel pelos preparativos,\u00a0<strong>deve ser formada at\u00e9 o m\u00eas de fevereiro<\/strong>. Est\u00e3o autorizadas\u00a0<strong>309 vagas\u00a0<\/strong>para o certame!<\/p>\n\n\n\n<h2 class=\"wp-block-heading\" id=\"comisso-organizadora-do-concurso-depen\">Comiss\u00e3o organizadora do concurso DEPEN<\/h2>\n\n\n\n<p><strong>O Departamento Penitenci\u00e1rio Nacional deve divulgar o edital do concurso DEPEN 2020, ainda no 1\u00b0 semestre deste ano<\/strong>. O \u00f3rg\u00e3o deve anunciar a comiss\u00e3o organizadora que ficar\u00e1 respons\u00e1vel por definir todos os detalhes do certame, at\u00e9 o final do m\u00eas de fevereiro.<\/p>\n\n\n\n<p>Isto porque, a portaria do Minist\u00e9rio da Economia, que autorizou o concurso,\u00a0<strong>determina que o edital precisa ser divulgado at\u00e9 o final do m\u00eas de junho<\/strong>.<\/p>\n\n\n\n<p>Sendo assim,\u00a0<strong>\u00e9 preciso que o DEPEN anuncie o quanto antes o grupo de trabalho que ser\u00e1 respons\u00e1vel por definir os detalhes da sele\u00e7\u00e3o<\/strong>, tais como banca organizadora, cronograma, programas, entre outros. O certame est\u00e1 autorizado desde o dia 31 de dezembro de 2019.<\/p>\n\n\n\n<p><strong>O concurso DEPEN ir\u00e1 ofertar 309 vagas<\/strong>, distribu\u00eddas pelas seguintes oportunidades:<\/p>\n\n\n\n<h3 class=\"wp-block-heading\">N\u00edvel M\u00e9dio<\/h3>\n\n\n\n<ul class=\"wp-block-list\"><li>Agente Federal de Execu\u00e7\u00e3o Penal (Agente Penitenci\u00e1rio): 294 vagas;<\/li>\n<\/ul><h3 class=\"wp-block-heading\">N\u00edvel Superior<\/h3>\n\n\n\n<ul class=\"wp-block-list\"><li>Especialista Federal em Assist\u00eancia \u00e0 Execu\u00e7\u00e3o Penal: 15 vagas.<\/li>\n<\/ul><p>O\u00a0<strong>sal\u00e1rio<\/strong>\u00a0para o cargo de\u00a0<strong>Agente<\/strong>, \u00e9 composto pelo vencimento b\u00e1sico de\u00a0<strong>R$ 4.170,63<\/strong>, mais Gratifica\u00e7\u00e3o de Desempenho de Atividade de Assist\u00eancia Especializada do Departamento Penitenci\u00e1rio Nacional do Minist\u00e9rio da Justi\u00e7a (GDAPEN) de\u00a0<strong>R$ 1.401,60<\/strong>, e o aux\u00edlio-alimenta\u00e7\u00e3o de<strong>\u00a0R$ 458,00<\/strong>, totalizando os ganhos para\u00a0<strong>R$ 6.030,23<\/strong>.<\/p>\n\n\n\n<p>J\u00e1 para\u00a0<strong>Especialista<\/strong>, a remunera\u00e7\u00e3o inicial \u00e9 de\u00a0<strong>R$ 5.865,70<\/strong>. O valor tamb\u00e9m inclui o vencimento b\u00e1sico de\u00a0<strong>R$ 4.361,30<\/strong>, a Gratifica\u00e7\u00e3o de Desempenho de Atividade de Assist\u00eancia Especializada do Departamento Penitenci\u00e1rio Nacional do Minist\u00e9rio da Justi\u00e7a (GDAPEN) de\u00a0<strong>R$ 1.046,40<\/strong>, al\u00e9m do aux\u00edlio-alimenta\u00e7\u00e3o de\u00a0<strong>R$ 458,00<\/strong>.<\/p>\n\n\n\n<p>No \u00faltimo edital para o cargo de\u00a0<strong>Agente Federal de Execu\u00e7\u00e3o Penal<\/strong>, al\u00e9m da escolaridade de\u00a0<strong>n\u00edvel m\u00e9dio<\/strong>, foi exigido Carteira Nacional de Habilita\u00e7\u00e3o<strong>\u00a0(CNH) na categoria B<\/strong>. Para a carreira de\u00a0<strong>Especialista Federal em Assist\u00eancia \u00e0 Execu\u00e7\u00e3o Penal<\/strong>, foi exigido a comprova\u00e7\u00e3o da forma\u00e7\u00e3o,\u00a0<strong>diploma, para as \u00e1reas de:<\/strong>\u00a0Enfermagem, Farm\u00e1cia, Psicologia, Servi\u00e7o Social e Terapia Ocupacional.<\/p>\n\n\n\n<p>A DEPEN possui\u00a0<strong>cinco unidades profissionais<\/strong>, sendo elas:<\/p>\n\n\n\n<ul class=\"wp-block-list\"><li>Penitenci\u00e1ria Federal em Bras\u00edlia\/DF;<\/li>\n\n\n\n<li>Penitenci\u00e1ria Federal em Campo Grande\/MS;<\/li>\n\n\n\n<li>Penitenci\u00e1ria Federal em Catanduvas\/PR;<\/li>\n\n\n\n<li>Penitenci\u00e1ria Federal em Mossor\u00f3\/RN;<\/li>\n\n\n\n<li>Penitenci\u00e1ria Federal em Porto Velho\/RO.<\/li>\n<\/ul><p><strong>\u00c9 bem prov\u00e1vel que a sele\u00e7\u00e3o oferte vagas para ambos os sexos<\/strong>. Ao longo do prazo de validade do concurso, que ser\u00e1 de dois anos, podendo ser prorrogado por igual per\u00edodo, mais candidatos aprovados poder\u00e3o ser convocados.<\/p>\n\n\n\n<h2 class=\"wp-block-heading\" id=\"concurso-depen-2015-teve-trs-etapas-avaliativas\">Concurso DEPEN 2015 teve tr\u00eas etapas avaliativas<\/h2>\n\n\n\n<p>O concurso DEPEN realizado no ano de\u00a0<strong>2015<\/strong>, teve como\u00a0<strong>banca organizadora\u00a0<\/strong>o<strong>\u00a0Cebraspe<\/strong>,\u00a0<strong>e contou com tr\u00eas etapas avaliativas:<\/strong>\u00a0prova objetiva, prova discursiva e teste de aptid\u00e3o f\u00edsica. O TAF s\u00f3 foi aplicado para os candidatos aprovados nas duas primeiras etapas.<\/p>\n\n\n\n<p>A\u00a0<strong>prova objetiva<\/strong>, de car\u00e1ter eliminat\u00f3rio e classificat\u00f3rio, foi composta por\u00a0<strong>120 quest\u00f5es<\/strong>, sendo\u00a0<strong>50 quest\u00f5es<\/strong>\u00a0de Conhecimentos B\u00e1sicos,\u00a0<strong>30 quest\u00f5es<\/strong>\u00a0de Conhecimentos Complementares e\u00a0<strong>40 quest\u00f5es<\/strong>\u00a0de Conhecimentos Espec\u00edficos.<\/p>\n\n\n\n<p><strong>Para o cargo de Agente Penitenci\u00e1rio, o exame englobou as seguintes disciplinas:<\/strong>\u00a0L\u00edngua Portuguesa, Atualidades, No\u00e7\u00f5es de \u00c9tica no Servi\u00e7o P\u00fablico, No\u00e7\u00f5es de Direitos Humanos e Participa\u00e7\u00e3o Social e Mat\u00e9rias Espec\u00edficas de acordo com a \u00e1rea concorrida.<\/p>\n\n\n\n<p><strong>J\u00e1 a avalia\u00e7\u00e3o de T\u00e9cnico e Especialista contou com as seguintes quest\u00f5es:<\/strong>\u00a0L\u00edngua Portuguesa, Atualidades, No\u00e7\u00f5es de \u00c9tica no Servi\u00e7o P\u00fablico, No\u00e7\u00f5es de Direitos Humanos e Participa\u00e7\u00e3o Social, Conhecimentos Complementares para os cargos.<\/p>\n\n\n\n<p>Para ter sido\u00a0<strong>considerado aprovado<\/strong>, foi necess\u00e1rio o candidato alcan\u00e7ar no m\u00ednimo\u00a0<strong>32 pontos<\/strong>. Os participantes ainda realizaram uma\u00a0<strong>prova discursiva<\/strong>, valendo at\u00e9\u00a0<strong>80 pontos<\/strong>. O crit\u00e9rio para aprova\u00e7\u00e3o no exame discursivo, era garantir o m\u00ednimo de<strong>\u00a024 pontos<\/strong>.<\/p>\n\n\n\n<p><strong>A avalia\u00e7\u00e3o consistia na elabora\u00e7\u00e3o de uma reda\u00e7\u00e3o dissertativa<\/strong>, com tema formulado pela banca examinadora. Os principais crit\u00e9rios de avalia\u00e7\u00e3o, eram coes\u00e3o e coer\u00eancia textual.<\/p>\n\n\n\n<p><strong>Os exames de aptid\u00e3o f\u00edsica (TAF), exigiam os seguintes exerc\u00edcios:<\/strong>\u00a0testes de barra fixa (teste masculino), teste est\u00e1tico de barra fixa (teste feminino), impuls\u00e3o horizontal e corrida de 12 minutos, para o cargo de Agente Penitenci\u00e1rio. J\u00e1 para T\u00e9cnicos e Especialistas, foi exigido um teste de corrida de 12 minutos.<\/p>\n\n\n\n<p>No ano de\u00a0<strong>2015<\/strong>, a nota de corte para a carreira de\u00a0<strong>Agente Penitenci\u00e1rio\/\u00c1rea 3<\/strong>, cuja oferta foi de 120 vagas (sendo 90 vagas na ampla concorr\u00eancia), foi de\u00a0<strong>189,67 pontos<\/strong>. A pontua\u00e7\u00e3o j\u00e1 engloba o resultado obtido nas provas objetiva e discursiva.<\/p>\n\n\n\n<p>Os interessados nesse cargo, precisavam ter o dom\u00ednio das disciplinas de\u00a0<strong>Legisla\u00e7\u00e3o Penitenci\u00e1ria, Legisla\u00e7\u00e3o Especial e Criminologia<\/strong>.<\/p>\n\n\n\n<p><strong>Todos os candidatos aprovados no concurso DEPEN 2015 foram convocados<\/strong>. Na \u00e9poca, a sele\u00e7\u00e3o ofertou 258 vagas imediatas, sendo todas elas preenchidas. Tamb\u00e9m foram chamados mais 128 aprovados no cadastro de reservas. No total,<strong>\u00a0foram 386 contrata\u00e7\u00f5es<\/strong>.<\/p>","protected":false},"excerpt":{"rendered":"<p>A\u00a0comiss\u00e3o organizadora\u00a0do\u00a0concurso\u00a0DEPEN\u00a0(Departamento Penitenci\u00e1rio Nacional) respons\u00e1vel pelos preparativos,\u00a0deve ser formada at\u00e9 o m\u00eas de fevereiro. Est\u00e3o autorizadas\u00a0309 vagas\u00a0para o certame! Comiss\u00e3o organizadora do concurso DEPEN O Departamento Penitenci\u00e1rio Nacional deve divulgar o edital do concurso DEPEN 2020, ainda no 1\u00b0 semestre deste ano. O \u00f3rg\u00e3o deve anunciar a comiss\u00e3o organizadora que ficar\u00e1 respons\u00e1vel por definir todos [&hellip;]<\/p>\n","protected":false},"author":16,"featured_media":0,"comment_status":"closed","ping_status":"closed","sticky":false,"template":"","format":"standard","meta":{"_acf_changed":false,"footnotes":"","_wp_rev_ctl_limit":""},"categories":[228],"tags":[],"class_list":["post-225707","post","type-post","status-publish","format-standard","hentry","category-noticias"],"acf":[],"_links":{"self":[{"href":"https:\/\/www.novaconcursos.com.br\/portal\/wp-json\/wp\/v2\/posts\/225707","targetHints":{"allow":["GET"]}}],"collection":[{"href":"https:\/\/www.novaconcursos.com.br\/portal\/wp-json\/wp\/v2\/posts"}],"about":[{"href":"https:\/\/www.novaconcursos.com.br\/portal\/wp-json\/wp\/v2\/types\/post"}],"author":[{"embeddable":true,"href":"https:\/\/www.novaconcursos.com.br\/portal\/wp-json\/wp\/v2\/users\/16"}],"replies":[{"embeddable":true,"href":"https:\/\/www.novaconcursos.com.br\/portal\/wp-json\/wp\/v2\/comments?post=225707"}],"version-history":[{"count":2,"href":"https:\/\/www.novaconcursos.com.br\/portal\/wp-json\/wp\/v2\/posts\/225707\/revisions"}],"predecessor-version":[{"id":299208,"href":"https:\/\/www.novaconcursos.com.br\/portal\/wp-json\/wp\/v2\/posts\/225707\/revisions\/299208"}],"wp:attachment":[{"href":"https:\/\/www.novaconcursos.com.br\/portal\/wp-json\/wp\/v2\/media?parent=225707"}],"wp:term":[{"taxonomy":"category","embeddable":true,"href":"https:\/\/www.novaconcursos.com.br\/portal\/wp-json\/wp\/v2\/categories?post=225707"},{"taxonomy":"post_tag","embeddable":true,"href":"https:\/\/www.novaconcursos.com.br\/portal\/wp-json\/wp\/v2\/tags?post=225707"}],"curies":[{"name":"wp","href":"https:\/\/api.w.org\/{rel}","templated":true}]}}