{"id":225799,"date":"2024-03-20T10:55:14","date_gmt":"2024-03-20T13:55:14","guid":{"rendered":"https:\/\/www.novaconcursos.com.br\/portal\/?p=225799"},"modified":"2024-03-20T10:55:17","modified_gmt":"2024-03-20T13:55:17","slug":"concursos-federais-presidente-lula-reconhece-a-necessidade-de-novos-servidores","status":"publish","type":"post","link":"https:\/\/www.novaconcursos.com.br\/portal\/noticias\/concursos-federais-presidente-lula-reconhece-a-necessidade-de-novos-servidores\/","title":{"rendered":"Concursos Federais: Presidente Lula reconhece a necessidade de novos servidores!"},"content":{"rendered":"<p>O presidente Lula disse reconhecer o d\u00e9ficit de servidores e a necessidade de novos <a href=\"https:\/\/www.novaconcursos.com.br\/portal\/concursos-abertos\/nacional\">concursos federais<\/a> em 2024, devido a <strong>escassez de funcion\u00e1rios.<\/strong><\/p>\n\n\n\n<p>A fala foi dada durante reuni\u00e3o ministerial na \u00faltima segunda-feira, 18 de mar\u00e7o. Ainda foi citada a necessidade e import\u00e2ncia do <strong>Concurso Nacional Unificado.<\/strong><\/p>\n\n\n\n<p>Quer saber detalhes do que disse o presidente da Rep\u00fablica e seus ministros? Venha comigo nesta mat\u00e9ria e n\u00e3o perca nenhuma informa\u00e7\u00e3o!<\/p>\n\n\n\n<h2 class=\"wp-block-heading\" id=\"haver-novos-concursos-federais-autorizados-em-2024\">Haver\u00e1 novos concursos federais autorizados em 2024?<\/h2>\n\n\n\n<p>Ao que tudo indica, novos editais de concursos federais podem sim <strong>sair em 2024<\/strong>. Entretanto, ainda n\u00e3o h\u00e1 nenhuma autoriza\u00e7\u00e3o oficial.<\/p>\n\n\n\n<p>Na \u00faltima segunda-feira, 18 de mar\u00e7o, foi promovida uma <strong>reuni\u00e3o <\/strong>entre o presidente da Rep\u00fablica, Luiz In\u00e1cio Lula da Silva, junto de seus ministros de governo.<\/p>\n\n\n\n<p>Assim, o encontro tratou sobre o balan\u00e7o do primeiro ano de governo, quando foi enfatizada a escassez de funcion\u00e1rios e a urg\u00eancia de mais concursos.<\/p>\n\n\n\n<blockquote class=\"wp-block-quote is-layout-flow wp-block-quote-is-layout-flow\">\n<p><em>\u201cN\u00f3s ainda n\u00e3o conseguimos suprir todas as demandas de concurso para vencer o obst\u00e1culo de muita gente que se aposentou, ou que est\u00e1 perto de se aposentar. A (ministra da Gest\u00e3o e Inova\u00e7\u00e3o em Servi\u00e7os P\u00fablicos) Esther tem trabalhado na tentativa na possibilidade de fazer os concursos que todo mundo necessita\u201d,<\/em> evidenciou.<\/p>\n\n\n\n<p>Al\u00e9m disso, Lula ainda citou a situa\u00e7\u00e3o que cada minist\u00e9rio apresentava em janeiro de 2023, com o in\u00edcio do novo governo. Ele elogiou os trabalhos de seus ministros!<\/p>\n\n\n\n<blockquote class=\"wp-block-quote is-layout-flow wp-block-quote-is-layout-flow\">\n<p><em>\u201cCada um de voc\u00eas sabe como encontrou o minist\u00e9rio. Quase todos os minist\u00e9rios defasados do ponto de vista de profissionais. Alguns minist\u00e9rios praticamente destru\u00eddos, que n\u00e3o funcionavam. Alguns minist\u00e9rios com menos da metade dos funcion\u00e1rios que precisavam. E a maioria sem pol\u00edticas p\u00fablicas que tivessem interesse de inclus\u00e3o social\u201d<\/em>, disse.<\/p>\n\n\n\n<h2 class=\"wp-block-heading\" id=\"ministro-da-casa-civil-destaca-reajuste-e-cnu\">Ministro da Casa Civil destaca reajuste e CNU<\/h2>\n\n\n\n<p>Durante sua fala, o ministro da Casa Civil, Rui Costa, citou o <strong>pioneiro <\/strong>Concurso Nacional Unificado, promovido pela primeira vez no pa\u00eds. Al\u00e9m disso, ele lembrou ainda do <strong>reajuste <\/strong>de 9% concedido pelo governo. <\/p>\n<\/blockquote>\n<\/blockquote>\n\n\n\n<blockquote class=\"wp-block-quote is-layout-flow wp-block-quote-is-layout-flow\">\n<p><em>\u201c\u00c9 algo in\u00e9dito na hist\u00f3ria do Brasil. Eu diria que caiu no agrado dos chamados concurseiros. H\u00e1, de fato, um reconhecimento para essa iniciativa positiva do Minist\u00e9rio da Gest\u00e3o de fazer um concurso unificado que possibilita e democratiza o acesso\u201d<\/em>, afirmou o ministro.<\/p>\n\n\n\n<h2 class=\"wp-block-heading\" id=\"ministra-do-mgi-j-adiantou-novos-concursos-federais\">Ministra do MGI j\u00e1 adiantou novos concursos federais<\/h2>\n\n\n\n<p>Primeiramente, \u00e9 importante dizer que o <strong>Minist\u00e9rio da Gest\u00e3o e da Inova\u00e7\u00e3o<\/strong> em Servi\u00e7os P\u00fablicos \u00e9 o respons\u00e1vel por analisar e autorizar os concursos para os \u00f3rg\u00e3os do Executivo Federal.<\/p>\n\n\n\n<p>Por isso, a ministra da pasta, Esther Dweck, chegou a confirmar anteriormente que novos concursos federais ser\u00e3o autorizados em breve. Ela ainda citou que os primeiros <strong>sairiam em mar\u00e7o<\/strong>!<\/p>\n\n\n\n<blockquote class=\"wp-block-quote is-layout-flow wp-block-quote-is-layout-flow\">\n<p><em>\u201cEste ano iremos autorizar sim novos concursos, mas em uma quantidade inferior do que em 2023. Vamos esperar um pouco esse per\u00edodo das inscri\u00e7\u00f5es do concurso (unificado) para anunciar as novas vagas, possivelmente, ao longo do m\u00eas de mar\u00e7o\u201d<\/em>, disse ela.<\/p>\n<\/blockquote>\n\n\n\n<p>A previs\u00e3o \u00e9 de contemplar o Instituto Brasileiro do Meio Ambiente e dos Recursos Naturais Renov\u00e1veis (<strong>Ibama<\/strong>) e o Instituto Chico Mendes de Conserva\u00e7\u00e3o da Biodiversidade (<strong>ICMBio<\/strong>). <\/p>\n\n\n\n<p>A informa\u00e7\u00e3o corrobora com a possibilidade antecipada pela secret\u00e1ria executiva do Minist\u00e9rio da Gest\u00e3o e Inova\u00e7\u00e3o em Servi\u00e7os P\u00fablicos (MGI), Cristina Mori, em coletiva de imprensa realizada dia 23 de janeiro.<\/p>\n\n\n\n<p><em>\u201cEstamos come\u00e7ando os estudos agora para entender se vamos ter um n\u00famero de vagas que justifique a realiza\u00e7\u00e3o de um concurso em escala nacional, como estamos fazendo agora. As vagas que s\u00e3o autorizadas dependem dos \u00f3rg\u00e3os que nos mandaram, ent\u00e3o certamente requer uma nova articula\u00e7\u00e3o com um novo conjunto de \u00f3rg\u00e3os que tenham vagas supostamente aprovadas\u201d,<\/em>\u00a0disse Cristina Mori.<\/p>\n\n\n\n<p>10 mil autoriza\u00e7\u00f5es em <a href=\"https:\/\/www.novaconcursos.com.br\/portal\/noticias\/10-mil-autorizacoes-em-concursos-federais-ate-2026-afirma-ministra-esther-dweck\/\">concursos federais at\u00e9 2026<\/a>, afirma Ministra Esther Dweck!<\/p>\n\n\n\n<h2 class=\"wp-block-heading\" id=\"vai-ter-concurso-nacional-unificado-em-2025\">Vai ter concurso Nacional Unificado em 2025?<\/h2>\n\n\n\n<p>Segundo a ministra da Gest\u00e3o e Inova\u00e7\u00e3o em Servi\u00e7os P\u00fablicos, Esther Dweck, um novo\u00a0<a href=\"https:\/\/www.gov.br\/gestao\/pt-br\/concursonacional\" target=\"_blank\" rel=\"noreferrer noopener\">concurso Nacional Unificado<\/a>\u00a0ocorrer\u00e1 entre 2025 e 2026.<\/p>\n\n\n\n<p>J\u00e1 a secretaria Cristina Mori informou que uma nova edi\u00e7\u00e3o do CNU depender\u00e1 do or\u00e7amento e das vagas dispon\u00edveis.<\/p>\n\n\n\n<p><em>\u00a0\u201c\u00c9 um grande esfor\u00e7o para produzir um concurso como esse, ent\u00e3o acreditamos que haver\u00e1 uma nova edi\u00e7\u00e3o somente em 2025, mas isso vai depender das vagas aprovados e do or\u00e7amento. Ent\u00e3o estamos iniciando estudos para entender se haver\u00e1 um volume de vagas que justifique um novo certame\u201d,<\/em>\u00a0disse.<\/p>\n\n\n\n<ul class=\"wp-block-list\"><li>Confira:\u00a0<a href=\"https:\/\/www.novaconcursos.com.br\/curso-online\/concurso-nacional-unificado-cnu-bloco-4\">Concurso Nacional Unificado (CNU) \u2013 Bloco 4: Trabalho e Sa\u00fade do Servidor<\/a><\/li>\n\n\n\n<li>Confira:\u00a0<a href=\"https:\/\/www.novaconcursos.com.br\/curso-online\/concurso-nacional-unificado-cnu-bloco-7\">Concurso Nacional Unificado (CNU) \u2013 Bloco 7: Gest\u00e3o Governamental e Administra\u00e7\u00e3o P\u00fablica<\/a><\/li>\n<\/ul><p>Estude para o concurso dos seus sonhos com o\u00a0M\u00e9todo\u00a0que j\u00e1 ajudou na\u00a0aprova\u00e7\u00e3o de mais de 70 mil alunos!\u00a0<a href=\"https:\/\/aprovacao.novaconcursos.com.br\/assinatura\" target=\"_blank\" rel=\"noreferrer noopener\">Clique aqui<\/a>\u00a0e saiba mais!<\/p>\n\n\n\n<h2 class=\"wp-block-heading\" id=\"concurso-unificado-registrou-mais-de-2-milhes-de-inscries\">Concurso Unificado registrou mais de 2 milh\u00f5es de inscri\u00e7\u00f5es<\/h2>\n\n\n\n<p>O\u00a0<a href=\"https:\/\/www.novaconcursos.com.br\/portal\/concursos\/concurso-unificado-nacional\/\">concurso Unificado<\/a>\u00a0registrou 2,1 milh\u00e3o de inscritos, sendo 1.543.560 pagantes e 600.875 isentos da taxa de inscri\u00e7\u00e3o. O certame oferta 6.640 vagas de diversas especialidades para 21 \u00f3rg\u00e3os e minist\u00e9rios, com sal\u00e1rios de at\u00e9 R$ 22 mil.\u00a0<\/p>\n\n\n\n<ul class=\"wp-block-list\"><li><a href=\"https:\/\/www.novaconcursos.com.br\/portal\/noticias\/concurso-unificado-confira-o-numero-de-inscritos-em-cada-bloco-tematico\/\">Confira o n\u00famero de inscritos em cada bloco tem\u00e1tico!<\/a><\/li>\n<\/ul><p>Com as inscri\u00e7\u00f5es encerradas, as provas do\u00a0<a href=\"https:\/\/www.gov.br\/gestao\/pt-br\/concursonacional\" target=\"_blank\" rel=\"noreferrer noopener\">CNU<\/a>\u00a0\u00a0se aproximam. A aplica\u00e7\u00e3o das avalia\u00e7\u00f5es ser\u00e1 no dia 05 de maio de 2024, em diferentes turnos:<\/p>\n\n\n\n<ul class=\"wp-block-list\"><li>Manh\u00e3\n<ul class=\"wp-block-list\"><li>n\u00edvel superior: provas objetivas de conhecimentos gerais \u2013 20 quest\u00f5es + prova discursiva de conhecimentos espec\u00edficos do bloco (2h30 de dura\u00e7\u00e3o)<\/li>\n\n\n\n<li>n\u00edvel m\u00e9dio: 15 quest\u00f5es de l\u00edngua portuguesa + reda\u00e7\u00e3o (2h30 de dura\u00e7\u00e3o)<\/li>\n<\/ul><\/li>\n\n\n\n<li>Tarde\n<ul class=\"wp-block-list\"><li>n\u00edvel superior: provas objetivas de conhecimentos espec\u00edficos \u2013 50 quest\u00f5es (3h30 de dura\u00e7\u00e3o)<\/li>\n\n\n\n<li>n\u00edvel m\u00e9dio: provas objetivas \u2013 45 quest\u00f5es (3h de dura\u00e7\u00e3o)<\/li>\n<\/ul><\/li>\n<\/ul><p><strong>Saiba o que estudar:\u00a0<\/strong><a href=\"https:\/\/www.novaconcursos.com.br\/portal\/concursos\/concurso-unificado-nacional\/\">Concurso Nacional Unificado: Editais publicados. 6.640 vagas!<\/a><\/p>\n\n\n\n<p>Conhe\u00e7a outros concursos que est\u00e3o abertos:\u00a0<a href=\"https:\/\/www.novaconcursos.com.br\/portal\/concursos-abertos\/\">Concursos Abertos: Mais de\u00a060 mil vagas\u00a0abertas para\u00a0todos os n\u00edveis!<\/a><\/p>\n<\/blockquote>","protected":false},"excerpt":{"rendered":"<p>O presidente Lula disse reconhecer o d\u00e9ficit de servidores e a necessidade de novos concursos federais em 2024, devido a escassez de funcion\u00e1rios. A fala foi dada durante reuni\u00e3o ministerial na \u00faltima segunda-feira, 18 de mar\u00e7o. Ainda foi citada a necessidade e import\u00e2ncia do Concurso Nacional Unificado. Quer saber detalhes do que disse o presidente [&hellip;]<\/p>\n","protected":false},"author":54671,"featured_media":225800,"comment_status":"closed","ping_status":"closed","sticky":false,"template":"","format":"standard","meta":{"_acf_changed":false,"footnotes":"","_wp_rev_ctl_limit":""},"categories":[228],"tags":[],"class_list":["post-225799","post","type-post","status-publish","format-standard","has-post-thumbnail","hentry","category-noticias"],"acf":[],"_links":{"self":[{"href":"https:\/\/www.novaconcursos.com.br\/portal\/wp-json\/wp\/v2\/posts\/225799","targetHints":{"allow":["GET"]}}],"collection":[{"href":"https:\/\/www.novaconcursos.com.br\/portal\/wp-json\/wp\/v2\/posts"}],"about":[{"href":"https:\/\/www.novaconcursos.com.br\/portal\/wp-json\/wp\/v2\/types\/post"}],"author":[{"embeddable":true,"href":"https:\/\/www.novaconcursos.com.br\/portal\/wp-json\/wp\/v2\/users\/54671"}],"replies":[{"embeddable":true,"href":"https:\/\/www.novaconcursos.com.br\/portal\/wp-json\/wp\/v2\/comments?post=225799"}],"version-history":[{"count":4,"href":"https:\/\/www.novaconcursos.com.br\/portal\/wp-json\/wp\/v2\/posts\/225799\/revisions"}],"predecessor-version":[{"id":225811,"href":"https:\/\/www.novaconcursos.com.br\/portal\/wp-json\/wp\/v2\/posts\/225799\/revisions\/225811"}],"wp:featuredmedia":[{"embeddable":true,"href":"https:\/\/www.novaconcursos.com.br\/portal\/wp-json\/wp\/v2\/media\/225800"}],"wp:attachment":[{"href":"https:\/\/www.novaconcursos.com.br\/portal\/wp-json\/wp\/v2\/media?parent=225799"}],"wp:term":[{"taxonomy":"category","embeddable":true,"href":"https:\/\/www.novaconcursos.com.br\/portal\/wp-json\/wp\/v2\/categories?post=225799"},{"taxonomy":"post_tag","embeddable":true,"href":"https:\/\/www.novaconcursos.com.br\/portal\/wp-json\/wp\/v2\/tags?post=225799"}],"curies":[{"name":"wp","href":"https:\/\/api.w.org\/{rel}","templated":true}]}}