{"id":22670,"date":"2026-02-13T14:54:46","date_gmt":"2026-02-13T17:54:46","guid":{"rendered":"http:\/\/www.novaconcursos.com.br\/portal\/?post_type=nc-public-tender&#038;p=22670"},"modified":"2026-02-13T14:54:55","modified_gmt":"2026-02-13T17:54:55","slug":"concurso-prefeitura-de-florianopolis-guarda-municipal","status":"publish","type":"post","link":"https:\/\/www.novaconcursos.com.br\/portal\/concursos\/concurso-prefeitura-de-florianopolis-guarda-municipal\/","title":{"rendered":"Concurso GCM Florian\u00f3polis: Edital previsto para 2026!"},"content":{"rendered":"<p>O concurso GCM Florian\u00f3polis <strong>est\u00e1 previsto para 2026 <\/strong>e deve representar uma nova oportunidade para quem deseja ingressar na \u00e1rea de seguran\u00e7a p\u00fablica municipal na capital catarinense. A Guarda Municipal de Florian\u00f3polis (GMF) \u00e9 a institui\u00e7\u00e3o respons\u00e1vel por atuar na prote\u00e7\u00e3o de bens, servi\u00e7os e espa\u00e7os p\u00fablicos, al\u00e9m de apoiar a\u00e7\u00f5es de ordem e seguran\u00e7a urbana no munic\u00edpio.<\/p>\n\n\n\n<p>O an\u00fancio oficial do novo certame foi feito pelo prefeito Top\u00e1zio Neto durante a abertura dos trabalhos legislativos na C\u00e2mara Municipal, refor\u00e7ando a inten\u00e7\u00e3o da administra\u00e7\u00e3o em ampliar o efetivo da corpora\u00e7\u00e3o. A expectativa inicial \u00e9 de que o edital contemple entre <strong>50 e 100 vagas imediatas<\/strong>, al\u00e9m da forma\u00e7\u00e3o de <strong>cadastro reserva<\/strong>.<\/p>\n\n\n\n<p>Outro destaque do concurso GCM Florian\u00f3polis \u00e9 a remunera\u00e7\u00e3o inicial estimada em <strong>R$ 7.091,26<\/strong>, valor que j\u00e1 considera os adicionais previstos para o exerc\u00edcio da fun\u00e7\u00e3o. A seguir, confira todos os detalhes sobre vagas, sal\u00e1rio, pr\u00f3ximos passos e o que esperar do edital previsto para 2026!<\/p>\n\n\n\n<h2 class=\"wp-block-heading\" id=\"concurso-gcm-florianpolis-situao-atual\">Concurso GCM Florian\u00f3polis: Situa\u00e7\u00e3o atual!<\/h2>\n\n\n\n<p>O concurso GCM <a href=\"https:\/\/www.pmf.sc.gov.br\/\" target=\"_blank\" rel=\"noopener\">Florian\u00f3polis<\/a> foi oficialmente confirmado pelo prefeito Top\u00e1zio Neto e j\u00e1 est\u00e1 no radar da administra\u00e7\u00e3o municipal como uma das principais medidas para refor\u00e7ar a seguran\u00e7a p\u00fablica da capital catarinense. A expectativa \u00e9 de que o<strong> edital seja publicado em 2026, <\/strong>mas o avan\u00e7o do certame depende diretamente de ajustes legais em andamento.<\/p>\n\n\n\n<p>A confirma\u00e7\u00e3o foi feita durante a sess\u00e3o de abertura dos trabalhos legislativos na C\u00e2mara Municipal de Florian\u00f3polis, ocasi\u00e3o em que o prefeito enfatizou a necessidade de modernizar normas internas da corpora\u00e7\u00e3o antes da realiza\u00e7\u00e3o da sele\u00e7\u00e3o.<\/p>\n\n\n\n<p>De acordo com Top\u00e1zio Neto, a prefeitura trata como prioridade a tramita\u00e7\u00e3o de projetos estruturais que impactam diretamente a Guarda Municipal. Entre eles, est\u00e1 a proposta de atualiza\u00e7\u00e3o da legisla\u00e7\u00e3o que rege a GMF, considerada essencial para viabilizar a contrata\u00e7\u00e3o de novos servidores por meio de concurso p\u00fablico.<\/p>\n\n\n\n<p>Com a realiza\u00e7\u00e3o do concurso GCM Florian\u00f3polis, a previs\u00e3o \u00e9 de que o munic\u00edpio amplie o efetivo da Guarda Municipal, que atua na prote\u00e7\u00e3o de bens p\u00fablicos, no patrulhamento preventivo e no apoio \u00e0s a\u00e7\u00f5es de seguran\u00e7a urbana. Informa\u00e7\u00f5es preliminares indicam que o edital poder\u00e1 ofertar entre <strong>50 e 100 vagas imediatas<\/strong>, al\u00e9m da forma\u00e7\u00e3o de <strong>cadastro reserva<\/strong>.<\/p>\n\n\n\n<p>O cargo de Guarda Municipal exige <strong>escolaridade de n\u00edvel m\u00e9dio completo<\/strong>, e a remunera\u00e7\u00e3o inicial estimada gira em torno de <strong>R$ 7 mil<\/strong>, j\u00e1 considerando adicionais e gratifica\u00e7\u00f5es previstos na carreira. At\u00e9 o momento, a banca organizadora ainda n\u00e3o foi anunciada.<\/p>\n\n\n\n<p>Atualmente, segue em an\u00e1lise na C\u00e2mara Municipal o projeto de lei que altera a estrutura administrativa e funcional da Guarda Municipal de Florian\u00f3polis. Somente ap\u00f3s a aprova\u00e7\u00e3o dessas mudan\u00e7as legislativas ser\u00e1 poss\u00edvel dar andamento aos tr\u00e2mites formais, como a defini\u00e7\u00e3o da banca e a elabora\u00e7\u00e3o do edital.<\/p>\n\n\n\n<h2 class=\"wp-block-heading\" id=\"atribuies-de-um-guarda-municipal\">Atribui\u00e7\u00f5es de um Guarda Municipal<\/h2>\n\n\n\n<p>O cargo de Guarda Municipal \u00e9 fundamental para a seguran\u00e7a urbana e a preserva\u00e7\u00e3o do patrim\u00f4nio p\u00fablico. No caso do <strong>concurso GCM Florian\u00f3polis<\/strong>, os aprovados atuar\u00e3o diretamente em a\u00e7\u00f5es preventivas e de apoio \u00e0s pol\u00edticas municipais de seguran\u00e7a.<\/p>\n\n\n\n<p>Entre as principais atribui\u00e7\u00f5es de um Guarda Municipal, destacam-se:<\/p>\n\n\n\n<ul class=\"wp-block-list\"><li>realizar o patrulhamento preventivo em vias p\u00fablicas, pra\u00e7as, parques e demais espa\u00e7os municipais;<\/li>\n\n\n\n<li>proteger bens, servi\u00e7os e instala\u00e7\u00f5es p\u00fablicas do munic\u00edpio;<\/li>\n\n\n\n<li>atuar na preven\u00e7\u00e3o de ocorr\u00eancias e no apoio \u00e0 organiza\u00e7\u00e3o da ordem p\u00fablica;<\/li>\n\n\n\n<li>colaborar com \u00f3rg\u00e3os de seguran\u00e7a estaduais e federais em a\u00e7\u00f5es integradas, quando necess\u00e1rio;<\/li>\n\n\n\n<li>prestar atendimento \u00e0 popula\u00e7\u00e3o em situa\u00e7\u00f5es de risco ou emerg\u00eancia;<\/li>\n\n\n\n<li>auxiliar na fiscaliza\u00e7\u00e3o do cumprimento de normas municipais, especialmente em \u00e1reas de grande circula\u00e7\u00e3o;<\/li>\n\n\n\n<li>desenvolver a\u00e7\u00f5es de prote\u00e7\u00e3o escolar, ambiental e comunit\u00e1ria, conforme as diretrizes da corpora\u00e7\u00e3o.<\/li>\n<\/ul><p>A rotina do guarda municipal envolve contato direto com a popula\u00e7\u00e3o e exige preparo f\u00edsico, equil\u00edbrio emocional e capacidade de atua\u00e7\u00e3o em diferentes situa\u00e7\u00f5es do dia a dia da cidade.<\/p>\n\n\n\n<h2 class=\"wp-block-heading\" id=\"requisitos-do-concurso-gcm-florianpolis\">Requisitos do concurso GCM Florian\u00f3polis<\/h2>\n\n\n\n<p>O cargo de Guarda Civil Municipal do concurso GCM Florian\u00f3polis, exige os seguintes requisitos b\u00e1sicos:<\/p>\n\n\n\n<ul class=\"wp-block-list\"><li>Curso de ensino superior reconhecido pelo MEC;<\/li>\n\n\n\n<li>Carteira Nacional de Habilita\u00e7\u00e3o categorias \u201cAB\u201d, no m\u00ednimo;<\/li>\n\n\n\n<li>Ter idade m\u00ednima de 18 anos completos, na data de matr\u00edcula no Curso T\u00e9cnico Profissional para a Guarda Municipal de Florian\u00f3polis.<\/li>\n<\/ul><h2 class=\"wp-block-heading\" id=\"materiais-preparatrios-para-o-concurso-gcm-florianpolis\">Materiais preparat\u00f3rios para o concurso GCM Florian\u00f3polis<\/h2>\n\n\n\n<p>Confira abaixo o conte\u00fado program\u00e1tico das provas objetivas do concurso GCM Florian\u00f3polis, de acordo com o \u00faltimo edital:<\/p>\n\n\n\n<h3 class=\"wp-block-heading\">L\u00edngua Portuguesa<\/h3>\n\n\n\n<ul class=\"wp-block-list\"><li>Compreens\u00e3o e interpreta\u00e7\u00e3o de texto<\/li>\n\n\n\n<li>Significa\u00e7\u00e3o das palavras: sin\u00f4nimos, ant\u00f4nimos, sentido pr\u00f3prio e figurado<\/li>\n\n\n\n<li>Ortografia<\/li>\n\n\n\n<li>Pontua\u00e7\u00e3o<\/li>\n\n\n\n<li>Acentua\u00e7\u00e3o gr\u00e1fica<\/li>\n\n\n\n<li>Emprego das classes de palavras: substantivo, adjetivo, numeral, pronome, verbo, adv\u00e9rbio, preposi\u00e7\u00e3o, conjun\u00e7\u00e3o (classifica\u00e7\u00e3o e sentido nas rela\u00e7\u00f5es entre as ora\u00e7\u00f5es)<\/li>\n\n\n\n<li>Concord\u00e2ncia verbal e nominal<\/li>\n\n\n\n<li>Crase<\/li>\n\n\n\n<li>Emprego dos verbos<\/li>\n\n\n\n<li>Regras gramaticais<\/li>\n\n\n\n<li>Emprego dos porqu\u00eas<\/li>\n\n\n\n<li>Linguagem figurada<\/li>\n\n\n\n<li>Conota\u00e7\u00e3o e denota\u00e7\u00e3o<\/li>\n\n\n\n<li>V\u00edcios de linguagem<\/li>\n<\/ul><h3 class=\"wp-block-heading\">Legisla\u00e7\u00e3o<\/h3>\n\n\n\n<ul class=\"wp-block-list\"><li>C\u00f3digo de Tr\u00e2nsito Brasileiro e suas resolu\u00e7\u00f5es<\/li>\n\n\n\n<li>Lei n\u00ba 13.022, de 8 de agosto de 2014 \u2013 Estatuto Geral das Guardas Municipais<\/li>\n\n\n\n<li>Lei Complementar n\u00ba 119\/2003, com altera\u00e7\u00f5es da Lei Complementar n\u00ba 321\/2008 \u2013 Disp\u00f5e sobre a Guarda Municipal de Florian\u00f3polis<\/li>\n\n\n\n<li>Lei n\u00ba 10.826, de 22 de dezembro de 2003 \u2013 Disp\u00f5e sobre o registro, posse e comercializa\u00e7\u00e3o de armas de fogo e muni\u00e7\u00e3o, institui o Sistema Nacional de Armas (Sinarm), define crimes e d\u00e1 outras provid\u00eancias<\/li>\n\n\n\n<li>Estatuto dos Servidores Municipais de Florian\u00f3polis<\/li>\n<\/ul><h3 class=\"wp-block-heading\">Direito Administrativo<\/h3>\n\n\n\n<ul class=\"wp-block-list\"><li>Conceito, objeto, princ\u00edpios e fontes do Direito Administrativo<\/li>\n\n\n\n<li>Organiza\u00e7\u00e3o administrativa: administra\u00e7\u00e3o direta e indireta<\/li>\n\n\n\n<li>Autarquias<\/li>\n\n\n\n<li>Funda\u00e7\u00f5es p\u00fablicas<\/li>\n\n\n\n<li>Empresas p\u00fablicas<\/li>\n\n\n\n<li>Sociedades de economia mista<\/li>\n\n\n\n<li>Entidades paraestatais<\/li>\n\n\n\n<li>Atos administrativos: conceito, requisitos, elementos, pressupostos e classifica\u00e7\u00e3o<\/li>\n\n\n\n<li>Vincula\u00e7\u00e3o e discricionariedade<\/li>\n\n\n\n<li>Revoga\u00e7\u00e3o, convalida\u00e7\u00e3o e invalida\u00e7\u00e3o<\/li>\n\n\n\n<li>Controle dos atos administrativos<\/li>\n\n\n\n<li>Licita\u00e7\u00e3o e contratos administrativos: conceito, finalidades e princ\u00edpios<\/li>\n\n\n\n<li>Objeto e normas gerais (Lei n\u00ba 8.666\/93 e altera\u00e7\u00f5es)<\/li>\n\n\n\n<li>Lei Complementar n\u00ba 101\/00 (Lei de Responsabilidade Fiscal)<\/li>\n<\/ul><h3 class=\"wp-block-heading\">Direito Constitucional<\/h3>\n\n\n\n<ul class=\"wp-block-list\"><li>Constitui\u00e7\u00e3o: conceito e conte\u00fado<\/li>\n\n\n\n<li>Princ\u00edpios constitucionais e aplicabilidade<\/li>\n\n\n\n<li>Leis constitucionais e ordin\u00e1rias<\/li>\n\n\n\n<li>Hierarquia das leis<\/li>\n\n\n\n<li>Inconstitucionalidade das leis<\/li>\n\n\n\n<li>Declara\u00e7\u00e3o e n\u00e3o cumprimento de leis inconstitucionais<\/li>\n\n\n\n<li>Poderes Legislativo, Executivo e Judici\u00e1rio: composi\u00e7\u00e3o e atribui\u00e7\u00f5es<\/li>\n\n\n\n<li>Princ\u00edpios Fundamentais<\/li>\n\n\n\n<li>Direitos e Garantias Fundamentais<\/li>\n\n\n\n<li>Sistema Constitucional Tribut\u00e1rio<\/li>\n\n\n\n<li>Finan\u00e7as P\u00fablicas<\/li>\n\n\n\n<li>Autonomia Municipal<\/li>\n\n\n\n<li>Princ\u00edpios gerais da atividade econ\u00f4mica<\/li>\n\n\n\n<li>Pol\u00edtica urbana<\/li>\n<\/ul><h3 class=\"wp-block-heading\">Direito Penal<\/h3>\n\n\n\n<ul class=\"wp-block-list\"><li>Infra\u00e7\u00e3o penal: elementos e esp\u00e9cies (arts. 13 a 25)<\/li>\n\n\n\n<li>Sujeito ativo e sujeito passivo da infra\u00e7\u00e3o penal (arts. 26 a 31)<\/li>\n\n\n\n<li>Tipicidade, ilicitude, culpabilidade e punibilidade (arts. 1 a 12)<\/li>\n\n\n\n<li>Imputabilidade penal (arts. 26 a 28)<\/li>\n\n\n\n<li>Crimes contra a Administra\u00e7\u00e3o P\u00fablica (arts. 312 a 359-H)<\/li>\n\n\n\n<li>Abuso de autoridade (Lei n\u00ba 4.898, de 9 de dezembro de 1965)<\/li>\n\n\n\n<li>Lei n\u00ba 11.343, de 23 de agosto de 2006 (Lei de Drogas)<\/li>\n\n\n\n<li>Lei n\u00ba 10.826, de 2003 (Estatuto do Desarmamento)<\/li>\n\n\n\n<li>Crimes hediondos (Lei n\u00ba 8.072, de 25 de julho de 1990)<\/li>\n\n\n\n<li>Crimes de tortura (Lei n\u00ba 9.455, de 7 de abril de 1997)<\/li>\n\n\n\n<li>Lei de Execu\u00e7\u00e3o Penal (Lei n\u00ba 7.210, de 11 de julho de 1984)<\/li>\n\n\n\n<li>Estatuto do Desarmamento (Lei n\u00ba 10.826, de 22 de dezembro de 2003)<\/li>\n<\/ul><h3 class=\"wp-block-heading\">Direito Processual Penal<\/h3>\n\n\n\n<ul class=\"wp-block-list\"><li>Inqu\u00e9rito policial e notitia criminis (arts. 4 a 23)<\/li>\n\n\n\n<li>A\u00e7\u00e3o penal e suas esp\u00e9cies (arts. 24 a 62)<\/li>\n\n\n\n<li>Prova no processo penal (arts. 155 a 184 do C\u00f3digo de Processo Penal)<\/li>\n\n\n\n<li>Pris\u00e3o em flagrante (arts. 8, 26 e 282 a 310)<\/li>\n\n\n\n<li>Processo dos crimes de responsabilidade dos funcion\u00e1rios p\u00fablicos (arts. 513 a 518)<\/li>\n<\/ul><h2 class=\"wp-block-heading\" id=\"materiais-preparatrios-para-o-concurso-gcm-florianpolis\">Materiais preparat\u00f3rios para o concurso GCM Florian\u00f3polis<\/h2>\n\n\n\n<p>Sabemos que a jornada rumo ao servi\u00e7o p\u00fablico pode parecer desafiadora, mas voc\u00ea n\u00e3o est\u00e1 sozinho! A\u00a0<a href=\"https:\/\/www.novaconcursos.com.br\/\">Nova Concursos<\/a>\u00a0tem o compromisso de transformar vidas por meio da educa\u00e7\u00e3o, oferecendo materiais de qualidade e ajudando mais de\u00a0<strong>100 mil alunos<\/strong>\u00a0a conquistarem a t\u00e3o sonhada aprova\u00e7\u00e3o.<\/p>\n\n\n\n<p>Seja voc\u00ea o pr\u00f3ximo! Fa\u00e7a da Nova Concursos sua maior aliada rumo \u00e0 aprova\u00e7\u00e3o no concurso GCM Florian\u00f3polis!<\/p>\n\n\n\n<h3 class=\"wp-block-heading\">Assinatura Nova Concursos<\/h3>\n\n\n\n<p>Com o nosso exclusivo\u00a0<a href=\"https:\/\/aprovacao.novaconcursos.com.br\/assinatura\/?_gl=1*1leoa1x*_gcl_aw*R0NMLjE3NTUwMTEwNjguQ2owS0NRand6T3ZFQmhEVkFSSXNBREhmSkpTby1CeVpCRHpsYVRMQVNsbGpfMFdpdUV1THRRbzM0SGNfWWsyLTVnelBPTjcxWG4yYmpDMGFBck9yRUFMd193Y0I.*_gcl_au*NDE2NTU0ODc1LjE3NTMxODIzNTU.\">Plano do Especialista<\/a>, voc\u00ea segue uma trilha de estudos personalizada, organizada em ciclos que funcionam como um verdadeiro guia at\u00e9 a aprova\u00e7\u00e3o, como se tivesse um professor ao seu lado durante toda a prepara\u00e7\u00e3o.<\/p>\n\n\n\n<p>Al\u00e9m disso, oferecemos um atendimento humanizado, com tutores prontos para tirar d\u00favidas e orientar cada etapa da sua jornada.<\/p>\n\n\n\n<p>N\u00e3o adie o seu sonho:\u00a0<a href=\"https:\/\/aprovacao.novaconcursos.com.br\/assinatura\/?_gl=1*1leoa1x*_gcl_aw*R0NMLjE3NTUwMTEwNjguQ2owS0NRand6T3ZFQmhEVkFSSXNBREhmSkpTby1CeVpCRHpsYVRMQVNsbGpfMFdpdUV1THRRbzM0SGNfWWsyLTVnelBPTjcxWG4yYmpDMGFBck9yRUFMd193Y0I.*_gcl_au*NDE2NTU0ODc1LjE3NTMxODIzNTU.\">assine agora mesmo<\/a>\u00a0e descubra como \u00e9 se preparar com quem j\u00e1 ajudou milhares de candidatos a conquistar a aprova\u00e7\u00e3o!<\/p>\n\n\n\n<h2 class=\"wp-block-heading\" id=\"ltimo-concurso-gcm-florianpolis\">\u00daltimo concurso GCM Florian\u00f3polis<\/h2>\n\n\n\n<p>O \u00faltimo concurso GCM Florian\u00f3polis foi realizado em 2015 e teve a Funda\u00e7\u00e3o de Estudos e Pesquisas Socioecon\u00f4micos (Fepese) como banca organizadora. A sele\u00e7\u00e3o marcou a \u00faltima reposi\u00e7\u00e3o significativa no quadro da Guarda Municipal da capital catarinense e serve como principal refer\u00eancia para quem aguarda o novo edital previsto.<\/p>\n\n\n\n<p>Na \u00e9poca, o edital contemplou oportunidades para o cargo de Guarda Municipal, com exig\u00eancia de <strong>n\u00edvel m\u00e9dio completo<\/strong>. Al\u00e9m da escolaridade, os candidatos precisavam atender a crit\u00e9rios espec\u00edficos, como idade m\u00ednima de 18 anos, possuir <strong>Carteira Nacional de Habilita\u00e7\u00e3o (CNH) na categoria \u201cAB\u201d<\/strong> e comprovar aptid\u00e3o f\u00edsica e mental para o exerc\u00edcio das fun\u00e7\u00f5es.<\/p>\n\n\n\n<p>A remunera\u00e7\u00e3o inicial oferecida naquele certame era de aproximadamente <strong>R$ 3 mil<\/strong>, valor que poderia ser acrescido de gratifica\u00e7\u00f5es e adicionais previstos na legisla\u00e7\u00e3o municipal vigente. Atualmente, a expectativa \u00e9 de que o novo concurso GCM Florian\u00f3polis traga vencimentos consideravelmente superiores, acompanhando a reestrutura\u00e7\u00e3o da carreira.<\/p>\n\n\n\n<h3 class=\"wp-block-heading\">Etapas de sele\u00e7\u00e3o<\/h3>\n\n\n\n<p>O concurso de 2015 foi composto por diversas fases, todas de car\u00e1ter eliminat\u00f3rio, modelo que costuma ser mantido em sele\u00e7\u00f5es para a \u00e1rea de seguran\u00e7a p\u00fablica. As etapas inclu\u00edram:<\/p>\n\n\n\n<ul class=\"wp-block-list\"><li>prova objetiva<\/li>\n\n\n\n<li>teste de aptid\u00e3o f\u00edsica (TAF)<\/li>\n\n\n\n<li>avalia\u00e7\u00e3o psicol\u00f3gica<\/li>\n\n\n\n<li>investiga\u00e7\u00e3o social<\/li>\n\n\n\n<li>exame m\u00e9dico<\/li>\n\n\n\n<li>curso de forma\u00e7\u00e3o<\/li>\n<\/ul><p>Esse formato demonstra que, al\u00e9m do conhecimento te\u00f3rico, o candidato precisa apresentar preparo f\u00edsico, equil\u00edbrio emocional e idoneidade moral.<\/p>\n\n\n\n<h3 class=\"wp-block-heading\">Estrutura da prova objetiva<\/h3>\n\n\n\n<p>A prova objetiva foi aplicada no formato de m\u00faltipla escolha e contou com a seguinte distribui\u00e7\u00e3o de disciplinas:<\/p>\n\n\n\n<ul class=\"wp-block-list\"><li>L\u00edngua Portuguesa \u2013 15 quest\u00f5es<\/li>\n\n\n\n<li>Matem\u00e1tica \u2013 10 quest\u00f5es<\/li>\n\n\n\n<li>Conhecimentos Gerais \u2013 10 quest\u00f5es<\/li>\n\n\n\n<li>No\u00e7\u00f5es de Direito \u2013 15 quest\u00f5es<\/li>\n\n\n\n<li>Legisla\u00e7\u00e3o Municipal \u2013 10 quest\u00f5es<\/li>\n<\/ul><p>Para avan\u00e7ar \u00e0s pr\u00f3ximas etapas, o candidato precisava alcan\u00e7ar a pontua\u00e7\u00e3o m\u00ednima definida no edital e n\u00e3o poderia zerar nenhuma das disciplinas, regra comum em concursos da \u00e1rea de seguran\u00e7a.<\/p>\n\n\n\n<p>Com base nesse hist\u00f3rico, a expectativa \u00e9 que o pr\u00f3ximo concurso GCM Florian\u00f3polis mantenha estrutura semelhante, possivelmente com atualiza\u00e7\u00e3o no conte\u00fado program\u00e1tico e adequa\u00e7\u00f5es \u00e0s normas atuais da corpora\u00e7\u00e3o.<\/p>","protected":false},"excerpt":{"rendered":"<p>O novo concurso GCM Florian\u00f3polis deve ofertar de 50 a 100 vagas!<\/p>\n","protected":false},"author":54696,"featured_media":304450,"comment_status":"closed","ping_status":"closed","sticky":false,"template":"","format":"standard","meta":{"_acf_changed":false,"footnotes":"","_wp_rev_ctl_limit":""},"categories":[44999,44953],"tags":[5736],"class_list":["post-22670","post","type-post","status-publish","format-standard","has-post-thumbnail","hentry","category-concursos","category-sc","tag-concurso-prefeitura-de-florianopolis"],"acf":[],"_links":{"self":[{"href":"https:\/\/www.novaconcursos.com.br\/portal\/wp-json\/wp\/v2\/posts\/22670","targetHints":{"allow":["GET"]}}],"collection":[{"href":"https:\/\/www.novaconcursos.com.br\/portal\/wp-json\/wp\/v2\/posts"}],"about":[{"href":"https:\/\/www.novaconcursos.com.br\/portal\/wp-json\/wp\/v2\/types\/post"}],"author":[{"embeddable":true,"href":"https:\/\/www.novaconcursos.com.br\/portal\/wp-json\/wp\/v2\/users\/54696"}],"replies":[{"embeddable":true,"href":"https:\/\/www.novaconcursos.com.br\/portal\/wp-json\/wp\/v2\/comments?post=22670"}],"version-history":[{"count":3,"href":"https:\/\/www.novaconcursos.com.br\/portal\/wp-json\/wp\/v2\/posts\/22670\/revisions"}],"predecessor-version":[{"id":304451,"href":"https:\/\/www.novaconcursos.com.br\/portal\/wp-json\/wp\/v2\/posts\/22670\/revisions\/304451"}],"wp:featuredmedia":[{"embeddable":true,"href":"https:\/\/www.novaconcursos.com.br\/portal\/wp-json\/wp\/v2\/media\/304450"}],"wp:attachment":[{"href":"https:\/\/www.novaconcursos.com.br\/portal\/wp-json\/wp\/v2\/media?parent=22670"}],"wp:term":[{"taxonomy":"category","embeddable":true,"href":"https:\/\/www.novaconcursos.com.br\/portal\/wp-json\/wp\/v2\/categories?post=22670"},{"taxonomy":"post_tag","embeddable":true,"href":"https:\/\/www.novaconcursos.com.br\/portal\/wp-json\/wp\/v2\/tags?post=22670"}],"curies":[{"name":"wp","href":"https:\/\/api.w.org\/{rel}","templated":true}]}}