{"id":229024,"date":"2024-04-12T15:43:45","date_gmt":"2024-04-12T18:43:45","guid":{"rendered":"https:\/\/www.novaconcursos.com.br\/portal\/?p=229024"},"modified":"2025-04-08T13:36:42","modified_gmt":"2025-04-08T16:36:42","slug":"tre-rj-confirma-cargos-que-serao-ofertados-tse-unificado","status":"publish","type":"post","link":"https:\/\/www.novaconcursos.com.br\/portal\/noticias\/tre-rj-confirma-cargos-que-serao-ofertados-tse-unificado\/","title":{"rendered":"TRE RJ confirma cargos que ser\u00e3o ofertados no edital TSE Unificado!"},"content":{"rendered":"<p>Nesta sexta-feira, 25 de abril, o Tribunal Regional Eleitoral do Rio de Janeiro <strong>(TRE RJ) confirmou o n\u00famero de cargos que ser\u00e3o ofertados no <a href=\"https:\/\/www.novaconcursos.com.br\/portal\/concursos\/concurso-tse\/\">concurso TSE Unificado.<\/a><\/strong><\/p>\n\n\n\n<p>Ao todo, foram solicitadas 20 vagas imediatas, al\u00e9m de oportunidades de cadastro reserva para os cargos de T\u00e9cnico Judici\u00e1rio e Analista Judici\u00e1rio. O TRE RJ confirmou o n\u00famero de vagas, ap\u00f3s solicita\u00e7\u00e3o da Secretaria de Gest\u00e3o de Pessoas do\u00a0Tribunal Superior Eleitoral, respons\u00e1vel pelo concurso.<\/p>\n\n\n\n<p>Segundo of\u00edcio do TSE, cada Tribunal Regional Eleitoral tem at\u00e9 o dia 15 de abril para encaminhar o quantitativo atualizado por cargo e especialidade, visto que desde dezembro do ano passo, quando cada Tribunal aderiu a proposta do concurso, o quadro de pessoal sofreu altera\u00e7\u00f5es. <em>Confira as especialidades que ser\u00e3o contempladas no TRE RJ! <\/em><\/p>\n\n\n\n<h2 class=\"wp-block-heading\" id=\"tse-unificado-quais-cargos-sero-ofertados-para-o-tre-rj-\">TSE Unificado: Quais cargos ser\u00e3o ofertados para o TRE RJ? <\/h2>\n\n\n\n<p>O <a href=\"https:\/\/www.tre-rj.jus.br\/#\/\" target=\"_blank\" rel=\"noreferrer noopener\">Tribunal Regional Eleitoral<\/a> do Rio de Janeiro receber\u00e1 11 servidores para o cargo de T\u00e9cnico Judici\u00e1rio, sendo 9 vagas para \u00e1rea Administrativa, 2 vagas para \u00e1rea Policial Judicial, al\u00e9m de oportunidades em cadastro reserva para \u00e1rea de Programa\u00e7\u00e3o de Sistemas.<\/p>\n\n\n\n<p>Al\u00e9m dessas, ser\u00e3o ofertadas 9 vagas imediatas e oportunidades de cadastro reserva para Analista Judici\u00e1rio em diversas especialidades, com destaque para \u00e1rea Judici\u00e1ria,\u00a0que exige n\u00edvel superior em Direito.<\/p>\n\n\n\n\n\n<p><\/p>\n\n\n\n<p>Veja a distribui\u00e7\u00e3o: <\/p>\n\n\n\n<h3 class=\"wp-block-heading\">T\u00e9cnico Judici\u00e1rio<\/h3>\n\n\n\n<ul class=\"wp-block-list\"><li>\u00c1rea Administrativa 9 vagas imediatas + cadastro de reserva<\/li>\n\n\n\n<li>\u00c1rea Policial Judicial: 2 vagas imediatas + cadastro de reserva<\/li>\n\n\n\n<li>\u00c1rea de Apoio Especializado\n<ul class=\"wp-block-list\"><li>Programa\u00e7\u00e3o de Sistemas: cadastro de reserva<\/li>\n<\/ul><\/li>\n<\/ul><h3 class=\"wp-block-heading\">Analista Judici\u00e1rio<\/h3>\n\n\n\n<ul class=\"wp-block-list\"><li>\u00c1rea Judici\u00e1ria: 5 vagas imediatas + cadastro de reserva<\/li>\n\n\n\n<li>\u00c1rea Administrativa: 3 vagas imediatas + cadastro de reserva<\/li>\n\n\n\n<li>\u00c1rea de Apoio Especializado\n<ul class=\"wp-block-list\"><li>Arquitetura: cadastro de reserva<\/li>\n\n\n\n<li>Arquivologia: cadastro de reserva<\/li>\n\n\n\n<li>Biblioteconomia: cadastro de reserva<\/li>\n\n\n\n<li>Enfermagem: cadastro de reserva<\/li>\n\n\n\n<li>Engenharia Civil: 1 vaga + cadastro de reserva<\/li>\n\n\n\n<li>Engenharia El\u00e9trica: cadastro de reserva<\/li>\n\n\n\n<li>Engenharia Mec\u00e2nica: cadastro de reserva<\/li>\n\n\n\n<li>Estat\u00edstica: cadastro de reserva<\/li>\n\n\n\n<li>Medicina (Psiquiatria): cadastro de reserva<\/li>\n\n\n\n<li>Medicina do Trabalho: cadastro de reserva<\/li>\n\n\n\n<li>Servi\u00e7o Social: cadastro de reserva<\/li>\n\n\n\n<li>Tecnologia da Informa\u00e7\u00e3o: cadastro de reserva<\/li>\n<\/ul><\/li>\n<\/ul><p>Vale ressaltar que os cargos de T\u00e9cnico e Analista ter\u00e3o como requisito o n\u00edvel superior completo, devido a legisla\u00e7\u00e3o atual.<\/p>\n\n\n\n<p>Os cargos da \u00e1rea de apoio, em espec\u00edfico, exigir\u00e3o a gradua\u00e7\u00e3o na respectiva \u00e1rea.<\/p>\n\n\n\n<p>Quanto aos sal\u00e1rios iniciais, com o reajuste sancionado pelo presidente Lula, os servidores receber\u00e3o parcelas sucessivas e acumulativas, sendo 6% a partir de 1\u00ba de fevereiro de 2023, 6% a partir de 1\u00ba de fevereiro de 2024 e 6,13% a partir de 1\u00ba de fevereiro de 2025. Dessa forma:<\/p>\n\n\n\n<ul class=\"wp-block-list\"><li><strong>T\u00e9cnico Judici\u00e1rio<\/strong>\n<ul class=\"wp-block-list\"><li>Fevereiro\n<ul class=\"wp-block-list\"><li>2024\n<ul class=\"wp-block-list\"><li>Inicial:\u00a0R$ 8.529,67<\/li>\n\n\n\n<li>Final:\u00a0R$ 12.807,24<\/li>\n<\/ul><\/li>\n\n\n\n<li>2025: R$ 10.372,70\n<ul class=\"wp-block-list\"><li>Inicial:\u00a0R$ 9.052,54<\/li>\n\n\n\n<li>Final:\u00a0R$ 13.592,33<\/li>\n<\/ul><\/li>\n<\/ul><\/li>\n<\/ul><\/li>\n\n\n\n<li><strong>Analista Judici\u00e1rio<\/strong>\n<ul class=\"wp-block-list\"><li>Fevereiro\n<ul class=\"wp-block-list\"><li>2024:\n<ul class=\"wp-block-list\"><li>Inicial:\u00a0R$ 13.994,78<\/li>\n\n\n\n<li>Final:\u00a0R$ 21.013,03<\/li>\n<\/ul><\/li>\n\n\n\n<li>2025:\n<ul class=\"wp-block-list\"><li>Inicial:\u00a0R$ 14.852,66<\/li>\n\n\n\n<li>Final:\u00a0R$ 22.301,14<\/li>\n<\/ul><\/li>\n<\/ul><\/li>\n<\/ul><\/li>\n<\/ul><p>Al\u00e9m do sal\u00e1rio, o presidente do Tribunal Superior Eleitoral, ministro Alexandre de Moraes, assinou,\u00a0Portaria n\u00ba 42 que estabelece o\u00a0reajuste do auxilio-alimenta\u00e7\u00e3o e aux\u00edlio pr\u00e9-escolar\u00a0para as carreiras de T\u00e9cnico e Analista.<\/p>\n\n\n\n<ul class=\"wp-block-list\"><li>Pratique:\u00a0<a href=\"https:\/\/www.novaconcursos.com.br\/livro\/1000-questoes-gabaritadas-tse-unificado-tecnico-jud-area-adm\">Livro 1.000 Quest\u00f5es Gabaritadas TSE Unificado \u2013 T\u00e9cnico Judici\u00e1rio<\/a><\/li>\n<\/ul><p>Estude para o concurso dos seus sonhos com o\u00a0M\u00e9todo\u00a0que j\u00e1 ajudou na\u00a0<strong>aprova\u00e7\u00e3o de mais de 70 mil alunos<\/strong>.\u00a0<a href=\"https:\/\/www.novaconcursos.com.br\/eventos\/assinatura?promo_creative=Clique+aqui&amp;promo_name=noticia&amp;promo_id=%2Fportal%2Fnoticias%2Ftse-unificado-levantamento-de-vagas-pode-atrasar-edital-entenda&amp;promo_position=corpo-texto\" target=\"_blank\" rel=\"noreferrer noopener\">Clique aqui<\/a>\u00a0\u00a0e saiba mais!<\/p>\n\n\n\n<h2 class=\"wp-block-heading\" id=\"tse-unificado-publicao-do-edital-vai-demorar\">TSE Unificado: publica\u00e7\u00e3o do edital vai demorar?<\/h2>\n\n\n\n<p>Embora n\u00e3o tenha uma data espec\u00edfica para abertura o concurso, a publica\u00e7\u00e3o do edital n\u00e3o deve demorar, visto que os TRE\u2019s de Pernambuco e Salvador j\u00e1 criaram a p\u00e1gina de concurso em seus sites.<em>\u00a0<\/em><\/p>\n\n\n\n<p>Al\u00e9m disso, no dia 11 de mar\u00e7o deste ano, o Tribunal Superior Eleitoral anunciou o concurso em suas redes sociais.<\/p>\n\n\n\n<p><em>\u201cPraticamente todos os estados do pa\u00eds v\u00e3o participar do grande concurso da Justi\u00e7a Eleitoral. E essa \u00e9 a sua grande chance de conseguir aquela t\u00e3o sonhada vaga e contribuir diariamente com a democracia brasileira. N\u00e3o vai ficar de fora, n\u00e9? Edital em breve, continue a sua prepara\u00e7\u00e3o\u201d,\u00a0<\/em>destacou o TSE.<\/p>\n\n\n\n<p><a href=\"https:\/\/www.instagram.com\/reel\/C4YNNlUpLqC\/?igsh=MWxzMDlxMmJod2xpMQ%3D%3D\" target=\"_blank\" rel=\"noreferrer noopener\">Clique aqui e acesse a publica\u00e7\u00e3o do TSE na \u00edntegra!<\/a><\/p>\n\n\n\n<p><strong>Saiba tudo sobre o edital TSE Unificado ??<\/strong> <a href=\"https:\/\/www.novaconcursos.com.br\/portal\/concursos\/concurso-tse\/\">Concurso TSE Unificado: Cebraspe \u00e9 a banca! <\/a><\/p>","protected":false},"excerpt":{"rendered":"<p>Nesta sexta-feira, 25 de abril, o Tribunal Regional Eleitoral do Rio de Janeiro (TRE RJ) confirmou o n\u00famero de cargos que ser\u00e3o ofertados no concurso TSE Unificado. Ao todo, foram solicitadas 20 vagas imediatas, al\u00e9m de oportunidades de cadastro reserva para os cargos de T\u00e9cnico Judici\u00e1rio e Analista Judici\u00e1rio. O TRE RJ confirmou o n\u00famero [&hellip;]<\/p>\n","protected":false},"author":54679,"featured_media":229025,"comment_status":"closed","ping_status":"closed","sticky":false,"template":"","format":"standard","meta":{"_acf_changed":false,"footnotes":"","_wp_rev_ctl_limit":""},"categories":[228],"tags":[],"class_list":["post-229024","post","type-post","status-publish","format-standard","has-post-thumbnail","hentry","category-noticias"],"acf":[],"_links":{"self":[{"href":"https:\/\/www.novaconcursos.com.br\/portal\/wp-json\/wp\/v2\/posts\/229024","targetHints":{"allow":["GET"]}}],"collection":[{"href":"https:\/\/www.novaconcursos.com.br\/portal\/wp-json\/wp\/v2\/posts"}],"about":[{"href":"https:\/\/www.novaconcursos.com.br\/portal\/wp-json\/wp\/v2\/types\/post"}],"author":[{"embeddable":true,"href":"https:\/\/www.novaconcursos.com.br\/portal\/wp-json\/wp\/v2\/users\/54679"}],"replies":[{"embeddable":true,"href":"https:\/\/www.novaconcursos.com.br\/portal\/wp-json\/wp\/v2\/comments?post=229024"}],"version-history":[{"count":3,"href":"https:\/\/www.novaconcursos.com.br\/portal\/wp-json\/wp\/v2\/posts\/229024\/revisions"}],"predecessor-version":[{"id":278180,"href":"https:\/\/www.novaconcursos.com.br\/portal\/wp-json\/wp\/v2\/posts\/229024\/revisions\/278180"}],"wp:featuredmedia":[{"embeddable":true,"href":"https:\/\/www.novaconcursos.com.br\/portal\/wp-json\/wp\/v2\/media\/229025"}],"wp:attachment":[{"href":"https:\/\/www.novaconcursos.com.br\/portal\/wp-json\/wp\/v2\/media?parent=229024"}],"wp:term":[{"taxonomy":"category","embeddable":true,"href":"https:\/\/www.novaconcursos.com.br\/portal\/wp-json\/wp\/v2\/categories?post=229024"},{"taxonomy":"post_tag","embeddable":true,"href":"https:\/\/www.novaconcursos.com.br\/portal\/wp-json\/wp\/v2\/tags?post=229024"}],"curies":[{"name":"wp","href":"https:\/\/api.w.org\/{rel}","templated":true}]}}