{"id":229366,"date":"2024-04-16T13:47:17","date_gmt":"2024-04-16T16:47:17","guid":{"rendered":"https:\/\/www.novaconcursos.com.br\/portal\/?p=229366"},"modified":"2024-04-16T13:47:20","modified_gmt":"2024-04-16T16:47:20","slug":"camara-de-bh-registra-quase-60-mil-inscritos-confira-demanda-por-vaga","status":"publish","type":"post","link":"https:\/\/www.novaconcursos.com.br\/portal\/noticias\/camara-de-bh-registra-quase-60-mil-inscritos-confira-demanda-por-vaga\/","title":{"rendered":"C\u00e2mara de BH registra quase 60 mil inscritos. Confira a demanda por vaga!"},"content":{"rendered":"<p>Aten\u00e7\u00e3o! Na \u00faltima sexta-feira, 12 de abril, o <strong>Instituto Consulplan, banca organizadora do <a href=\"https:\/\/www.novaconcursos.com.br\/portal\/concursos\/concurso-camara-de-belo-horizonte-mg\/\">concurso C\u00e2mara de BH,<\/a> divulgou o n\u00famero de inscritos<\/strong> no certame. Ao todo, foram 59.438 candidatos.<\/p>\n\n\n\n<p>O cargo com maior \u00edndice de participantes foi o de Procurador, que registrou 3.739 inscri\u00e7\u00f5es para 2 vagas. Por outro lado, o cargo com menor demanda, foi o de Analista de Tecnologia da Informa\u00e7\u00e3o \u2013 \u00c1rea de Desenvolvimento de Sistema, com 1.107 inscritos para 6 oportunidades.<\/p>\n\n\n\n<p>J\u00e1 o cargo mais procurado foi o de T\u00e9cnico Legislativo II, com 40.318 candidaturas.<em> Confira a demanda por vaga de cada carreira! <\/em><\/p>\n\n\n\n<h2 class=\"wp-block-heading\" id=\"concurso-cmara-de-bh-demanda-por-vaga\">Concurso C\u00e2mara de BH: Demanda por vaga<\/h2>\n\n\n\n<p>Confira a lista completa divulgada pelo Instituto Consulplan:<\/p>\n\n\n\n<ul class=\"wp-block-list\"><li>administrador: 1 vaga\n<ul class=\"wp-block-list\"><li>958 inscritos, sendo 958,00 por vaga<\/li>\n<\/ul><\/li>\n\n\n\n<li>analista de controle interno: 6 vagas\n<ul class=\"wp-block-list\"><li>4.535 inscritos, sendo 755,83 por vaga<\/li>\n<\/ul><\/li>\n\n\n\n<li>analista de tecnologia da informa\u00e7\u00e3o \u2013 \u00e1rea de desenvolvimento de sistemas: 6 vagas\n<ul class=\"wp-block-list\"><li>1.107 inscritos, sendo 184,50 por vaga<\/li>\n<\/ul><\/li>\n\n\n\n<li>analista de tecnologia da informa\u00e7\u00e3o \u2013 \u00e1rea de infraestrutura de sistema: 2 vagas\n<ul class=\"wp-block-list\"><li>487 inscritos, sendo 243,50 por vaga<\/li>\n<\/ul><\/li>\n\n\n\n<li>arquiteto: 1 vaga\n<ul class=\"wp-block-list\"><li>722 vagas, sendo 722 por vaga<\/li>\n<\/ul><\/li>\n\n\n\n<li>assistente social: 1 vaga\n<ul class=\"wp-block-list\"><li>663 inscritos, sendo 663 por vaga<\/li>\n<\/ul><\/li>\n\n\n\n<li>consultor legislativo \u2013 \u00e1rea de administra\u00e7\u00e3o e finan\u00e7as: 1 vaga\n<ul class=\"wp-block-list\"><li>449 inscritos, sendo 449 por vaga <\/li>\n<\/ul><\/li>\n\n\n\n<li>consultor legislativo \u2013 \u00e1rea de sa\u00fade p\u00fablica: CR \n<ul class=\"wp-block-list\"><li>889 inscritos<\/li>\n<\/ul><\/li>\n\n\n\n<li>contador: 1 vaga\n<ul class=\"wp-block-list\"><li>420 inscritos, sendo 449 por vaga<\/li>\n<\/ul><\/li>\n\n\n\n<li>coordenador de processo legislativo: CR\n<ul class=\"wp-block-list\"><li>1.147 inscritos<\/li>\n<\/ul><\/li>\n\n\n\n<li>enfermeiro do trabalho: 1 vaga\n<ul class=\"wp-block-list\"><li>597 inscritos, sendo 597 por vaga<\/li>\n<\/ul><\/li>\n\n\n\n<li>engenheiro civil: 1 vaga\n<ul class=\"wp-block-list\"><li>601 inscritos, sendo 601 por vaga<\/li>\n<\/ul><\/li>\n\n\n\n<li>jornalista: 6 vagas\n<ul class=\"wp-block-list\"><li>1.147 inscritos, sendo 247 por vaga<\/li>\n<\/ul><\/li>\n\n\n\n<li>procurador: 2 vagas\n<ul class=\"wp-block-list\"><li>3.739 inscritos, sendo 1.869,50 por vaga<\/li>\n<\/ul><\/li>\n\n\n\n<li>publicit\u00e1rio: 2 vagas\n<ul class=\"wp-block-list\"><li>626 inscritos, sendo 313 por vaga<\/li>\n<\/ul><\/li>\n\n\n\n<li>redator: 1 vaga\n<ul class=\"wp-block-list\"><li>688 inscritos, sendo 688 por vaga<\/li>\n<\/ul><\/li>\n\n\n\n<li>t\u00e9cnico legislativo II: 59 vagas\n<ul class=\"wp-block-list\"><li>40.318 inscritos, sendo 683,36 por vaga<\/li>\n<\/ul><\/li>\n<\/ul><p>Os aprovados receber\u00e3o sal\u00e1rios iniciais que variam de R$ 4.759,37 at\u00e9\u00a0R$ 11.727,44, de acordo com o cargo pretendido, para jornadas de trabalho de 30h semanais.<\/p>\n\n\n\n<p>Vai prestar o concurso C\u00e2mara de BH? Adquira sua apostila agora mesmo: <a href=\"https:\/\/www.novaconcursos.com.br\/apostila\/camara-belo-horizonte-mg-tecnico-legislativo-ii\">Apostila C\u00e2mara de Belo Horizonte \u2013 MG 2024 \u2013 T\u00e9cnico Legislativo II<\/a><\/p>\n\n\n\n<p>Estude para o concurso dos seus sonhos com o\u00a0M\u00e9todo\u00a0que j\u00e1 ajudou na\u00a0<strong>aprova\u00e7\u00e3o de mais de 70 mil alunos.<\/strong>\u00a0<a href=\"https:\/\/aprovacao.novaconcursos.com.br\/assinatura?promo_creative=Clique+aqui&amp;promo_name=noticia&amp;promo_id=%2Fportal%2Fnoticias%2Fsedu-es-governador-confirma-concurso-com-800-vagas-para-magisterio&amp;promo_position=corpo-texto\" target=\"_blank\" rel=\"noreferrer noopener\">Clique aqui<\/a>\u00a0e saiba mais!<\/p>\n\n\n\n<h2 class=\"wp-block-heading\" id=\"provas-e-etapas-de-seleo\">Provas e etapas de sele\u00e7\u00e3o<\/h2>\n\n\n\n<p>Os candidatos ser\u00e3o avaliados por meio de provas objetivas e discursivas, de car\u00e1ter eliminat\u00f3rio e classificat\u00f3rio, que ser\u00e3o aplicadas no dia<strong>\u00a028 de abril de 2024,<\/strong>\u00a0em dois turnos:<\/p>\n\n\n\n<ul class=\"wp-block-list\"><li>Manh\u00e3: N\u00edvel Superior\n<ul class=\"wp-block-list\"><li>Fechamento dos port\u00f5es: \u00e0s 8h00<\/li>\n\n\n\n<li>5h de dura\u00e7\u00e3o<\/li>\n<\/ul><\/li>\n\n\n\n<li>Tarde: T\u00e9cnico Legislativo\n<ul class=\"wp-block-list\"><li>Fechamento dos port\u00f5es: \u00e0s 15h00<\/li>\n\n\n\n<li>5h de dura\u00e7\u00e3o<\/li>\n<\/ul><\/li>\n<\/ul><p>A prova objetiva ser\u00e1 composta de\u00a0<strong>60 quest\u00f5es de m\u00faltipla escolha<\/strong>, sendo considerado aprovado o candidato que obter, pelo menos:<\/p>\n\n\n\n<ul class=\"wp-block-list\"><li>50% do somat\u00f3rio dos pontos das disciplinas da prova objetiva;<\/li>\n\n\n\n<li>20% do total de pontos em cada disciplina que comp\u00f5e a prova objetiva.<\/li>\n<\/ul><p>J\u00e1 a prova discursiva ser\u00e1\u00a0<strong>distinta para cada cargo<\/strong>, dessa forma:<\/p>\n\n\n\n<ul class=\"wp-block-list\"><li>Procurador:\u00a0pe\u00e7a pr\u00e1tico-profissional privativa de advogado (peti\u00e7\u00e3o ou parecer);<\/li>\n\n\n\n<li>Redator: proposi\u00e7\u00e3o normativa, com justificativa;<\/li>\n\n\n\n<li>T\u00e9cnico Legislativo II:\u00a0reda\u00e7\u00e3o; e<\/li>\n\n\n\n<li>Demais cargos:\u00a0duas quest\u00f5es discursivas.<\/li>\n<\/ul><p><strong>Aten\u00e7\u00e3o!<\/strong>\u00a0Somente ser\u00e3o corrigidas as provas discursivas dos candidatos aprovados na prova objetiva.<\/p>\n\n\n\n<p>Conhe\u00e7a outros concursos que est\u00e3o abertos:\u00a0<a href=\"https:\/\/www.novaconcursos.com.br\/portal\/concursos-abertos\/\">Concursos Abertos \u2013 Mais de\u00a080 mil vagas\u00a0abertas para\u00a0todos os n\u00edveis!<\/a><\/p>\n\n\n\n<h3 class=\"wp-block-heading\">O que estudar para concurso C\u00e2mara BH?<\/h3>\n\n\n\n<p>O conte\u00fado program\u00e1tico das provas ser\u00e1 distinto para cada cargo.<\/p>\n\n\n\n<p>Confira o que voc\u00ea dever\u00e1 estudar para ser aprovado no concurso <a href=\"https:\/\/www.cmbh.mg.gov.br\/\" target=\"_blank\" rel=\"noreferrer noopener\">C\u00e2mara de BH:<\/a><\/p>\n\n\n\n<ul class=\"wp-block-list\"><li>T\u00e9cnico Legislativo II\n<ul class=\"wp-block-list\"><li>L\u00edngua Portuguesa (20)<\/li>\n\n\n\n<li>Racioc\u00ednio L\u00f3gico (15)<\/li>\n\n\n\n<li>Conhecimentos de Direito P\u00fablico (25)<\/li>\n<\/ul><\/li>\n\n\n\n<li>Analista de Controle Interno\n<ul class=\"wp-block-list\"><li>L\u00edngua Portuguesa (15)<\/li>\n\n\n\n<li>Conhecimentos de Direito P\u00fablico (20)<\/li>\n\n\n\n<li>Conhecimentos de Contabilidade P\u00fablica (15)<\/li>\n\n\n\n<li>Conhecimentos de Administra\u00e7\u00e3o (10)<\/li>\n<\/ul><\/li>\n\n\n\n<li>Administrador, Arquiteto, Contador, Consultor Legislativo \u2013 \u00c1rea Sa\u00fade P\u00fablica\n<ul class=\"wp-block-list\"><li>L\u00edngua Portuguesa (15)<\/li>\n\n\n\n<li>Conhecimentos de Direito P\u00fablico (10)<\/li>\n\n\n\n<li>Conhecimentos Espec\u00edficos do Cargo (40)<\/li>\n<\/ul><\/li>\n\n\n\n<li>Assistente Social, Enfermeiro do Trabalho\n<ul class=\"wp-block-list\"><li>L\u00edngua Portuguesa (10)<\/li>\n\n\n\n<li>Racioc\u00ednio L\u00f3gico (10)<\/li>\n\n\n\n<li>Conhecimentos Espec\u00edficos do Cargo (40)<\/li>\n<\/ul><\/li>\n\n\n\n<li>Analista de Tecnologia da Informa\u00e7\u00e3o \u2013 \u00c1rea de Desenvolvimento de Sistema, Analista de Tecnologia da Informa\u00e7\u00e3o \u2013 \u00c1rea de Infraestrutura de Sistema, Consultor Legislativo \u2013 \u00c1rea de Administra\u00e7\u00e3o e Finan\u00e7as, Coordenador do Processo Legislativo, Engenheiro Civil\n<ul class=\"wp-block-list\"><li>L\u00edngua Portuguesa (20)<\/li>\n\n\n\n<li>Conhecimentos Espec\u00edficos do Cargo (40)<\/li>\n<\/ul><\/li>\n\n\n\n<li>Procurador\n<ul class=\"wp-block-list\"><li>Direito Administrativo (15)<\/li>\n\n\n\n<li>Direito Civil (10)<\/li>\n\n\n\n<li>Direito Constitucional (10)<\/li>\n\n\n\n<li>Direito do Trabalho (05)<\/li>\n\n\n\n<li>Direito Processual Civil (10)<\/li>\n\n\n\n<li>Direito Tribut\u00e1rio e Financeiro (10)<\/li>\n<\/ul><\/li>\n\n\n\n<li>Redator\n<ul class=\"wp-block-list\"><li>Lingu\u00edstica (15)<\/li>\n\n\n\n<li>Gram\u00e1tica, Leitura e Interpreta\u00e7\u00e3o de Texto (25)<\/li>\n\n\n\n<li>T\u00e9cnica Legislativa (20)<\/li>\n<\/ul><\/li>\n\n\n\n<li>Jornalista e Publicit\u00e1rio\n<ul class=\"wp-block-list\"><li>L\u00edngua Portuguesa (20)<\/li>\n\n\n\n<li>Racioc\u00ednio L\u00f3gico (10)<\/li>\n\n\n\n<li>Conhecimentos de Direito P\u00fablico (10)<\/li>\n\n\n\n<li>Conhecimentos Espec\u00edficos do Cargo (20)<\/li>\n<\/ul><\/li>\n<\/ul><p>O prazo de validade do concurso ser\u00e1 de dois anos, contados da data de sua homologa\u00e7\u00e3o, total ou<br>parcial, podendo ser prorrogado uma vez, por igual per\u00edodo, a crit\u00e9rio da CMBH.<\/p>","protected":false},"excerpt":{"rendered":"<p>Aten\u00e7\u00e3o! Na \u00faltima sexta-feira, 12 de abril, o Instituto Consulplan, banca organizadora do concurso C\u00e2mara de BH, divulgou o n\u00famero de inscritos no certame. Ao todo, foram 59.438 candidatos. O cargo com maior \u00edndice de participantes foi o de Procurador, que registrou 3.739 inscri\u00e7\u00f5es para 2 vagas. Por outro lado, o cargo com menor demanda, [&hellip;]<\/p>\n","protected":false},"author":54679,"featured_media":229388,"comment_status":"closed","ping_status":"closed","sticky":false,"template":"","format":"standard","meta":{"_acf_changed":false,"footnotes":"","_wp_rev_ctl_limit":""},"categories":[228],"tags":[],"class_list":["post-229366","post","type-post","status-publish","format-standard","has-post-thumbnail","hentry","category-noticias"],"acf":[],"_links":{"self":[{"href":"https:\/\/www.novaconcursos.com.br\/portal\/wp-json\/wp\/v2\/posts\/229366","targetHints":{"allow":["GET"]}}],"collection":[{"href":"https:\/\/www.novaconcursos.com.br\/portal\/wp-json\/wp\/v2\/posts"}],"about":[{"href":"https:\/\/www.novaconcursos.com.br\/portal\/wp-json\/wp\/v2\/types\/post"}],"author":[{"embeddable":true,"href":"https:\/\/www.novaconcursos.com.br\/portal\/wp-json\/wp\/v2\/users\/54679"}],"replies":[{"embeddable":true,"href":"https:\/\/www.novaconcursos.com.br\/portal\/wp-json\/wp\/v2\/comments?post=229366"}],"version-history":[{"count":3,"href":"https:\/\/www.novaconcursos.com.br\/portal\/wp-json\/wp\/v2\/posts\/229366\/revisions"}],"predecessor-version":[{"id":229389,"href":"https:\/\/www.novaconcursos.com.br\/portal\/wp-json\/wp\/v2\/posts\/229366\/revisions\/229389"}],"wp:featuredmedia":[{"embeddable":true,"href":"https:\/\/www.novaconcursos.com.br\/portal\/wp-json\/wp\/v2\/media\/229388"}],"wp:attachment":[{"href":"https:\/\/www.novaconcursos.com.br\/portal\/wp-json\/wp\/v2\/media?parent=229366"}],"wp:term":[{"taxonomy":"category","embeddable":true,"href":"https:\/\/www.novaconcursos.com.br\/portal\/wp-json\/wp\/v2\/categories?post=229366"},{"taxonomy":"post_tag","embeddable":true,"href":"https:\/\/www.novaconcursos.com.br\/portal\/wp-json\/wp\/v2\/tags?post=229366"}],"curies":[{"name":"wp","href":"https:\/\/api.w.org\/{rel}","templated":true}]}}