{"id":229553,"date":"2024-04-17T12:26:17","date_gmt":"2024-04-17T15:26:17","guid":{"rendered":"https:\/\/www.novaconcursos.com.br\/portal\/?p=229553"},"modified":"2025-05-07T15:53:54","modified_gmt":"2025-05-07T18:53:54","slug":"o-que-cai-na-prova-do-trf2-para-tecnico-e-analista","status":"publish","type":"post","link":"https:\/\/www.novaconcursos.com.br\/portal\/noticias\/o-que-cai-na-prova-do-trf2-para-tecnico-e-analista\/","title":{"rendered":"O que cai na prova do TRF2 para T\u00e9cnico e Analista?"},"content":{"rendered":"<p>O Tribunal Regional Federal da 2\u00aa regi\u00e3o oferta vagas em cadastro reserva para T\u00e9cnico e Analista Judici\u00e1rio, n\u00edvel superior, no <a href=\"https:\/\/www.novaconcursos.com.br\/portal\/concursos\/concurso-trf-2a-regiao-rj-e-es\/\">concurso TRF2<\/a>. Os sal\u00e1rios chegam a quase<strong>\u00a0R$ 17 mil<\/strong>.<\/p>\n\n\n\n<p>Lembrando que a segunda regi\u00e3o abrange a jurisdi\u00e7\u00e3o no<strong> Rio de Janeiro e Esp\u00edrito Santo<\/strong>. Quer saber mais detalhes da sele\u00e7\u00e3o e como se inscrever? Venha comigo!<\/p>\n\n\n\n<h2 class=\"wp-block-heading\" id=\"o-que-estudar-para-as-provas-do-concurso-trf2\">O que estudar para as provas do concurso TRF2?<\/h2>\n\n\n\n<p>Portanto, os inscritos no concurso do Tribunal Regional Federal da 2\u00aa regi\u00e3o \u2013 jurisdi\u00e7\u00e3o no Rio de Janeiro e Esp\u00edrito Santo, passar\u00e3o pelas seguintes etapas:<\/p>\n\n\n\n<ul class=\"wp-block-list\"><li>prova objetiva \u2013 car\u00e1ter habilitat\u00f3rio e classificat\u00f3rio (conhecimentos gerais e espec\u00edficos);<\/li>\n\n\n\n<li>prova discursiva (reda\u00e7\u00e3o ou estudo de caso);<\/li>\n\n\n\n<li>teste de capacidade f\u00edsica;\n<ul class=\"wp-block-list\"><li>apenas para T\u00e9cnico Judici\u00e1rio \u2013 \u00c1rea Administrativa \u2013 Agente da Pol\u00edcia Judicial<\/li>\n<\/ul><\/li>\n<\/ul><p>As provas objetivas e discursivas estar\u00e3o aplicadas nos dias\u00a0<strong>07 e 14 de julho de 2024<\/strong>, em turnos distintos. V\u00e3o ser quest\u00f5es de\u00a0m\u00faltipla escolha,\u00a0com 5 alternativas.<\/p>\n\n\n\n<figure class=\"wp-block-image\"><a href=\"https:\/\/www.novaconcursos.com.br\/portal\/wp-content\/uploads\/2024\/04\/image-3.png\"><img decoding=\"async\" width=\"724\" height=\"202\" src=\"https:\/\/www.novaconcursos.com.br\/portal\/wp-content\/uploads\/2024\/04\/image-3.png\" alt=\"\" class=\"wp-image-228774\" loading=\"lazy\" title=\"\" srcset=\"https:\/\/www.novaconcursos.com.br\/portal\/wp-content\/uploads\/2024\/04\/image-3-300x84.png 300w, https:\/\/www.novaconcursos.com.br\/portal\/wp-content\/uploads\/2024\/04\/image-3-480x134.png 480w, https:\/\/www.novaconcursos.com.br\/portal\/wp-content\/uploads\/2024\/04\/image-3.png 724w\" sizes=\"auto, (max-width: 480px) 100vw, (max-width: 768px) 100vw, (max-width: 1200px) 70vw, 768px\"><\/a><\/figure><figure class=\"wp-block-image\"><a href=\"https:\/\/www.novaconcursos.com.br\/portal\/wp-content\/uploads\/2024\/04\/image-4.png\"><img decoding=\"async\" width=\"726\" height=\"217\" src=\"https:\/\/www.novaconcursos.com.br\/portal\/wp-content\/uploads\/2024\/04\/image-4.png\" alt=\"\" class=\"wp-image-228776\" loading=\"lazy\" title=\"\" srcset=\"https:\/\/www.novaconcursos.com.br\/portal\/wp-content\/uploads\/2024\/04\/image-4-300x90.png 300w, https:\/\/www.novaconcursos.com.br\/portal\/wp-content\/uploads\/2024\/04\/image-4-480x143.png 480w, https:\/\/www.novaconcursos.com.br\/portal\/wp-content\/uploads\/2024\/04\/image-4.png 726w\" sizes=\"auto, (max-width: 480px) 100vw, (max-width: 768px) 100vw, (max-width: 1200px) 70vw, 768px\"><\/a><\/figure><figure class=\"wp-block-image\"><a href=\"https:\/\/www.novaconcursos.com.br\/portal\/wp-content\/uploads\/2024\/04\/image-5.png\"><img decoding=\"async\" width=\"731\" height=\"339\" src=\"https:\/\/www.novaconcursos.com.br\/portal\/wp-content\/uploads\/2024\/04\/image-5.png\" alt=\"\" class=\"wp-image-228778\" loading=\"lazy\" title=\"\" srcset=\"https:\/\/www.novaconcursos.com.br\/portal\/wp-content\/uploads\/2024\/04\/image-5-300x139.png 300w, https:\/\/www.novaconcursos.com.br\/portal\/wp-content\/uploads\/2024\/04\/image-5-480x223.png 480w, https:\/\/www.novaconcursos.com.br\/portal\/wp-content\/uploads\/2024\/04\/image-5.png 731w\" sizes=\"auto, (max-width: 480px) 100vw, (max-width: 768px) 100vw, (max-width: 1200px) 70vw, 768px\"><\/a><\/figure><figure class=\"wp-block-image\"><a href=\"https:\/\/www.novaconcursos.com.br\/portal\/wp-content\/uploads\/2024\/04\/image-6.png\"><img decoding=\"async\" width=\"725\" height=\"289\" src=\"https:\/\/www.novaconcursos.com.br\/portal\/wp-content\/uploads\/2024\/04\/image-6.png\" alt=\"\" class=\"wp-image-228781\" loading=\"lazy\" title=\"\" srcset=\"https:\/\/www.novaconcursos.com.br\/portal\/wp-content\/uploads\/2024\/04\/image-6-300x120.png 300w, https:\/\/www.novaconcursos.com.br\/portal\/wp-content\/uploads\/2024\/04\/image-6-480x191.png 480w, https:\/\/www.novaconcursos.com.br\/portal\/wp-content\/uploads\/2024\/04\/image-6.png 725w\" sizes=\"auto, (max-width: 480px) 100vw, (max-width: 768px) 100vw, (max-width: 1200px) 70vw, 768px\"><\/a><\/figure><figure class=\"wp-block-image\"><a href=\"https:\/\/www.novaconcursos.com.br\/portal\/wp-content\/uploads\/2024\/04\/image-7.png\"><img decoding=\"async\" width=\"727\" height=\"226\" src=\"https:\/\/www.novaconcursos.com.br\/portal\/wp-content\/uploads\/2024\/04\/image-7.png\" alt=\"\" class=\"wp-image-228782\" loading=\"lazy\" title=\"\" srcset=\"https:\/\/www.novaconcursos.com.br\/portal\/wp-content\/uploads\/2024\/04\/image-7-300x93.png 300w, https:\/\/www.novaconcursos.com.br\/portal\/wp-content\/uploads\/2024\/04\/image-7-480x149.png 480w, https:\/\/www.novaconcursos.com.br\/portal\/wp-content\/uploads\/2024\/04\/image-7.png 727w\" sizes=\"auto, (max-width: 480px) 100vw, (max-width: 768px) 100vw, (max-width: 1200px) 70vw, 768px\"><\/a><\/figure><figure class=\"wp-block-image\"><a href=\"https:\/\/www.novaconcursos.com.br\/portal\/wp-content\/uploads\/2024\/04\/image-8.png\"><img decoding=\"async\" width=\"729\" height=\"370\" src=\"https:\/\/www.novaconcursos.com.br\/portal\/wp-content\/uploads\/2024\/04\/image-8.png\" alt=\"\" class=\"wp-image-228784\" loading=\"lazy\" title=\"\" srcset=\"https:\/\/www.novaconcursos.com.br\/portal\/wp-content\/uploads\/2024\/04\/image-8-300x152.png 300w, https:\/\/www.novaconcursos.com.br\/portal\/wp-content\/uploads\/2024\/04\/image-8-480x244.png 480w, https:\/\/www.novaconcursos.com.br\/portal\/wp-content\/uploads\/2024\/04\/image-8.png 729w\" sizes=\"auto, (max-width: 480px) 100vw, (max-width: 768px) 100vw, (max-width: 1200px) 70vw, 768px\"><\/a><\/figure><figure class=\"wp-block-image\"><a href=\"https:\/\/www.novaconcursos.com.br\/portal\/wp-content\/uploads\/2024\/04\/image-9.png\"><img decoding=\"async\" width=\"729\" height=\"241\" src=\"https:\/\/www.novaconcursos.com.br\/portal\/wp-content\/uploads\/2024\/04\/image-9.png\" alt=\"\" class=\"wp-image-228786\" loading=\"lazy\" title=\"\" srcset=\"https:\/\/www.novaconcursos.com.br\/portal\/wp-content\/uploads\/2024\/04\/image-9-300x99.png 300w, https:\/\/www.novaconcursos.com.br\/portal\/wp-content\/uploads\/2024\/04\/image-9-480x159.png 480w, https:\/\/www.novaconcursos.com.br\/portal\/wp-content\/uploads\/2024\/04\/image-9.png 729w\" sizes=\"auto, (max-width: 480px) 100vw, (max-width: 768px) 100vw, (max-width: 1200px) 70vw, 768px\"><\/a><\/figure><p>Elas estar\u00e3o aplicadas nos\u00a0<strong>munic\u00edpios<\/strong>\u00a0de Araruama-RJ, Campos dos Goytacazes-RJ; Duque de Caxias-RJ; Niter\u00f3i-RJ; Petr\u00f3polis-RJ; Rio de Janeiro-RJ; S\u00e3o Gon\u00e7alo-RJ; Volta Redonda-RJ; Cachoeiro de Itapemirim-ES; Colatina-ES e Vit\u00f3ria-ES.<\/p>\n\n\n\n<h3 class=\"wp-block-heading\">Conte\u00fado program\u00e1tico<\/h3>\n\n\n\n<p>Na parte de\u00a0<strong>conhecimentos gerais<\/strong>, ser\u00e3o cobrados conte\u00fados de L\u00edngua Portuguesa, Racioc\u00ednio L\u00f3gico e Matem\u00e1tico e Direito Constitucional, Administrativo e Penal.<\/p>\n\n\n\n<p>Al\u00e9m de no\u00e7\u00f5es de Sustentabilidade, Governan\u00e7a, Gest\u00e3o Estrat\u00e9gica e Direitos Humanos e Fundamentais e Acessibilidade. Al\u00e9m disso, haver\u00e1 os conhecimentos espec\u00edficos. <\/p>\n\n\n\n<p>Confira o conte\u00fado program\u00e1tico completo, com o que cai em cada mat\u00e9ria, <a href=\"https:\/\/arquivos-site.institutoaocp.org.br\/publicacoes\/20ab98b7-7759-45fa-ad37-6b5a317bcb27.pdf\" target=\"_blank\" rel=\"noreferrer noopener\">clicando aqui<\/a>!<\/p>\n\n\n\n<h2 class=\"wp-block-heading\" id=\"como-ser-o-teste-de-aptido-fsica-do-trf2\">Como ser\u00e1 o Teste de Aptid\u00e3o F\u00edsica do TRF2?<\/h2>\n\n\n\n<p>Por fim, a prova de capacidade f\u00edsica, ser\u00e1 aplicado apenas para a \u00e1rea\/especialidade de\u00a0<strong>Agente Pol\u00edcia Judicial<\/strong>, de car\u00e1ter eliminat\u00f3rio e classificat\u00f3rio.<\/p>\n\n\n\n<p>Assim, nela o candidato ser\u00e1 considerado apto ou inapto, conforme a realiza\u00e7\u00e3o dos exerc\u00edcios abaixo:<\/p>\n\n\n\n<ul class=\"wp-block-list\"><li>teste de flex\u00e3o de bra\u00e7o na barra fixa (somente para candidatos do sexo masculino),<\/li>\n\n\n\n<li>teste estat\u00edstico de barra (candidatas do sexo feminino);<\/li>\n\n\n\n<li>abdominal\n<ul class=\"wp-block-list\"><li>masculino: 38 em 1 min;<\/li>\n\n\n\n<li>feminino: 29 em 1 min;<\/li>\n<\/ul><\/li>\n\n\n\n<li>corrida de 12 min\n<ul class=\"wp-block-list\"><li>masculino: 2.400 mts<\/li>\n\n\n\n<li>feminino: 2.000 mts<\/li>\n<\/ul><\/li>\n<\/ul><h2 class=\"wp-block-heading\" id=\"quais-cargos-esto-sendo-ofertados\">Quais cargos est\u00e3o sendo ofertados?<\/h2>\n\n\n\n<p>Portanto, o edital do\u00a0<a href=\"https:\/\/www10.trf2.jus.br\/portal\/\" target=\"_blank\" rel=\"noreferrer noopener\">Tribunal Regional Federal da 2\u00aa regi\u00e3o<\/a> est\u00e1 ofertando vagas em cadastro reserva para os cargos de T\u00e9cnico e Analista Judici\u00e1rio, diversas especialidades.<\/p>\n\n\n\n<ul class=\"wp-block-list\"><li><strong>T\u00e9cnico \u2013 (CR) 2<\/strong>\n<ul class=\"wp-block-list\"><li>\u00c1rea administrativa\n<ul class=\"wp-block-list\"><li>Sem especialidade,<\/li>\n\n\n\n<li>Agente da Pol\u00edcia Judicial;<\/li>\n<\/ul><\/li>\n\n\n\n<li>\u00c1rea de apoio especializado\n<ul class=\"wp-block-list\"><li>Tecnologia da Informa\u00e7\u00e3o,<\/li>\n\n\n\n<li>Enfermagem; e<\/li>\n\n\n\n<li>Contabilidade.<\/li>\n<\/ul><\/li>\n<\/ul><\/li>\n\n\n\n<li><strong>Analista \u2013 (CR) 2<\/strong>\n<ul class=\"wp-block-list\"><li>\u00c1rea administrativa\n<ul class=\"wp-block-list\"><li>Sem especialidade,<\/li>\n<\/ul><\/li>\n\n\n\n<li>\u00c1rea judici\u00e1ria\n<ul class=\"wp-block-list\"><li>Sem especialidade;<\/li>\n<\/ul><\/li>\n\n\n\n<li>\u00c1rea apoio especializado\n<ul class=\"wp-block-list\"><li>Odontologia;<\/li>\n\n\n\n<li>Servi\u00e7o Social;<\/li>\n\n\n\n<li>Engenharia\n<ul class=\"wp-block-list\"><li>Civil;<\/li>\n\n\n\n<li>El\u00e9trica;<\/li>\n\n\n\n<li>Mec\u00e2nica;<\/li>\n\n\n\n<li>Eletr\u00f4nica;<\/li>\n\n\n\n<li>Seguran\u00e7a do Trabalho;<\/li>\n<\/ul><\/li>\n\n\n\n<li>Contabilidade;<\/li>\n\n\n\n<li>Tecnologia da Informa\u00e7\u00e3o;<\/li>\n\n\n\n<li>Estat\u00edstica;<\/li>\n\n\n\n<li>Arquivologia;<\/li>\n\n\n\n<li>Medicina\n<ul class=\"wp-block-list\"><li>do Trabalho;<\/li>\n\n\n\n<li>Cl\u00ednica Geral;<\/li>\n\n\n\n<li>Psiquiatria;<\/li>\n<\/ul><\/li>\n\n\n\n<li>Enfermagem;<\/li>\n\n\n\n<li>Enfermagem do Trabalho;<\/li>\n\n\n\n<li>Psicologia; e<\/li>\n\n\n\n<li>Arquitetura.<\/li>\n<\/ul><\/li>\n<\/ul><\/li>\n<\/ul><p>Estude para o concurso dos seus sonhos com o\u00a0<strong>M\u00e9todo<\/strong>\u00a0que j\u00e1 ajudou na\u00a0<strong>aprova\u00e7\u00e3o de mais de 70 mil alunos<\/strong>.\u00a0<a href=\"https:\/\/www.novaconcursos.com.br\/eventos\/assinatura?promo_creative=Clique+aqui&amp;promo_name=noticia&amp;promo_id=%2Fportal%2Fnoticias%2Fsaiu-o-edital-da-camara-municipal-de-sao-jose-do-rio-preto&amp;promo_position=corpo-texto\" target=\"_blank\" rel=\"noreferrer noopener\">Clique aqui<\/a>\u00a0e saiba mais!<\/p>\n\n\n\n<h2 class=\"wp-block-heading\" id=\"quanto-ganha-um-tcnico-do-trf2\">Quanto ganha um T\u00e9cnico do TRF2?<\/h2>\n\n\n\n<p>Sendo assim, a remunera\u00e7\u00e3o inicial para o contratado como T\u00e9cnico \u00e9 de\u00a0<strong>R$8.529,65<\/strong>. Entretanto, a partir de fevereiro de 2025 o valor sobe para <strong>R$9.052,51<\/strong>.<\/p>\n\n\n\n<p>Na especialidade de Agente da Pol\u00edcia Judicial \u2013 \u00c1rea Administrativa, est\u00e1 prevista a Gratifica\u00e7\u00e3o de Atividades de Seguran\u00e7a (GAS), no percentual de <strong>35%<\/strong> incidente sobre o respectivo vencimento b\u00e1sico do cargo efetivo.<\/p>\n\n\n\n<h2 class=\"wp-block-heading\" id=\"quanto-ganha-um-analista-do-trf2\">Quanto ganha um Analista do TRF2?<\/h2>\n\n\n\n<p>Sendo assim, a remunera\u00e7\u00e3o inicial para o contratado como Analista \u00e9 de\u00a0<strong>R$ 13.994,78<\/strong>. Entretanto, a partir de fevereiro de 2025 o valor sobe para <strong>R$ 14.852,66<\/strong><\/p>\n\n\n\n<h2 class=\"wp-block-heading\" id=\"quais-os-benefcios-para-ambos-cargos\">Quais os benef\u00edcios para ambos cargos?<\/h2>\n\n\n\n<p>Al\u00e9m dos sal\u00e1rios descritos acima, os contratados em ambas carreiras ainda ganhar\u00e3o alguns benef\u00edcios, que elevam os ganhos em at\u00e9<strong> R$ 16.566,70<\/strong>. Veja quais:<\/p>\n\n\n\n<ul class=\"wp-block-list\"><li>Adicional de qualifica\u00e7\u00e3o por curso de p\u00f3s-gradua\u00e7\u00e3o, nos percentuais de 7,5%, 10% e 12,5%, para todos os cargos\/\u00e1reas\/especialidades, incidentes sobre o vencimento b\u00e1sico.<\/li>\n\n\n\n<li>Adicional de qualifica\u00e7\u00e3o por a\u00e7\u00f5es de treinamento, de at\u00e9 3%.<\/li>\n\n\n\n<li>Participa\u00e7\u00e3o nas despesas com assist\u00eancia m\u00e9dica e hospitalar, extensiva aos dependentes, conforme a op\u00e7\u00e3o do plano de sa\u00fade.<\/li>\n\n\n\n<li>Aux\u00edlio pr\u00e9-escolar, por filho ou equiparado at\u00e9 o m\u00eas em que completar 6 (seis) anos de idade, no valor de at\u00e9 R$ 1.178,82.<\/li>\n\n\n\n<li>Aux\u00edlio-alimenta\u00e7\u00e3o no valor mensal de R$ 1.393,10.<\/li>\n\n\n\n<li>Aux\u00edlio-transporte, com custeio parcial das despesas com o deslocamento trabalho-resid\u00eancia e vice versa.<\/li>\n<\/ul><h2 class=\"wp-block-heading\" id=\"onde-os-aprovados-e-convocados-no-trf2-vo-atuar\">Onde os aprovados e convocados no TRF2 v\u00e3o atuar?<\/h2>\n\n\n\n<p>Os contratados v\u00e3o trabalhar nos estados do <strong>Rio de Janeiro e do Esp\u00edrito Santo<\/strong>. Os locais exatos podem ser conferidos no edital (mas s\u00e3o a cargo do \u00f3rg\u00e3o).<\/p>\n\n\n\n<p><a href=\"https:\/\/arquivos-site.institutoaocp.org.br\/publicacoes\/ef4ed0f8-2b1a-47f0-91f7-ea837aa3e1aa.pdf\" target=\"_blank\" rel=\"noreferrer noopener\">Baixe o edital TRF2<\/a><\/p>\n\n\n\n<h2 class=\"wp-block-heading\" id=\"como-se-inscrever-no-trf2\">Como se inscrever no TRF2?<\/h2>\n\n\n\n<p>Posteriormente, os interessados no certame j\u00e1 podem fazer sua inscri\u00e7\u00e3o no site do\u00a0Instituto AOCP, banca organizadora, at\u00e9<strong> \u00e0s 14h do dia 10 de maio de 2024.<\/strong><\/p>\n\n\n\n<p>A<strong>\u00a0inscri\u00e7\u00e3o<\/strong>\u00a0s\u00f3 ser\u00e1 homologada ap\u00f3s o pagamento de uma taxa de R$ 70,00 para T\u00e9cnico Judici\u00e1rio e de R$ 80,00 para Analista Judici\u00e1rio.<\/p>\n\n\n\n<p>H\u00e1 <strong>isen\u00e7\u00e3o total da taxa,\u00a0<\/strong>para os candidatos que perten\u00e7am \u00e0 fam\u00edlia inscrita no Cadastro \u00danico para Programas Sociais (Cad\u00danico), do Governo Federal, at\u00e9 a data da inscri\u00e7\u00e3o no concurso.<\/p>\n\n\n\n<p>Al\u00e9m disso, tamb\u00e9m pode pedir a isen\u00e7\u00e3o o candidato que seja doador de medula \u00f3ssea em entidades reconhecidas pelo Minist\u00e9rio da Sa\u00fade. O <strong>prazo <\/strong>de solicita\u00e7\u00e3o, entretanto, terminou!<\/p>\n\n\n\n<p>Quer saber de mais editais de <strong>concursos abertos<\/strong> pelo <a href=\"https:\/\/www.novaconcursos.com.br\/portal\/concursos-abertos\/rj\/\">RJ<\/a> e <a href=\"https:\/\/www.novaconcursos.com.br\/portal\/concursos-abertos\/es\/\">ES<\/a>? Clique e confira!<\/p>","protected":false},"excerpt":{"rendered":"<p>O Tribunal Regional Federal da 2\u00aa regi\u00e3o oferta vagas em cadastro reserva para T\u00e9cnico e Analista Judici\u00e1rio, n\u00edvel superior, no concurso TRF2. Os sal\u00e1rios chegam a quase\u00a0R$ 17 mil. Lembrando que a segunda regi\u00e3o abrange a jurisdi\u00e7\u00e3o no Rio de Janeiro e Esp\u00edrito Santo. Quer saber mais detalhes da sele\u00e7\u00e3o e como se inscrever? Venha [&hellip;]<\/p>\n","protected":false},"author":54671,"featured_media":229556,"comment_status":"closed","ping_status":"closed","sticky":false,"template":"","format":"standard","meta":{"_acf_changed":false,"footnotes":"","_wp_rev_ctl_limit":""},"categories":[228],"tags":[],"class_list":["post-229553","post","type-post","status-publish","format-standard","has-post-thumbnail","hentry","category-noticias"],"acf":[],"_links":{"self":[{"href":"https:\/\/www.novaconcursos.com.br\/portal\/wp-json\/wp\/v2\/posts\/229553","targetHints":{"allow":["GET"]}}],"collection":[{"href":"https:\/\/www.novaconcursos.com.br\/portal\/wp-json\/wp\/v2\/posts"}],"about":[{"href":"https:\/\/www.novaconcursos.com.br\/portal\/wp-json\/wp\/v2\/types\/post"}],"author":[{"embeddable":true,"href":"https:\/\/www.novaconcursos.com.br\/portal\/wp-json\/wp\/v2\/users\/54671"}],"replies":[{"embeddable":true,"href":"https:\/\/www.novaconcursos.com.br\/portal\/wp-json\/wp\/v2\/comments?post=229553"}],"version-history":[{"count":3,"href":"https:\/\/www.novaconcursos.com.br\/portal\/wp-json\/wp\/v2\/posts\/229553\/revisions"}],"predecessor-version":[{"id":282079,"href":"https:\/\/www.novaconcursos.com.br\/portal\/wp-json\/wp\/v2\/posts\/229553\/revisions\/282079"}],"wp:featuredmedia":[{"embeddable":true,"href":"https:\/\/www.novaconcursos.com.br\/portal\/wp-json\/wp\/v2\/media\/229556"}],"wp:attachment":[{"href":"https:\/\/www.novaconcursos.com.br\/portal\/wp-json\/wp\/v2\/media?parent=229553"}],"wp:term":[{"taxonomy":"category","embeddable":true,"href":"https:\/\/www.novaconcursos.com.br\/portal\/wp-json\/wp\/v2\/categories?post=229553"},{"taxonomy":"post_tag","embeddable":true,"href":"https:\/\/www.novaconcursos.com.br\/portal\/wp-json\/wp\/v2\/tags?post=229553"}],"curies":[{"name":"wp","href":"https:\/\/api.w.org\/{rel}","templated":true}]}}