{"id":22966,"date":"2016-10-14T15:32:44","date_gmt":"2016-10-14T18:32:44","guid":{"rendered":"http:\/\/www.novaconcursos.com.br\/portal\/?p=22966"},"modified":"2021-01-28T16:29:34","modified_gmt":"2021-01-28T19:29:34","slug":"o-que-cai-na-prova-prefeitura-de-colatina-es","status":"publish","type":"post","link":"https:\/\/www.novaconcursos.com.br\/portal\/noticias\/o-que-cai-na-prova-prefeitura-de-colatina-es\/","title":{"rendered":"O que cai na prova: Prefeitura de Colatina &#8211; ES"},"content":{"rendered":"<p><a href=\"https:\/\/www.novaconcursos.com.br\/concurso\/prefeitura-de-colatina\/apostila?utm_source=blog&amp;utm_medium=smm&amp;utm_content=link-banner-250&amp;utm_campaign=prefeituracolatina\" target=\"_blank\" rel=\"noopener noreferrer\"><img decoding=\"async\" class=\" size-full wp-image-47067 alignleft\" src=\"https:\/\/www.novaconcursos.com.br\/portal\/wp-content\/uploads\/2016\/10\/concurso-prefeitura-de-colatina-ES.jpg\" alt=\"concurso-prefeitura-de-colatina-es\" width=\"278\" height=\"164\" loading=\"lazy\" title=\"\"><\/a>A <strong><a href=\"https:\/\/www.novaconcursos.com.br\/portal\/concursos\/concurso-prefeitura-de-colatina-es\/\" target=\"_blank\" rel=\"noopener noreferrer\">Prefeitura de Colatina \u2013 ES<\/a><\/strong> publicou edital de concurso com <strong>35 vagas<\/strong> + cadastro reserva para n\u00edveis fundamental e m\u00e9dio\/t\u00e9cnico. Se voc\u00ea vai participar dos testes agendados para o dia 20 de novembro de 2016, <strong>veja o que cai na prova<\/strong>. Selecionamos os principais conte\u00fados para voc\u00ea!<\/p>\n<p><a href=\"https:\/\/www.novaconcursos.com.br\/concurso\/prefeitura-de-colatina\/apostila?utm_source=blog&amp;utm_medium=smm&amp;utm_content=link-texto&amp;utm_campaign=prefeituracolatina\" target=\"_blank\" rel=\"noopener noreferrer\"><strong>Garanta j\u00e1 a sua vaga neste concurso!<\/strong><\/a><br><a href=\"https:\/\/www.novaconcursos.com.br\/concurso\/prefeitura-de-colatina\/apostila?utm_source=blog&amp;utm_medium=smm&amp;utm_content=link-texto&amp;utm_campaign=prefeituracolatina\" target=\"_blank\" rel=\"noopener noreferrer\"> <strong>Compre aqui: <span style=\"text-decoration: underline; color: #0000ff;\">Apostila Prefeitura de Colatina \u2013 ES<\/span><\/strong><\/a><\/p>\n<p><em>Conte\u00fado program\u00e1tico:<\/em><\/p>\n<p><strong>Mat\u00e9rias comuns aos cargos de n\u00edvel fundamental:<\/strong><\/p>\n<p><em>L\u00edngua portuguesa:<\/em> Interpreta\u00e7\u00e3o de texto. Concord\u00e2ncia Verbal. Concord\u00e2ncia Nominal. Reg\u00eancia Verbal. Ora\u00e7\u00f5es Coordenadas. Ora\u00e7\u00f5es Subordinadas. Coloca\u00e7\u00e3o Pronominal: Pr\u00f3clise, \u00canclise e Mes\u00f3clise. Locu\u00e7\u00f5es verbais. Crase. Verbos. Pontua\u00e7\u00e3o. Sintaxe de Reg\u00eancia. Figuras de Linguagem. Classes de Palavras. Termos da Ora\u00e7\u00e3o. Ortografia. Processos de forma\u00e7\u00e3o de palavras. Encontros Voc\u00e1licos, Consonantais e d\u00edgrafos. Acentua\u00e7\u00e3o Gr\u00e1fica.<\/p>\n<p><em>Matem\u00e1tica:<\/em> N\u00fameros relativos inteiros e fracion\u00e1rios, opera\u00e7\u00f5es e suas propriedades (adi\u00e7\u00e3o, subtra\u00e7\u00e3o, multiplica\u00e7\u00e3o, divis\u00e3o, potencia\u00e7\u00e3o e radicia\u00e7\u00e3o); M\u00faltiplos e divisores, MDC e MMC; Fra\u00e7\u00f5es ordin\u00e1rias e decimais, n\u00fameros decimais, propriedades e opera\u00e7\u00f5es; Express\u00f5es num\u00e9ricas; Equa\u00e7\u00f5es do 1\u00b0 e 2\u00b0 graus; Sistemas de equa\u00e7\u00f5es do 1\u00b0 e 2\u00b0 graus; Estudo do tri\u00e2ngulo ret\u00e2ngulo; rela\u00e7\u00f5es m\u00e9tricas no tri\u00e2ngulo ret\u00e2ngulo; rela\u00e7\u00f5es trigonom\u00e9tricas; Teorema de Pit\u00e1goras; \u00c2ngulos; Geometria \u2013 \u00c1rea e Volume; Sistema de medidas de tempo, sistema m\u00e9trico decimal; N\u00fameros e grandezas proporcionais, raz\u00f5es e propor\u00e7\u00f5es; Regra de tr\u00eas simples e composta; Porcentagem; Juros simples \u2013 juros, capital, tempo, taxas e montante; M\u00e9dia Aritm\u00e9tica simples e ponderada; Conjunto de N\u00fameros Reais e Conjunto de N\u00fameros Racionais; Problemas envolvendo os itens do programa; porcentagem e juros simples.<\/p>\n<p><em>Sa\u00fade p\u00fablica:<\/em> Pol\u00edtica Nacional de Humaniza\u00e7\u00e3o. Epidemiologia: bases conceituais, indicadores de sa\u00fade, sistema de informa\u00e7\u00e3o em sa\u00fade; epidemiologia e servi\u00e7os de sa\u00fade; epidemiologia e meio ambiente. Gest\u00e3o de Sa\u00fade Publica; Organiza\u00e7\u00e3o e administra\u00e7\u00e3o dos Servi\u00e7os de Sa\u00fade no Brasil \u2013 Sistema \u00danico de Sa\u00fade: antecedentes hist\u00f3ricos, princ\u00edpios e diretrizes do SUS. Pol\u00edtica Nacional de Aten\u00e7\u00e3o B\u00e1sica no SUS. Trabalho em equipe, diagn\u00f3stico de sa\u00fade, planejamento estrat\u00e9gico situacional. Controle social \u2013 gest\u00e3o colegiada, financiamento, legisla\u00e7\u00e3o e normaliza\u00e7\u00e3o. Modelos T\u00e9cnicos assistenciais em sa\u00fade. Vigil\u00e2ncia em Sa\u00fade, Vigil\u00e2ncia Sanit\u00e1ria; Vigil\u00e2ncia Epidemiol\u00f3gica, Vigil\u00e2ncia Ambiental: origens; determina\u00e7\u00f5es econ\u00f4micas, sociais e hist\u00f3ricas; prote\u00e7\u00e3o \u00e0 vida humana; sa\u00fade f\u00edsica e mental; biosseguran\u00e7a; sa\u00fade ocupacional. Programa Nacional de Imuniza\u00e7\u00e3o. No\u00e7\u00f5es de \u00e9tica e cidadania. Sa\u00fade p\u00fablica e saneamento b\u00e1sico. Outras legisla\u00e7\u00f5es pertinentes ao Programa.<\/p>\n<p>Conhecimentos espec\u00edficos: cada cargo possui diferentes mat\u00e9rias de conhecimentos espec\u00edficos. Confira no edital.<\/p>\n<p><strong>Mat\u00e9rias comuns aos cargos de n\u00edvel m\u00e9dio\/t\u00e9cnico:<\/strong><\/p>\n<p><em>L\u00edngua portuguesa:<\/em> Leitura e interpreta\u00e7\u00e3o de texto. Sistema ortogr\u00e1fico vigente. Divis\u00e3o sil\u00e1bica. Acentua\u00e7\u00e3o gr\u00e1fica. Sinais gr\u00e1ficos. Pontua\u00e7\u00e3o. Coletivos. Aumentativos e diminutivos. Graus do substantivo e do adjetivo. Palavras sin\u00f4nimas, ant\u00f4nimas, par\u00f4nimas e hom\u00f4nimas. Emprego de algumas palavras (porque \/ por que \/ porqu\u00ea \/ por qu\u00ea \u2013 sen\u00e3o \/ se n\u00e3o \u2013 h\u00e1 \/ a \u2013 mau \/ mal \u2013 afim \/ a fim). Classifica\u00e7\u00e3o das palavras \u2013 substantivo, artigo, adjetivo, numeral, pronome, verbo, adv\u00e9rbio, preposi\u00e7\u00e3o, contra\u00e7\u00e3o, conjun\u00e7\u00e3o e interjei\u00e7\u00e3o. Pronomes pessoais, demonstrativos e possessivos. Estrutura das palavras \u2013 elementos m\u00f3rficos. Processo de forma\u00e7\u00e3o das palavras. Locu\u00e7\u00f5es. Frase, ora\u00e7\u00e3o e per\u00edodo. Vozes do verbo: Voz ativa, passiva e reflexiva. Termos da ora\u00e7\u00e3o. Termos essenciais da ora\u00e7\u00e3o: Sujeito e predicado. Termos acess\u00f3rios da ora\u00e7\u00e3o. Vocativo. Per\u00edodo composto \u2013 Coordena\u00e7\u00e3o, subordina\u00e7\u00e3o, ora\u00e7\u00f5es reduzidas, ora\u00e7\u00f5es intercaladas ou interferentes. Reg\u00eancia verbal e nominal. Sintaxe de concord\u00e2ncia. Sintaxe de reg\u00eancia. Sintaxe de coloca\u00e7\u00e3o. Emprego de algumas classes de palavras. Fonema. S\u00edlaba. Acento t\u00f4nico. Crase. Encontro voc\u00e1lico. Encontro consonantal. Produ\u00e7\u00e3o de sons da fala. Alfabeto fonol\u00f3gico. Ortoepia. Pros\u00f3dia. O significado das palavras. Denota\u00e7\u00e3o e conota\u00e7\u00e3o. Figuras de linguagem. V\u00edcios de linguagem. Fun\u00e7\u00f5es da linguagem. Versifica\u00e7\u00e3o. Literatura: Os g\u00eaneros liter\u00e1rios.<\/p>\n<p><em>Matem\u00e1tica:<\/em> C\u00e1lculo Num\u00e9rico e Alg\u00e9brico, Conjuntos, Conjuntos Num\u00e9ricos, Porcentagem, Rela\u00e7\u00f5es e Fun\u00e7\u00f5es, Fun\u00e7\u00e3o do 1\u00b0 grau; Fun\u00e7\u00e3o do 2\u00b0 grau; Fun\u00e7\u00e3o Modular; Fun\u00e7\u00e3o Exponencial; Logaritmos; Fun\u00e7\u00e3o Logar\u00edtmica; Progress\u00f5es; Geometria Plana; Geometria de Posi\u00e7\u00e3o Espacial; Geometria M\u00e9trica Espacial; Geometria Anal\u00edtica; Trigonometria; Matrizes; Determinantes; Sistemas Lineares; Bin\u00f4mio de Newton; An\u00e1lise Combinat\u00f3ria; Probabilidade; N\u00fameros Complexos; Polin\u00f4mios; Equa\u00e7\u00f5es Polinomiais ou Alg\u00e9bricas; No\u00e7\u00f5es de Estat\u00edsticas e problemas envolvendo Racioc\u00ednio L\u00f3gico.<\/p>\n<p><em>Inform\u00e1tica:<\/em> MS Office-2010 \u2013 ferramentas b\u00e1sicas: Word: Estrutura dos documentos, edi\u00e7\u00e3o e formata\u00e7\u00e3o de textos e imagens, cabe\u00e7alhos, par\u00e1grafos, fontes, colunas marcadores simb\u00f3licos e num\u00e9ricos, manipula\u00e7\u00f5es e formata\u00e7\u00f5es de tabelas, op\u00e7\u00f5es de impress\u00e3o, controle de quebra e numera\u00e7\u00e3o de p\u00e1ginas, legendas, \u00edndices, inser\u00e7\u00e3o de objetos, campos predefinidos, caixas de texto. Excel: Classifica\u00e7\u00e3o, localiza\u00e7\u00e3o e filtros de dados; tipos de gr\u00e1ficos e suas aplica\u00e7\u00f5es; op\u00e7\u00f5es de impress\u00e3o. Power Point: Layout do slide; Plano de fundo; Inserir imagens; Bot\u00f5es de a\u00e7\u00e3o; Transi\u00e7\u00e3o de slide; op\u00e7\u00f5es de impress\u00e3o. Access: Alimentando a Base de Dados e Trabalhando com Formul\u00e1rios e Relat\u00f3rios. Internet: Conceitos e servi\u00e7os relacionados \u00e0 Internet, correio eletr\u00f4nico e Browsers (navegadores de internet).<\/p>\n<p><em>Conhecimentos espec\u00edficos:<\/em> cada cargo possui diferentes mat\u00e9rias de conhecimentos espec\u00edficos. Confira no edital.<\/p>\n<p>Para saber mais detalhes e baixar o edital, <span style=\"text-decoration: underline; color: #0000ff;\"><a style=\"color: #0000ff; text-decoration: underline;\" href=\"https:\/\/www.novaconcursos.com.br\/portal\/concursos\/concurso-prefeitura-de-colatina-es\/\" target=\"_blank\" rel=\"noopener noreferrer\">veja a p\u00e1gina do <strong>Concurso Prefeitura de Colatina \u2013 ES<\/strong><\/a><\/span><\/p>\n<p><strong>Crit\u00e9rios de desempate<\/strong><br>\nEm caso de igualdade de notas, na classifica\u00e7\u00e3o final de todos os cargos, ser\u00e3o adotados sucessivamente os seguintes crit\u00e9rios de desempate:<br>\n\u2013 Tiver idade superior a sessenta anos, at\u00e9 o \u00faltimo dia de inscri\u00e7\u00e3o neste concurso<br>\n\u2013 Maior pontua\u00e7\u00e3o na prova de conhecimentos espec\u00edficos;<br>\n\u2013 Maior pontua\u00e7\u00e3o na prova de l\u00edngua portuguesa;<br>\n\u2013 Maior pontua\u00e7\u00e3o na prova de matem\u00e1tica;<br>\n\u2013 Maior pontua\u00e7\u00e3o na prova de no\u00e7\u00f5es b\u00e1sicas em inform\u00e1tica;<br>\n\u2013 Persistindo o empate, ter\u00e1 a prefer\u00eancia o candidato mais idoso, considerando-se ano, m\u00eas, dia de nascimento<\/p>\n<p>A <span style=\"text-decoration: underline;\"><strong><a href=\"https:\/\/www.novaconcursos.com.br\/?utm_source=blog&amp;utm_medium=smm&amp;utm_content=link-texto&amp;utm_campaign=home\" target=\"_blank\" rel=\"noopener noreferrer\">editora Nova<\/a><\/strong><\/span> tem ajudado h\u00e1 mais de 8 anos quem quer vencer a batalha do concurso p\u00fablico. Se voc\u00ea quer aumentar as suas chances de passar, conhe\u00e7a os nossos materiais, acessando o nosso site!<\/p>\n<p><a href=\"https:\/\/www.novaconcursos.com.br\/concurso\/prefeitura-de-colatina\/apostila?utm_source=blog&amp;utm_medium=smm&amp;utm_content=link-banner-728&amp;utm_campaign=prefeituracolatina\" target=\"_blank\" rel=\"noopener noreferrer\"><img decoding=\"async\" class=\"aligncenter wp-image-47281 size-full\" src=\"https:\/\/www.novaconcursos.com.br\/portal\/wp-content\/uploads\/2016\/10\/modelo-apostila-prefeitura-de-colatina.jpg\" alt=\"modelo-apostila-prefeitura-de-colatina\" width=\"590\" height=\"80\" loading=\"lazy\" title=\"\" srcset=\"https:\/\/www.novaconcursos.com.br\/portal\/wp-content\/uploads\/2016\/10\/modelo-apostila-prefeitura-de-colatina-300x41.jpg 300w, https:\/\/www.novaconcursos.com.br\/portal\/wp-content\/uploads\/2016\/10\/modelo-apostila-prefeitura-de-colatina.jpg 590w\" sizes=\"auto, (max-width: 480px) 100vw, (max-width: 768px) 100vw, (max-width: 1200px) 70vw, 768px\"><\/a><\/p>","protected":false},"excerpt":{"rendered":"<p>A Prefeitura de Colatina \u2013 ES publicou edital de concurso com 35 vagas + cadastro reserva para n\u00edveis fundamental e m\u00e9dio\/t\u00e9cnico. Se voc\u00ea vai participar dos testes agendados para o dia 20 de novembro de 2016, veja o que cai na prova. Selecionamos os principais conte\u00fados para voc\u00ea! Garanta j\u00e1 a sua vaga neste concurso! [&hellip;]<\/p>\n","protected":false},"author":16,"featured_media":22924,"comment_status":"closed","ping_status":"closed","sticky":false,"template":"","format":"standard","meta":{"_acf_changed":false,"footnotes":"","_wp_rev_ctl_limit":""},"categories":[228],"tags":[14017,18828,14035],"class_list":["post-22966","post","type-post","status-publish","format-standard","has-post-thumbnail","hentry","category-noticias","tag-concurso-prefeitura-de-colatina","tag-edital-prefeitura-de-colatina","tag-o-que-cai-na-prova-prefeitura-de-colatina-es"],"acf":[],"_links":{"self":[{"href":"https:\/\/www.novaconcursos.com.br\/portal\/wp-json\/wp\/v2\/posts\/22966","targetHints":{"allow":["GET"]}}],"collection":[{"href":"https:\/\/www.novaconcursos.com.br\/portal\/wp-json\/wp\/v2\/posts"}],"about":[{"href":"https:\/\/www.novaconcursos.com.br\/portal\/wp-json\/wp\/v2\/types\/post"}],"author":[{"embeddable":true,"href":"https:\/\/www.novaconcursos.com.br\/portal\/wp-json\/wp\/v2\/users\/16"}],"replies":[{"embeddable":true,"href":"https:\/\/www.novaconcursos.com.br\/portal\/wp-json\/wp\/v2\/comments?post=22966"}],"version-history":[{"count":8,"href":"https:\/\/www.novaconcursos.com.br\/portal\/wp-json\/wp\/v2\/posts\/22966\/revisions"}],"predecessor-version":[{"id":115401,"href":"https:\/\/www.novaconcursos.com.br\/portal\/wp-json\/wp\/v2\/posts\/22966\/revisions\/115401"}],"wp:featuredmedia":[{"embeddable":true,"href":"https:\/\/www.novaconcursos.com.br\/portal\/wp-json\/wp\/v2\/media\/22924"}],"wp:attachment":[{"href":"https:\/\/www.novaconcursos.com.br\/portal\/wp-json\/wp\/v2\/media?parent=22966"}],"wp:term":[{"taxonomy":"category","embeddable":true,"href":"https:\/\/www.novaconcursos.com.br\/portal\/wp-json\/wp\/v2\/categories?post=22966"},{"taxonomy":"post_tag","embeddable":true,"href":"https:\/\/www.novaconcursos.com.br\/portal\/wp-json\/wp\/v2\/tags?post=22966"}],"curies":[{"name":"wp","href":"https:\/\/api.w.org\/{rel}","templated":true}]}}