{"id":229933,"date":"2024-04-18T19:21:04","date_gmt":"2024-04-18T22:21:04","guid":{"rendered":"https:\/\/www.novaconcursos.com.br\/portal\/?p=229933"},"modified":"2025-04-23T17:35:03","modified_gmt":"2025-04-23T20:35:03","slug":"trf3-como-sera-a-prova-objetiva-269-vagas-de-tecnico-e-analista","status":"publish","type":"post","link":"https:\/\/www.novaconcursos.com.br\/portal\/noticias\/trf3-como-sera-a-prova-objetiva-269-vagas-de-tecnico-e-analista\/","title":{"rendered":"TRF3: Como ser\u00e1 a prova objetiva? 269 vagas de T\u00e9cnico e Analista!"},"content":{"rendered":"<p>A Tribunal Regional Federal da 3\u00aa Regi\u00e3o publicou edital do <a href=\"https:\/\/www.novaconcursos.com.br\/portal\/concursos\/concurso-trf3\/\">concurso TRF3<\/a> com oferta de vagas de <strong>n\u00edvel superior<\/strong>, para Analista e T\u00e9cnico, e sal\u00e1rios iniciais de at\u00e9 <strong>R$14 mil.<\/strong><\/p>\n\n\n\n<p>Mas, o que estudar e como ser\u00e1 a <strong>prova <\/strong>do concurso? Os aprovados v\u00e3o <strong>atuar <\/strong>em cidades das capitais de S\u00e3o Paulo e Mato Grosso do Sul. Veja tudo nesta mat\u00e9ria!<\/p>\n\n\n\n<h2 class=\"wp-block-heading\" id=\"como-e-quando-ser-a-prova-objetiva-do-concurso-trf3\">Como e quando ser\u00e1 a prova objetiva do concurso TRF3?<\/h2>\n\n\n\n<p>Primeiramente, dizemos que a sele\u00e7\u00e3o dos candidatos ocorrer\u00e1 por aplica\u00e7\u00e3o de provas objetivas e discursivas, que acontecer\u00e3o no dia <strong>28 de julho<\/strong>.<\/p>\n\n\n\n<p>Esta aplica\u00e7\u00e3o, ali\u00e1s, acontecer\u00e1 em dois turnos nas <strong>cidades <\/strong>de Ara\u00e7atuba\/SP, Bauru\/SP, Ribeir\u00e3o Preto\/SP e S\u00e3o Paulo\/SP, Campo Grande\/MS e Dourados\/MS. Ser\u00e1 de manh\u00e3 para T\u00e9cnicos e \u00e0 tarde para Analistas. <\/p>\n\n\n\n<p>Assim, os candidatos dever\u00e3o responder<strong> 60 quest\u00f5es<\/strong> de m\u00faltipla escolha, com 5 alternativas cada, sendo 20 quest\u00f5es de conhecimentos gerais e 40 de conhecimentos espec\u00edficos.<\/p>\n\n\n\n<p>As quest\u00f5es versar\u00e3o sobre as <strong>\u00e1reas <\/strong>de l\u00edngua portuguesa, no\u00e7\u00f5es sobre o Direito das Pessoas com Defici\u00eancia, matem\u00e1tica e racioc\u00ednio l\u00f3gico.<\/p>\n\n\n\n<h3 class=\"wp-block-heading\">Prova discursiva<\/h3>\n\n\n\n<p>Ademais, a prova discursiva consistir\u00e1 na elabora\u00e7\u00e3o de uma <strong>reda\u00e7\u00e3o<\/strong>, para o cargo de T\u00e9cnico Judici\u00e1rio e em um estudo de caso, para o cargo de Analista.<\/p>\n\n\n\n<ul class=\"wp-block-list\"><li><strong>Confira:\u00a0<\/strong><a href=\"https:\/\/www.novaconcursos.com.br\/livro-impresso\/questoes-a-vunesp?promo_creative=Livro+de+Quest%C3%B5es+Comentadas+Vunesp&amp;promo_name=noticia&amp;promo_id=%2Fportal%2Fnoticias%2Fconcurso-trf3-escolaridade-de-tecnico-e-alterada-para-nivel-superior&amp;promo_position=corpo-texto\">Livro de Quest\u00f5es Comentadas Vunesp<\/a><\/li>\n\n\n\n<li><strong>Confira:\u00a0<\/strong><a href=\"https:\/\/www.novaconcursos.com.br\/livro-impresso\/questoes-a-trf-tribunal-regional-federal?promo_creative=Livro+de+Quest%C3%B5es+TRF+%26%238211%3B+Tribunal+Regional+Federal&amp;promo_name=noticia&amp;promo_id=%2Fportal%2Fnoticias%2Fconcurso-trf3-escolaridade-de-tecnico-e-alterada-para-nivel-superior&amp;promo_position=corpo-texto\">Livro de Quest\u00f5es TRF \u2013 Tribunal Regional Federal<\/a><\/li>\n<\/ul><p>Ap\u00f3s homologado, o concurso ter\u00e1 prazo de <strong>validade de 2 anos<\/strong>, com possibilidade de prorroga\u00e7\u00e3o, por igual per\u00edodo, a crit\u00e9rio do Tribunal Regional Federal da 3\u00aa Regi\u00e3o.<\/p>\n\n\n\n<h2 class=\"wp-block-heading\" id=\"quais-assuntos-so-cobrados-na-prova-do-trf3\">Quais assuntos s\u00e3o cobrados na prova do TRF3?<\/h2>\n\n\n\n<p>Aten\u00e7\u00e3o, concurseiro! \u00c9 muito importante saber e estudar todo o <strong>conte\u00fado program\u00e1tico<\/strong> que estar\u00e1 cobrado na prova objetiva. Por isso, veja abaixo:<\/p>\n\n\n\n<h3 class=\"wp-block-heading\">L\u00edngua Portuguesa<\/h3>\n\n\n\n<ul class=\"wp-block-list\"><li>Reda\u00e7\u00e3o Oficial;<\/li>\n\n\n\n<li>Ortografia e acentua\u00e7\u00e3o;<\/li>\n\n\n\n<li>Emprego do sinal indicativo de crase;<\/li>\n\n\n\n<li>Compreens\u00e3o e interpreta\u00e7\u00e3o de textos de g\u00eaneros variados;<\/li>\n\n\n\n<li>Rela\u00e7\u00e3o do texto com seu contexto hist\u00f3rico;<\/li>\n\n\n\n<li>Denota\u00e7\u00e3o e conota\u00e7\u00e3o;<\/li>\n\n\n\n<li>Discurso direto, discurso indireto e discurso indireto livre;<\/li>\n\n\n\n<li>Intertextualidade;<\/li>\n\n\n\n<li>Figuras de linguagem. Morfossintaxe;<\/li>\n\n\n\n<li>Elementos estruturais e processos de forma\u00e7\u00e3o de palavras;<\/li>\n\n\n\n<li>Sinon\u00edmia e anton\u00edmia;<\/li>\n\n\n\n<li>Pontua\u00e7\u00e3o;<\/li>\n\n\n\n<li>Pronomes;<\/li>\n\n\n\n<li>Concord\u00e2ncia nominal e concord\u00e2ncia verbal;<\/li>\n\n\n\n<li>Flex\u00e3o nominal e flex\u00e3o verbal;<\/li>\n\n\n\n<li>Vozes do verbo;<\/li>\n\n\n\n<li>Correla\u00e7\u00e3o de tempos e modos verbais;<\/li>\n\n\n\n<li>Reg\u00eancia nominal e reg\u00eancia verbal;<\/li>\n\n\n\n<li>Coordena\u00e7\u00e3o e subordina\u00e7\u00e3o;<\/li>\n\n\n\n<li>Conectivos;<\/li>\n\n\n\n<li>Reda\u00e7\u00e3o (confronto e reconhecimento de frases corretas e incorretas; organiza\u00e7\u00e3o e reorganiza\u00e7\u00e3o de ora\u00e7\u00f5es e per\u00edodos; equival\u00eancia e transforma\u00e7\u00e3o de estruturas).<\/li>\n<\/ul><h3 class=\"wp-block-heading\">Racioc\u00ednio L\u00f3gico-Matem\u00e1tico<\/h3>\n\n\n\n<ul class=\"wp-block-list\"><li>Estrutura l\u00f3gica de rela\u00e7\u00f5es arbitr\u00e1rias entre pessoas, lugares, objetos ou eventos fict\u00edcios;<\/li>\n\n\n\n<li>Dedu\u00e7\u00e3o de novas informa\u00e7\u00f5es das rela\u00e7\u00f5es fornecidas e avalia\u00e7\u00e3o das condi\u00e7\u00f5es usadas para<br>estabelecer a estrutura daquelas rela\u00e7\u00f5es;<\/li>\n\n\n\n<li>Compreens\u00e3o e elabora\u00e7\u00e3o da l\u00f3gica das situa\u00e7\u00f5es por meio de: racioc\u00ednio verbal, racioc\u00ednio matem\u00e1tico, racioc\u00ednio sequencial, orienta\u00e7\u00e3o espacial e temporal, forma\u00e7\u00e3o de conceitos, discrimina\u00e7\u00e3o de elementos;<\/li>\n\n\n\n<li>Compreens\u00e3o do processo l\u00f3gico que, a partir de um conjunto de hip\u00f3teses, conduz, de forma v\u00e1lida, a conclus\u00f5es determinadas;<\/li>\n\n\n\n<li>No\u00e7\u00f5es b\u00e1sicas de proporcionalidade e porcentagem: problemas envolvendo regra de tr\u00eas simples, c\u00e1lculos de porcentagem, acr\u00e9scimos e descontos.<\/li>\n<\/ul><h3 class=\"wp-block-heading\">No\u00e7\u00f5es dos Direitos das Pessoas com Defici\u00eancia<\/h3>\n\n\n\n<ul class=\"wp-block-list\"><li>Resolu\u00e7\u00e3o CNJ n\u00ba 401\/2021;<\/li>\n\n\n\n<li>Inclus\u00e3o, direitos e garantias legais e constitucionais das pessoas com defici\u00eancia (Lei n\u00ba 3.146\/2015;<\/li>\n\n\n\n<li>Lei n\u00ba 11.126\/2005 e Constitui\u00e7\u00e3o Federal);<\/li>\n\n\n\n<li>Normas gerais e crit\u00e9rios b\u00e1sicos para a promo\u00e7\u00e3o da acessibilidade das pessoas portadoras de defici\u00eancia ou com mobilidade reduzida (Lei n\u00ba 10.098\/2000 e Decreto 5.296\/2004);<\/li>\n\n\n\n<li>Prioridade de atendimento \u00e0s pessoas portadoras de defici\u00eancia (Lei n\u00ba 10.048\/2000 e Decreto 5.296\/2004);<\/li>\n\n\n\n<li>Normas de apoio \u00e0s pessoas portadoras de defici\u00eancia e sua integra\u00e7\u00e3o social (Lei n\u00ba 7.853\/1989 e Decreto 3.298\/1999).<\/li>\n<\/ul><p>Ent\u00e3o, n\u00e3o deixe os seus estudos para \u00faltima hora. Adquira agora mesmo a\u00a0<a href=\"https:\/\/www.novaconcursos.com.br\/apostila\/trf-3-prep-regiao-tecnico-judiciario-area-administrativa?promo_creative=Apostila+TRF3+T%C3%A9cnico+Judici%C3%A1rio%21+&amp;promo_name=noticia&amp;promo_id=%2Fportal%2Fnoticias%2Fedital-trf3-confira-as-vagas-salarios-e-etapas-de-selecao&amp;promo_position=corpo-texto\">Apostila TRF3 T\u00e9cnico Judici\u00e1rio!<\/a><\/p>\n\n\n\n<h2 class=\"wp-block-heading\" id=\"o-que-preciso-para-ser-aprovado\">O que \u00e9 preciso para ser aprovado?<\/h2>\n\n\n\n<p>Para ser considerado aprovado nas vagas de <strong>ampla concorr\u00eancia,<\/strong> o candidato dever\u00e1 obter 50% de acertos na prova de conhecimentos gerais.<\/p>\n\n\n\n<p>Al\u00e9m de 50% na prova de conhecimentos espec\u00edficos e nota igual ou superior a 6 pontos na m\u00e9dia aritm\u00e9tica ponderada de ambas as provas (que valer\u00e3o 10 pontos). <\/p>\n\n\n\n<p>Por outro lado, para ser aprovado nas vagas para <strong>negros, ind\u00edgenas e\/ou pessoas com defici\u00eancia<\/strong>, ser\u00e1 preciso obter 40% de acertos na prova de conhecimentos gerais.<\/p>\n\n\n\n<p>Al\u00e9m de 40% na prova de conhecimentos espec\u00edficos e nota igual ou superior a 4,80 pontos na m\u00e9dia aritm\u00e9tica ponderada de ambas as provas (que valer\u00e3o 10 pontos).<\/p>\n\n\n\n<h2 class=\"wp-block-heading\" id=\"quais-vagas-esto-sendo-ofertadas-no-edital-trf3\">Quais vagas est\u00e3o sendo ofertadas no edital TRF3?<\/h2>\n\n\n\n<p>O TRF3\u00a0oferta 269 vagas imediatas, al\u00e9m de forma\u00e7\u00e3o de um cadastro reserva que poder\u00e1 ser utilizado durante todo o prazo de validade do concurso.<\/p>\n\n\n\n<p>S\u00e3o oportunidades para os cargos de T\u00e9cnico e Analista, com sal\u00e1rios iniciais de\u00a0<strong>at\u00e9 R$13 mil<\/strong>. Veja abaixo a distribui\u00e7\u00e3o:<\/p>\n\n\n\n<h3 class=\"wp-block-heading\">TRF3 sede<\/h3>\n\n\n\n<ul class=\"wp-block-list\"><li>Analista Judici\u00e1rio: CR<\/li>\n\n\n\n<li>T\u00e9cnico Judici\u00e1rio \u2013 \u00c1rea Administrativa: 63 vagas, sendo 44 vagas para ampla concorr\u00eancia, 4 vagas para pessoas com defici\u00eancia, 13 vagas para negros e 2 vagas para ind\u00edgenas.<\/li>\n\n\n\n<li>Cidade integrante: S\u00e3o Paulo (Capital)<\/li>\n<\/ul><h3 class=\"wp-block-heading\">Se\u00e7\u00e3o Judici\u00e1ria do Estado de S\u00e3o Paulo<\/h3>\n\n\n\n<ul class=\"wp-block-list\"><li>Analista \u2013 \u00c1rea Judici\u00e1ria: CR<\/li>\n\n\n\n<li>T\u00e9cnico \u2013 \u00c1rea Administrativa: 200 vagas, sendo 144 vagas para ampla concorr\u00eancia, 10 vagas para pessoas com defici\u00eancia, 40 vagas para negros e 6 vagas para ind\u00edgenas.<\/li>\n\n\n\n<li>Cidades integrantes: S\u00e3o Paulo (Capital), Americana, Andradina, Ara\u00e7atuba, Araraquara, Assis, Avar\u00e9, Barretos, Barueri, Bauru, Botucatu, Bragan\u00e7a Paulista, Campinas, Caraguatatuba, Catanduva, Franca, Guaratinguet\u00e1, Guarulhos, Itapeva, Jales, Ja\u00fa, Jundia\u00ed, Limeira, Lins, Mar\u00edlia, Mau\u00e1, Mogi das Cruzes, Osasco, Ourinhos, Piracicaba, Presidente Prudente, Registro, Ribeir\u00e3o Preto, Santo Andr\u00e9, Santos, S\u00e3o Bernardo do Campo, S\u00e3o Carlos, S\u00e3o Jo\u00e3o da Boa Vista, S\u00e3o Jos\u00e9 do Rio Preto, S\u00e3o Jos\u00e9 dos Campos, S\u00e3o Vicente, Sorocaba, Taubat\u00e9 e Tup\u00e3.<\/li>\n<\/ul><h3 class=\"wp-block-heading\">Se\u00e7\u00e3o Judici\u00e1ria do Estado de Mato Grosso do Sul<\/h3>\n\n\n\n<ul class=\"wp-block-list\"><li>T\u00e9cnico \u2013 \u00c1rea Administrativa: 6 vagas, sendo 4 vagas para ampla concorr\u00eancia, 1 vaga para pessoas com defici\u00eancia e 1 vaga para negros.<\/li>\n\n\n\n<li>Cidades integrantes: Campo Grande, Corumb\u00e1, Coxim, Dourados, Navira\u00ed, Ponta Por\u00e3 e Tr\u00eas Lagoas.<\/li>\n<\/ul><h2 class=\"wp-block-heading\" id=\"qual-o-salrio-de-um-funcionrio-do-trf3\">Qual o sal\u00e1rio de um funcion\u00e1rio do TRF3?<\/h2>\n\n\n\n<p>O Tribunal Regional Federal da 3\u00aa Regi\u00e3o oferta remunera\u00e7\u00e3o inicial de<strong> R$ 8.529,65<\/strong> para o cargo de T\u00e9cnico Judici\u00e1rio e de <strong>R$ 13.994,78<\/strong> para o cargo de Analista Judici\u00e1rio.<\/p>\n\n\n\n<p>Mas, com o aux\u00edlio-alimenta\u00e7\u00e3o de R$ 1.393,10, os servidores ter\u00e3o ganhos de: T\u00e9cnico Judici\u00e1rio (R$ 9.922,75) e Analista Judici\u00e1rio (R$ 15.387,88).<\/p>\n\n\n\n<p>Al\u00e9m de assist\u00eancias pr\u00e9-escolar de R$ 935,22 e m\u00e9dica e odontol\u00f3gica de R$ 579,39. Vale ressaltar que o sal\u00e1rio \u00e9 composto pelo vencimento b\u00e1sico e pela Gratifica\u00e7\u00e3o de Atividade Judici\u00e1ria (GAJ).<\/p>\n\n\n\n<h2 class=\"wp-block-heading\" id=\"como-me-inscrever-no-concurso-trf3\">Como me inscrever no concurso TRF3?<\/h2>\n\n\n\n<p>Para se inscrever no concurso \u00e9 f\u00e1cil! Basta acessar o site da\u00a0<a href=\"https:\/\/www.concursosfcc.com.br\/\" target=\"_blank\" rel=\"noreferrer noopener\">Funda\u00e7\u00e3o Carlos Chagas,<\/a>\u00a0a banca, a partir das 10h do dia<strong> 29 de abril<\/strong> at\u00e9 \u00e0s 23h59 do dia <strong>28 de maio<\/strong> e preencher o formul\u00e1rio de inscri\u00e7\u00e3o.<\/p>\n\n\n\n<p>Em seguida, resta imprimir o boleto a fim de efetuar o pagamento da <strong>taxa <\/strong>at\u00e9 o dia 29 de maio. O valor da taxa \u00e9 de R$80,00 para o cargo de T\u00e9cnico e R$130,00 para o cargo de Analista.<\/p>","protected":false},"excerpt":{"rendered":"<p>A Tribunal Regional Federal da 3\u00aa Regi\u00e3o publicou edital do concurso TRF3 com oferta de vagas de n\u00edvel superior, para Analista e T\u00e9cnico, e sal\u00e1rios iniciais de at\u00e9 R$14 mil. Mas, o que estudar e como ser\u00e1 a prova do concurso? Os aprovados v\u00e3o atuar em cidades das capitais de S\u00e3o Paulo e Mato Grosso [&hellip;]<\/p>\n","protected":false},"author":54671,"featured_media":229934,"comment_status":"closed","ping_status":"closed","sticky":false,"template":"","format":"standard","meta":{"_acf_changed":false,"footnotes":"","_wp_rev_ctl_limit":""},"categories":[228],"tags":[],"class_list":["post-229933","post","type-post","status-publish","format-standard","has-post-thumbnail","hentry","category-noticias"],"acf":[],"_links":{"self":[{"href":"https:\/\/www.novaconcursos.com.br\/portal\/wp-json\/wp\/v2\/posts\/229933","targetHints":{"allow":["GET"]}}],"collection":[{"href":"https:\/\/www.novaconcursos.com.br\/portal\/wp-json\/wp\/v2\/posts"}],"about":[{"href":"https:\/\/www.novaconcursos.com.br\/portal\/wp-json\/wp\/v2\/types\/post"}],"author":[{"embeddable":true,"href":"https:\/\/www.novaconcursos.com.br\/portal\/wp-json\/wp\/v2\/users\/54671"}],"replies":[{"embeddable":true,"href":"https:\/\/www.novaconcursos.com.br\/portal\/wp-json\/wp\/v2\/comments?post=229933"}],"version-history":[{"count":4,"href":"https:\/\/www.novaconcursos.com.br\/portal\/wp-json\/wp\/v2\/posts\/229933\/revisions"}],"predecessor-version":[{"id":280481,"href":"https:\/\/www.novaconcursos.com.br\/portal\/wp-json\/wp\/v2\/posts\/229933\/revisions\/280481"}],"wp:featuredmedia":[{"embeddable":true,"href":"https:\/\/www.novaconcursos.com.br\/portal\/wp-json\/wp\/v2\/media\/229934"}],"wp:attachment":[{"href":"https:\/\/www.novaconcursos.com.br\/portal\/wp-json\/wp\/v2\/media?parent=229933"}],"wp:term":[{"taxonomy":"category","embeddable":true,"href":"https:\/\/www.novaconcursos.com.br\/portal\/wp-json\/wp\/v2\/categories?post=229933"},{"taxonomy":"post_tag","embeddable":true,"href":"https:\/\/www.novaconcursos.com.br\/portal\/wp-json\/wp\/v2\/tags?post=229933"}],"curies":[{"name":"wp","href":"https:\/\/api.w.org\/{rel}","templated":true}]}}