{"id":230073,"date":"2024-04-19T14:59:42","date_gmt":"2024-04-19T17:59:42","guid":{"rendered":"https:\/\/www.novaconcursos.com.br\/portal\/?p=230073"},"modified":"2024-04-19T15:07:28","modified_gmt":"2024-04-19T18:07:28","slug":"policia-penal-ce-o-que-estudar-para-prova","status":"publish","type":"post","link":"https:\/\/www.novaconcursos.com.br\/portal\/noticias\/policia-penal-ce-o-que-estudar-para-prova\/","title":{"rendered":"O que estudar para prova da Pol\u00edcia Penal CE? 800 vagas!"},"content":{"rendered":"<p>Quer saber <strong>o que estudar para a prova da <a href=\"https:\/\/www.novaconcursos.com.br\/portal\/concursos\/concurso-agepen-ce\/\">Pol\u00edcia Penal CE<\/a> <\/strong>e dar um passo na sua carreira rumo a \u00e1rea de seguran\u00e7a? O edital foi publicado com oferta de 800 vagas de n\u00edvel m\u00e9dio.<\/p>\n\n\n\n<p>Os sal\u00e1rios podem ultrapassar R$6 mil. N\u00e3o perca essa oportunidade! Continue conosco para saber mais! <\/p>\n\n\n\n<h2 class=\"wp-block-heading\" id=\"o-que-estudar-para-a-prova-da-polcia-penal-ce-\">O que estudar para a prova da Pol\u00edcia Penal CE? <\/h2>\n\n\n\n<p>A aplica\u00e7\u00e3o das provas objetivas e discursivas ocorrer\u00e1 no dia 14 de julho de 2024, na regi\u00e3o metropolitana de Fortaleza\/CE, das 13h \u00e0s 19h.<\/p>\n\n\n\n<p>Os candidatos dever\u00e3o responder 90 quest\u00f5es sobre l\u00edngua portuguesa, no\u00e7\u00f5es de inform\u00e1tica, racioc\u00ednio l\u00f3gico, no\u00e7\u00f5es de administra\u00e7\u00e3o p\u00fablica e \u00e9tica no servi\u00e7o p\u00fablico, legisla\u00e7\u00e3o espec\u00edfica, no\u00e7\u00f5es de direito administrativo, constitucional, penal, direitos humanos e legisla\u00e7\u00e3o extravagante.<\/p>\n\n\n\n<p>Saiba quais conte\u00fados ser\u00e3o cobrados em cada uma das disciplinas:<\/p>\n\n\n\n<h3 class=\"wp-block-heading\">L\u00edngua Portuguesa<\/h3>\n\n\n\n<ol class=\"wp-block-list\"><li>Compreens\u00e3o e interpreta\u00e7\u00e3o de textos de g\u00eaneros variados.<\/li>\n\n\n\n<li>Dom\u00ednio da ortografia oficial: Emprego das letras; Emprego da acentua\u00e7\u00e3o gr\u00e1fica;<\/li>\n\n\n\n<li>Dom\u00ednio dos mecanismos de coes\u00e3o textual: Emprego de elementos de referencia\u00e7\u00e3o, substitui\u00e7\u00e3o e repeti\u00e7\u00e3o, de conectores e outros elementos de sequencia\u00e7\u00e3o textual; Emprego\/correla\u00e7\u00e3o de tempos e modos verbais;<\/li>\n\n\n\n<li>Dom\u00ednio da estrutura morfossint\u00e1tica do per\u00edodo: rela\u00e7\u00f5es de coordena\u00e7\u00e3o entre ora\u00e7\u00f5es e entre termos da ora\u00e7\u00e3o; rela\u00e7\u00f5es de subordina\u00e7\u00e3o entre ora\u00e7\u00f5es e entre termos da ora\u00e7\u00e3o; emprego dos sinais de pontua\u00e7\u00e3o; concord\u00e2ncia verbal e nominal; emprego do sinal indicativo de crase; coloca\u00e7\u00e3o dos pronomes \u00e1tonos;<\/li>\n\n\n\n<li>Reescritura de frases e par\u00e1grafos do texto: substitui\u00e7\u00e3o de palavras ou de trechos de texto; retextualiza\u00e7\u00e3o de diferentes g\u00eaneros e n\u00edveis de formalidade.<\/li>\n<\/ol><h3 class=\"wp-block-heading\">No\u00e7\u00f5es de Inform\u00e1tica<\/h3>\n\n\n\n<ol class=\"wp-block-list\"><li>Sistema Operacional: Windows\/Linux;<\/li>\n\n\n\n<li>LibreOffice\/Apache OpenOffice \u2013 Writer;<\/li>\n\n\n\n<li>LibreOffice\/Apache OpenOffice \u2013 Calc;<\/li>\n\n\n\n<li>LibreOffice\/Apache OpenOffice \u2013 Impress;<\/li>\n\n\n\n<li>Internet: Intranet, Extranet, Protocolo e Servi\u00e7o, S\u00edtios de Busca e Pesquisa na internet, nuvem e edes sociais;<\/li>\n\n\n\n<li>Navegadores \u2013 Mozilla Firefox\/Google Chrome \u2013 Internet: Navega\u00e7\u00e3o Internet, conceitos de URL, links, sites, busca e impress\u00e3o de p\u00e1ginas;<\/li>\n\n\n\n<li>Redes sociais;<\/li>\n\n\n\n<li>Tecnologia da informa\u00e7\u00e3o e seguran\u00e7a de dados;<\/li>\n\n\n\n<li>Seguran\u00e7a da Informa\u00e7\u00e3o: Princ\u00edpios de Seguran\u00e7a, Confidencialidade e Assinatura digital;<\/li>\n\n\n\n<li>Extens\u00e3o e Arquivos;<\/li>\n\n\n\n<li>Hardware: dispositivos de armazenamento, mem\u00f3rias e perif\u00e9ricos.<\/li>\n<\/ol><h3 class=\"wp-block-heading\">Racioc\u00ednio L\u00f3gico<\/h3>\n\n\n\n<ol class=\"wp-block-list\"><li>Estrutura l\u00f3gica de rela\u00e7\u00f5es arbitr\u00e1rias entre pessoas, lugares, objetos ou eventos fict\u00edcios; dedu\u00e7\u00e3o e novas informa\u00e7\u00f5es da rela\u00e7\u00f5es fornecidas e avalia\u00e7\u00e3o das condi\u00e7\u00f5es usadas para estabelecer a estrutura daquelas rela\u00e7\u00f5es;<\/li>\n\n\n\n<li>Compreens\u00e3o e an\u00e1lise da l\u00f3gica de uma situa\u00e7\u00e3o, utilizando as fun\u00e7\u00f5es intelectuais: racioc\u00ednio verbal, racioc\u00ednio matem\u00e1tico, racioc\u00ednio sequencial, orienta\u00e7\u00e3o espacial e temporal, forma\u00e7\u00e3o de conceitos, discrimina\u00e7\u00e3o de elementos;<\/li>\n\n\n\n<li>Opera\u00e7\u00f5es com conjuntos;<\/li>\n\n\n\n<li>Racioc\u00ednio l\u00f3gico envolvendo problemas aritm\u00e9ticos, geom\u00e9tricos e matriciais.<\/li>\n<\/ol><h3 class=\"wp-block-heading\">No\u00e7\u00f5es de Administra\u00e7\u00e3o P\u00fablica e \u00c9tica no Servi\u00e7o P\u00fablico<\/h3>\n\n\n\n<ol class=\"wp-block-list\"><li>Processo organizacional: planejamento, dire\u00e7\u00e3o, comunica\u00e7\u00e3o, controle e avalia\u00e7\u00e3o;<\/li>\n\n\n\n<li>Organiza\u00e7\u00e3o administrativa: centraliza\u00e7\u00e3o, descentraliza\u00e7\u00e3o, concentra\u00e7\u00e3o e desconcentra\u00e7\u00e3o; Organiza\u00e7\u00e3o administrativa da Uni\u00e3o; administra\u00e7\u00e3o direta e indireta; ag\u00eancias executivas e reguladoras;<\/li>\n\n\n\n<li>Gest\u00e3o de processos;<\/li>\n\n\n\n<li>Gest\u00e3o de contratos;<\/li>\n\n\n\n<li>Planejamento estrat\u00e9gico;<\/li>\n\n\n\n<li>Princ\u00edpios da Administra\u00e7\u00e3o P\u00fablica;<\/li>\n\n\n\n<li>Inova\u00e7\u00f5es introduzidas pela Constitui\u00e7\u00e3o de 1988: ag\u00eancias executivas; servi\u00e7os essencialmente p\u00fablicos e servi\u00e7os de utilidade p\u00fablica; delega\u00e7\u00e3o de servi\u00e7os p\u00fablicos a terceiros;<\/li>\n\n\n\n<li>Rela\u00e7\u00f5es Humanas no Trabalho;<\/li>\n\n\n\n<li>\u00c9tica;<\/li>\n\n\n\n<li>Lei N\u00ba 12.527\/2011 (Lei de acesso \u00e0 informa\u00e7\u00e3o);<\/li>\n\n\n\n<li>Lei N\u00ba 13.709\/2018 (Lei geral de prote\u00e7\u00e3o de dados pessoais);<\/li>\n\n\n\n<li>Decreto N\u00ba 31.198\/2013 (C\u00f3digo de \u00c9tica e Conduta da Administra\u00e7\u00e3o P\u00fablica Estadual).<\/li>\n<\/ol><h3 class=\"wp-block-heading\">Legisla\u00e7\u00e3o Espec\u00edfica<\/h3>\n\n\n\n<ol class=\"wp-block-list\"><li>Constitui\u00e7\u00e3o do Estado do Cear\u00e1: da seguran\u00e7a p\u00fablica e da defesa civil;<\/li>\n\n\n\n<li>Lei Estadual n\u00ba 9.826, de 14 de maio de 1974 (Estatuto dos Servidores P\u00fablicos Civis do Estado do Cear\u00e1);<\/li>\n\n\n\n<li>Lei Estadual n\u00ba 14.852, de 21 de dezembro de 2009 (redenomina a carreira guarda penitenci\u00e1ria, e d\u00e1 outras provid\u00eancias) e altera\u00e7\u00f5es;<\/li>\n\n\n\n<li>Lei Complementar N\u00ba 258\/2021 (regime disciplinar dos policiais penais);<\/li>\n\n\n\n<li>Lei Complementar N\u00ba 261\/2021 (altera a Lei Complementar N\u00ba 258\/2021). 6. Lei N\u00ba 16.063\/2016 (abono especial por esfor\u00e7o operacional) e altera\u00e7\u00f5es (Lei N\u00ba 16.120\/2016, Lei N\u00ba 16.825\/2019, Lei N\u00ba 17.167\/2020 e Lei N\u00ba 18.710\/2024);<\/li>\n\n\n\n<li>Decreto N\u00ba 31.997\/2016 (regulamenta a Lei N\u00ba 16.063\/2016, que trata do abono especial por esfor\u00e7o operacional) e altera\u00e7\u00f5es (Decreto N\u00ba 32.931\/2019);<\/li>\n\n\n\n<li>Legisla\u00e7\u00e3o Especial da Secretaria de Administra\u00e7\u00e3o Penitenci\u00e1ria do Estado do Cear\u00e1.<\/li>\n<\/ol><h3 class=\"wp-block-heading\">No\u00e7\u00f5es de Direito Administrativo <\/h3>\n\n\n\n<ol class=\"wp-block-list\"><li>Estado, Governo e Administra\u00e7\u00e3o P\u00fablica.<\/li>\n\n\n\n<li>Atos administrativos. <\/li>\n\n\n\n<li>Contratos administrativos e no\u00e7\u00f5es de licita\u00e7\u00f5es p\u00fablicas.<\/li>\n\n\n\n<li>Poderes administrativos.<\/li>\n\n\n\n<li>Controle e responsabiliza\u00e7\u00e3o da administra\u00e7\u00e3o.<\/li>\n\n\n\n<li>Responsabilidade civil do Estado.<\/li>\n<\/ol><h3 class=\"wp-block-heading\">Constitucional <\/h3>\n\n\n\n<ol class=\"wp-block-list\"><li>Estado e Constitui\u00e7\u00e3o.<\/li>\n\n\n\n<li>Constitui\u00e7\u00e3o da Rep\u00fablica Federativa do Brasil de 1988.<\/li>\n\n\n\n<li>Direitos e garantias fundamentais.<\/li>\n\n\n\n<li>Rem\u00e9dios constitucionais: habeas data, habeas corpus, mandado de seguran\u00e7a, a\u00e7\u00e3o popular e mandado de injun\u00e7\u00e3o.<\/li>\n\n\n\n<li>Organiza\u00e7\u00e3o pol\u00edtico-administrativa do Estado.<\/li>\n\n\n\n<li>Administra\u00e7\u00e3o p\u00fablica.<\/li>\n\n\n\n<li>Fun\u00e7\u00f5es essenciais \u00e0 Justi\u00e7a: Advocacia, Minist\u00e9rio P\u00fablico, Advocacia P\u00fablica e Defensoria P\u00fablica. <\/li>\n\n\n\n<li>Defesa do Estado e das institui\u00e7\u00f5es democr\u00e1ticas.<\/li>\n\n\n\n<li>Da Ordem Social.<\/li>\n<\/ol><h3 class=\"wp-block-heading\">Penal<\/h3>\n\n\n\n<ol class=\"wp-block-list\"><li>Aplica\u00e7\u00e3o da lei penal.<\/li>\n\n\n\n<li>Teoria geral do crime. <\/li>\n\n\n\n<li>O fato t\u00edpico e seus elementos.<\/li>\n\n\n\n<li>Imputabilidade penal.<\/li>\n\n\n\n<li>Concurso de pessoas.<\/li>\n\n\n\n<li>Crimes contra a pessoa.<\/li>\n\n\n\n<li>Crimes contra o patrim\u00f4nio. <\/li>\n\n\n\n<li>Crimes contra a dignidade sexual.<\/li>\n\n\n\n<li>Crimes contra a incolumidade p\u00fablica. <\/li>\n\n\n\n<li>Crimes contra a paz p\u00fablica. <\/li>\n\n\n\n<li>Crimes contra a f\u00e9 p\u00fablica. <\/li>\n\n\n\n<li>Crimes contra a administra\u00e7\u00e3o p\u00fablica.<\/li>\n<\/ol><h3 class=\"wp-block-heading\">No\u00e7\u00f5es de Direitos Humanos <\/h3>\n\n\n\n<ol class=\"wp-block-list\"><li>Direitos humanos e direitos fundamentais na Constitui\u00e7\u00e3o Federal de 1988 (arts. 5\u00ba ao 15). <\/li>\n\n\n\n<li>Decreto n\u00ba 7.037\/2009 e suas altera\u00e7\u00f5es (Programa Nacional de Direitos Humanos). <\/li>\n\n\n\n<li>Declara\u00e7\u00e3o Universal dos Direitos Humanos \u2014 Resolu\u00e7\u00e3o 217-A (III) da Assembleia Geral das Na\u00e7\u00f5es Unidas, 1948. <\/li>\n\n\n\n<li>Regras M\u00ednimas das Na\u00e7\u00f5es Unidas para o Tratamento de Reclusos (Regras de Nelson Mandela). <\/li>\n\n\n\n<li>Conven\u00e7\u00e3o Americana de Direitos Humanos (Pacto de San Jos\u00e9 da Costa Rica).<\/li>\n\n\n\n<li>Pacto de San Jos\u00e9 (Conven\u00e7\u00e3o Internacional de Direitos Humanos).<\/li>\n\n\n\n<li>Regras das Na\u00e7\u00f5es Unidas para o Tratamento de Mulheres Presas e Medidas N\u00e3o Privativas de Liberdade Para Mulheres Infratoras (Regras de Bangkok).<\/li>\n<\/ol><h3 class=\"wp-block-heading\">Legisla\u00e7\u00e3o Extravagante <\/h3>\n\n\n\n<ol class=\"wp-block-list\"><li>Lei n\u00ba 9.455\/1997 (Antitortura). <\/li>\n\n\n\n<li>Lei 10.826\/2003 (Estatuto do Desarmamento). <\/li>\n\n\n\n<li>Lei n\u00ba 12.846\/2013 (Anticorrup\u00e7\u00e3o). <\/li>\n\n\n\n<li>Lei n\u00ba 12.850\/2013 (Organiza\u00e7\u00f5es Criminosas).<\/li>\n\n\n\n<li>Lei n\u00ba 13.964\/2019 (Pacote Anticrime). <\/li>\n\n\n\n<li>Lei n\u00ba 7.210\/1984 (Lei de Execu\u00e7\u00e3o Penal).<\/li>\n\n\n\n<li>Crimes de tortura (Lei N\u00ba 9.455\/1997).<\/li>\n\n\n\n<li>Lei N\u00ba 13.869\/2019 (Lei de Abuso de Autoridade). <\/li>\n\n\n\n<li>Crimes Hediondos (Lei N\u00ba 8.072\/1990). <\/li>\n\n\n\n<li>Repress\u00e3o ao tr\u00e1fico il\u00edcito de drogas e seus crimes (Lei N\u00ba 11.343\/2006). <\/li>\n\n\n\n<li>Lei de Improbidade Administrativa (Lei n\u00ba 8.429\/1992). <\/li>\n\n\n\n<li>Lei n\u00ba 13.675\/2018 (disciplina a organiza\u00e7\u00e3o e o funcionamento dos \u00f3rg\u00e3os respons\u00e1veis pela seguran\u00e7a p\u00fablica; cria a Pol\u00edtica Nacional de Seguran\u00e7a P\u00fablica e Defesa Social; institui o Sistema \u00danico de Seguran\u00e7a P\u00fablica) e Decreto de Regulamenta\u00e7\u00e3o n\u00ba 9.489\/2018. <\/li>\n\n\n\n<li>Portaria Interministerial MS\/MJ n\u00ba 1\/2014 (Pol\u00edtica Nacional de Aten\u00e7\u00e3o Integral \u00e0 Sa\u00fade das Pessoas Privadas de Liberdade no Sistema Prisional). <\/li>\n\n\n\n<li>Resolu\u00e7\u00f5es do Conselho Nacional de Pol\u00edtica Criminal e Penitenci\u00e1ria.<\/li>\n\n\n\n<li>Portaria Interministerial MJ\/SPM n\u00ba 210\/2014.<\/li>\n<\/ol><h3 class=\"wp-block-heading\">Quantos pontos precisa para ser aprovado na prova objetiva da Pol\u00edcia Penal CE?  <\/h3>\n\n\n\n<p>A prova ser\u00e1 avaliada em uma escala de 0 a 140 pontos e, para ser considerado\u00a0<strong>aprovado<\/strong>, o candidato dever\u00e1 obter, no m\u00ednimo, 60% da pontua\u00e7\u00e3o m\u00e1xima da prova e acertar 50% das quest\u00f5es de cada uma das disciplinas.<\/p>\n\n\n\n<h3 class=\"wp-block-heading\">E a prova discursiva da Pol\u00edcia Penal CE? <\/h3>\n\n\n\n<p>A prova discursiva consistir\u00e1 na elabora\u00e7\u00e3o de uma reda\u00e7\u00e3o de um texto dissertativo, com no m\u00ednimo, 20 linhas e, no m\u00e1ximo, 30 linhas.<\/p>\n\n\n\n<p>Ser\u00e3o avaliados os aspectos monumentais do texto, como apresenta\u00e7\u00e3o, legibilidade, ordena\u00e7\u00e3o das ideias, al\u00e9m dos aspectos microestruturais, como ortografia, pontua\u00e7\u00e3o, reg\u00eancia, etc.<\/p>\n\n\n\n<p>Ser\u00e1 considerado aprovado, o candidato que obtiver, pelo menos, 50% de aproveitamento do total de pontos da prova.<\/p>\n\n\n\n<p><a href=\"https:\/\/www.novaconcursos.com.br\/portal\/concursos\/concurso-agepen-ce\/#prova\">Clique aqui<\/a> e confira como ser\u00e3o as pr\u00f3ximas etapas de sele\u00e7\u00e3o! <\/p>\n\n\n\n<h2 class=\"wp-block-heading\" id=\"quais-cargos-esto-sendo-ofertados-no-concurso-polcia-penal-c\">Quais cargos est\u00e3o sendo ofertados no concurso Pol\u00edcia Penal CE? <\/h2>\n\n\n\n<p>O concurso Pol\u00edcia Penal CE oferta 800 vagas para o cargo de Policial Penal, que exige o n\u00edvel m\u00e9dio. <\/p>\n\n\n\n<p>Os profissionais receber\u00e3o sal\u00e1rios iniciais de R$3.074,89, al\u00e9m de adicional noturno e Gratifica\u00e7\u00e3o de Atividade Especial de Risco (GAER), para jornadas de trabalho de 40h semanais.<\/p>\n\n\n\n<ul class=\"wp-block-list\"><li>Confira: <a href=\"https:\/\/www.novaconcursos.com.br\/curso-online\/curso-policia-penal-ce\">Curso Online Pol\u00edcia Penal \u2013 CE<\/a><\/li>\n\n\n\n<li>Confira: <a href=\"https:\/\/www.novaconcursos.com.br\/apostila\/policia-penal-ce-policial-penal\">Apostila Pol\u00edcia Penal \u2013 CE 2024 \u2013 Policial Penal<\/a><\/li>\n<\/ul><p>Estude para o concurso dos seus sonhos com o\u00a0M\u00e9todo\u00a0que j\u00e1 ajudou na\u00a0<strong>aprova\u00e7\u00e3o de mais de 70 mil candidatos!<\/strong>\u00a0<a href=\"https:\/\/aprovacao.novaconcursos.com.br\/assinatura?promo_creative=Clique+aqui&amp;promo_name=noticia&amp;promo_id=%2Fportal%2Fnoticias%2Fidema-rn-com-comissao-formada-180-cargos-sao-criados-para-orgao&amp;promo_position=corpo-texto\" target=\"_blank\" rel=\"noreferrer noopener\">Clique aqui<\/a>\u00a0e saiba mais!<\/p>\n\n\n\n<h3 class=\"wp-block-heading\">Qual a idade para fazer o concurso da Pol\u00edcia Penal CE?<\/h3>\n\n\n\n<p>Para participar do concurso da Pol\u00edcia Penal \u00e9 preciso ter na data da inscri\u00e7\u00e3o no concurso, idade igual ou superior a 18 anos, e idade m\u00e1xima de 34 anos, 11 meses e 29 dias.<\/p>\n\n\n\n<p>Leia tamb\u00e9m: <a href=\"https:\/\/www.novaconcursos.com.br\/portal\/noticias\/o-que-precisa-para-ser-policial-penal-ce-800-vagas\/\">Policial Penal CE: Quais os requisitos? Edital oferta 800 vagas!<\/a><\/p>\n\n\n\n<h2 class=\"wp-block-heading\" id=\"como-fazer-a-inscrio-no-concurso-polcia-penal-ce-\">Como fazer a inscri\u00e7\u00e3o no concurso Pol\u00edcia Penal CE?  <\/h2>\n\n\n\n<p>Os interessados em uma das oportunidades devem realizar as inscri\u00e7\u00f5es entre os dias 26 de abril e 03 de junho de 2024, no site da banca, o <a href=\"https:\/\/concurso.idecan.org.br\/Concurso.aspx?ID=123\" target=\"_blank\" rel=\"noreferrer noopener\">Idecan.<\/a><\/p>\n\n\n\n<p>Ap\u00f3s preencher o formul\u00e1rio com os dados solicitados, os candidatos dever\u00e3o efetuar o pagamento da taxa de inscri\u00e7\u00e3o no valor de R$185,00, at\u00e9 o dia 04 de junho.<\/p>\n\n\n\n<p>Ser\u00e3o aceitos pedidos de isen\u00e7\u00e3o do valor, entre os dias 26 de abril e 10 de maio, de doadores de sangue, alunos que estudam ou conclu\u00edram seus estudos em entidades de ensino p\u00fablico, candidatos com defici\u00eancia, candidatos alunos cujas fam\u00edlias recebam renda de at\u00e9 2 sal\u00e1rios m\u00ednimos e hipossuficientes. <\/p>\n\n\n\n<p>Conhe\u00e7a outros concursos policiais que est\u00e3o abertos no Brasil: <a href=\"https:\/\/www.novaconcursos.com.br\/portal\/concurso-por-carreira\/policiais\/\">Concursos Policiais 2024<\/a><a href=\"https:\/\/twitter.com\/intent\/tweet?text=https%3A%2F%2Fwww.novaconcursos.com.br%2Fportal%2Fnoticias%2Fidema-rn-com-comissao-formada-180-cargos-sao-criados-para-orgao%2F%3Futm_source%3Dtwitter%26utm_medium%3Dcpc%26utm_campaign%3Dtwitter-share-blog\" target=\"_blank\" rel=\"noreferrer noopener\"><\/a><\/p>\n\n\n\n<h2 class=\"wp-block-heading\" id=\"seja-o-prximo-aluno-aprovado\">Seja o pr\u00f3ximo aluno aprovado!<\/h2>\n\n\n\n<p>Voc\u00ea est\u00e1 pronto para se tornar o pr\u00f3ximo Policial Penal do Estado do Cear\u00e1? Ent\u00e3o, n\u00e3o perca tempo e adquira agora mesmo o seu material de estudos!<\/p>\n\n\n\n<p>No nosso curso online, voc\u00ea ter\u00e1 professores especializados e com ampla experi\u00eancia em concursos p\u00fablicos, videoaulas com alt\u00edssimo padr\u00e3o de grava\u00e7\u00e3o, trilha de aulas na mesma ordem do edital, facilitando a organiza\u00e7\u00e3o dos seus estudos, entre outros benef\u00edcios.<\/p>\n\n\n\n<ul class=\"wp-block-list\"><li>Adquira: <a href=\"https:\/\/www.novaconcursos.com.br\/curso-online\/curso-policia-penal-ce\">Curso Pol\u00edcia Penal \u2013 CE<\/a><\/li>\n<\/ul><p>Mais de 70 mil alunos confiaram na did\u00e1tica da Nova e foram aprovados. O pr\u00f3ximo pode ser voc\u00ea! ?<\/p>","protected":false},"excerpt":{"rendered":"<p>Quer saber o que estudar para a prova da Pol\u00edcia Penal CE e dar um passo na sua carreira rumo a \u00e1rea de seguran\u00e7a? O edital foi publicado com oferta de 800 vagas de n\u00edvel m\u00e9dio. Os sal\u00e1rios podem ultrapassar R$6 mil. N\u00e3o perca essa oportunidade! Continue conosco para saber mais! O que estudar para [&hellip;]<\/p>\n","protected":false},"author":54679,"featured_media":230092,"comment_status":"closed","ping_status":"closed","sticky":false,"template":"","format":"standard","meta":{"_acf_changed":false,"footnotes":"","_wp_rev_ctl_limit":""},"categories":[228],"tags":[],"class_list":["post-230073","post","type-post","status-publish","format-standard","has-post-thumbnail","hentry","category-noticias"],"acf":[],"_links":{"self":[{"href":"https:\/\/www.novaconcursos.com.br\/portal\/wp-json\/wp\/v2\/posts\/230073","targetHints":{"allow":["GET"]}}],"collection":[{"href":"https:\/\/www.novaconcursos.com.br\/portal\/wp-json\/wp\/v2\/posts"}],"about":[{"href":"https:\/\/www.novaconcursos.com.br\/portal\/wp-json\/wp\/v2\/types\/post"}],"author":[{"embeddable":true,"href":"https:\/\/www.novaconcursos.com.br\/portal\/wp-json\/wp\/v2\/users\/54679"}],"replies":[{"embeddable":true,"href":"https:\/\/www.novaconcursos.com.br\/portal\/wp-json\/wp\/v2\/comments?post=230073"}],"version-history":[{"count":9,"href":"https:\/\/www.novaconcursos.com.br\/portal\/wp-json\/wp\/v2\/posts\/230073\/revisions"}],"predecessor-version":[{"id":230091,"href":"https:\/\/www.novaconcursos.com.br\/portal\/wp-json\/wp\/v2\/posts\/230073\/revisions\/230091"}],"wp:featuredmedia":[{"embeddable":true,"href":"https:\/\/www.novaconcursos.com.br\/portal\/wp-json\/wp\/v2\/media\/230092"}],"wp:attachment":[{"href":"https:\/\/www.novaconcursos.com.br\/portal\/wp-json\/wp\/v2\/media?parent=230073"}],"wp:term":[{"taxonomy":"category","embeddable":true,"href":"https:\/\/www.novaconcursos.com.br\/portal\/wp-json\/wp\/v2\/categories?post=230073"},{"taxonomy":"post_tag","embeddable":true,"href":"https:\/\/www.novaconcursos.com.br\/portal\/wp-json\/wp\/v2\/tags?post=230073"}],"curies":[{"name":"wp","href":"https:\/\/api.w.org\/{rel}","templated":true}]}}