{"id":230243,"date":"2024-04-22T13:02:38","date_gmt":"2024-04-22T16:02:38","guid":{"rendered":"https:\/\/www.novaconcursos.com.br\/portal\/?p=230243"},"modified":"2024-11-08T13:12:07","modified_gmt":"2024-11-08T16:12:07","slug":"ebserh-quadro-de-pessoal-e-ampliado-novamente-edital-em-breve","status":"publish","type":"post","link":"https:\/\/www.novaconcursos.com.br\/portal\/noticias\/ebserh-quadro-de-pessoal-e-ampliado-novamente-edital-em-breve\/","title":{"rendered":"Ebserh: Quadro de pessoal \u00e9 ampliado novamente. Edital em breve!"},"content":{"rendered":"<p>A Empresa Brasileira de Servi\u00e7os Hospitalares poder\u00e1 publicar seu novo <a href=\"https:\/\/www.novaconcursos.com.br\/portal\/concursos\/concurso-ebserh\/\">concurso Ebserh<\/a> muito em breve, pois houve uma <strong>nova atualiza\u00e7\u00e3o <\/strong>no quadro de pessoal da empresa.<\/p>\n\n\n\n<p>O aumento no quadro, ent\u00e3o, cria espa\u00e7o para que o novo concurso ou chamada de aprovados da sele\u00e7\u00e3o aberta em 2023, possam sair em <strong>2024 ou 2025.<\/strong> Veja mais nesta mat\u00e9ria!<\/p>\n\n\n\n<h2 class=\"wp-block-heading\" id=\"qual-o-novo-quadro-de-pessoal-da-ebserh\">Qual o novo quadro de pessoal da Ebserh?<\/h2>\n\n\n\n<p><strong>Com a Portaria n\u00ba 1.672\/2024<\/strong>, publicada em mar\u00e7o deste ano, o quadro de pessoal seria de 69.621, sendo 67.047 do permanente e 2.574 do transit\u00f3rio, composto por estatut\u00e1rios.<\/p>\n\n\n\n<p>Entretanto, houve uma nova atualiza\u00e7\u00e3o neste m\u00eas de abril e a nova portaria aumentou o quadro de pessoal de 69.621 para <strong>69.786 empregados.<\/strong><\/p>\n\n\n\n<p>Sendo assim, com esse acr\u00e9scimo, surge grande espa\u00e7o para a possibilidade de um novo concurso ou a convoca\u00e7\u00e3o de aprovados em certames anteriores.<\/p>\n\n\n\n<p>Ademais, a nova portaria n\u00ba 2.521\/2024, detalha s\u00e3o 67.212 funcion\u00e1rios em seu quadro permanente e 2.574 no quadro transit\u00f3rio, composto por estatut\u00e1rios.<\/p>\n\n\n\n<p>Portanto, a expans\u00e3o do quadro pode ser uma prepara\u00e7\u00e3o para um concurso em <strong>2025<\/strong>, edital que j\u00e1 havia sido sinalizado anteriormente pela empresa. <\/p>\n\n\n\n<p>Entretanto, a Ebserh ainda n\u00e3o citou nada sobre cargos e vagas de um novo concurso, s\u00f3 que segue atuando para que ele seja publicado em breve.<\/p>\n\n\n\n<p>Estude para o concurso dos seus sonhos com o\u00a0<strong>M\u00e9todo<\/strong>\u00a0que j\u00e1 ajudou na\u00a0<strong>aprova\u00e7\u00e3o de mais de 70 mil alunos<\/strong>.\u00a0<a href=\"https:\/\/www.novaconcursos.com.br\/eventos\/assinatura?promo_creative=Clique+aqui&amp;promo_name=noticia&amp;promo_id=%2Fportal%2Fnoticias%2Fsaiu-o-edital-da-camara-municipal-de-sao-jose-do-rio-preto&amp;promo_position=corpo-texto\" target=\"_blank\" rel=\"noreferrer noopener\">Clique aqui<\/a>\u00a0e saiba mais!<\/p>\n\n\n\n<h2 class=\"wp-block-heading\" id=\"como-foi-o-ltimo-concurso-ebsersh\">Como foi o \u00faltimo concurso Ebsersh?<\/h2>\n\n\n\n<p>Sendo assim, o \u00faltimo concurso\u00a0Ebserh esteve realizado em 2023, ofertando 695 vagas para as \u00e1reas m\u00e9dica, assistencial e administrativa, sendo:<\/p>\n\n\n\n<ul class=\"wp-block-list\"><li><strong>\u00c1rea M\u00e9dica<\/strong>\n<ul class=\"wp-block-list\"><li>M\u00e9dico: 554 vagas + CR<\/li>\n<\/ul><\/li>\n\n\n\n<li><strong>\u00c1rea Assistencial<\/strong>\n<ul class=\"wp-block-list\"><li>T\u00e9cnico em An\u00e1lises Cl\u00ednicas: 1 vaga<\/li>\n\n\n\n<li>Citopatologia: CR<\/li>\n\n\n\n<li>Enfermagem: 32 vagas + CR<\/li>\n\n\n\n<li>Enfermagem \u2013 Especializa\u00e7\u00e3o T\u00e9cnico em Sa\u00fade do Trabalhador: CR<\/li>\n\n\n\n<li>Farm\u00e1cia: CR<\/li>\n\n\n\n<li>Necropsia: 1 vaga + CR<\/li>\n\n\n\n<li>Pr\u00f3tese Dent\u00e1ria: CR<\/li>\n\n\n\n<li>Radiologia: 4 vagas + CR<\/li>\n\n\n\n<li>Sa\u00fade Bucal: CR<\/li>\n\n\n\n<li>Assistente Social: CR<\/li>\n\n\n\n<li>Bi\u00f3logo: CR<\/li>\n\n\n\n<li>Biom\u00e9dico: CR<\/li>\n\n\n\n<li>Enfermeiro: 12 vagas + CR<\/li>\n\n\n\n<li>Cirurgi\u00e3o Dentista: CR<\/li>\n\n\n\n<li>Farmac\u00eautico: CR<\/li>\n\n\n\n<li>F\u00edsico: 4 vagas + CR<\/li>\n\n\n\n<li>Fisioterapeuta: CR<\/li>\n\n\n\n<li>Fonoaudi\u00f3logo: CR<\/li>\n\n\n\n<li>Pedagogo: CR<\/li>\n\n\n\n<li>Profissional de Educa\u00e7\u00e3o F\u00edsica: CR<\/li>\n\n\n\n<li>Psic\u00f3logo: CR<\/li>\n\n\n\n<li>Tecn\u00f3logo em Radiologia: CR<\/li>\n\n\n\n<li>Terapeuta Ocupacional: CR<\/li>\n<\/ul><\/li>\n\n\n\n<li><strong>\u00c1rea Administrativa<\/strong>\n<ul class=\"wp-block-list\"><li>Assistente Administrativo: 25 vagas + CR<\/li>\n\n\n\n<li>T\u00e9cnico em Contabilidade: 1 vaga + CR<\/li>\n\n\n\n<li>T\u00e9cnico em Seguran\u00e7a do Trabalho: CR<\/li>\n\n\n\n<li>Advogado: CR<\/li>\n\n\n\n<li>Analista Administrativo: 2 vagas + CR<\/li>\n\n\n\n<li>Jornalista: CR<\/li>\n\n\n\n<li>T\u00e9cn\u00f3logo em Gest\u00e3o Hospitalar: CR<\/li>\n\n\n\n<li>Arquiteto: CR<\/li>\n\n\n\n<li>Engenheiro Civil: CR\n<ul class=\"wp-block-list\"><li>Cl\u00ednico: CR<\/li>\n\n\n\n<li>Eletricista: CR<\/li>\n\n\n\n<li>Mec\u00e2nico: CR<\/li>\n\n\n\n<li>Produ\u00e7\u00e3o: CR<\/li>\n\n\n\n<li>Seguran\u00e7a do Trabalho: 1 vaga + CR<\/li>\n<\/ul><\/li>\n<\/ul><\/li>\n<\/ul><p>Por fim, o resultado final foi publicado e homologado e permanecer\u00e1 vigente por um ano, podendo ser prorrogado por uma \u00fanica vez, por igual per\u00edodo.<\/p>\n\n\n\n<ul class=\"wp-block-list\"><li><strong>Confira:\u00a0<\/strong><a href=\"https:\/\/www.novaconcursos.com.br\/curso-online\/curso-ebserh-tecnico-em-necropsia?promo_creative=Curso+Online+EBSERH+%E2%80%93+T%C3%A9cnico+em+Necropsia&amp;promo_name=noticia&amp;promo_id=%2Fportal%2Fnoticias%2Febserh-tem-novo-limite-do-quadro-de-pessoal&amp;promo_position=corpo-texto\">Curso Online EBSERH \u2013 T\u00e9cnico em Necropsia<\/a><\/li>\n\n\n\n<li><strong>Adquira:\u00a0<\/strong><a href=\"https:\/\/www.novaconcursos.com.br\/mapa-mental\/ebserh-lei-12550-pdf?promo_creative=Mapas+Mentais+EBSERH+%E2%80%93+Lei+12.550%2F2011+%28PDF%29&amp;promo_name=noticia&amp;promo_id=%2Fportal%2Fnoticias%2Febserh-confira-classificacao-preliminar-prova-objetiva&amp;promo_position=corpo-texto\">Mapas Mentais EBSERH \u2013 Lei 12.550\/2011 (PDF)<\/a><\/li>\n<\/ul><p>Portanto, os aprovados no concurso e que n\u00e3o foram chamados, poder\u00e3o ganham uma vaga ap\u00f3s esse aumento de vagas no \u00f3rg\u00e3o. Fique atento, concurseiro.<\/p>\n\n\n\n<h3 class=\"wp-block-heading\">Como foi a prova?<\/h3>\n\n\n\n<p>Posteriormente, \u00e9 importante dizer que os candidatos fizeram provas objetivas constitu\u00eddas de quest\u00f5es de m\u00faltipla escolha, sobre as disciplinas de:<\/p>\n\n\n\n<p><a href=\"https:\/\/www.novaconcursos.com.br\/apostila\/ebserh-conhecimentos-basicos-area-saude?promo_creative=M%C3%A9dica&amp;promo_name=noticia&amp;promo_id=%2Fportal%2Fnoticias%2Febserh-tem-novo-limite-do-quadro-de-pessoal&amp;promo_position=corpo-texto\" target=\"_blank\" rel=\"noreferrer noopener\">M\u00e9dica<\/a><\/p>\n\n\n\n<ul class=\"wp-block-list\"><li>L\u00edngua Portuguesa (10)<\/li>\n\n\n\n<li>Legisla\u00e7\u00e3o \u2013 SUS (10)<\/li>\n\n\n\n<li>Legisla\u00e7\u00e3o \u2013 Ebserh (10)<\/li>\n\n\n\n<li>Espec\u00edfica (30)<\/li>\n<\/ul><p><a href=\"https:\/\/www.novaconcursos.com.br\/apostila\/ebserh-tecnico-necropsia?promo_creative=Assistencial&amp;promo_name=noticia&amp;promo_id=%2Fportal%2Fnoticias%2Febserh-tem-novo-limite-do-quadro-de-pessoal&amp;promo_position=corpo-texto\" target=\"_blank\" rel=\"noreferrer noopener\">Assistencial<\/a><\/p>\n\n\n\n<ul class=\"wp-block-list\"><li>L\u00edngua Portuguesa (10)<\/li>\n\n\n\n<li>Racioc\u00ednio L\u00f3gico (10)<\/li>\n\n\n\n<li>Legisla\u00e7\u00e3o \u2013 SUS (10)<\/li>\n\n\n\n<li>Legisla\u00e7\u00e3o \u2013 Ebserh (10)<\/li>\n\n\n\n<li>Espec\u00edfica (20)<\/li>\n<\/ul><p><a href=\"https:\/\/www.novaconcursos.com.br\/apostila\/ebserh-conhecimentos-basicos-area-administrativa?promo_creative=Administrativa&amp;promo_name=noticia&amp;promo_id=%2Fportal%2Fnoticias%2Febserh-tem-novo-limite-do-quadro-de-pessoal&amp;promo_position=corpo-texto\" target=\"_blank\" rel=\"noreferrer noopener\">Administrativa<\/a><\/p>\n\n\n\n<ul class=\"wp-block-list\"><li>L\u00edngua Portuguesa (10)<\/li>\n\n\n\n<li>Racioc\u00ednio L\u00f3gico (05)<\/li>\n\n\n\n<li>No\u00e7\u00f5es de Inform\u00e1tica (05)<\/li>\n\n\n\n<li>Legisla\u00e7\u00e3o \u2013 SUS (05)<\/li>\n\n\n\n<li>Legisla\u00e7\u00e3o \u2013 Ebserh (05)<\/li>\n\n\n\n<li>Espec\u00edficas (20)<\/li>\n<\/ul><p>Conforme as declara\u00e7\u00f5es da diretora de Gest\u00e3o de Pessoas da Ebserh, Luciana de Gouv\u00eaa Viana, a inten\u00e7\u00e3o do \u00f3rg\u00e3o \u00e9 dar <strong>in\u00edcio \u00e0s discuss\u00f5es<\/strong> sobre um novo edital a ser realizado em 2025.<\/p>\n\n\n\n<p>Segundo ela, este \u00e9 o plano atual, que ser\u00e1 ajustado conforme necess\u00e1rio, especialmente diante de poss\u00edveis expans\u00f5es da Rede com a abertura de novas unidades hospitalares e a demanda por outros profissionais.<\/p>\n\n\n\n<p>Quer saber de mais editais de concursos abertos pelo pa\u00eds? <a href=\"https:\/\/www.novaconcursos.com.br\/portal\/concursos-abertos\/nacional\">Clique e confira<\/a>!<\/p>","protected":false},"excerpt":{"rendered":"<p>A Empresa Brasileira de Servi\u00e7os Hospitalares poder\u00e1 publicar seu novo concurso Ebserh muito em breve, pois houve uma nova atualiza\u00e7\u00e3o no quadro de pessoal da empresa. O aumento no quadro, ent\u00e3o, cria espa\u00e7o para que o novo concurso ou chamada de aprovados da sele\u00e7\u00e3o aberta em 2023, possam sair em 2024 ou 2025. Veja mais [&hellip;]<\/p>\n","protected":false},"author":54671,"featured_media":230244,"comment_status":"closed","ping_status":"closed","sticky":false,"template":"","format":"standard","meta":{"_acf_changed":false,"footnotes":"","_wp_rev_ctl_limit":""},"categories":[228],"tags":[],"class_list":["post-230243","post","type-post","status-publish","format-standard","has-post-thumbnail","hentry","category-noticias"],"acf":[],"_links":{"self":[{"href":"https:\/\/www.novaconcursos.com.br\/portal\/wp-json\/wp\/v2\/posts\/230243","targetHints":{"allow":["GET"]}}],"collection":[{"href":"https:\/\/www.novaconcursos.com.br\/portal\/wp-json\/wp\/v2\/posts"}],"about":[{"href":"https:\/\/www.novaconcursos.com.br\/portal\/wp-json\/wp\/v2\/types\/post"}],"author":[{"embeddable":true,"href":"https:\/\/www.novaconcursos.com.br\/portal\/wp-json\/wp\/v2\/users\/54671"}],"replies":[{"embeddable":true,"href":"https:\/\/www.novaconcursos.com.br\/portal\/wp-json\/wp\/v2\/comments?post=230243"}],"version-history":[{"count":4,"href":"https:\/\/www.novaconcursos.com.br\/portal\/wp-json\/wp\/v2\/posts\/230243\/revisions"}],"predecessor-version":[{"id":259727,"href":"https:\/\/www.novaconcursos.com.br\/portal\/wp-json\/wp\/v2\/posts\/230243\/revisions\/259727"}],"wp:featuredmedia":[{"embeddable":true,"href":"https:\/\/www.novaconcursos.com.br\/portal\/wp-json\/wp\/v2\/media\/230244"}],"wp:attachment":[{"href":"https:\/\/www.novaconcursos.com.br\/portal\/wp-json\/wp\/v2\/media?parent=230243"}],"wp:term":[{"taxonomy":"category","embeddable":true,"href":"https:\/\/www.novaconcursos.com.br\/portal\/wp-json\/wp\/v2\/categories?post=230243"},{"taxonomy":"post_tag","embeddable":true,"href":"https:\/\/www.novaconcursos.com.br\/portal\/wp-json\/wp\/v2\/tags?post=230243"}],"curies":[{"name":"wp","href":"https:\/\/api.w.org\/{rel}","templated":true}]}}