{"id":230250,"date":"2025-12-15T13:05:33","date_gmt":"2025-12-15T16:05:33","guid":{"rendered":"https:\/\/www.novaconcursos.com.br\/portal\/?post_type=nc-public-tender&#038;p=230250"},"modified":"2025-12-15T13:10:49","modified_gmt":"2025-12-15T16:10:49","slug":"ses-sp","status":"publish","type":"post","link":"https:\/\/www.novaconcursos.com.br\/portal\/concursos\/ses-sp\/","title":{"rendered":"Concurso SES SP: 305 vagas! Provas em janeiro!"},"content":{"rendered":"<p>O <strong>concurso SES SP<\/strong> \u00e9 a nova sele\u00e7\u00e3o da Secretaria de Estado da Sa\u00fade de S\u00e3o Paulo para o preenchimento de <strong>305 vagas<\/strong> distribu\u00eddas entre <strong>cargos de n\u00edvel t\u00e9cnico e n\u00edvel superior<\/strong>. Os profissionais aprovados ir\u00e3o atuar em atividades assistenciais, t\u00e9cnicas e administrativas nas unidades da rede estadual de sa\u00fade, incluindo hospitais, centros de refer\u00eancia e \u00f3rg\u00e3os vinculados \u00e0 pasta.<\/p>\n\n\n\n    <div class=\"nova-resumo-edital\">\n        <h2 class=\"nova-resumo-edital-title\" id=\"resumo-edital\">Resumo Edital<\/h2>\n        <ul class=\"nova-resumo-edital-list nova-menu\"><li>\n                <img decoding=\"async\" width=\"24\" height=\"24\" loading=\"lazy\" src=\"https:\/\/www.novaconcursos.com.br\/portal\/wp-content\/themes\/nova-theme\/includes\/assets\/img\/person.svg\" aria-hidden=\"true\" alt=\"\u00edcone pessoa\" title=\"\"><span>\n                    <b>Vagas: <\/b> 305\n                <\/span>\n            <\/li>\n            <li>\n                <img decoding=\"async\" width=\"24\" height=\"24\" loading=\"lazy\" src=\"https:\/\/www.novaconcursos.com.br\/portal\/wp-content\/themes\/nova-theme\/includes\/assets\/img\/inscricoes.svg\" aria-hidden=\"true\" alt=\"\u00edcone pessoa\" title=\"\"><span>\n                    <b>Per\u00edodo de inscri\u00e7\u00f5es: <\/b> 07\/11\/2025 a 11\/12\/2025\n                <\/span>\n            <\/li>\n            <li>\n                <img decoding=\"async\" width=\"24\" height=\"24\" loading=\"lazy\" src=\"https:\/\/www.novaconcursos.com.br\/portal\/wp-content\/themes\/nova-theme\/includes\/assets\/img\/taxa-inscricao.svg\" aria-hidden=\"true\" alt=\"\u00edcone pessoa\" title=\"\"><span>\n                    <b>Taxa de inscri\u00e7\u00e3o: <\/b> R$81,44 a R$122,17\n                <\/span>\n            <\/li>\n            <li>\n                <img decoding=\"async\" width=\"24\" height=\"24\" loading=\"lazy\" src=\"https:\/\/www.novaconcursos.com.br\/portal\/wp-content\/themes\/nova-theme\/includes\/assets\/img\/prova.svg\" aria-hidden=\"true\" alt=\"\u00edcone pessoa\" title=\"\"><span>\n                    <b>Prova: <\/b> 18\/01\/2026\n                <\/span>\n            <\/li>\n            <li>\n                <img decoding=\"async\" width=\"24\" height=\"24\" loading=\"lazy\" src=\"https:\/\/www.novaconcursos.com.br\/portal\/wp-content\/themes\/nova-theme\/includes\/assets\/img\/banca.svg\" aria-hidden=\"true\" alt=\"\u00edcone pessoa\" title=\"\"><span>\n                    <b>Banca: <\/b> Instituto Quadrix\n                <\/span>\n            <\/li>\n        <\/ul><div class=\"nova-resumo-edital-baixar\">\n            <a href=\"https:\/\/www.novaconcursos.com.br\/portal\/wp-content\/uploads\/2025\/10\/edital-concurso-ses-sp.pdf\" rel=\"noopener\">\n                Baixe aqui o edital\n            <\/a>\n        <\/div>\n    <\/div>\n\n\n\n<p>As oportunidades contemplam diferentes \u00e1reas e oferecem remunera\u00e7\u00e3o inicial de at\u00e9 <strong>R$ 3,3 mil<\/strong>. As inscri\u00e7\u00f5es foram encerradas e a <strong>prova objetiva<\/strong> est\u00e1 marcada para <strong>18 de janeiro de 2026<\/strong>. O certame atrai candidatos de todo o estado. Se voc\u00ea ficou interessado(a), continue comigo e confira todos os detalhes sobre o concurso SES SP.<\/p>\n\n\n\n<h2 class=\"wp-block-heading\" id=\"principais-datas-do-concurso-ses-sp\">Principais datas do concurso SES SP<\/h2>\n\n\n\n<p>Confira o cronograma do concurso SES SP com as principais datas:<\/p>\n\n\n\n<ul class=\"wp-block-list\"><li><strong>Per\u00edodo de inscri\u00e7\u00f5es:<\/strong> 7 de novembro a 11 de dezembro de 2025<\/li>\n\n\n\n<li><strong>Solicita\u00e7\u00e3o de isen\u00e7\u00e3o da taxa de inscri\u00e7\u00e3o:<\/strong> 7 a 10 de novembro de 2025<\/li>\n\n\n\n<li><strong>\u00daltimo dia para pagamento da taxa de inscri\u00e7\u00e3o:<\/strong> 12 de dezembro de 2025<\/li>\n\n\n\n<li><strong>Aplica\u00e7\u00e3o da prova objetiva:<\/strong> 18 de janeiro de 2026<\/li>\n<\/ul><h2 class=\"wp-block-heading\" id=\"inscries-do-concurso-ses-sp\">Inscri\u00e7\u00f5es do concurso SES SP<\/h2>\n\n\n\n<p>Os interessados em participar do concurso SES SP puderam se inscrever entre as <strong>10h do dia 7 de novembro<\/strong> e as <strong>23h do dia 11 de dezembro de 2025<\/strong>.<\/p>\n\n\n\n<p>As inscri\u00e7\u00f5es puderam ser feitas exclusivamente pelo site do <a href=\"https:\/\/quadrix.selecao.net.br\/informacoes\/13\/\" data-type=\"link\" data-id=\"https:\/\/quadrix.selecao.net.br\/informacoes\/13\/\" target=\"_blank\" rel=\"noopener\">Instituto Quadrix<\/a>, banca organizadora respons\u00e1vel pelo certame.<\/p>\n\n\n\n<p>Durante o processo, o candidato teve que preencher o formul\u00e1rio de inscri\u00e7\u00e3o com todas as informa\u00e7\u00f5es solicitadas. Em seguida, foi necess\u00e1rio efetuar o pagamento da taxa de inscri\u00e7\u00e3o, conforme o cargo pretendido:<\/p>\n\n\n\n<ul class=\"wp-block-list\"><li><strong>R$ 81,44<\/strong> para o cargo de <strong>n\u00edvel t\u00e9cnico (T\u00e9cnico de Enfermagem)<\/strong>;<\/li>\n\n\n\n<li><strong>R$ 122,17<\/strong> para cargos de <strong>n\u00edvel superior<\/strong>.<\/li>\n<\/ul><p>O pagamento pode ser realizado por meio de boleto banc\u00e1rio, que tamb\u00e9m pode ser quitado via PIX, em ag\u00eancias banc\u00e1rias ou casas lot\u00e9ricas, at\u00e9 o dia <strong>12 de dezembro de 2025<\/strong>.<\/p>\n\n\n\n<h3 class=\"wp-block-heading\">Como pedir isen\u00e7\u00e3o da taxa de inscri\u00e7\u00e3o?<\/h3>\n\n\n\n<p>O edital previu <strong>isen\u00e7\u00e3o total<\/strong> ou <strong>redu\u00e7\u00e3o de 50%<\/strong> no valor da taxa de inscri\u00e7\u00e3o, conforme a legisla\u00e7\u00e3o vigente no Estado de S\u00e3o Paulo.<\/p>\n\n\n\n<p>Puderam solicitar o benef\u00edcio os doadores de sangue que comprovassem, no m\u00ednimo, tr\u00eas doa\u00e7\u00f5es realizadas em \u00f3rg\u00e3os oficiais dentro do per\u00edodo de 12 meses anteriores \u00e0 publica\u00e7\u00e3o do edital.<\/p>\n\n\n\n<p>Tiveram direito \u00e0 redu\u00e7\u00e3o parcial o candidato que comprovou, cumulativamente:<\/p>\n\n\n\n<ul class=\"wp-block-list\"><li>Ser estudante regularmente matriculado em curso pr\u00e9-vestibular ou superior (gradua\u00e7\u00e3o ou p\u00f3s-gradua\u00e7\u00e3o);<\/li>\n\n\n\n<li>Possuir renda mensal inferior a dois sal\u00e1rios m\u00ednimos ou estar desempregado.<\/li>\n<\/ul><p>Os pedidos de isen\u00e7\u00e3o ou redu\u00e7\u00e3o da taxa de inscri\u00e7\u00e3o puderam ser realizados entre os dias <strong>7 e 10 de novembro de 2025<\/strong>, no site do Instituto Quadrix.<\/p>\n\n\n\n<p>Estes precisaram ser realizados mediante o envio da documenta\u00e7\u00e3o comprobat\u00f3ria exigida.<\/p>\n\n\n\n<h2 class=\"wp-block-heading\" id=\"cargos-e-vagas\">Cargos e vagas<\/h2>\n\n\n\n<p>O concurso SES SP oferece oportunidades para cargos de <strong>n\u00edvel m\u00e9dio t\u00e9cnico<\/strong> e <strong>n\u00edvel superior<\/strong>, com vagas distribu\u00eddas entre diferentes \u00e1reas da sa\u00fade. Confira:<\/p>\n\n\n\n<p><strong>N\u00edvel m\u00e9dio t\u00e9cnico<\/strong><\/p>\n\n\n\n<ul class=\"wp-block-list\"><li>T\u00e9cnico de Enfermagem: 287 vagas\n<ul class=\"wp-block-list\"><li>Requisitos: ensino m\u00e9dio completo, forma\u00e7\u00e3o t\u00e9cnica em Enfermagem e registro ativo no Conselho Regional.<\/li>\n<\/ul><\/li>\n<\/ul><p><strong>N\u00edvel superior<\/strong><\/p>\n\n\n\n<ul class=\"wp-block-list\"><li>Agente T\u00e9cnico de Assist\u00eancia \u00e0 Sa\u00fade \u2013 Farmac\u00eautico: 6 vagas<\/li>\n\n\n\n<li>Agente T\u00e9cnico de Assist\u00eancia \u00e0 Sa\u00fade \u2013 Fisioterapeuta: 6 vagas<\/li>\n\n\n\n<li>Agente T\u00e9cnico de Assist\u00eancia \u00e0 Sa\u00fade \u2013 Fonoaudi\u00f3logo: 6 vagas\n<ul class=\"wp-block-list\"><li>Requisitos: n\u00edvel superior completo na respectiva \u00e1rea e registro ativo no Conselho Regional.<\/li>\n<\/ul><\/li>\n<\/ul><p>H\u00e1 reserva de vagas para pessoas com defici\u00eancia (PcD) e sistema de pontua\u00e7\u00e3o diferenciada para candidatos pretos, pardos e ind\u00edgenas.<\/p>\n\n\n\n<p>A lota\u00e7\u00e3o dos aprovados ser\u00e1 preferencialmente nas unidades de sa\u00fade listadas no Anexo VIII do edital, localizadas nos munic\u00edpios de <strong>S\u00e3o Paulo, Mogi das Cruzes, Franco da Rocha, Guarulhos, Ferraz de Vasconcelos e Osasco<\/strong>, podendo ocorrer em outras unidades da Secretaria de Estado da Sa\u00fade, conforme decis\u00e3o da Administra\u00e7\u00e3o.<\/p>\n\n\n\n<h2 class=\"wp-block-heading\" id=\"salrios-do-concurso-ses-sp\">Sal\u00e1rios do concurso SES SP<\/h2>\n\n\n\n<p>Os profissionais aprovados no concurso SES SP ter\u00e3o jornada de <strong>30 horas semanais<\/strong> e remunera\u00e7\u00e3o composta por vencimento base e pr\u00eamio de incentivo, conforme o cargo e o n\u00edvel de escolaridade.<\/p>\n\n\n\n<p>Para os cargos de n\u00edvel superior, que abrangem as fun\u00e7\u00f5es de Farmac\u00eautico, Fisioterapeuta e Fonoaudi\u00f3logo (todos classificados como Agente T\u00e9cnico de Assist\u00eancia \u00e0 Sa\u00fade) o vencimento base inicial \u00e9 de R$ 1.804,00. A esse valor soma-se o pr\u00eamio de incentivo, que pode chegar a at\u00e9 R$ 1.581,60, totalizando uma remunera\u00e7\u00e3o de at\u00e9 <strong>R$ 3.385,60 mensais<\/strong>.<\/p>\n\n\n\n<p>O valor do vencimento base inclui o sal\u00e1rio, a gratifica\u00e7\u00e3o executiva e, quando existente, o abono complementar, conforme legisla\u00e7\u00e3o espec\u00edfica. Al\u00e9m disso, os servidores poder\u00e3o receber vantagens pecuni\u00e1rias adicionais, de acordo com a unidade de lota\u00e7\u00e3o. <\/p>\n\n\n\n<p>J\u00e1 para o cargo de n\u00edvel m\u00e9dio\/t\u00e9cnico, destinado \u00e0 fun\u00e7\u00e3o de T\u00e9cnico de Enfermagem, o vencimento base inicial tamb\u00e9m \u00e9 de R$ 1.804,00, acrescido de pr\u00eamio de incentivo de at\u00e9 R$ 747,60, resultando em remunera\u00e7\u00e3o total de at\u00e9 <strong>R$ 2.551,60 mensais<\/strong>. <\/p>\n\n\n\n<p>Assim como ocorre com os cargos de n\u00edvel superior, o vencimento base do T\u00e9cnico de Enfermagem compreende o sal\u00e1rio, a gratifica\u00e7\u00e3o executiva e o abono complementar, quando aplic\u00e1vel. Os servidores ainda fazem jus a vantagens pecuni\u00e1rias conforme a unidade em que atuarem e seguem o mesmo regime jur\u00eddico previsto na Lei n\u00ba 10.261\/1968.<\/p>\n\n\n\n<h2 class=\"wp-block-heading\" id=\"requisitos-bsicos\">Requisitos b\u00e1sicos<\/h2>\n\n\n\n<p>Para ser aprovado no concurso SES SP, \u00e9 necess\u00e1rio atender aos seguintes requisitos:<\/p>\n\n\n\n<ul class=\"wp-block-list\"><li>Ser brasileiro nato ou naturalizado;\n<ul class=\"wp-block-list\"><li>No caso de nacionalidade portuguesa, estar amparado pelo Estatuto de Igualdade entre Brasileiros e Portugueses, com reconhecimento do gozo dos direitos pol\u00edticos, conforme o art. 12, \u00a71\u00ba, da Constitui\u00e7\u00e3o Federal;<\/li>\n\n\n\n<li>Candidatos estrangeiros dever\u00e3o atender ao que est\u00e1 previsto no item 3 e subitem 3.1 do Cap\u00edtulo XIX do edital;<\/li>\n<\/ul><\/li>\n\n\n\n<li>Ter idade m\u00ednima de 18 anos completos;<\/li>\n\n\n\n<li>Estar quite com a Justi\u00e7a Eleitoral;<\/li>\n\n\n\n<li>N\u00e3o registrar antecedentes criminais e estar no pleno exerc\u00edcio dos direitos civis e pol\u00edticos;<\/li>\n\n\n\n<li>Possuir c\u00f3pia da \u00faltima declara\u00e7\u00e3o de Imposto de Renda entregue \u00e0 Receita Federal ou apresentar declara\u00e7\u00e3o p\u00fablica de bens;<\/li>\n\n\n\n<li>Se do sexo masculino, estar em dia com as obriga\u00e7\u00f5es do servi\u00e7o militar, conforme o disposto no art. 210 do Decreto Federal n\u00ba 57.654\/1966, entre 1\u00ba de janeiro do ano em que completar 19 anos e 31 de dezembro do ano em que completar 45 anos de idade.<\/li>\n<\/ul><h2 class=\"wp-block-heading\" id=\"atribuies-da-ses-sp\">Atribui\u00e7\u00f5es da SES SP<\/h2>\n\n\n\n<p>Confira a seguir, as atribui\u00e7\u00f5es estabelecidas pelo edital do concurso SES SP para cada cargo:<\/p>\n\n\n\n<p><strong>Agente T\u00e9cnico de Assist\u00eancia \u00e0 Sa\u00fade (Farmac\u00eautico)<\/strong><\/p>\n\n\n\n<ul class=\"wp-block-list\"><li>Participar do planejamento e da avalia\u00e7\u00e3o da farmacoterapia, garantindo o uso seguro e eficaz dos medicamentos.<\/li>\n\n\n\n<li>Manipular citot\u00f3xicos e quimioter\u00e1picos, otimizando a terapia medicamentosa.<\/li>\n\n\n\n<li>Identificar intera\u00e7\u00f5es e incompatibilidades medicamentosas.<\/li>\n\n\n\n<li>Realizar reconcilia\u00e7\u00e3o medicamentosa na admiss\u00e3o, alta e transfer\u00eancia de pacientes.<\/li>\n\n\n\n<li>Acompanhar farmacoterapia de antimicrobianos e realizar anamnese farmac\u00eautica.<\/li>\n\n\n\n<li>Fornecer informa\u00e7\u00f5es sobre medicamentos \u00e0 equipe de sa\u00fade e realizar interven\u00e7\u00f5es farmac\u00eauticas.<\/li>\n\n\n\n<li>Participar da escolha, padroniza\u00e7\u00e3o e compra de medicamentos, especialmente antineopl\u00e1sicos.<\/li>\n\n\n\n<li>Controlar armazenamento, estabilidade e validade dos medicamentos.<\/li>\n\n\n\n<li>Preparar antineopl\u00e1sicos injet\u00e1veis com garantia de esterilidade e preserva\u00e7\u00e3o das propriedades qu\u00edmicas.<\/li>\n\n\n\n<li>Desenvolver manuais de padroniza\u00e7\u00e3o e t\u00e9cnicas de biosseguran\u00e7a.<\/li>\n\n\n\n<li>Realizar c\u00e1lculos espec\u00edficos para dose e avaliar garantia de qualidade.<\/li>\n\n\n\n<li>Descartar res\u00edduos perigosos e assegurar o uso seguro de opioides e radiof\u00e1rmacos.<\/li>\n\n\n\n<li>Executar outras tarefas correlatas, cumprir normas e regulamentos e utilizar recursos de inform\u00e1tica.<\/li>\n<\/ul><p><strong>Agente T\u00e9cnico de Assist\u00eancia \u00e0 Sa\u00fade (Fisioterapeuta)<\/strong><\/p>\n\n\n\n<ul class=\"wp-block-list\"><li>Avaliar o estado funcional do paciente por meio de anamnese e exames.<\/li>\n\n\n\n<li>Elaborar diagn\u00f3stico cinesiol\u00f3gico funcional e planejar projetos terap\u00eauticos.<\/li>\n\n\n\n<li>Atender pacientes com fraturas, tor\u00e7\u00f5es, paralisias e doen\u00e7as de origem ps\u00edquica.<\/li>\n\n\n\n<li>Ensinar exerc\u00edcios de reabilita\u00e7\u00e3o e aplicar t\u00e9cnicas de massagem, mecanoterapia e hidroterapia.<\/li>\n\n\n\n<li>Aplicar fisioterapia respirat\u00f3ria, ventila\u00e7\u00e3o mec\u00e2nica e demais t\u00e9cnicas hospitalares.<\/li>\n\n\n\n<li>Prescrever e supervisionar tratamentos, solicitando exames e pareceres t\u00e9cnicos quando necess\u00e1rio.<\/li>\n\n\n\n<li>Registrar prescri\u00e7\u00f5es e evolu\u00e7\u00e3o em prontu\u00e1rio e reformular programas terap\u00eauticos conforme evolu\u00e7\u00e3o.<\/li>\n\n\n\n<li>Integrar equipes multiprofissionais e participar de estudos e programas de treinamento.<\/li>\n\n\n\n<li>Elaborar pareceres t\u00e9cnicos e participar de comiss\u00f5es e treinamentos institucionais.<\/li>\n\n\n\n<li>Utilizar equipamentos e programas de inform\u00e1tica, cumprir normas e executar outras tarefas correlatas.<\/li>\n<\/ul><p><strong>Agente T\u00e9cnico de Assist\u00eancia \u00e0 Sa\u00fade (Fonoaudi\u00f3logo)<\/strong><\/p>\n\n\n\n<ul class=\"wp-block-list\"><li>Avaliar defici\u00eancias de linguagem, voz, fala e audi\u00e7\u00e3o por meio de exames e t\u00e9cnicas espec\u00edficas.<\/li>\n\n\n\n<li>Emitir pareceres e relat\u00f3rios complementares ao diagn\u00f3stico fonoaudiol\u00f3gico.<\/li>\n\n\n\n<li>Desenvolver e supervisionar programas de treinamento de voz, fala e linguagem.<\/li>\n\n\n\n<li>Realizar terapia fonoaudiol\u00f3gica e atuar em equipes multiprofissionais.<\/li>\n\n\n\n<li>Promover campanhas de preven\u00e7\u00e3o de dist\u00farbios de comunica\u00e7\u00e3o e audi\u00e7\u00e3o.<\/li>\n\n\n\n<li>Realizar atendimentos em UTI, enfermarias, pronto-socorro e ambulat\u00f3rios.<\/li>\n\n\n\n<li>Avaliar e reabilitar disfagias orofar\u00edngeas, altera\u00e7\u00f5es vocais e de motricidade orofacial.<\/li>\n\n\n\n<li>Realizar exames audiol\u00f3gicos (audiometria, logoaudiometria e impedanciometria).<\/li>\n\n\n\n<li>Participar de treinamentos e supervisionar alunos de p\u00f3s-gradua\u00e7\u00e3o e resid\u00eancia.<\/li>\n\n\n\n<li>Cumprir normas institucionais e executar outras tarefas correlatas utilizando recursos de inform\u00e1tica.<\/li>\n<\/ul><p><strong>T\u00e9cnico de Enfermagem<\/strong><\/p>\n\n\n\n<ul class=\"wp-block-list\"><li>Executar a\u00e7\u00f5es assistenciais de enfermagem sob supervis\u00e3o, observando e registrando sinais e sintomas.<\/li>\n\n\n\n<li>Fazer curativos, administrar medicamentos e realizar controle de patologias e coleta de material para exames.<\/li>\n\n\n\n<li>Auxiliar no controle de estoques, preparo pr\u00e9 e p\u00f3s-operat\u00f3rio e atendimentos de urg\u00eancia e emerg\u00eancia.<\/li>\n\n\n\n<li>Atuar em salas cir\u00fargicas e obst\u00e9tricas, realizando instrumenta\u00e7\u00e3o quando necess\u00e1rio.<\/li>\n\n\n\n<li>Executar procedimentos de admiss\u00e3o, alta, transfer\u00eancia e \u00f3bitos.<\/li>\n\n\n\n<li>Manter a organiza\u00e7\u00e3o da unidade e colaborar com a equipe de sa\u00fade em ensino, pesquisa e educa\u00e7\u00e3o sanit\u00e1ria.<\/li>\n\n\n\n<li>Auxiliar na preven\u00e7\u00e3o e controle de infec\u00e7\u00f5es e doen\u00e7as transmiss\u00edveis.<\/li>\n\n\n\n<li>Verificar equipamentos e instala\u00e7\u00f5es, assegurando sua conserva\u00e7\u00e3o e funcionamento.<\/li>\n\n\n\n<li>Participar no ensino de pessoal auxiliar e em programas educativos.<\/li>\n\n\n\n<li>Zelar pela esteriliza\u00e7\u00e3o de materiais cir\u00fargicos e registrar eletrocardiogramas e exames realizados.<\/li>\n\n\n\n<li>Auxiliar nas atividades de radiologia, cumprir normas e regulamentos da unidade e princ\u00edpios \u00e9ticos de enfermagem.<\/li>\n<\/ul><h2 class=\"wp-block-heading\" id=\"etapas-e-provas\">Etapas e provas<\/h2>\n\n\n\n<p>O concurso SES SP, organizado pelo Instituto Quadrix, contar\u00e1 com duas etapas de avalia\u00e7\u00e3o, que ser\u00e3o realizadas exclusivamente na cidade de <strong>S\u00e3o Paulo (SP)<\/strong>.<\/p>\n\n\n\n<p>As provas est\u00e3o <strong>previstas para o dia 18 de janeiro de 2026<\/strong>, no per\u00edodo da tarde, e ter\u00e3o dura\u00e7\u00e3o de <strong>4 horas<\/strong>.<\/p>\n\n\n\n<p>A sele\u00e7\u00e3o ser\u00e1 composta pelas seguintes fases:<\/p>\n\n\n\n<ul class=\"wp-block-list\"><li>Prova objetiva de conhecimentos gerais e espec\u00edficos, de car\u00e1ter <strong>eliminat\u00f3rio e classificat\u00f3rio<\/strong>;<\/li>\n\n\n\n<li>Avalia\u00e7\u00e3o de t\u00edtulos, de car\u00e1ter <strong>classificat\u00f3rio<\/strong>.<\/li>\n<\/ul><h3 class=\"wp-block-heading\">Prova objetiva<\/h3>\n\n\n\n<p>A prova objetiva tem por finalidade avaliar o dom\u00ednio de conhecimentos gerais e espec\u00edficos necess\u00e1rios ao desempenho das fun\u00e7\u00f5es do cargo, bem como a capacidade de an\u00e1lise, interpreta\u00e7\u00e3o e racioc\u00ednio l\u00f3gico do candidato.<\/p>\n\n\n\n<p>A avalia\u00e7\u00e3o ser\u00e1 composta por <strong>55 quest\u00f5es de m\u00faltipla escolha<\/strong>, com cinco alternativas e apenas uma correta, totalizando 80 pontos.<\/p>\n\n\n\n<p>A estrutura da prova ir\u00e1 abranger quest\u00f5es de L\u00edngua Portuguesa, No\u00e7\u00f5es de Inform\u00e1tica, No\u00e7\u00f5es de Administra\u00e7\u00e3o P\u00fablica\/Sa\u00fade P\u00fablica e Conhecimentos Espec\u00edficos do cargo. Confira a distribui\u00e7\u00e3o das quest\u00f5es a seguir:<\/p>\n\n\n\n<figure class=\"wp-block-image size-large\"><img decoding=\"async\" width=\"1024\" height=\"274\" src=\"https:\/\/www.novaconcursos.com.br\/portal\/wp-content\/uploads\/2025\/10\/concurso-ses-sp-provas-1024x274.webp\" alt=\"Concurso SES SP Provas\" class=\"wp-image-296029\" loading=\"lazy\" title=\"\" srcset=\"https:\/\/www.novaconcursos.com.br\/portal\/wp-content\/uploads\/2025\/10\/concurso-ses-sp-provas-300x80.webp 300w, https:\/\/www.novaconcursos.com.br\/portal\/wp-content\/uploads\/2025\/10\/concurso-ses-sp-provas-480x128.webp 480w, https:\/\/www.novaconcursos.com.br\/portal\/wp-content\/uploads\/2025\/10\/concurso-ses-sp-provas-768x205.webp 768w, https:\/\/www.novaconcursos.com.br\/portal\/wp-content\/uploads\/2025\/10\/concurso-ses-sp-provas-1024x274.webp 1024w, https:\/\/www.novaconcursos.com.br\/portal\/wp-content\/uploads\/2025\/10\/concurso-ses-sp-provas-1536x410.webp 1536w, https:\/\/www.novaconcursos.com.br\/portal\/wp-content\/uploads\/2025\/10\/concurso-ses-sp-provas.webp 1812w\" sizes=\"auto, (max-width: 480px) 100vw, (max-width: 768px) 100vw, (max-width: 1200px) 70vw, 768px\"><figcaption class=\"wp-element-caption\">Confira o quadro de quest\u00f5es da prova do concurso SES SP.<\/figcaption><\/figure><p>A <strong>pontua\u00e7\u00e3o m\u00e1xima<\/strong> poss\u00edvel \u00e9 de <strong>80 pontos<\/strong>, e ser\u00e1 considerado <strong>habilitado<\/strong> o candidato que obtiver <strong>nota igual ou superior a 40 pontos<\/strong>, conforme previsto no edital.<\/p>\n\n\n\n<p>A prova ser\u00e1 aplicada no per\u00edodo da tarde, e o tempo total para a realiza\u00e7\u00e3o ser\u00e1 de <strong>4 horas<\/strong>. O sistema de pontua\u00e7\u00e3o diferenciada poder\u00e1 ser aplicado, conforme o Decreto n\u00ba 63.979\/2018.<\/p>\n\n\n\n<h3 class=\"wp-block-heading\">Avalia\u00e7\u00e3o de t\u00edtulos<\/h3>\n\n\n\n<p>A avalia\u00e7\u00e3o de t\u00edtulos tem car\u00e1ter <strong>classificat\u00f3rio<\/strong> e ser\u00e1 realizada apenas com os candidatos habilitados na prova objetiva. A etapa ir\u00e1 analisar a experi\u00eancia profissional e forma\u00e7\u00f5es adicionais relacionadas \u00e0 fun\u00e7\u00e3o exercida.<\/p>\n\n\n\n<p>As informa\u00e7\u00f5es sobre datas e procedimentos de envio dos documentos ser\u00e3o publicadas em edital espec\u00edfico. A convoca\u00e7\u00e3o est\u00e1 prevista para 23 de fevereiro de 2026, e o per\u00edodo de recebimento dos t\u00edtulos ocorrer\u00e1 entre 3 e 6 de mar\u00e7o de 2026, por meio de upload no sistema eletr\u00f4nico de inscri\u00e7\u00e3o.<\/p>\n\n\n\n<p>A pontua\u00e7\u00e3o m\u00e1xima varia de acordo com o cargo:<\/p>\n\n\n\n<ul class=\"wp-block-list\"><li>Farmac\u00eautico, Fisioterapeuta e Fonoaudi\u00f3logo (n\u00edvel superior): at\u00e9 30 pontos;<\/li>\n\n\n\n<li>T\u00e9cnico de Enfermagem (n\u00edvel m\u00e9dio\/t\u00e9cnico): at\u00e9 12,5 pontos.<\/li>\n<\/ul><p>A pontua\u00e7\u00e3o obtida nessa fase ser\u00e1 somada \u00e0 nota da prova objetiva, influenciando apenas na classifica\u00e7\u00e3o final.<\/p>\n\n\n\n<p>O concurso SES SP ter\u00e1 <strong>validade de dois anos<\/strong>, contados a partir da data de homologa\u00e7\u00e3o do resultado final, podendo ser prorrogado uma vez por igual per\u00edodo, a crit\u00e9rio da Secretaria de Estado da Sa\u00fade de S\u00e3o Paulo.<\/p>\n\n\n\n<h2 class=\"wp-block-heading\" id=\"o-que-cai-na-prova-do-concurso-ses-sp\">O que cai na prova do concurso SES SP?<\/h2>\n\n\n\n<p>De acordo com o edital do concurso SES SP, os conte\u00fados b\u00e1sicos cobrados ser\u00e3o os seguintes:<\/p>\n\n\n\n<h3 class=\"wp-block-heading\">L\u00edngua Portuguesa<\/h3>\n\n\n\n<ul class=\"wp-block-list\"><li>Compreens\u00e3o e interpreta\u00e7\u00e3o de textos de g\u00eaneros variados.<\/li>\n\n\n\n<li>Reconhecimento de tipos e g\u00eaneros textuais.<\/li>\n\n\n\n<li>Dom\u00ednio da ortografia oficial.<\/li>\n\n\n\n<li>Dom\u00ednio dos mecanismos de coes\u00e3o textual:\n<ul class=\"wp-block-list\"><li>Emprego de elementos de referencia\u00e7\u00e3o, substitui\u00e7\u00e3o e repeti\u00e7\u00e3o, conectores e outros elementos de sequencia\u00e7\u00e3o textual.<\/li>\n\n\n\n<li>Emprego de tempos e modos verbais.<\/li>\n<\/ul><\/li>\n\n\n\n<li>Dom\u00ednio da estrutura morfossint\u00e1tica do per\u00edodo:\n<ul class=\"wp-block-list\"><li>Emprego das classes de palavras.<\/li>\n\n\n\n<li>Rela\u00e7\u00f5es de coordena\u00e7\u00e3o e subordina\u00e7\u00e3o entre ora\u00e7\u00f5es e termos da ora\u00e7\u00e3o.<\/li>\n\n\n\n<li>Emprego dos sinais de pontua\u00e7\u00e3o.<\/li>\n\n\n\n<li>Concord\u00e2ncia verbal e nominal.<\/li>\n\n\n\n<li>Reg\u00eancia verbal e nominal.<\/li>\n\n\n\n<li>Emprego do sinal indicativo de crase.<\/li>\n\n\n\n<li>Coloca\u00e7\u00e3o dos pronomes \u00e1tonos.<\/li>\n<\/ul><\/li>\n\n\n\n<li>Reescrita de frases e par\u00e1grafos:\n<ul class=\"wp-block-list\"><li>Significa\u00e7\u00e3o das palavras.<\/li>\n\n\n\n<li>Substitui\u00e7\u00e3o de palavras ou trechos de texto.<\/li>\n\n\n\n<li>Reorganiza\u00e7\u00e3o da estrutura de ora\u00e7\u00f5es e per\u00edodos.<\/li>\n\n\n\n<li>Reescrita de textos de diferentes g\u00eaneros e n\u00edveis de formalidade.<\/li>\n<\/ul><\/li>\n\n\n\n<li>Figuras de linguagem.<\/li>\n<\/ul><h3 class=\"wp-block-heading\">No\u00e7\u00f5es de Inform\u00e1tica<\/h3>\n\n\n\n<ul class=\"wp-block-list\"><li>Conceitos fundamentais de inform\u00e1tica:\n<ul class=\"wp-block-list\"><li>Tipos de computadores.<\/li>\n\n\n\n<li>Conceitos de hardware e software.<\/li>\n\n\n\n<li>Instala\u00e7\u00e3o de perif\u00e9ricos.<\/li>\n<\/ul><\/li>\n\n\n\n<li>Aplicativos de escrit\u00f3rio:\n<ul class=\"wp-block-list\"><li>Edi\u00e7\u00e3o de textos, planilhas e apresenta\u00e7\u00f5es no ambiente Microsoft 365.<\/li>\n\n\n\n<li>No\u00e7\u00f5es b\u00e1sicas do Google Workspace (Gmail, Documentos, Planilhas).<\/li>\n\n\n\n<li>Utiliza\u00e7\u00e3o de ferramentas de comunica\u00e7\u00e3o (Microsoft Teams e Google Meet).<\/li>\n<\/ul><\/li>\n\n\n\n<li>Sistemas operacionais:\n<ul class=\"wp-block-list\"><li>No\u00e7\u00f5es sobre Windows 10 e Windows 11.<\/li>\n\n\n\n<li>No\u00e7\u00f5es b\u00e1sicas de sistemas m\u00f3veis (Android e iOS).<\/li>\n<\/ul><\/li>\n\n\n\n<li>Redes de computadores: conceitos b\u00e1sicos e ferramentas de Internet e intranet.<\/li>\n\n\n\n<li>Navegadores e programas de navega\u00e7\u00e3o: Mozilla Firefox, Google Chrome e Microsoft Edge.<\/li>\n\n\n\n<li>Correio eletr\u00f4nico: uso do MS Outlook e webmails.<\/li>\n\n\n\n<li>Pesquisa na Internet: s\u00edtios e ferramentas de busca.<\/li>\n\n\n\n<li>Organiza\u00e7\u00e3o e gerenciamento de informa\u00e7\u00f5es:\n<ul class=\"wp-block-list\"><li>Gerenciamento de arquivos, pastas e programas.<\/li>\n\n\n\n<li>Armazenamento em nuvem (OneDrive e Google Drive).<\/li>\n<\/ul><\/li>\n\n\n\n<li>Seguran\u00e7a da informa\u00e7\u00e3o:\n<ul class=\"wp-block-list\"><li>Procedimentos de seguran\u00e7a.<\/li>\n\n\n\n<li>No\u00e7\u00f5es de v\u00edrus, worms e pragas virtuais.<\/li>\n\n\n\n<li>Aplicativos de seguran\u00e7a (antiv\u00edrus, firewall, antispyware).<\/li>\n<\/ul><\/li>\n\n\n\n<li>Procedimentos de backup:\n<ul class=\"wp-block-list\"><li>No\u00e7\u00f5es de backup de dados e arquivos.<\/li>\n\n\n\n<li>Backup em nuvem.<\/li>\n<\/ul><\/li>\n\n\n\n<li>No\u00e7\u00f5es de transforma\u00e7\u00e3o digital: conceitos de tecnologias emergentes, como intelig\u00eancia artificial e computa\u00e7\u00e3o em nuvem.<\/li>\n<\/ul><h3 class=\"wp-block-heading\">No\u00e7\u00f5es de Administra\u00e7\u00e3o P\u00fablica<\/h3>\n\n\n\n<ul class=\"wp-block-list\"><li>Constitui\u00e7\u00e3o do Estado de S\u00e3o Paulo:\n<ul class=\"wp-block-list\"><li>T\u00edtulo III \u2013 Da Organiza\u00e7\u00e3o do Estado: Cap\u00edtulo I \u2013 Da Administra\u00e7\u00e3o P\u00fablica (Artigos 111 a 115).<\/li>\n\n\n\n<li>Cap\u00edtulo II \u2013 Dos Servidores P\u00fablicos do Estado: Se\u00e7\u00e3o I \u2013 Dos Servidores P\u00fablicos Civis (Artigos 124 a 137).<\/li>\n\n\n\n<li>T\u00edtulo VII \u2013 Da Ordem Social: Cap\u00edtulo II \u2013 Da Seguridade Social: Se\u00e7\u00e3o II \u2013 Da Sa\u00fade (Artigos 219 a 231).<\/li>\n<\/ul><\/li>\n\n\n\n<li>Estatuto dos Servidores P\u00fablicos Civis do Estado de S\u00e3o Paulo (Lei n\u00ba 10.261\/1968).<\/li>\n\n\n\n<li>Acesso \u00e0 Informa\u00e7\u00e3o:\n<ul class=\"wp-block-list\"><li>Lei Federal n\u00ba 12.527\/2011.<\/li>\n\n\n\n<li>Decreto Estadual n\u00ba 58.052\/2012.<\/li>\n<\/ul><\/li>\n\n\n\n<li>\u00c9tica na Administra\u00e7\u00e3o P\u00fablica Estadual:\n<ul class=\"wp-block-list\"><li>C\u00f3digo de \u00c9tica da Administra\u00e7\u00e3o P\u00fablica Estadual (Decreto n\u00ba 60.428\/2014).<\/li>\n<\/ul><\/li>\n\n\n\n<li>Princ\u00edpios da Administra\u00e7\u00e3o P\u00fablica:\n<ul class=\"wp-block-list\"><li>Legalidade.<\/li>\n\n\n\n<li>Impessoalidade.<\/li>\n\n\n\n<li>Moralidade.<\/li>\n\n\n\n<li>Publicidade.<\/li>\n\n\n\n<li>Efici\u00eancia.<\/li>\n<\/ul><\/li>\n\n\n\n<li>Modelos de gest\u00e3o p\u00fablica:\n<ul class=\"wp-block-list\"><li>Gest\u00e3o burocr\u00e1tica.<\/li>\n\n\n\n<li>Gest\u00e3o gerencial.<\/li>\n<\/ul><\/li>\n\n\n\n<li>Qualidade no servi\u00e7o p\u00fablico:\n<ul class=\"wp-block-list\"><li>Conceitos de efici\u00eancia, efic\u00e1cia e efetividade aplicados \u00e0 administra\u00e7\u00e3o p\u00fablica.<\/li>\n<\/ul><\/li>\n<\/ul><h3 class=\"wp-block-heading\">No\u00e7\u00f5es de Sa\u00fade P\u00fablica<\/h3>\n\n\n\n<ul class=\"wp-block-list\"><li>Programas do Sistema \u00danico de Sa\u00fade (SUS): estrutura e atua\u00e7\u00e3o no atendimento aos pacientes e usu\u00e1rios.<\/li>\n\n\n\n<li>Condi\u00e7\u00f5es para a promo\u00e7\u00e3o, prote\u00e7\u00e3o e recupera\u00e7\u00e3o da sa\u00fade (Lei n\u00ba 8.080\/1990).<\/li>\n\n\n\n<li>Gest\u00e3o do SUS:\n<ul class=\"wp-block-list\"><li>Participa\u00e7\u00e3o da comunidade.<\/li>\n\n\n\n<li>Transfer\u00eancias intergovernamentais de recursos financeiros (Lei n\u00ba 8.142\/1990).<\/li>\n<\/ul><\/li>\n\n\n\n<li>Organiza\u00e7\u00e3o, planejamento e articula\u00e7\u00e3o interfederativa do SUS (Decreto n\u00ba 7.508\/2011).<\/li>\n\n\n\n<li>Epidemiologia e indicadores de sa\u00fade:\n<ul class=\"wp-block-list\"><li>Indicadores de n\u00edvel de sa\u00fade da popula\u00e7\u00e3o.<\/li>\n\n\n\n<li>Sistemas de informa\u00e7\u00e3o em sa\u00fade e no SUS.<\/li>\n\n\n\n<li>Promo\u00e7\u00e3o da sa\u00fade e preven\u00e7\u00e3o de doen\u00e7as.<\/li>\n<\/ul><\/li>\n\n\n\n<li>Vigil\u00e2ncia em Sa\u00fade: estrutura e atua\u00e7\u00e3o.<\/li>\n\n\n\n<li>Processos e gest\u00e3o do trabalho em sa\u00fade:\n<ul class=\"wp-block-list\"><li>Gest\u00e3o de sistemas e processos de trabalho em sa\u00fade.<\/li>\n<\/ul><\/li>\n\n\n\n<li>Forma\u00e7\u00e3o e educa\u00e7\u00e3o em sa\u00fade:\n<ul class=\"wp-block-list\"><li>Educa\u00e7\u00e3o permanente e capacita\u00e7\u00e3o profissional.<\/li>\n<\/ul><\/li>\n\n\n\n<li>Organiza\u00e7\u00e3o social e comunit\u00e1ria:\n<ul class=\"wp-block-list\"><li>Conselhos de Sa\u00fade e Pacto pela Sa\u00fade.<\/li>\n<\/ul><\/li>\n<\/ul><h2 class=\"wp-block-heading\" id=\"outros-concursos-ses-sp-autorizados\">Outros concursos SES SP autorizados<\/h2>\n\n\n\n<p>O novo concurso SES SP segue ganhando forma com a autoriza\u00e7\u00e3o de <strong>798 vagas<\/strong> para refor\u00e7ar o quadro de servidores da Secretaria de Estado da Sa\u00fade de S\u00e3o Paulo. A libera\u00e7\u00e3o consta em despacho oficial do governador, que autoriza a ado\u00e7\u00e3o das provid\u00eancias administrativas necess\u00e1rias, desde que respeitados os limites or\u00e7ament\u00e1rios do Estado.<\/p>\n\n\n\n<p>As oportunidades abrangem cargos de n\u00edveis <strong>m\u00e9dio e superior<\/strong>, com destaque para fun\u00e7\u00f5es nas \u00e1reas de enfermagem, sa\u00fade mental, assist\u00eancia t\u00e9cnica e terapias especializadas. Alguns editais j\u00e1 foram publicados, inclusive com resultados homologados, como \u00e9 o caso de Terapeuta Ocupacional e M\u00e9dico Psiquiatra.<\/p>\n\n\n\n<p>Confira a distribui\u00e7\u00e3o atualizada das vagas autorizadas no concurso SES SP:<\/p>\n\n\n\n<ul class=\"wp-block-list\"><li><strong>T\u00e9cnico de Enfermagem<\/strong>: 350 vagas<\/li>\n\n\n\n<li><strong>Enfermeiro<\/strong>: 185 vagas<\/li>\n\n\n\n<li><strong>Oficial de Sa\u00fade<\/strong>: 50 vagas<\/li>\n\n\n\n<li><strong>Agente T\u00e9cnico de Assist\u00eancia \u00e0 Sa\u00fade<\/strong>: 50 vagas\n<ul class=\"wp-block-list\"><li><em>Obs.: 4 dessas j\u00e1 est\u00e3o com edital publicado<\/em><\/li>\n<\/ul><\/li>\n\n\n\n<li><strong>M\u00e9dico I<\/strong>: 163 vagas\n<ul class=\"wp-block-list\"><li><em>Inclui 4 vagas j\u00e1 contempladas em edital para Psiquiatra<\/em><\/li>\n<\/ul><\/li>\n<\/ul><h2 class=\"wp-block-heading\" id=\"concurso-ses-sp-2025\">Concurso SES SP 2025<\/h2>\n\n\n\n<p>J\u00e1 est\u00e3o em andamento dois processos seletivos espec\u00edficos do concurso SES SP, com vagas para os cargos de Terapeuta Ocupacional e M\u00e9dico Psiquiatra. Os editais foram publicados anteriormente e j\u00e1 tiveram suas provas aplicadas, com resultados finais homologados.<\/p>\n\n\n\n<p>Veja abaixo as informa\u00e7\u00f5es detalhadas sobre os cargos contemplados no concurso SES SP:<\/p>\n\n\n\n<ul class=\"wp-block-list\"><li><strong>Agente T\u00e9cnico de Assist\u00eancia \u00e0 Sa\u00fade \u2013 Terapeuta Ocupacional<br><\/strong>\u2022 Vagas: 4<br>\u2022 Remunera\u00e7\u00e3o: R$ 3.221,60<br>\u2022 Requisitos:\n<ul class=\"wp-block-list\"><li>Diploma de gradua\u00e7\u00e3o em Terapia Ocupacional<\/li>\n\n\n\n<li>Registro ativo no CREFITO\/SP (Conselho Regional de Fisioterapia e Terapia Ocupacional)<\/li>\n<\/ul><\/li>\n\n\n\n<li><strong>M\u00e9dico I \u2013 Psiquiatria<\/strong><br>\u2022 Vagas: 4<br>\u2022 Remunera\u00e7\u00e3o: R$ 7.900,60<br>\u2022 Requisitos:\n<ul class=\"wp-block-list\"><li>Gradua\u00e7\u00e3o em Medicina<\/li>\n\n\n\n<li>Registro ativo no CREMESP (Conselho Regional de Medicina do Estado de S\u00e3o Paulo)<\/li>\n\n\n\n<li>Conclus\u00e3o de resid\u00eancia m\u00e9dica credenciada pela CNRM <strong>ou<\/strong> t\u00edtulo de especialista em Psiquiatria reconhecido pela AMB<\/li>\n<\/ul><\/li>\n<\/ul><h3 class=\"wp-block-heading\">Etapas e estrutura das provas<\/h3>\n\n\n\n<p>Os candidatos participaram de duas etapas avaliativas, realizadas no mesmo dia e per\u00edodo:<\/p>\n\n\n\n<ul class=\"wp-block-list\"><li>Prova Objetiva (eliminat\u00f3ria e classificat\u00f3ria)<\/li>\n\n\n\n<li>Prova Dissertativa (Reda\u00e7\u00e3o) (eliminat\u00f3ria e classificat\u00f3ria)<\/li>\n<\/ul><p>A <strong>prova objetiva<\/strong> contou com 55 quest\u00f5es de m\u00faltipla escolha, cada uma com cinco alternativas e apenas uma correta. A distribui\u00e7\u00e3o foi a seguinte:<\/p>\n\n\n\n<ul class=\"wp-block-list\"><li>10 quest\u00f5es de L\u00edngua Portuguesa<\/li>\n\n\n\n<li>10 quest\u00f5es de Inform\u00e1tica<\/li>\n\n\n\n<li>10 quest\u00f5es de Administra\u00e7\u00e3o P\u00fablica \/ Sa\u00fade P\u00fablica<\/li>\n\n\n\n<li>25 quest\u00f5es de Conhecimentos Espec\u00edficos<\/li>\n<\/ul><p>J\u00e1 a<strong> prova dissertativa <\/strong>exigiu a produ\u00e7\u00e3o de um texto entre 30 e 50 linhas, com tema in\u00e9dito relacionado ao conte\u00fado program\u00e1tico. A reda\u00e7\u00e3o teve valor m\u00e1ximo de 20 pontos.<\/p>\n\n\n\n<p>A pontua\u00e7\u00e3o final foi composta por:<\/p>\n\n\n\n<ul class=\"wp-block-list\"><li><strong>80 pontos<\/strong> na prova objetiva<\/li>\n\n\n\n<li><strong>20 pontos<\/strong> na prova dissertativa<\/li>\n<\/ul><p>Para ser considerado habilitado, o candidato precisava atingir, no m\u00ednimo:<\/p>\n\n\n\n<ul class=\"wp-block-list\"><li><strong>40 pontos<\/strong> na prova objetiva<\/li>\n\n\n\n<li><strong>10 pontos<\/strong> na prova dissertativa<\/li>\n<\/ul><p>Al\u00e9m disso, foi aplicado o sistema de pontua\u00e7\u00e3o diferenciada, conforme previsto em edital.<\/p>\n\n\n\n<h2 class=\"wp-block-heading\" id=\"materiais-preparatrios-para-o-concurso-ses-sp\">Materiais preparat\u00f3rios para o concurso SES SP<\/h2>\n\n\n\n<p>Quer conquistar a aprova\u00e7\u00e3o no pr\u00f3ximo concurso SES SP? Para isso, \u00e9 fundamental contar com bons materiais e uma rotina eficiente de estudos.<\/p>\n\n\n\n<p>Pensando nisso, a Nova Concursos desenvolveu um <strong>m\u00e9todo<\/strong>\u00a0de estudo de alta qualidade e materiais completos, para te auxiliar na sua prepara\u00e7\u00e3o! <\/p>\n\n\n\n<p> A <a href=\"https:\/\/www.novaconcursos.com.br\/?promo_creative=Nova+Concursos&amp;promo_name=concurso&amp;promo_id=%2Fportal%2Fconcursos%2Fimasul&amp;promo_position=corpo-texto\">Nova Concursos<\/a> \u00e9 refer\u00eancia em prepara\u00e7\u00e3o para concursos p\u00fablicos, com mais de\u00a0<strong>70 mil alunos aprovados<\/strong> e o pr\u00f3ximo pode ser voc\u00ea! <\/p>\n\n\n\n<p><strong>N\u00e3o perca tempo!<\/strong> Confira os nossos materiais\u00a0e garanta a vaga dos seus sonhos!<\/p>\n\n\n\n<div class=\"nova-continue-reading\"> Confira: <a href=\"https:\/\/www.novaconcursos.com.br\/concurso\/ses-sp-secretaria-do-estado-da-saude-sp\/\" data-type=\"link\" data-id=\"https:\/\/www.novaconcursos.com.br\/concurso\/ses-sp-secretaria-do-estado-da-saude-sp\/\">Materiais preparat\u00f3rios para o concurso SES SP<\/a><\/div>\n\n\n\n<h3 class=\"wp-block-heading\">Curso SES-SP \u2013 T\u00e9cnico de Enfermagem<\/h3>\n\n\n\n<p>O <a href=\"https:\/\/www.novaconcursos.com.br\/concurso\/ses-sp-secretaria-do-estado-da-saude-sp\/cursos-online\">curso online SES-SP \u2013 T\u00e9cnico de Enfermagem<\/a> est\u00e1 totalmente de acordo com o edital e atualizado com as informa\u00e7\u00f5es mais recentes. As aulas s\u00e3o ministradas por professores especializados e com ampla experi\u00eancia em concursos p\u00fablicos, organizadas por disciplina e assunto na mesma ordem do conte\u00fado program\u00e1tico, o que facilita a organiza\u00e7\u00e3o dos estudos.<\/p>\n\n\n\n<p>Com acesso 100% online, o curso garante flexibilidade e praticidade para que voc\u00ea estude para o concurso SES SP de onde quiser, com uma prepara\u00e7\u00e3o completa e eficiente! <\/p>\n\n\n\n<h3 class=\"wp-block-heading\">Mapa de Quest\u00f5es Online \u2013 SES-SP \u2013 T\u00e9cnico de Enfermagem<\/h3>\n\n\n\n<p>O <a href=\"https:\/\/www.novaconcursos.com.br\/concurso\/ses-sp-secretaria-do-estado-da-saude-sp\/questoes\">Mapa de Quest\u00f5es Online \u2013 SES-SP \u2013 T\u00e9cnico de Enfermagem<\/a> \u00e9 a ferramenta ideal para quem deseja treinar de forma estrat\u00e9gica e focada no edital. A plataforma re\u00fane quest\u00f5es organizadas por disciplina e assunto, permitindo que voc\u00ea avalie seu desempenho, identifique pontos de melhoria e direcione seus estudos com mais efici\u00eancia. <\/p>\n\n\n\n<p>Com pr\u00e1tica constante e an\u00e1lise de resultados, sua prepara\u00e7\u00e3o se torna muito mais objetiva e alinhada ao que realmente cai na prova.<\/p>\n\n\n\n<h2 class=\"wp-block-heading\" id=\"quando-foi-o-ltimo-concurso-ses-sp\">Quando foi o \u00faltimo concurso SES SP?<\/h2>\n\n\n\n<p>O \u00faltimo concurso da SES SP foi destinado \u00e0 Vigil\u00e2ncia Sanit\u00e1ria e foi publicado em <strong>2023<\/strong>, ainda est\u00e1 em andamento. <\/p>\n\n\n\n<p>A prova foi realizada em fevereiro de 2024 e, recentemente, foi divulgado o resultado final das provas de t\u00edtulos. <\/p>\n\n\n\n<p>O edital ofertou <strong>198 vagas<\/strong> de n\u00edvel superior para os cargos de Agente T\u00e9cnico de Assist\u00eancia \u00e0 Sa\u00fade \u2013 diversas especialidades (100), Cirurgi\u00e3o Dentista (02), Enfermeiro (73) e M\u00e9dico I (23), com sal\u00e1rios de R$ 2.913,55 a R$ 7.900,60.<\/p>\n\n\n\n<h3 class=\"wp-block-heading\">Requisitos<\/h3>\n\n\n\n<p>Os requisitos<strong>\u00a0b\u00e1sicos<\/strong>\u00a0para investidura nos cargos foram: <\/p>\n\n\n\n<ul class=\"wp-block-list\"><li>ser brasileiro nato, naturalizado ou, em caso de nacionalidade portuguesa, estar amparado pelo estatuto de igualdade entre brasileiros e portugueses, com reconhecimento de gozo de direitos pol\u00edticos, nos termos do artigo 12, \u00a7 1\u00ba, da Constitui\u00e7\u00e3o Federal. Os candidatos estrangeiros dever\u00e3o observar e cumprir o estabelecido no item \u201c3\u201d e subitem \u201c3.1\u201d, do Cap\u00edtulo XVII deste edital;<\/li>\n\n\n\n<li>ter idade m\u00ednima de 18 (dezoito) anos completos;<\/li>\n\n\n\n<li>estar quite com a Justi\u00e7a Eleitoral;<\/li>\n\n\n\n<li>n\u00e3o registrar antecedentes criminais, encontrando-se no pleno exerc\u00edcio de seus direitos civis e pol\u00edticos;<\/li>\n\n\n\n<li>possuir c\u00f3pia da \u00faltima declara\u00e7\u00e3o de Imposto de Renda entregue \u00e0 Secretaria da Receita Federal ou declara\u00e7\u00e3o p\u00fablica de bens;<\/li>\n\n\n\n<li>se do sexo masculino, estar em dia com as obriga\u00e7\u00f5es do servi\u00e7o militar, entre 1\u00ba de janeiro do ano em que completar 19 (dezenove) e 31 de dezembro do ano em que completar 45 (quarenta e cinco) anos de idade, observado o disposto no artigo 210 do Decreto Federal n\u00ba 57.654, de 20\/01\/1966.<\/li>\n<\/ul><p>Al\u00e9m disso, foi necess\u00e1rio cumprir as exig\u00eancias <strong>espec\u00edficas<\/strong> de cada cargo\/especialidade, relacionadas ao n\u00edvel e \u00e1rea de forma\u00e7\u00e3o, bem como pelo registro no \u00f3rg\u00e3o de classe, quando houvesse. <\/p>\n\n\n\n<h3 class=\"wp-block-heading\">Etapas de Sele\u00e7\u00e3o<\/h3>\n\n\n\n<p>A sele\u00e7\u00e3o do concurso SES SP para a Vigil\u00e2ncia Sanit\u00e1ria foi realizada em <strong>duas etapas<\/strong>, sendo elas a prova objetiva e avalia\u00e7\u00e3o de t\u00edtulos.<\/p>\n\n\n\n<p>A prova objetiva, de car\u00e1ter eliminat\u00f3rio e classificat\u00f3rio, foi realizada nas cidades de S\u00e3o Paulo\/SP, Campinas\/SP, Mar\u00edlia\/SP e S\u00e3o Jos\u00e9 do Rio Preto\/SP. <\/p>\n\n\n\n<p>Composta por <strong>60 quest\u00f5es<\/strong> de m\u00faltipla escolha, a prova abordou disciplinas de <a href=\"https:\/\/www.novaconcursos.com.br\/apostila\/ses-sp-instituto-infectologia-emilio-ribas-conhecimentos-gerais\">Conhecimentos Gerais<\/a> e Espec\u00edficos.<\/p>\n\n\n\n<p>No \u00e2mbito dos conhecimentos gerais, foram cobradas quest\u00f5es de L\u00edngua Portuguesa (7 quest\u00f5es), No\u00e7\u00f5es de Administra\u00e7\u00e3o P\u00fablica\/Pol\u00edticas P\u00fablicas (10 quest\u00f5es), No\u00e7\u00f5es de Vigil\u00e2ncia Sanit\u00e1ria e Sa\u00fade P\u00fablica (10 quest\u00f5es) e No\u00e7\u00f5es de Inform\u00e1tica (3 quest\u00f5es).<\/p>\n\n\n\n<p>J\u00e1 na <strong>avalia\u00e7\u00e3o de t\u00edtulos<\/strong>, de car\u00e1ter classificat\u00f3rio, foram consideradas titula\u00e7\u00f5es de Doutorado, Programa de Aprimoramento Profissional, Curso de Especializa\u00e7\u00e3o dentre da \u00e1rea, com carga m\u00ednima de 360 horas, Trabalhos publicados e Participa\u00e7\u00f5es em Confer\u00eancias, Congressos, F\u00f3runs etc.<\/p>","protected":false},"excerpt":{"rendered":"<p>Foram encerradas as inscri\u00e7\u00f5es do concurso SES SP! S\u00e3o 300 vagas de n\u00edveis t\u00e9cnico e superior.<\/p>\n","protected":false},"author":54693,"featured_media":296019,"comment_status":"closed","ping_status":"closed","sticky":false,"template":"","format":"standard","meta":{"_acf_changed":false,"footnotes":"","_wp_rev_ctl_limit":""},"categories":[44999,44945,44949],"tags":[44631,45026],"class_list":["post-230250","post","type-post","status-publish","format-standard","has-post-thumbnail","hentry","category-concursos","category-carreira-saude","category-sp","tag-concurso-ses-sp-2","tag-concursos-abertos-sp-2"],"acf":[],"_links":{"self":[{"href":"https:\/\/www.novaconcursos.com.br\/portal\/wp-json\/wp\/v2\/posts\/230250","targetHints":{"allow":["GET"]}}],"collection":[{"href":"https:\/\/www.novaconcursos.com.br\/portal\/wp-json\/wp\/v2\/posts"}],"about":[{"href":"https:\/\/www.novaconcursos.com.br\/portal\/wp-json\/wp\/v2\/types\/post"}],"author":[{"embeddable":true,"href":"https:\/\/www.novaconcursos.com.br\/portal\/wp-json\/wp\/v2\/users\/54693"}],"replies":[{"embeddable":true,"href":"https:\/\/www.novaconcursos.com.br\/portal\/wp-json\/wp\/v2\/comments?post=230250"}],"version-history":[{"count":41,"href":"https:\/\/www.novaconcursos.com.br\/portal\/wp-json\/wp\/v2\/posts\/230250\/revisions"}],"predecessor-version":[{"id":300880,"href":"https:\/\/www.novaconcursos.com.br\/portal\/wp-json\/wp\/v2\/posts\/230250\/revisions\/300880"}],"wp:featuredmedia":[{"embeddable":true,"href":"https:\/\/www.novaconcursos.com.br\/portal\/wp-json\/wp\/v2\/media\/296019"}],"wp:attachment":[{"href":"https:\/\/www.novaconcursos.com.br\/portal\/wp-json\/wp\/v2\/media?parent=230250"}],"wp:term":[{"taxonomy":"category","embeddable":true,"href":"https:\/\/www.novaconcursos.com.br\/portal\/wp-json\/wp\/v2\/categories?post=230250"},{"taxonomy":"post_tag","embeddable":true,"href":"https:\/\/www.novaconcursos.com.br\/portal\/wp-json\/wp\/v2\/tags?post=230250"}],"curies":[{"name":"wp","href":"https:\/\/api.w.org\/{rel}","templated":true}]}}