{"id":230988,"date":"2024-04-26T20:30:40","date_gmt":"2024-04-26T23:30:40","guid":{"rendered":"https:\/\/www.novaconcursos.com.br\/portal\/?p=230988"},"modified":"2024-06-11T16:27:13","modified_gmt":"2024-06-11T19:27:13","slug":"bndes-define-a-banca-organizadora-no-proximo-edital-150-vagas","status":"publish","type":"post","link":"https:\/\/www.novaconcursos.com.br\/portal\/noticias\/bndes-define-a-banca-organizadora-no-proximo-edital-150-vagas\/","title":{"rendered":"BNDES define a banca organizadora no pr\u00f3ximo edital. 150 vagas!"},"content":{"rendered":"<p>O Banco Nacional de Desenvolvimento Econ\u00f4mico e Social\u00a0definiu a banca que vai organizar seu novo <a href=\"https:\/\/www.novaconcursos.com.br\/portal\/concursos\/concurso-bndes\/\">concurso BNDES<\/a>. O <strong>edital est\u00e1 cada vez mais pr\u00f3ximo<\/strong> de sair!<\/p>\n\n\n\n<p>Ser\u00e3o ofertadas <strong>150 vagas <\/strong>imediatas e a forma\u00e7\u00e3o de um cadastro reserva para carreira de Analista. Se interessou pela sele\u00e7\u00e3o? Venha comigo nesta mat\u00e9ria. <\/p>\n\n\n\n<h2 class=\"wp-block-heading\" id=\"quando-sai-o-edital-do-concurso-bndes\">Quando sai o edital do concurso BNDES?<\/h2>\n\n\n\n<p>A previs\u00e3o aponta que o edital do concurso do Banco Nacional de Desenvolvimento Econ\u00f4mico e Social ser\u00e1 publicado apenas no<strong> segundo semestre<\/strong> de 2024.<\/p>\n\n\n\n<p>Anteriormente, o presidente da estatal, Aloizio Mercadante, chegou a falar da publica\u00e7\u00e3o do documento em <strong>outubro de 2024.<\/strong><\/p>\n\n\n\n<p>Mas, nada impede que ele saia antes, pois os tr\u00e2mites est\u00e3o avan\u00e7ando. Por exemplo, a <strong>banca <\/strong>organizadora foi definida neste dia 22 de abril. <\/p>\n\n\n\n<p>Assim, a escolhida foi a <strong>Funda\u00e7\u00e3o Cesgranrio<\/strong>, segundo publica\u00e7\u00e3o do Di\u00e1rio Oficial da Uni\u00e3o. O contrato tem um per\u00edodo de 60 meses (cinco anos).<\/p>\n\n\n\n<p>Com a banca definida, o edital se torna iminente, podendo sair a qualquer momento. N\u00e3o h\u00e1 uma confirma\u00e7\u00e3o concreta de quando ser\u00e1 a publica\u00e7\u00e3o.<\/p>\n\n\n\n<h2 class=\"wp-block-heading\" id=\"bndes-quais-cargos-sero-ofertados\">BNDES: Quais cargos ser\u00e3o ofertados?<\/h2>\n\n\n\n<p>O BNDES confirmou que vai ofertar um total de 150 vagas imediatas para a carreira de <strong>Analista<\/strong>, nas seguintes especialidades:<\/p>\n\n\n\n<ul class=\"wp-block-list\"><li>Administra\u00e7\u00e3o<\/li>\n\n\n\n<li>An\u00e1lise de Sistemas \u2013 Desenvolvimento<\/li>\n\n\n\n<li>An\u00e1lise de Sistemas \u2013 Suporte<\/li>\n\n\n\n<li>An\u00e1lise de Sistemas \u2013 Ciberseguran\u00e7a<\/li>\n\n\n\n<li>Arquitetura-Urbanismo<\/li>\n\n\n\n<li>Arquivologia Digital<\/li>\n\n\n\n<li>Ci\u00eancias Cont\u00e1beis<\/li>\n\n\n\n<li>Ci\u00eancia de Dados<\/li>\n\n\n\n<li>Comunica\u00e7\u00e3o Social<\/li>\n\n\n\n<li>Direito<\/li>\n\n\n\n<li>Economia<\/li>\n\n\n\n<li>Engenharia<\/li>\n\n\n\n<li>Psicologia Organizacional<\/li>\n<\/ul><p>Assim, os contratados receber\u00e3o sal\u00e1rios inicias de <strong>R$ 20.900<\/strong>, al\u00e9m do aux\u00edlio-alimenta\u00e7\u00e3o de R$ 1.857,61, para jornadas de trabalho de 30h semanais.<\/p>\n\n\n\n<p>Al\u00e9m disso, os contratados pelo BNDES s\u00e3o regidos pelo regime celetista, garantindo Fundo de Garantia do Tempo de Servi\u00e7o (FGTS).<\/p>\n\n\n\n<p>Os funcion\u00e1rios ainda recebem diversos benef\u00edcios, como assist\u00eancia sa\u00fade, Programa de Assist\u00eancia Educa\u00e7\u00e3o, aux\u00edlio-creche\/bab\u00e1, aux\u00edlio-funeral, seguro de vida em grupo e vale-transporte.<\/p>\n\n\n\n<p>Vale lembrar que a Secretaria de Coordena\u00e7\u00e3o e Governan\u00e7a das Empresas Estatais (Sest)\u00a0<a href=\"https:\/\/www.novaconcursos.com.br\/portal\/noticias\/bndes-tem-quadro-de-pessoal-ampliado-edital-em-breve\/\">ampliou o quadro de pessoal do BNDES<\/a>\u00a0para 2.543 profissionais, ou seja, apesar da oferta de vagas confirmada, at\u00e9 297 aprovados poder\u00e3o ser contratados durante o prazo de validade da sele\u00e7\u00e3o.<\/p>\n\n\n\n<p>Estude para o concurso dos seus sonhos com o\u00a0<strong>M\u00e9todo<\/strong>\u00a0que j\u00e1 ajudou na\u00a0<strong>aprova\u00e7\u00e3o de mais de 70 mil alunos<\/strong>.\u00a0<a href=\"https:\/\/www.novaconcursos.com.br\/eventos\/assinatura?promo_creative=Clique+aqui&amp;promo_name=noticia&amp;promo_id=%2Fportal%2Fnoticias%2Fsaiu-o-edital-da-camara-municipal-de-sao-jose-do-rio-preto&amp;promo_position=corpo-texto\" target=\"_blank\" rel=\"noreferrer noopener\">Clique aqui<\/a>\u00a0e saiba mais!<\/p>\n\n\n\n<h2 class=\"wp-block-heading\" id=\"como-foi-o-ltimo-concurso\">Como foi o \u00faltimo concurso?<\/h2>\n\n\n\n<p>O \u00faltimo concurso\u00a0<a href=\"https:\/\/www.bndes.gov.br\/wps\/portal\/site\/home\" target=\"_blank\" rel=\"noreferrer noopener\">BNDES<\/a>\u00a0aconteceu em\u00a02012\u00a0e trouxe oportunidades de cadastro reserva, distribu\u00eddas entre as carreiras de T\u00e9cnico Administrativo e Profissional B\u00e1sico, em diversas especialidades.<\/p>\n\n\n\n\n\n<p>Na ocasi\u00e3o, a banca organizadora foi a\u00a0<a href=\"https:\/\/www.cesgranrio.org.br\/concursos\/principal.aspx\" target=\"_blank\" rel=\"noreferrer noopener\">Funda\u00e7\u00e3o Cesgranrio<\/a>\u00a0e avaliou os candidatos por meio de provas objetiva e discursiva, de car\u00e1ter eliminat\u00f3rio e classificat\u00f3rio.<\/p>\n\n\n\n<p><strong>Confira: <\/strong><a href=\"https:\/\/www.novaconcursos.com.br\/mapa-de-questoes\/mapa-questoes-bndes-tecnico-administrativo\">Mapa de Quest\u00f5es Online \u2013 BNDES \u2013 T\u00e9cnico Administrativo<\/a><br><strong>Confira: <\/strong><a href=\"https:\/\/www.novaconcursos.com.br\/curso-online\/curso-bndes-tecnico-administrativo\">Curso BNDES \u2013 T\u00e9cnico Administrativo<\/a><\/p>\n\n\n\n<p>Ademais, a prova objetiva consistiu em quest\u00f5es\u00a0de m\u00faltipla escolha, com 5 alternativas cada e apenas uma resposta correta, sobre as seguintes disciplinas:<\/p>\n\n\n\n<ul class=\"wp-block-list\"><li>T\u00e9cnico Administrativo\n<ul class=\"wp-block-list\"><li>L\u00edngua Portuguesa (25)<\/li>\n\n\n\n<li>Matem\u00e1tica (25)<\/li>\n\n\n\n<li>L\u00edngua Estrangeira (8)<\/li>\n\n\n\n<li>Conhecimentos Espec\u00edficos sobre o BNDES (6)<\/li>\n\n\n\n<li>Conhecimentos Gerais (6)<\/li>\n<\/ul><\/li>\n\n\n\n<li>Profissional B\u00e1sico\n<ul class=\"wp-block-list\"><li>L\u00edngua Portuguesa (20)<\/li>\n\n\n\n<li>L\u00edngua Estrangeira (10)<\/li>\n\n\n\n<li>Conhecimentos Espec\u00edficos (20)<\/li>\n<\/ul><\/li>\n<\/ul><p>A prova discursiva consistiu na elabora\u00e7\u00e3o de uma\u00a0reda\u00e7\u00e3o.\u00a0Para ser considerado aprovado foi necess\u00e1rio obter no m\u00ednimo 50% de aproveitamento em ambas etapas.<br><br><strong>Confira: <\/strong><a href=\"https:\/\/www.novaconcursos.com.br\/apostila\/bndes-prep-tecnico-administrativo\">Apostila BNDES \u2013 T\u00e9cnico Administrativo<\/a><\/p>\n\n\n\n<p>Ao todo, estiveram registradas\u00a0137.989 candidaturas,\u00a0sendo 74.124 foram para o cargo de T\u00e9cnico Administrativo e 63.865 para Profissional B\u00e1sico. Para acessar a demanda por vaga,\u00a0<a href=\"https:\/\/www.bndes.gov.br\/wps\/wcm\/connect\/site\/a881089c-a845-45df-a0c2-601839158bd0\/edital012012_quantidade_inscritos.pdf?MOD=AJPERES&amp;CVID=lk3LEEt&amp;CVID=lk3LEEt&amp;CVID=lk3LEEt&amp;CVID=lk3LEEt&amp;CVID=lk3LEEt&amp;CVID=lk3LEEt&amp;CVID=lk3LEEt&amp;CVID=lk3LEEt&amp;CVID=lk3LEEt&amp;CVID=lk3LEEt&amp;CVID=lk3LEEt&amp;CVID=lk3LEEt&amp;CVID=lk3LEEt&amp;CVID=lk3LEEt&amp;CVID=lk3LEEt\" target=\"_blank\" rel=\"noreferrer noopener\">clique aqui!<\/a><\/p>\n\n\n\n<p>Quer saber de mais editais de concursos p\u00fablicos pelo pa\u00eds? <a href=\"https:\/\/www.novaconcursos.com.br\/portal\/concursos-abertos\/nacional\">Confira aqui os abertos<\/a>!<\/p>","protected":false},"excerpt":{"rendered":"<p>O Banco Nacional de Desenvolvimento Econ\u00f4mico e Social\u00a0definiu a banca que vai organizar seu novo concurso BNDES. O edital est\u00e1 cada vez mais pr\u00f3ximo de sair! Ser\u00e3o ofertadas 150 vagas imediatas e a forma\u00e7\u00e3o de um cadastro reserva para carreira de Analista. Se interessou pela sele\u00e7\u00e3o? Venha comigo nesta mat\u00e9ria. Quando sai o edital do [&hellip;]<\/p>\n","protected":false},"author":54671,"featured_media":230990,"comment_status":"closed","ping_status":"closed","sticky":false,"template":"","format":"standard","meta":{"_acf_changed":false,"footnotes":"","_wp_rev_ctl_limit":""},"categories":[228],"tags":[],"class_list":["post-230988","post","type-post","status-publish","format-standard","has-post-thumbnail","hentry","category-noticias"],"acf":[],"_links":{"self":[{"href":"https:\/\/www.novaconcursos.com.br\/portal\/wp-json\/wp\/v2\/posts\/230988","targetHints":{"allow":["GET"]}}],"collection":[{"href":"https:\/\/www.novaconcursos.com.br\/portal\/wp-json\/wp\/v2\/posts"}],"about":[{"href":"https:\/\/www.novaconcursos.com.br\/portal\/wp-json\/wp\/v2\/types\/post"}],"author":[{"embeddable":true,"href":"https:\/\/www.novaconcursos.com.br\/portal\/wp-json\/wp\/v2\/users\/54671"}],"replies":[{"embeddable":true,"href":"https:\/\/www.novaconcursos.com.br\/portal\/wp-json\/wp\/v2\/comments?post=230988"}],"version-history":[{"count":4,"href":"https:\/\/www.novaconcursos.com.br\/portal\/wp-json\/wp\/v2\/posts\/230988\/revisions"}],"predecessor-version":[{"id":231047,"href":"https:\/\/www.novaconcursos.com.br\/portal\/wp-json\/wp\/v2\/posts\/230988\/revisions\/231047"}],"wp:featuredmedia":[{"embeddable":true,"href":"https:\/\/www.novaconcursos.com.br\/portal\/wp-json\/wp\/v2\/media\/230990"}],"wp:attachment":[{"href":"https:\/\/www.novaconcursos.com.br\/portal\/wp-json\/wp\/v2\/media?parent=230988"}],"wp:term":[{"taxonomy":"category","embeddable":true,"href":"https:\/\/www.novaconcursos.com.br\/portal\/wp-json\/wp\/v2\/categories?post=230988"},{"taxonomy":"post_tag","embeddable":true,"href":"https:\/\/www.novaconcursos.com.br\/portal\/wp-json\/wp\/v2\/tags?post=230988"}],"curies":[{"name":"wp","href":"https:\/\/api.w.org\/{rel}","templated":true}]}}