{"id":231561,"date":"2024-05-02T18:39:40","date_gmt":"2024-05-02T21:39:40","guid":{"rendered":"https:\/\/www.novaconcursos.com.br\/portal\/?p=231561"},"modified":"2024-05-02T18:39:43","modified_gmt":"2024-05-02T21:39:43","slug":"mapa-envia-novo-pedido-de-edital-ao-mgi-857-vagas","status":"publish","type":"post","link":"https:\/\/www.novaconcursos.com.br\/portal\/noticias\/mapa-envia-novo-pedido-de-edital-ao-mgi-857-vagas\/","title":{"rendered":"MAPA envia novo pedido de edital ao MGI. 857 vagas!"},"content":{"rendered":"<p>O Minist\u00e9rio da Agricultura e Pecu\u00e1ria encaminhou um novo pedido de <a href=\"https:\/\/www.novaconcursos.com.br\/portal\/concursos\/concurso-mapa-edital-publicado\/\">concurso Mapa<\/a> ao MGI, para preenchimento de <strong>857 vagas<\/strong> de n\u00edveis m\u00e9dio e superior. <\/p>\n\n\n\n<p>O MAPA tem um outro edital publicado com 520\u00a0vagas de<strong>\u00a0n\u00edvel m\u00e9dio e superior<\/strong>, com iniciais de at\u00e9\u00a0<strong>R$ 15 mil<\/strong>! ? Venha nesta mat\u00e9ria e saiba todos os detalhes!<\/p>\n\n\n\n<h2 class=\"wp-block-heading\" id=\"novo-edital-poder-ser-publicado-em-breve-pelo-mapa\">Novo edital poder\u00e1 ser publicado em breve pelo MAPA<\/h2>\n\n\n\n<p>Sendo assim, o Minist\u00e9rio da Agricultura e Pecu\u00e1ria encaminhou um of\u00edcio ao Minist\u00e9rio da Gest\u00e3o, Inova\u00e7\u00e3o e Servi\u00e7os P\u00fablicos (MGI), solicitando a autoriza\u00e7\u00e3o para um\u00a0novo concurso p\u00edublico. <\/p>\n\n\n\n<p>Ademais, j\u00e1 se sabe que o pedido visa ao preenchimento de\u00a0<strong>857 vagas em cargos de n\u00edveis m\u00e9dio e superior<\/strong>. Veja a distribui\u00e7\u00e3o:<\/p>\n\n\n\n<ul class=\"wp-block-list\"><li>Administrador \u2013 39 vagas;<\/li>\n\n\n\n<li>Agente administrativo \u2013 500 vagas;<\/li>\n\n\n\n<li>Analista t\u00e9cnico administativo \u2013 107 vagas;<\/li>\n\n\n\n<li>Arquiteto \u2013 tr\u00eas vagas;<\/li>\n\n\n\n<li>Arquivista \u2013 tr\u00eas vagas;<\/li>\n\n\n\n<li>Assistente social \u2013 13 vagas;<\/li>\n\n\n\n<li>Bibliotec\u00e1rio \u2013 17 vagas;<\/li>\n\n\n\n<li>Contador \u2013 14 vagas;<\/li>\n\n\n\n<li>Engenheiro \u2013 92 vagas;<\/li>\n\n\n\n<li>Estat\u00edstico \u2013 dez vagas;<\/li>\n\n\n\n<li>Nutricionista \u2013 duas vagas;<\/li>\n\n\n\n<li>M\u00e9dico \u2013 24 vagas;<\/li>\n\n\n\n<li>Psic\u00f3logo \u2013 nove vagas; e<\/li>\n\n\n\n<li>T\u00e9cnico em assuntos educacionais \u2013 24 vagas.<\/li>\n<\/ul><p>O documento, ent\u00e3o, esteve encaminhado pelo ministro da Agricultura e Pecu\u00e1ria, Carlos F\u00e1varo, \u00e0 ministra da Gest\u00e3o e Inova\u00e7\u00e3o, Esther Dweck.<\/p>\n\n\n\n<p>Segundo o minist\u00e9rio, o objetivo da nova sele\u00e7\u00e3o \u00e9 preencher <strong>cargos vagos <\/strong>do Plano Geral de Cargos do Poder Executivo (PGPE).<\/p>\n\n\n\n<blockquote class=\"wp-block-quote is-layout-flow wp-block-quote-is-layout-flow\">\n<p><em>\u201cTodavia, constata-se que o quadro de pessoal administra vo nesta Pasta encontra-se com defasagem de m\u00e3o de obra, em virtude do crescente n\u00famero de aposentadorias, bem como do aumento do volume de trabalho. Vale destacar que n\u00e3o houve a realiza\u00e7\u00e3o de novos concursos voltados a essas atividades administravas nos \u00faltimos 10 anos\u201d,<\/em> disse o \u00f3rg\u00e3o. <\/p>\n\n\n\n<figure class=\"wp-block-image size-full is-resized\"><a href=\"https:\/\/www.novaconcursos.com.br\/portal\/wp-content\/uploads\/2024\/05\/image-3.webp\"><img decoding=\"async\" width=\"620\" height=\"186\" src=\"https:\/\/www.novaconcursos.com.br\/portal\/wp-content\/uploads\/2024\/05\/image-3.webp\" alt=\"\" class=\"wp-image-231565\" style=\"width:840px;height:auto\" loading=\"lazy\" title=\"\" srcset=\"https:\/\/www.novaconcursos.com.br\/portal\/wp-content\/uploads\/2024\/05\/image-3-300x90.webp 300w, https:\/\/www.novaconcursos.com.br\/portal\/wp-content\/uploads\/2024\/05\/image-3-480x144.webp 480w, https:\/\/www.novaconcursos.com.br\/portal\/wp-content\/uploads\/2024\/05\/image-3.webp 620w\" sizes=\"auto, (max-width: 480px) 100vw, (max-width: 768px) 100vw, (max-width: 1200px) 70vw, 768px\"><\/a><figcaption><\/figcaption><\/figure><h3 class=\"wp-block-heading\">Quais os prazos?<\/h3>\n\n\n\n<p>Mas, caso esteja autorizado pelo Governo Federal ao longo deste ano, o Mapa pretende realizar o seu novo concurso em 2025. Ent\u00e3o, ele deve sair no <strong>come\u00e7o do ano.<\/strong><\/p>\n\n\n\n<p>Ademais, a previs\u00e3o \u00e9 contratar a banca organizadora em janeiro de 2025. J\u00e1 o\u00a0<strong>edital<\/strong>, se o prazo for cumprido,\u00a0<strong>sair\u00e1 em fevereiro <\/strong>do pr\u00f3ximo ano.<\/p>\n\n\n\n<p>Al\u00e9m disso, a aplica\u00e7\u00e3o das provas est\u00e1 programada para <strong>agosto<\/strong>, enquanto a nomea\u00e7\u00e3o dos aprovados est\u00e1 prevista para dezembro de 2025.\u00a0<\/p>\n<\/blockquote>\n\n\n\n<p><span style=\"font-family: Roboto, sans-serif; white-space-collapse: collapse; color: initial;\">Estude para o concurso dos seus sonhos com o\u00a0<\/span><strong style=\"font-family: Roboto, sans-serif; white-space-collapse: collapse; color: initial; list-style: none; margin: 0px; padding: 0px; border: 0px; -webkit-font-smoothing: antialiased; box-sizing: border-box; outline: 0px !important;\">M\u00e9todo<\/strong><span style=\"font-family: Roboto, sans-serif; white-space-collapse: collapse; color: initial;\">\u00a0que j\u00e1 ajudou na\u00a0<\/span><strong style=\"font-family: Roboto, sans-serif; white-space-collapse: collapse; color: initial; list-style: none; margin: 0px; padding: 0px; border: 0px; -webkit-font-smoothing: antialiased; box-sizing: border-box; outline: 0px !important;\">aprova\u00e7\u00e3o de mais de 70 mil alunos<\/strong><span style=\"font-family: Roboto, sans-serif; white-space-collapse: collapse; color: initial;\">.\u00a0<\/span><a style=\"font-family: Roboto, sans-serif; white-space-collapse: collapse; list-style: none; margin: 0px; padding: 0px; border: 0px; -webkit-font-smoothing: antialiased; box-sizing: border-box; color: rgb(31, 104, 170) !important;\" href=\"https:\/\/www.novaconcursos.com.br\/eventos\/assinatura?promo_creative=Clique+aqui&amp;promo_name=noticia&amp;promo_id=%2Fportal%2Fnoticias%2Fsaiu-o-edital-da-camara-municipal-de-sao-jose-do-rio-preto&amp;promo_position=corpo-texto\" target=\"_blank\" rel=\"noreferrer noopener\">Clique aqui<\/a><span style=\"font-family: Roboto, sans-serif; white-space-collapse: collapse; color: initial;\">\u00a0e saiba mais!<\/span><\/p>\n\n\n\n<h2 class=\"wp-block-heading\" id=\"mapa-oferece-520-vagas-no-concurso-unificado\">Mapa oferece 520 vagas no Concurso Unificado<\/h2>\n\n\n\n<p>\u00a0H\u00e1 publicado um concurso MAPA, dentro do Concurso Nacional Unificado, que oferece 520\u00a0vagas de<strong>\u00a0n\u00edvel m\u00e9dio e superior<\/strong>, com iniciais de at\u00e9\u00a0<strong>R$ 15 mil<\/strong>!<\/p>\n\n\n\n<p><strong>Confira: <\/strong><a href=\"https:\/\/www.novaconcursos.com.br\/apostila\/mapa-prep-conhec-gerais-ag-at-agropecuarias-fisc-fed-agropec-tec-lab\">Apostila MAPA \u2013 Conhecimentos Gerais (Agente de Atividades Agropecu\u00e1rias, Fiscal Federal Agropecu\u00e1rio e T\u00e9c de Laborat\u00f3rio)<\/a><\/p>\n\n\n\n<p>A aplica\u00e7\u00e3o das provas objetivas e discursivas do\u00a0<a href=\"https:\/\/www.gov.br\/gestao\/pt-br\/concursonacional\" target=\"_blank\" rel=\"noreferrer noopener\">concurso Unificado<\/a>\u00a0acontecer\u00e1 no dia 5 de maio de 2024, simultaneamente, em\u00a0<strong>228 cidades\u00a0<\/strong>espalhadas pelo pa\u00eds.<\/p>\n\n\n\n<p>\u00c9 importante lembrar que o Concurso Nacional Unificado registrou\u00a0<strong>2,1 milh\u00f5es de inscritos<\/strong>. O Distrito Federal lidera o ranking das regi\u00f5es com mais candidatos, com a marca de 220 mil.<\/p>\n\n\n\n<p>A Ministra da Gest\u00e3o e Inova\u00e7\u00e3o em Servi\u00e7os P\u00fablicos, Esther Dweck, informou que aprovados no CNU poder\u00e3o ser lotados em\u00a0<strong>munic\u00edpios mais pobres<\/strong>.<\/p>\n\n\n\n<p>Ministra Esther revela novos detalhes do concurso.\u00a0<a href=\"https:\/\/www.novaconcursos.com.br\/portal\/noticias\/cnu-ministra-esther-revela-novos-detalhes-do-concurso-provas\/\">Provas em 228 cidades<\/a>!<\/p>\n\n\n\n<p>A sele\u00e7\u00e3o do CNU conta com oferta de 6.640 vagas para<strong>\u00a0n\u00edveis m\u00e9dio e superior<\/strong>, em diferentes \u00f3rg\u00e3os federais. A remunera\u00e7\u00e3o pode chegar a\u00a0<strong>R$23,5<\/strong>,\u00a0al\u00e9m dos benef\u00edcios.<\/p>\n\n\n\n<p>S\u00e3o oportunidades para\u00a0<strong>21 \u00f3rg\u00e3os<\/strong>\u00a0p\u00fablicos federais (\u00f3rg\u00e3os e entidades da Administra\u00e7\u00e3o P\u00fablica Federal direta, aut\u00e1rquica e fundacional).<\/p>\n\n\n\n<p>Lembrando que est\u00e3o\u00a0<strong>reservados\u00a0<\/strong>percentuais para cotas no CNU: 5% do total de vagas de cada cargo a candidatos com defici\u00eancia e 20% a negros, al\u00e9m de 30% das vagas para a Funda\u00e7\u00e3o Nacional dos Povos Ind\u00edgenas (Funai) para candidatos de origem ind\u00edgena.<\/p>\n\n\n\n<p><\/p><div><span style=\"font-family: Roboto, sans-serif; white-space-collapse: collapse; color: initial;\"><\/span><\/div>\n\n\n\n<p><a href=\"https:\/\/www.gov.br\/gestao\/pt-br\/concursonacional\/editais\/editais\" target=\"_blank\" rel=\"noreferrer noopener\">Baixe os editais MAPA<\/a><\/p>\n\n\n\n\n\n<h2 class=\"wp-block-heading\" id=\"diviso-das-vagas-do-mapa-no-concurso-unificado\">Divis\u00e3o das vagas do MAPA no Concurso Unificado<\/h2>\n\n\n\n<p>Posteriormente, o MAPA est\u00e1 ofertando<strong>\u00a0520 vagas de n\u00edveis m\u00e9dio e superior<\/strong>\u00a0distribu\u00eddas em\u00a0<strong>cinco blocos tem\u00e1ticos.<\/strong> Confira:<\/p>\n\n\n\n<h3 class=\"wp-block-heading\">Bloco 1 \u2013 Infraestrutura, Exatas e Engenharia<\/h3>\n\n\n\n<ul class=\"wp-block-list\"><li>Analista em Ci\u00eancia e Tecnologia \u2013 Engenharia El\u00e9trica ou Eletr\u00f4nica (02)<\/li>\n<\/ul><h3 class=\"wp-block-heading\">Bloco 2 \u2013 Tecnologia, Dados e Informa\u00e7\u00e3o<\/h3>\n\n\n\n<ul class=\"wp-block-list\"><li>Analista em Ci\u00eancia e Tecnologia \u2013 Tecnologia da Informa\u00e7\u00e3o (20)<\/li>\n<\/ul><h3 class=\"wp-block-heading\">Bloco 3 \u2013 Ambiental, Agr\u00e1rio e Biol\u00f3gicas<\/h3>\n\n\n\n<ul class=\"wp-block-list\"><li>Auditor-Fiscal Federal Agropecu\u00e1rio \u2013 Engenheira Agron\u00f4mica (116)\n<ul class=\"wp-block-list\"><li>Farm\u00e1cia (11)<\/li>\n\n\n\n<li>Medicina Veterin\u00e1ria (55)<\/li>\n\n\n\n<li>Qu\u00edmica (12)<\/li>\n\n\n\n<li>Zootecnia (06)<\/li>\n<\/ul><\/li>\n\n\n\n<li>Tecnologista \u2013 Meteorologia ou Ci\u00eancias Atmosf\u00e9ricas (40)<\/li>\n<\/ul><h3 class=\"wp-block-heading\">Bloco 7 \u2013 Gest\u00e3o Governamental e Administra\u00e7\u00e3o P\u00fablica<\/h3>\n\n\n\n<ul class=\"wp-block-list\"><li>Analista em Ci\u00eancia e Tecnologia (18)<\/li>\n<\/ul><h3 class=\"wp-block-heading\">Bloco 8 \u2013 N\u00edvel intermedi\u00e1rio<\/h3>\n\n\n\n<ul class=\"wp-block-list\"><li>Agente de Atividades Agropecu\u00e1rias (100)<\/li>\n\n\n\n<li>Agente de Inspe\u00e7\u00e3o Sanit\u00e1ria e Industrial de produtos de origem animal (100)<\/li>\n\n\n\n<li>T\u00e9cnico de laborat\u00f3rio (40)<\/li>\n<\/ul><p>Os cargos far\u00e3o jus as seguintes<strong>\u00a0remunera\u00e7\u00f5es<\/strong>\u00a0iniciais:<\/p>\n\n\n\n<ul class=\"wp-block-list\"><li>Auditor Fiscal: R$ 15.897,33<\/li>\n\n\n\n<li>Analista e Tecnologista: R$ 6.662,68<\/li>\n\n\n\n<li>Agente: R$ 7.436,29<\/li>\n\n\n\n<li>T\u00e9cnico: R$ 7.436,29<\/li>\n<\/ul><p>Vale destacar que os cargos de\u00a0<strong>Analista e Tecnologista\u00a0<\/strong>ser\u00e3o lotados no INMET (Instituto Nacional de Meteorologia).<\/p>\n\n\n\n<p>Concursos Federais: <a href=\"https:\/\/www.novaconcursos.com.br\/portal\/noticias\/concursos-federais-governo-federal-assina-reajuste-nos-beneficios-dos-servidores\/\" target=\"_blank\" rel=\"noreferrer noopener\">Governo Federal assina reajuste<\/a> nos benef\u00edcios dos servidores!<\/p>\n\n\n\n<p>Quer saber de mais editais de <a href=\"https:\/\/www.novaconcursos.com.br\/portal\/concursos-abertos\/nacional\">concursos abertos <\/a>pelo pa\u00eds? N\u00e3o perca tempo!<\/p>","protected":false},"excerpt":{"rendered":"<p>O Minist\u00e9rio da Agricultura e Pecu\u00e1ria encaminhou um novo pedido de concurso Mapa ao MGI, para preenchimento de 857 vagas de n\u00edveis m\u00e9dio e superior. O MAPA tem um outro edital publicado com 520\u00a0vagas de\u00a0n\u00edvel m\u00e9dio e superior, com iniciais de at\u00e9\u00a0R$ 15 mil! ? Venha nesta mat\u00e9ria e saiba todos os detalhes! Novo edital [&hellip;]<\/p>\n","protected":false},"author":54671,"featured_media":231562,"comment_status":"closed","ping_status":"closed","sticky":false,"template":"","format":"standard","meta":{"_acf_changed":false,"footnotes":"","_wp_rev_ctl_limit":""},"categories":[228],"tags":[],"class_list":["post-231561","post","type-post","status-publish","format-standard","has-post-thumbnail","hentry","category-noticias"],"acf":[],"_links":{"self":[{"href":"https:\/\/www.novaconcursos.com.br\/portal\/wp-json\/wp\/v2\/posts\/231561","targetHints":{"allow":["GET"]}}],"collection":[{"href":"https:\/\/www.novaconcursos.com.br\/portal\/wp-json\/wp\/v2\/posts"}],"about":[{"href":"https:\/\/www.novaconcursos.com.br\/portal\/wp-json\/wp\/v2\/types\/post"}],"author":[{"embeddable":true,"href":"https:\/\/www.novaconcursos.com.br\/portal\/wp-json\/wp\/v2\/users\/54671"}],"replies":[{"embeddable":true,"href":"https:\/\/www.novaconcursos.com.br\/portal\/wp-json\/wp\/v2\/comments?post=231561"}],"version-history":[{"count":3,"href":"https:\/\/www.novaconcursos.com.br\/portal\/wp-json\/wp\/v2\/posts\/231561\/revisions"}],"predecessor-version":[{"id":231566,"href":"https:\/\/www.novaconcursos.com.br\/portal\/wp-json\/wp\/v2\/posts\/231561\/revisions\/231566"}],"wp:featuredmedia":[{"embeddable":true,"href":"https:\/\/www.novaconcursos.com.br\/portal\/wp-json\/wp\/v2\/media\/231562"}],"wp:attachment":[{"href":"https:\/\/www.novaconcursos.com.br\/portal\/wp-json\/wp\/v2\/media?parent=231561"}],"wp:term":[{"taxonomy":"category","embeddable":true,"href":"https:\/\/www.novaconcursos.com.br\/portal\/wp-json\/wp\/v2\/categories?post=231561"},{"taxonomy":"post_tag","embeddable":true,"href":"https:\/\/www.novaconcursos.com.br\/portal\/wp-json\/wp\/v2\/tags?post=231561"}],"curies":[{"name":"wp","href":"https:\/\/api.w.org\/{rel}","templated":true}]}}