{"id":23185,"date":"2015-07-08T18:54:33","date_gmt":"2015-07-08T21:54:33","guid":{"rendered":"http:\/\/www.novaconcursos.com.br\/portal\/?p=23185"},"modified":"2021-01-28T17:06:15","modified_gmt":"2021-01-28T20:06:15","slug":"cooncurso-fundasus-e-suspenso-2015-07","status":"publish","type":"post","link":"https:\/\/www.novaconcursos.com.br\/portal\/noticias\/cooncurso-fundasus-e-suspenso-2015-07\/","title":{"rendered":"Concurso Fundasus \u00e9 suspenso"},"content":{"rendered":"<p><a href=\"https:\/\/www.novaconcursos.com.br\/portal\/wp-content\/uploads\/2015\/06\/fundasus-uberlandia.jpg\"><img decoding=\"async\" class=\"alignleft size-medium wp-image-20630\" src=\"https:\/\/www.novaconcursos.com.br\/portal\/wp-content\/uploads\/2015\/06\/fundasus-uberlandia-300x151.jpg\" alt=\"fundasus-uberlandia\" width=\"300\" height=\"151\" loading=\"lazy\" title=\"\" srcset=\"https:\/\/www.novaconcursos.com.br\/portal\/wp-content\/uploads\/2015\/06\/fundasus-uberlandia-300x151.jpg 300w, https:\/\/www.novaconcursos.com.br\/portal\/wp-content\/uploads\/2015\/06\/fundasus-uberlandia.jpg 707w\" sizes=\"auto, (max-width: 480px) 100vw, (max-width: 768px) 100vw, (max-width: 1200px) 70vw, 768px\"><\/a>A Fundasus (Funda\u00e7\u00e3o de Sa\u00fade do Munic\u00edpio de Uberl\u00e2ndia), Minas Gerais, acaba de divulgar comunicado falando sobre a suspens\u00e3o dos quatro concursos p\u00fablicos, lan\u00e7ados no primeiro semestre, ap\u00f3s decis\u00e3o da 1\u00aa Vara da Fazenda P\u00fablica.<\/p>\n<p>Segundo o comunicado divulgado pela AOCP Concursos P\u00fablicos, organizadora do certame, a Fundasus acredita que a decis\u00e3o ser\u00e1 alterada e que as provas ser\u00e3o realizadas normalmente. Caso isso n\u00e3o aconte\u00e7a, as taxas de inscri\u00e7\u00f5es ser\u00e3o devolvidas.<\/p>\n<p>O concurso tinha a previs\u00e3o de <strong>contratar mais de 2 mil funcion\u00e1rios<\/strong> na \u00e1rea de sa\u00fade. Os sal\u00e1rios iriam variar de R$ 1.014,00 a R$ 10.020,00, de acordo com o cargo pretendido.<\/p>\n<p>Para conferir mais informa\u00e7\u00f5es sobre a suspens\u00e3o do concurso veja o site da organizadora, <a href=\"http:\/\/www.aocp.com.br\" target=\"_blank\" rel=\"noopener\">AOCP<\/a>.<\/p>\n<p>\u00a0<\/p>\n<p>\u00a0<\/p>\n<div>\n<div style=\"width: 310px; margin-left: 5px;\">\n<p><b>Apostila para esse concurso<\/b><\/p>\n<div style=\"float: left;\"><a title=\"Apostila Fundasus\" href=\"https:\/\/www.novaconcursos.com.br\/apostila-concurso\/fundasus\" target=\"_blank\" rel=\"noopener noreferrer\"><img decoding=\"async\" style=\"background-color: blue;\" src=\"https:\/\/www.novaconcursos.com.br\/portal\/wp-content\/uploads\/2015\/06\/fundasus-tecnico-enfermagem.jpg\" alt=\"Apostila FUNDASUS\" loading=\"lazy\" title=\"\"><\/a><\/div>\n<div>\n<div style=\"width: 170px; height: 170px; float: right; margin-right: 10px; margin-left: 10px;\"><a title=\"Apostila Fundasus\" href=\"https:\/\/www.novaconcursos.com.br\/apostila-concurso\/fundasus\" target=\"_blank\" rel=\"noopener noreferrer\"><b>Apostila FUNDASUS<\/b><\/a>\n<div>\n<div>Por <span style=\"font-size: 18px; color: #006b3e; font-weight: bold;\">R$ 51,90<\/span>ou <span style=\"font-size: 14px; color: #00aa08; font-weight: bold;\"> de <span style=\"font-size: 14px; color: #00aa08; font-weight: bold;\">R$ 25,95<\/span>sem juros no cart\u00e3o<\/span><\/div>\n<p><a title=\"Apostila Fundasus\" href=\"https:\/\/www.novaconcursos.com.br\/apostila-concurso\/fundasus\" target=\"_blank\" rel=\"noopener noreferrer\"><img decoding=\"async\" src=\"https:\/\/www.novaconcursos.com.br\/portal\/wp-content\/uploads\/2015\/06\/botao.jpg\" alt=\"\" loading=\"lazy\" title=\"\"><\/a><\/p>\n<\/div>\n<\/div>\n<\/div>\n<\/div>\n<\/div>\n<p>\u00a0<\/p>","protected":false},"excerpt":{"rendered":"<p>A Fundasus (Funda\u00e7\u00e3o de Sa\u00fade do Munic\u00edpio de Uberl\u00e2ndia), Minas Gerais, acaba de divulgar comunicado falando sobre a suspens\u00e3o dos quatro concursos p\u00fablicos, lan\u00e7ados no primeiro semestre, ap\u00f3s decis\u00e3o da 1\u00aa Vara da Fazenda P\u00fablica. Segundo o comunicado divulgado pela AOCP Concursos P\u00fablicos, organizadora do certame, a Fundasus acredita que a decis\u00e3o ser\u00e1 alterada e [&hellip;]<\/p>\n","protected":false},"author":16,"featured_media":23186,"comment_status":"closed","ping_status":"closed","sticky":false,"template":"","format":"standard","meta":{"_acf_changed":false,"footnotes":"","_wp_rev_ctl_limit":""},"categories":[228],"tags":[14092,14093,13713],"class_list":["post-23185","post","type-post","status-publish","format-standard","has-post-thumbnail","hentry","category-noticias","tag-concurso-fundasus","tag-concurso-fundasus-cancelado","tag-fundasus-mg"],"acf":[],"_links":{"self":[{"href":"https:\/\/www.novaconcursos.com.br\/portal\/wp-json\/wp\/v2\/posts\/23185","targetHints":{"allow":["GET"]}}],"collection":[{"href":"https:\/\/www.novaconcursos.com.br\/portal\/wp-json\/wp\/v2\/posts"}],"about":[{"href":"https:\/\/www.novaconcursos.com.br\/portal\/wp-json\/wp\/v2\/types\/post"}],"author":[{"embeddable":true,"href":"https:\/\/www.novaconcursos.com.br\/portal\/wp-json\/wp\/v2\/users\/16"}],"replies":[{"embeddable":true,"href":"https:\/\/www.novaconcursos.com.br\/portal\/wp-json\/wp\/v2\/comments?post=23185"}],"version-history":[{"count":4,"href":"https:\/\/www.novaconcursos.com.br\/portal\/wp-json\/wp\/v2\/posts\/23185\/revisions"}],"predecessor-version":[{"id":117262,"href":"https:\/\/www.novaconcursos.com.br\/portal\/wp-json\/wp\/v2\/posts\/23185\/revisions\/117262"}],"wp:featuredmedia":[{"embeddable":true,"href":"https:\/\/www.novaconcursos.com.br\/portal\/wp-json\/wp\/v2\/media\/23186"}],"wp:attachment":[{"href":"https:\/\/www.novaconcursos.com.br\/portal\/wp-json\/wp\/v2\/media?parent=23185"}],"wp:term":[{"taxonomy":"category","embeddable":true,"href":"https:\/\/www.novaconcursos.com.br\/portal\/wp-json\/wp\/v2\/categories?post=23185"},{"taxonomy":"post_tag","embeddable":true,"href":"https:\/\/www.novaconcursos.com.br\/portal\/wp-json\/wp\/v2\/tags?post=23185"}],"curies":[{"name":"wp","href":"https:\/\/api.w.org\/{rel}","templated":true}]}}