{"id":232001,"date":"2024-05-08T12:22:49","date_gmt":"2024-05-08T15:22:49","guid":{"rendered":"https:\/\/www.novaconcursos.com.br\/portal\/?p=232001"},"modified":"2025-04-09T15:38:00","modified_gmt":"2025-04-09T18:38:00","slug":"com-resolucao-aprovada-edital-tse-unificado-deve-sair-ate-dia-15-de-maio","status":"publish","type":"post","link":"https:\/\/www.novaconcursos.com.br\/portal\/noticias\/com-resolucao-aprovada-edital-tse-unificado-deve-sair-ate-dia-15-de-maio\/","title":{"rendered":"Com resolu\u00e7\u00e3o aprovada, edital TSE Unificado deve sair at\u00e9 dia 15 de maio!"},"content":{"rendered":"<p>O Plen\u00e1rio do Tribunal Superior Eleitoral aprovou a\u00a0resolu\u00e7\u00e3o que <strong>reestrutura cargos <\/strong>da Justi\u00e7a Eleitoral. Com isso, o edital <a href=\"https:\/\/www.novaconcursos.com.br\/portal\/concursos\/concurso-tse\/\">TSE Unificado<\/a> est\u00e1 cada vez mais perto de sair.<\/p>\n\n\n\n<p>Segundo a previs\u00e3o, o edital deve ser publicado at\u00e9 o dia <strong>15 de maio<\/strong>. Quer saber mais sobre esta decis\u00e3o e a previs\u00e3o? Venha comigo nesta mat\u00e9ria!<\/p>\n\n\n\n<h2 class=\"wp-block-heading\" id=\"quando-sai-o-edital-do-concurso-tse-unificado\">Quando sai o edital do concurso TSE Unificado?<\/h2>\n\n\n\n<p>\u00c9 o que os concurseiros aguardam ansiosos. E o edital do concurso do Tribunal Superior Eleitoral  est\u00e1 previsto para sair ainda no <strong>primeiro semestre<\/strong> de 2024.<\/p>\n\n\n\n<p>O que estava impedindo a divulga\u00e7\u00e3o do documento era a aprova\u00e7\u00e3o de uma resolu\u00e7\u00e3o pelo Plen\u00e1rio. E, ela foi aprovada nesta ter\u00e7a-feira, 7 de maio. <\/p>\n\n\n\n<p>Esta resolu\u00e7\u00e3o, ent\u00e3o, <strong>reestrutura cargos da Justi\u00e7a Eleitoral<\/strong>. Ela traz mudan\u00e7as na nomenclatura dos cargos efetivos, al\u00e9m de ajustar o n\u00edvel de escolaridade do\u00a0T\u00e9cnico Judici\u00e1rio, que passou do\u00a0n\u00edvel m\u00e9dio para o superior. <\/p>\n\n\n\n<p><em>\u201cAs mudan\u00e7as garantem a padroniza\u00e7\u00e3o na estrutura dos cargos da Justi\u00e7a Eleitoral em face da realiza\u00e7\u00e3o de concurso unificado\u201d<\/em>, disse o presidente do TSE, ministro Alexandre de Moraes.<\/p>\n\n\n\n<p>Portanto, entre as altera\u00e7\u00f5es, a resolu\u00e7\u00e3o cria a especialidade de <strong>Medicina <\/strong>do Trabalho para o cargo de Analista Judici\u00e1rio.<\/p>\n\n\n\n<p>Al\u00e9m disso, ela muda a denomina\u00e7\u00e3o dos cargos de <strong>Analista <\/strong>Judici\u00e1rio de Engenharia para Engenharia Civil e de An\u00e1lise de Sistemas para Tecnologia da Informa\u00e7\u00e3o.<\/p>\n\n\n\n<p>Ademais, o cargo de <strong>T\u00e9cnico <\/strong>Judici\u00e1rio de seguran\u00e7a passa a ser denominado agente da Pol\u00edcia Judicial.<\/p>\n\n\n\n<ul class=\"wp-block-list\"><li>analista judici\u00e1rio, na \u00e1rea de apoio especializado, envolvendo as especialidades de rela\u00e7\u00f5es p\u00fablicas e taquigrafia;<\/li>\n\n\n\n<li>t\u00e9cnico judici\u00e1rio, na \u00e1rea administrativa, envolvendo as especialidades de artes gr\u00e1ficas, carpintaria e marcenaria, contabilidade, eletricidade e telecomunica\u00e7\u00f5es, mec\u00e2nica, telefonia, transporte e digita\u00e7\u00e3o; e<\/li>\n\n\n\n<li>t\u00e9cnico judici\u00e1rio, na \u00e1rea de apoio especializado, envolvendo as especialidades de edifica\u00e7\u00f5es, eletr\u00f4nica, enfermagem, opera\u00e7\u00e3o de computadores, sa\u00fade bucal e taquigrafia.<\/li>\n<\/ul><p>O edital do concurso j\u00e1 estava sendo elaborado com base nessa proposta de resolu\u00e7\u00e3o.\u00a0Sendo assim, <strong>o edital deve ser publicado at\u00e9 o dia 15 de maio<\/strong>. <\/p>\n\n\n\n<h2 class=\"wp-block-heading\" id=\"ministra-crmen-lcia-assume-presidncia-do-tse\">Ministra C\u00e1rmen L\u00facia assume presid\u00eancia do TSE<\/h2>\n\n\n\n<p>O\u00a0Tribunal Superior Eleitoral\u00a0(TSE) elegeu a ministra\u00a0<strong>C\u00e1rmen L\u00facia<\/strong>\u00a0como sua pr\u00f3xima presidente, nesta ter\u00e7a-feira, dia 7 de maio, substituindo\u00a0<strong>Alexandre de Moraes<\/strong>.<\/p>\n\n\n\n<p>Atualmente, C\u00e1rmen L\u00facia \u00e9 vice-presidente e ficar\u00e1 no comando do TSE at\u00e9 agosto de 2026. Por tradi\u00e7\u00e3o, o tribunal \u00e9 presidido pelo ministro mais antigo na casa. <\/p>\n\n\n\n<p>Dentre as medidas da ministra como presidente, a expectativa \u00e9 que ela mantenha o foco no combate \u00e0s\u00a0<strong>fake news<\/strong>\u00a0e na\u00a0<strong>regulamenta\u00e7\u00e3o nas plataformas sociais<\/strong>.<\/p>\n\n\n\n<p>Publica\u00e7\u00e3o do edital TSE Unificado vai atrasar ainda mais?\u00a0<a href=\"https:\/\/www.novaconcursos.com.br\/portal\/noticias\/tse-unificado-publicacao-do-edital-vai-atrasar-ainda-mais-entenda\/\" target=\"_blank\" rel=\"noreferrer noopener\">Entenda<\/a>\u00a0\u00a0!<\/p>\n\n\n\n<p><a href=\"https:\/\/www.novaconcursos.com.br\/portal\/noticias\/tre-to-deseja-participar-do-edital-tse-unificado-e-pede-reconsideracao\/\">TRE TO deseja participar do edital TSE Unificado e pede reconsidera\u00e7\u00e3o!<\/a><\/p>\n\n\n\n<h2 class=\"wp-block-heading\" id=\"quais-so-as-vagas-que-sero-ofertadas-no-tse-unificado\">Quais s\u00e3o as vagas que ser\u00e3o ofertadas no TSE Unificado?<\/h2>\n\n\n\n<p>O Tribunal Superior Eleitoral tinha solicitado que os Tribunais Regionais Eleitorais (TRE\u2019s) encaminhassem o n\u00famero de\u00a0<strong>vagas atualizado<\/strong>\u00a0a ser ofertado no edital.<\/p>\n\n\n\n<p>Esse encaminhamento teria que estar feito at\u00e9 dia\u00a0<strong>15 de abril\u00a0<\/strong>e apenas 9 responderam no prazo. Mas, ainda n\u00e3o se sabe se os outros encaminharam com atraso.<\/p>\n\n\n\n<p>Al\u00e9m disso, cada tribunal fez uma solicita\u00e7\u00e3o de vagas a estar disponibilizada no concurso unificado.\u00a0Mas, o n\u00famero final depende de uma decis\u00e3o do TSE.<\/p>\n\n\n\n<p>At\u00e9 o momento, a previs\u00e3o \u00e9 que sejam ofertadas\u00a0<strong>312 vagas imediatas<\/strong>\u00a0e mais oportunidades para forma\u00e7\u00e3o de um cadastro reserva, para os cargos de T\u00e9cnico e Analista, ambos de n\u00edvel superior.<\/p>\n\n\n\n<p>Destacamos que o quantitativo citado se torna inferior ao total inicialmente anunciado, de 520 oportunidades. Al\u00e9m disso,\u00a0<strong>485 provimentos<\/strong>\u00a0podem estar realizados este ano, sendo 147 para Analista e 311 para T\u00e9cnico.<\/p>\n\n\n\n<p><a href=\"https:\/\/www.novaconcursos.com.br\/portal\/artigos\/tse-unificado-quantas-vagas-serao-ofertadas-confira-a-distribuicao-por-especialidade\/\" target=\"_blank\" rel=\"noreferrer noopener\">Confira a distribui\u00e7\u00e3o por especialidade!<\/a><\/p>\n\n\n\n<h2 class=\"wp-block-heading\" id=\"o-que-estudar-para-o-concurso-tse-unificado\">O que estudar para o concurso TSE Unificado?<\/h2>\n\n\n\n<p>Al\u00e9m disso, os inscritos passar\u00e3o por Prova Objetiva; Prova Discursiva; Exame De Aptid\u00e3o F\u00edsica (somente Agente de Pol\u00edcia Judicial); Avalia\u00e7\u00e3o De T\u00edtulos; Avalia\u00e7\u00e3o Biopsicossocial e Procedimento De Heteroidentifica\u00e7\u00e3o.<\/p>\n\n\n\n<p>Ademais, as provas objetivas e discursivas para T\u00e9cnico Judici\u00e1rio e Analista Judici\u00e1rio ocorrer\u00e3o em turnos distintos, simultaneamente, nas capitais, sedes dos tribunais.<\/p>\n\n\n\n<p>Assim, a prova objetiva estar\u00e1 composta de\u00a0<strong>quest\u00f5es de julgamento\u00a0<\/strong>do tipo \u201ccerto\u201d ou \u201cerrado\u201d, onde cada erro cometido anula um acerto.<\/p>\n\n\n\n<p>Ou seja, caso o candidato acerte 75 quest\u00f5es e erre 75 quest\u00f5es em uma prova com 150 quest\u00f5es, sua pontua\u00e7\u00e3o ser\u00e1 0.<\/p>\n\n\n\n<p>Assim, essa etapa estar\u00e1 avaliada em escala de 0 a 10 pontos, estando considerado aprovado o candidato que atender os crit\u00e9rios que estar\u00e3o mencionados no edital de abertura.<\/p>\n\n\n\n<p>Confira o\u00a0<a href=\"https:\/\/dhg1h5j42swfq.cloudfront.net\/2024\/01\/02171906\/sei_2731016_termo_de_referencia.pdf\" target=\"_blank\" rel=\"noreferrer noopener\">projeto b\u00e1sico<\/a>, na \u00edntegra!<\/p>\n\n\n\n<h3 class=\"wp-block-heading\" id=\"h-cebraspe-e-a-banca\">Cebraspe \u00e9 a banca<\/h3>\n\n\n\n<p>Consta no Portal Nacional de Contrata\u00e7\u00f5es P\u00fablicas o contrato que informa a contrata\u00e7\u00e3o do Cebraspe como organizadora do\u00a0<strong>concurso<\/strong>. A decis\u00e3o \u00e9 do dia 02 de janeiro de 2024.<\/p>\n\n\n\n<p>Estude para o concurso dos seus sonhos com o\u00a0<strong>M\u00e9todo<\/strong>\u00a0que j\u00e1 ajudou na\u00a0<strong>aprova\u00e7\u00e3o de mais de 70 mil alunos<\/strong>.\u00a0<a href=\"https:\/\/www.novaconcursos.com.br\/eventos\/assinatura?promo_creative=Clique+aqui&amp;promo_name=noticia&amp;promo_id=%2Fportal%2Fnoticias%2Fresolucao-que-reestrutura-cargos-do-tse-unificado-sera-pauta-da-proxima-terca-7&amp;promo_position=corpo-texto\" target=\"_blank\" rel=\"noreferrer noopener\">Clique aqui<\/a>\u00a0e saiba mais!<\/p>\n\n\n\n<h2 class=\"wp-block-heading\" id=\"seja-o-prximo-aluno-aprovado\">Seja o pr\u00f3ximo aluno aprovado!<\/h2>\n\n\n\n<p>Portanto, se voc\u00ea se interessa em uma vaga nesse concurso, n\u00e3o perca tempo! Confira nossos\u00a0<a href=\"https:\/\/www.novaconcursos.com.br\/?promo_creative=materiais&amp;promo_name=noticia&amp;promo_id=%2Fportal%2Fnoticias%2Fresolucao-que-reestrutura-cargos-do-tse-unificado-sera-pauta-da-proxima-terca-7&amp;promo_position=corpo-texto\" target=\"_blank\" rel=\"noreferrer noopener\">materiais<\/a>\u00a0e fa\u00e7a parte dos mais de 70 mil aprovados Nova!<\/p>\n\n\n\n<ul class=\"wp-block-list\"><li><strong>Confira:\u00a0<\/strong><a href=\"https:\/\/www.novaconcursos.com.br\/livro\/1000-questoes-gabaritadas-cebraspe?promo_creative=Livro+1.000+Quest%C3%B5es+Gabaritadas+da+Cebraspe&amp;promo_name=noticia&amp;promo_id=%2Fportal%2Fnoticias%2Fresolucao-que-reestrutura-cargos-do-tse-unificado-sera-pauta-da-proxima-terca-7&amp;promo_position=corpo-texto\">Livro 1.000 Quest\u00f5es Gabaritadas da Cebraspe<\/a><\/li>\n\n\n\n<li><strong>Confira:\u00a0<\/strong><a href=\"https:\/\/www.novaconcursos.com.br\/curso-online\/tse-unificado-tecnico-judiciario?promo_creative=Curso+TSE+Unificado+%E2%80%93+T%C3%A9cnico+Judici%C3%A1rio&amp;promo_name=noticia&amp;promo_id=%2Fportal%2Fnoticias%2Fresolucao-que-reestrutura-cargos-do-tse-unificado-sera-pauta-da-proxima-terca-7&amp;promo_position=corpo-texto\">Curso TSE Unificado \u2013 T\u00e9cnico Judici\u00e1rio<\/a><\/li>\n<\/ul><p>Ent\u00e3o, estamos antenados em torno das atualiza\u00e7\u00f5es do edital e todas as novas informa\u00e7\u00f5es est\u00e3o divulgados no nosso blog, ent\u00e3o, continue nos acompanhando para n\u00e3o perder nenhuma novidade! ?<\/p>\n\n\n\n<p>Tira suas d\u00favidas sobre o\u00a0<a href=\"https:\/\/www.novaconcursos.com.br\/portal\/artigos\/tse-unificado-2024-tire-suas-duvidas\/\">TSE Unificado 2024!<\/a><\/p>","protected":false},"excerpt":{"rendered":"<p>O Plen\u00e1rio do Tribunal Superior Eleitoral aprovou a\u00a0resolu\u00e7\u00e3o que reestrutura cargos da Justi\u00e7a Eleitoral. Com isso, o edital TSE Unificado est\u00e1 cada vez mais perto de sair. Segundo a previs\u00e3o, o edital deve ser publicado at\u00e9 o dia 15 de maio. Quer saber mais sobre esta decis\u00e3o e a previs\u00e3o? Venha comigo nesta mat\u00e9ria! Quando [&hellip;]<\/p>\n","protected":false},"author":54671,"featured_media":231792,"comment_status":"closed","ping_status":"closed","sticky":false,"template":"","format":"standard","meta":{"_acf_changed":false,"footnotes":"","_wp_rev_ctl_limit":""},"categories":[228],"tags":[],"class_list":["post-232001","post","type-post","status-publish","format-standard","has-post-thumbnail","hentry","category-noticias"],"acf":[],"_links":{"self":[{"href":"https:\/\/www.novaconcursos.com.br\/portal\/wp-json\/wp\/v2\/posts\/232001","targetHints":{"allow":["GET"]}}],"collection":[{"href":"https:\/\/www.novaconcursos.com.br\/portal\/wp-json\/wp\/v2\/posts"}],"about":[{"href":"https:\/\/www.novaconcursos.com.br\/portal\/wp-json\/wp\/v2\/types\/post"}],"author":[{"embeddable":true,"href":"https:\/\/www.novaconcursos.com.br\/portal\/wp-json\/wp\/v2\/users\/54671"}],"replies":[{"embeddable":true,"href":"https:\/\/www.novaconcursos.com.br\/portal\/wp-json\/wp\/v2\/comments?post=232001"}],"version-history":[{"count":4,"href":"https:\/\/www.novaconcursos.com.br\/portal\/wp-json\/wp\/v2\/posts\/232001\/revisions"}],"predecessor-version":[{"id":278603,"href":"https:\/\/www.novaconcursos.com.br\/portal\/wp-json\/wp\/v2\/posts\/232001\/revisions\/278603"}],"wp:featuredmedia":[{"embeddable":true,"href":"https:\/\/www.novaconcursos.com.br\/portal\/wp-json\/wp\/v2\/media\/231792"}],"wp:attachment":[{"href":"https:\/\/www.novaconcursos.com.br\/portal\/wp-json\/wp\/v2\/media?parent=232001"}],"wp:term":[{"taxonomy":"category","embeddable":true,"href":"https:\/\/www.novaconcursos.com.br\/portal\/wp-json\/wp\/v2\/categories?post=232001"},{"taxonomy":"post_tag","embeddable":true,"href":"https:\/\/www.novaconcursos.com.br\/portal\/wp-json\/wp\/v2\/tags?post=232001"}],"curies":[{"name":"wp","href":"https:\/\/api.w.org\/{rel}","templated":true}]}}