{"id":232170,"date":"2024-05-09T12:04:53","date_gmt":"2024-05-09T15:04:53","guid":{"rendered":"https:\/\/www.novaconcursos.com.br\/portal\/?p=232170"},"modified":"2024-05-09T12:21:36","modified_gmt":"2024-05-09T15:21:36","slug":"concursos-federais-aprovado-aumento-de-cotas","status":"publish","type":"post","link":"https:\/\/www.novaconcursos.com.br\/portal\/noticias\/concursos-federais-aprovado-aumento-de-cotas\/","title":{"rendered":"Concursos Federais: CCJ aprova aumento de cotas em 30% em 2\u00aa vota\u00e7\u00e3o!"},"content":{"rendered":"<p>Aten\u00e7\u00e3o, concurseiros! A Comiss\u00e3o de Constitui\u00e7\u00e3o e Justi\u00e7a do Senado (CCJ) aprovou o <strong>aumento de cotas raciais<\/strong> em <a href=\"https:\/\/www.novaconcursos.com.br\/portal\/concursos-abertos\/\">concursos federais<\/a>.<\/p>\n\n\n\n<p>Nesta \u00faltima quarta-feira, aconteceu a vota\u00e7\u00e3o que aprovou o Projeto de Lei  n\u00ba 1.958\/2021.<\/p>\n\n\n\n<p>O projeto passa a prorrogar as cotas para negros, ind\u00edgenas e quilombolas por 10 anos.<\/p>\n\n\n\n<h2 class=\"wp-block-heading\" id=\"de-quanto-foi-o-aumento-de-reserva-de-cotas-aprovado-no-conc\">De quanto foi o aumento de reserva de cotas aprovado no concurso Federais?<\/h2>\n\n\n\n<p>Foi aprovada pela Comiss\u00e3o de Constitui\u00e7\u00e3o e Justi\u00e7a do Senado (CCJ), nesta \u00faltima quarta-feira (08) o Projeto de Lei (PL) n\u00ba 1.958\/2021, que\u00a0amplia de 20% para 30% a reserva de vagas para cotas raciais em concursos p\u00fablicos federais.<\/p>\n\n\n\n<p>A vota\u00e7\u00e3o contou com<strong> 17 votos favor\u00e1veis<\/strong> e apenas oito votos contra, portanto o Projeto de Lei prossegue para a an\u00e1lise na C\u00e2mara dos Deputados.<\/p>\n\n\n\n<p>Vale ressaltar que a primeira vota\u00e7\u00e3o do projeto de lei foi realizada em abril e contou com 16 votos favor\u00e1veis e 10 contr\u00e1rios.<\/p>\n\n\n\n<p>O PL n\u00ba 1.958\/2021 tem o objetivo de ampliar o porcentual de reserva de vagas e prorrogar as cotas para negros, ind\u00edgenas e quilombolas por 10 anos.<\/p>\n\n\n\n<ul class=\"wp-block-list\"><li><strong>Confira: <\/strong><a href=\"https:\/\/www.novaconcursos.com.br\/apostila\/basico-para-concursos-lingua-portuguesa\">Apostila L\u00edngua Portuguesa para Concursos<\/a><\/li>\n<\/ul><p>Estude para o concurso dos seus sonhos com o M\u00e9todo que j\u00e1 ajudou na aprova\u00e7\u00e3o de mais de 70 mil alunos. <a href=\"https:\/\/www.novaconcursos.com.br\/apostila\/basico-para-concursos-lingua-portuguesa\">Clique aqui<\/a> e saiba mais!<\/p>\n\n\n\n<h2 class=\"wp-block-heading\" id=\"quais-so-as-cotas-includas-na-pl-dos-concursos-federais\">Quais s\u00e3o as cotas inclu\u00eddas na PL dos concursos federais?<\/h2>\n\n\n\n<p>Atualmente, as cotas s\u00e3o de 20% e abrangem apenas a popula\u00e7\u00e3o negra, que inclui pretos e pardos.<\/p>\n\n\n\n<p>Com a aprova\u00e7\u00e3o do Projeto de Lei a porcentagem <strong>sobe para 30%<\/strong> e englobar\u00e1 negros, ind\u00edgenas e quilombolas.<\/p>\n\n\n\n<p>Al\u00e9m disso, a reserva de vagas dever\u00e1 ser realizada sempre que forem ofertadas duas ou mais vagas em <strong>qualquer concurso p\u00fablico<\/strong>.<\/p>\n\n\n\n<p>A cota dever\u00e1 ser aplicada \u00e0s vagas que surgirem durante a validade do certame. Ademais, os candidatos inscritos na reserva de cotas tamb\u00e9m participar\u00e3o da ampla concorr\u00eancia.<\/p>\n\n\n\n<p>Se a lei for aprovada, as cotas dever\u00e3o ser aplicadas para concursos p\u00fablicos e processos seletivos da Administra\u00e7\u00e3o P\u00fablica Federal, direta e indireta, incluindo funda\u00e7\u00f5es privadas e autarquias.<\/p>\n\n\n\n\n\n<p>O senador Humberto Costa (PT-PE), respons\u00e1vel por elaborar o parecer sobre o projeto de lei, descartou as quatro propostas de modifica\u00e7\u00f5es feitas pelos senadores S\u00e9rgio Moro (Uni\u00e3o-PR), Fl\u00e1vio Bolsonaro (PL-RJ), Pl\u00ednio Val\u00e9rio (PSDB-AM) e Rog\u00e9rio Marinho (PL-RN), os quais expressaram obje\u00e7\u00f5es ao projeto.<\/p>\n\n\n\n<p>Segundo Costa, as emendas interferem na pol\u00edtica de cotas raciais conforme delineado no projeto de lei.<\/p>\n\n\n\n<p>A CCJ tamb\u00e9m rejeitou todas as sugest\u00f5es destacadas pelos senadores que se op\u00f5em ao tema, mantendo o texto proposto pelo relator Humberto Costa. <\/p>\n\n\n\n<p>A \u00fanica revis\u00e3o acatada pelo relator foi <strong>uma modifica\u00e7\u00e3o na reda\u00e7\u00e3o<\/strong>, substituindo a palavra \u201cnegro\u201d por \u201cpreto e pardo\u201d, ap\u00f3s a interven\u00e7\u00e3o do senador Pl\u00ednio Val\u00e9rio, que argumentou que \u201cpardo\u201d n\u00e3o seria equivalente a \u201cnegro\u201d.<\/p>\n\n\n\n<p><\/p>\n\n\n\n<p><strong>Fiquem ligados para as pr\u00f3ximas not\u00edcias!<\/strong><\/p>","protected":false},"excerpt":{"rendered":"<p>Aten\u00e7\u00e3o, concurseiros! A Comiss\u00e3o de Constitui\u00e7\u00e3o e Justi\u00e7a do Senado (CCJ) aprovou o aumento de cotas raciais em concursos federais. Nesta \u00faltima quarta-feira, aconteceu a vota\u00e7\u00e3o que aprovou o Projeto de Lei n\u00ba 1.958\/2021. O projeto passa a prorrogar as cotas para negros, ind\u00edgenas e quilombolas por 10 anos. De quanto foi o aumento de [&hellip;]<\/p>\n","protected":false},"author":54687,"featured_media":232211,"comment_status":"closed","ping_status":"closed","sticky":false,"template":"","format":"standard","meta":{"_acf_changed":false,"footnotes":"","_wp_rev_ctl_limit":""},"categories":[228],"tags":[],"class_list":["post-232170","post","type-post","status-publish","format-standard","has-post-thumbnail","hentry","category-noticias"],"acf":[],"_links":{"self":[{"href":"https:\/\/www.novaconcursos.com.br\/portal\/wp-json\/wp\/v2\/posts\/232170","targetHints":{"allow":["GET"]}}],"collection":[{"href":"https:\/\/www.novaconcursos.com.br\/portal\/wp-json\/wp\/v2\/posts"}],"about":[{"href":"https:\/\/www.novaconcursos.com.br\/portal\/wp-json\/wp\/v2\/types\/post"}],"author":[{"embeddable":true,"href":"https:\/\/www.novaconcursos.com.br\/portal\/wp-json\/wp\/v2\/users\/54687"}],"replies":[{"embeddable":true,"href":"https:\/\/www.novaconcursos.com.br\/portal\/wp-json\/wp\/v2\/comments?post=232170"}],"version-history":[{"count":10,"href":"https:\/\/www.novaconcursos.com.br\/portal\/wp-json\/wp\/v2\/posts\/232170\/revisions"}],"predecessor-version":[{"id":232238,"href":"https:\/\/www.novaconcursos.com.br\/portal\/wp-json\/wp\/v2\/posts\/232170\/revisions\/232238"}],"wp:featuredmedia":[{"embeddable":true,"href":"https:\/\/www.novaconcursos.com.br\/portal\/wp-json\/wp\/v2\/media\/232211"}],"wp:attachment":[{"href":"https:\/\/www.novaconcursos.com.br\/portal\/wp-json\/wp\/v2\/media?parent=232170"}],"wp:term":[{"taxonomy":"category","embeddable":true,"href":"https:\/\/www.novaconcursos.com.br\/portal\/wp-json\/wp\/v2\/categories?post=232170"},{"taxonomy":"post_tag","embeddable":true,"href":"https:\/\/www.novaconcursos.com.br\/portal\/wp-json\/wp\/v2\/tags?post=232170"}],"curies":[{"name":"wp","href":"https:\/\/api.w.org\/{rel}","templated":true}]}}