{"id":232273,"date":"2024-05-09T18:01:40","date_gmt":"2024-05-09T21:01:40","guid":{"rendered":"https:\/\/www.novaconcursos.com.br\/portal\/?p=232273"},"modified":"2024-05-09T18:01:43","modified_gmt":"2024-05-09T21:01:43","slug":"pmdf-alteracao-na-ldo-garante-a-nomeacao-de-1-200-aprovados","status":"publish","type":"post","link":"https:\/\/www.novaconcursos.com.br\/portal\/noticias\/pmdf-alteracao-na-ldo-garante-a-nomeacao-de-1-200-aprovados\/","title":{"rendered":"PMDF: altera\u00e7\u00e3o na LDO garante a nomea\u00e7\u00e3o de 1.200 aprovados!"},"content":{"rendered":"<p>A vice-governadora do Distrito Federal, Celina Le\u00e3o, anunciou a altera\u00e7\u00e3o na LDO que garante a nomea\u00e7\u00e3o de <strong>1.200 aprovados<\/strong> no <a href=\"https:\/\/www.novaconcursos.com.br\/portal\/concursos\/concurso-pm-df\/\">concurso PMDF<\/a>.<\/p>\n\n\n\n<p>Quer saber mais sobre esta decis\u00e3o e ficar por dentro de tudo que rolou no \u00faltimo concurso da corpora\u00e7\u00e3o? Venha comigo nesta mat\u00e9ria. <\/p>\n\n\n\n<h2 class=\"wp-block-heading\" id=\"quando-sero-as-nomeaes-do-concurso-pmdf\">Quando ser\u00e3o as nomea\u00e7\u00f5es do concurso PMDF?<\/h2>\n\n\n\n<p>Sendo assim, o foi anunciada a altera\u00e7\u00e3o na Lei de Diretrizes Or\u00e7ament\u00e1rias, que <strong>garante <\/strong>a nomea\u00e7\u00e3o de 1.200 aprovados no concurso da PM DF.<\/p>\n\n\n\n<p>A decis\u00e3o esteve anunciada pela vice-governadora do Distrito Federal, Celina Le\u00e3o. Assim, a expectativa, agora, fica pela autoriza\u00e7\u00e3o do <strong>curso de forma\u00e7\u00e3o.<\/strong><\/p>\n\n\n\n<p>Ademais, a vice-governadora informou ainda que <strong>600 nomea\u00e7\u00f5es<\/strong> ser\u00e3o realizadas para os aprovados em concursos da corpora\u00e7\u00e3o.<\/p>\n\n\n\n<p>Estude para o concurso dos seus sonhos com o\u00a0<strong>M\u00e9todo<\/strong>\u00a0que j\u00e1 ajudou na\u00a0<strong>aprova\u00e7\u00e3o de mais de 70 mil alunos<\/strong>.\u00a0<a href=\"https:\/\/www.novaconcursos.com.br\/eventos\/assinatura?promo_creative=Clique+aqui&amp;promo_name=noticia&amp;promo_id=%2Fportal%2Fnoticias%2Fsaiu-o-edital-da-camara-municipal-de-sao-jose-do-rio-preto&amp;promo_position=corpo-texto\" target=\"_blank\" rel=\"noreferrer noopener\">Clique aqui<\/a>\u00a0e saiba mais!<\/p>\n\n\n\n<h2 class=\"wp-block-heading\" id=\"curso\">Como ser\u00e1 realizado curso de forma\u00e7\u00e3o PMDF?<\/h2>\n\n\n\n<p>O candidato convocado para matr\u00edcula no curso de forma\u00e7\u00e3o de Pra\u00e7as da\u00a0Pol\u00edcia Militar do Distrito Federal,\u00a0dever\u00e1 apresentar os seguintes documentos:<\/p>\n\n\n\n<ul class=\"wp-block-list\"><li>c\u00f3pia autenticada do PIS\/PASEP;<\/li>\n\n\n\n<li>para candidatos do sexo masculino, original do Certificado de Reservista de 1\u00aa ou 2\u00aa Categoria ou Certificado de Dispensa de Incorpora\u00e7\u00e3o (CDI);<\/li>\n\n\n\n<li>declara\u00e7\u00e3o de n\u00e3o acumula\u00e7\u00e3o de cargo p\u00fablico, emprego p\u00fablico, fun\u00e7\u00e3o p\u00fablica ou proventos de aposentadoria (conforme formul\u00e1rio a ser fornecido pela PMDF);<\/li>\n\n\n\n<li>c\u00f3pia autenticada do T\u00edtulo de Eleitor e comprovante de vota\u00e7\u00e3o da \u00faltima elei\u00e7\u00e3o nos dois turnos, quando for o caso;<\/li>\n\n\n\n<li>c\u00f3pia autenticada do CPF (Cadastro de Pessoa F\u00edsica);\n<ul class=\"wp-block-list\"><li>Certid\u00e3o de Nascimento ou Casamento emitida nos \u00faltimos 90 (noventa) dias;<\/li>\n\n\n\n<li>da Carteira de Identidade;<\/li>\n<\/ul><\/li>\n\n\n\n<li>declara\u00e7\u00e3o de bens e direitos, em formul\u00e1rio pr\u00f3prio;<\/li>\n\n\n\n<li>c\u00f3pia autenticada do\u00a0<strong>diploma de gradua\u00e7\u00e3o em curso de n\u00edvel superior<\/strong>, devidamente registrado, fornecido por institui\u00e7\u00e3o de ensino superior reconhecida pelo Minist\u00e9rio da Educa\u00e7\u00e3o (MEC);<\/li>\n\n\n\n<li>c\u00f3pia autenticada da\u00a0<strong>Carteira Nacional de Habilita\u00e7\u00e3o<\/strong>, no m\u00ednimo com categoria tipo \u201cB\u201d;<\/li>\n<\/ul><p>O CFP funcionar\u00e1 na Escola de Forma\u00e7\u00e3o de Pra\u00e7as (EsFP) da Academia de Pol\u00edcia Militar de Bras\u00edlia (APMB), e exigir\u00e1 do candidato regime de dedica\u00e7\u00e3o integral e atividades escolares extraclasse, as quais poder\u00e3o ocorrer ap\u00f3s as 18h (dezoito horas), bem como aos s\u00e1bados, domingos e feriados e em regime de internato.<\/p>\n\n\n\n<p>Durante a realiza\u00e7\u00e3o do Curso de Forma\u00e7\u00e3o de Pra\u00e7as, o aluno (Soldado de 2\u00aa Classe) receber\u00e1 remunera\u00e7\u00e3o mensal, de acordo com a Lei de Vencimentos da PMDF.<\/p>\n\n\n\n<p>Entretanto, as\u00a0<strong>despesas<\/strong>\u00a0com transporte, alimenta\u00e7\u00e3o, alojamento e outras similares, durante a realiza\u00e7\u00e3o do concurso p\u00fablico e do CFP correr\u00e3o por conta do candidato.<\/p>\n\n\n\n<h2 class=\"wp-block-heading\" id=\"limite-de-10-de-mulheres-em-concursos-da-pmdf-inconstitucion\">Limite de 10% de mulheres em concursos da PMDF \u00e9 inconstitucional<\/h2>\n\n\n\n<p>Neste m\u00eas de maio, o Supremo Tribunal Federal <strong>julgou <\/strong>inconstitucional o limite de 10% de mulheres na Pol\u00edcia Militar do Distrito Federal.<\/p>\n\n\n\n<p><strong>Confira: <\/strong><a href=\"https:\/\/www.novaconcursos.com.br\/combo\/preparacao-completa-pm-df-soldado\">Prepara\u00e7\u00e3o Completa PM-DF \u2013 Soldado<\/a><\/p>\n\n\n\n<p>O ministro Cristiano Zanin foi o relator da ADI. Em seu <strong>voto<\/strong>, o magistrado reiterou os argumentos utilizados na liminar que suspendeu o concurso em setembro de 2023.<\/p>\n\n\n\n<p>Al\u00e9m disso, escreveu que a limita\u00e7\u00e3o <em>\u201cviola o princ\u00edpio da universalidade do concurso p\u00fablico, o qual garante a todos os brasileiros e brasileiras \u2013 e at\u00e9 estrangeiros -, nos termos da lei, o acesso a cargos, empregos e fun\u00e7\u00f5es p\u00fablicas\u201d.<\/em><\/p>\n\n\n\n<p><strong>Confira: <\/strong><a href=\"https:\/\/www.novaconcursos.com.br\/curso-online\/pm-df-soldado\">Curso PM-DF \u2013 Soldado<\/a><br><strong>Confira: <\/strong><a href=\"https:\/\/www.novaconcursos.com.br\/apostila\/pm-df-soldado\">Apostila PM-DF \u2013 Soldado<\/a><\/p>\n\n\n\n<p>Com Zanin, votaram os ministros Alexandre de Moraes, C\u00e1rmen L\u00facia, Fl\u00e1vio Dino, Edson Fachin, Dias Toffoli, Luiz Fux, Lu\u00eds Roberto Barroso e Gilmar Mendes. Os ministros Andr\u00e9 Mendon\u00e7a e Nunes Marques divergiram do relator.<\/p>\n\n\n\n\n\n<h2 class=\"wp-block-heading\" id=\"pm-df-iniciado-o-processo-de-escolha-da-banca-para-oficiais-\">PM DF: Iniciado o processo de escolha da banca para Oficiais\u00a0<\/h2>\n\n\n\n<p>J\u00e1 se iniciou, em abril, o<strong> processo de contrata\u00e7\u00e3o da banca organizadora do pr\u00f3ximo\u00a0concurso PM DF,\u00a0<\/strong>que ofertar\u00e1 147 vagas para o Curso de Forma\u00e7\u00e3o de Oficiais (CFO).<\/p>\n\n\n\n<p>De acordo com o documento, as bancas interessadas na realiza\u00e7\u00e3o do certame dever\u00e3o encaminhar as suas propostas de pre\u00e7o, juntamente \u00e0 declara\u00e7\u00e3o de capacidade t\u00e9cnica, entre os dias 23 de abril e 22 de maio.<\/p>\n\n\n\n<p>O <strong>aval<\/strong> para realiza\u00e7\u00e3o do concurso esteve publicado h\u00e1 um ano, em julho de 2023. 147 vagas, sendo 49 vagas imediatas e 98 oportunidades para forma\u00e7\u00e3o de um cadastro reserva. <\/p>\n\n\n\n<p>Em fevereiro deste ano, ficou estabelecido que o concurso n\u00e3o ter\u00e1 mais restri\u00e7\u00e3o de g\u00eanero, portanto, as oportunidades dever\u00e3o ser ofertadas para ampla concorr\u00eancia.<\/p>\n\n\n\n<p>Os profissionais receber\u00e3o <strong>R$4.443,80 <\/strong>durante o primeiro e o segundo ano de forma\u00e7\u00e3o. J\u00e1 no terceiro ano, a remunera\u00e7\u00e3o ser\u00e1 de R$5.430,60.<\/p>\n\n\n\n<p>Ap\u00f3s formado, no posto de Aspirante a Oficial, o sal\u00e1rio ser\u00e1 de R$9.623,97. J\u00e1 no posto de 2\u00ba Tenente, a remunera\u00e7\u00e3o ser\u00e1 de <strong>R$11.435,59.<\/strong><\/p>\n\n\n\n<p>Quer saber de editais de <a href=\"https:\/\/www.novaconcursos.com.br\/portal\/concursos-abertos\/df\/\">concursos abertos<\/a> no Distrito Federal? Clique e confira!<\/p>","protected":false},"excerpt":{"rendered":"<p>A vice-governadora do Distrito Federal, Celina Le\u00e3o, anunciou a altera\u00e7\u00e3o na LDO que garante a nomea\u00e7\u00e3o de 1.200 aprovados no concurso PMDF. Quer saber mais sobre esta decis\u00e3o e ficar por dentro de tudo que rolou no \u00faltimo concurso da corpora\u00e7\u00e3o? Venha comigo nesta mat\u00e9ria. Quando ser\u00e3o as nomea\u00e7\u00f5es do concurso PMDF? Sendo assim, o [&hellip;]<\/p>\n","protected":false},"author":54671,"featured_media":232275,"comment_status":"closed","ping_status":"closed","sticky":false,"template":"","format":"standard","meta":{"_acf_changed":false,"footnotes":"","_wp_rev_ctl_limit":""},"categories":[228],"tags":[],"class_list":["post-232273","post","type-post","status-publish","format-standard","has-post-thumbnail","hentry","category-noticias"],"acf":[],"_links":{"self":[{"href":"https:\/\/www.novaconcursos.com.br\/portal\/wp-json\/wp\/v2\/posts\/232273","targetHints":{"allow":["GET"]}}],"collection":[{"href":"https:\/\/www.novaconcursos.com.br\/portal\/wp-json\/wp\/v2\/posts"}],"about":[{"href":"https:\/\/www.novaconcursos.com.br\/portal\/wp-json\/wp\/v2\/types\/post"}],"author":[{"embeddable":true,"href":"https:\/\/www.novaconcursos.com.br\/portal\/wp-json\/wp\/v2\/users\/54671"}],"replies":[{"embeddable":true,"href":"https:\/\/www.novaconcursos.com.br\/portal\/wp-json\/wp\/v2\/comments?post=232273"}],"version-history":[{"count":2,"href":"https:\/\/www.novaconcursos.com.br\/portal\/wp-json\/wp\/v2\/posts\/232273\/revisions"}],"predecessor-version":[{"id":232276,"href":"https:\/\/www.novaconcursos.com.br\/portal\/wp-json\/wp\/v2\/posts\/232273\/revisions\/232276"}],"wp:featuredmedia":[{"embeddable":true,"href":"https:\/\/www.novaconcursos.com.br\/portal\/wp-json\/wp\/v2\/media\/232275"}],"wp:attachment":[{"href":"https:\/\/www.novaconcursos.com.br\/portal\/wp-json\/wp\/v2\/media?parent=232273"}],"wp:term":[{"taxonomy":"category","embeddable":true,"href":"https:\/\/www.novaconcursos.com.br\/portal\/wp-json\/wp\/v2\/categories?post=232273"},{"taxonomy":"post_tag","embeddable":true,"href":"https:\/\/www.novaconcursos.com.br\/portal\/wp-json\/wp\/v2\/tags?post=232273"}],"curies":[{"name":"wp","href":"https:\/\/api.w.org\/{rel}","templated":true}]}}