{"id":232431,"date":"2024-05-13T08:45:53","date_gmt":"2024-05-13T11:45:53","guid":{"rendered":"https:\/\/www.novaconcursos.com.br\/portal\/?p=232431"},"modified":"2024-05-21T10:59:33","modified_gmt":"2024-05-21T13:59:33","slug":"policia-penal-ba-tem-banca-contratada","status":"publish","type":"post","link":"https:\/\/www.novaconcursos.com.br\/portal\/noticias\/policia-penal-ba-tem-banca-contratada\/","title":{"rendered":"Pol\u00edcia Penal BA contrata a banca para 287 vagas. Edital iminente!"},"content":{"rendered":"<p class=\"wp-block-paragraph\">O <a href=\"https:\/\/www.novaconcursos.com.br\/portal\/concursos\/concurso-policia-penal-ba\/\">concurso Pol\u00edcia Penal BA<\/a> est\u00e1 mais pr\u00f3ximo de ser realizado, pois a banca organizadora que ficar\u00e1 respons\u00e1vel pelo certame j\u00e1 foi <strong>contratada<\/strong>!<\/p>\n\n\n\n<p class=\"wp-block-paragraph\">A FGV (Funda\u00e7\u00e3o Get\u00falio Vargas) foi contratada para ser a banca respons\u00e1vel pelo novo certame para a Pol\u00edcia Penal da Bahia.<\/p>\n\n\n\n<p class=\"wp-block-paragraph\">O certame para a Pol\u00edcia Penal BA poder\u00e1 ofertar 287 vagas imediatas al\u00e9m de forma\u00e7\u00e3o de cadastro reserva para o cargo de Agente Penitenci\u00e1rio, de n\u00edvel m\u00e9dio de escolaridade.<\/p>\n\n\n\n<h2 class=\"wp-block-heading\" id=\"quando-o-edital-do-concurso-polcia-penal-ba-ser-publicado\">Quando o edital do concurso Pol\u00edcia Penal BA ser\u00e1 publicado?<\/h2>\n\n\n\n<p class=\"wp-block-paragraph\">Com a contrata\u00e7\u00e3o da banca organizadora, a <a href=\"https:\/\/portal.fgv.br\/\" target=\"_blank\" rel=\"noreferrer noopener\">FGV<\/a>, o edital poder\u00e1 ser publicado <strong>em breve<\/strong>! Vale relembrar que a banca foi definida em abril.<\/p>\n\n\n\n<p class=\"wp-block-paragraph\">A banca ficar\u00e1 respons\u00e1vel pela elabora\u00e7\u00e3o do edital, por receber as inscri\u00e7\u00f5es e pela realiza\u00e7\u00e3o das etapas de sele\u00e7\u00e3o.<\/p>\n\n\n\n<p class=\"wp-block-paragraph\">O contrato entre as partes foi publicado no <a href=\"https:\/\/dool.egba.ba.gov.br\/buscanova\/#\/p=1&amp;q=009.15718.2024.0007395-31&amp;di=20240510\" target=\"_blank\" rel=\"noreferrer noopener\">DOOL<\/a> (Di\u00e1rio Oficial On-line da Bahia) nesta \u00faltima sexta-feira (10). Confira abaixo o extrato do documento:<\/p>\n\n\n\n<figure class=\"wp-block-image size-full\"><a href=\"https:\/\/www.novaconcursos.com.br\/portal\/wp-content\/uploads\/2024\/05\/Contrato-Policia-Penal-BA.webp\"><img decoding=\"async\" width=\"843\" height=\"396\" src=\"https:\/\/www.novaconcursos.com.br\/portal\/wp-content\/uploads\/2024\/05\/Contrato-Policia-Penal-BA.webp\" alt=\"Extrato de contrato da FGV como banca do concurso Pol\u00edcia Penal BA\" class=\"wp-image-234093\" loading=\"lazy\" title=\"\" srcset=\"https:\/\/www.novaconcursos.com.br\/portal\/wp-content\/uploads\/2024\/05\/Contrato-Policia-Penal-BA-300x141.webp 300w, https:\/\/www.novaconcursos.com.br\/portal\/wp-content\/uploads\/2024\/05\/Contrato-Policia-Penal-BA-480x225.webp 480w, https:\/\/www.novaconcursos.com.br\/portal\/wp-content\/uploads\/2024\/05\/Contrato-Policia-Penal-BA-768x361.webp 768w, https:\/\/www.novaconcursos.com.br\/portal\/wp-content\/uploads\/2024\/05\/Contrato-Policia-Penal-BA.webp 843w\" sizes=\"auto, (max-width: 480px) 100vw, (max-width: 768px) 100vw, (max-width: 1200px) 70vw, 768px\"><\/a><figcaption class=\"wp-element-caption\">Divulgado o extrato de contrato da banca organizadora do concurso Pol\u00edcia Penal BA.<\/figcaption><\/figure><ul class=\"wp-block-list\"><li><strong>Confira: <\/strong><a href=\"https:\/\/www.novaconcursos.com.br\/apostila\/policia-penal-ba-prep-policial-penal\">Apostila Pol\u00edcia Penal \u2013 BA 2024 \u2013 Policial Penal<\/a><\/li>\n<\/ul><p class=\"wp-block-paragraph\">Estude para o concurso dos seus sonhos com o M\u00e9todo que j\u00e1 ajudou na aprova\u00e7\u00e3o de mais de 70 mil alunos. <a href=\"https:\/\/www.novaconcursos.com.br\/apostila\/policia-penal-ba-prep-policial-penal\">Clique aqui<\/a> e saiba mais!<\/p>\n\n\n\n<h2 class=\"wp-block-heading\" id=\"quais-so-os-requisitos-para-participar-do-concurso-polcia-pe\">Quais s\u00e3o os requisitos para participar do concurso Pol\u00edcia Penal BA?<\/h2>\n\n\n\n<p class=\"wp-block-paragraph\">Para que o candidato tome posse do cargo ofertado no <a href=\"https:\/\/www.novaconcursos.com.br\/portal\/concursos-abertos\/\">concurso Pol\u00edcia Penal BA<\/a> \u00e9 necess\u00e1rio cumprir as seguintes exig\u00eancias:<\/p>\n\n\n\n<ul class=\"wp-block-list\"><li>Ter nacionalidade brasileira ou portuguesa e, no caso de nacionalidade portuguesa, estar amparado pelo estatuto de igualdade entre brasileiros e portugueses, com reconhecimento do gozo dos direitos pol\u00edticos, nos termos do \u00a7 1\u00ba do artigo 12 da Constitui\u00e7\u00e3o Federal;<\/li>\n\n\n\n<li>Idade m\u00ednima de 18 anos;<\/li>\n\n\n\n<li>Estar em pleno gozo e exerc\u00edcio dos direitos pol\u00edticos;<\/li>\n\n\n\n<li>Estar em dia com as obriga\u00e7\u00f5es eleitorais;<\/li>\n\n\n\n<li>Estar em dia com os deveres do Servi\u00e7o Militar, para os candidatos do sexo masculino;<\/li>\n\n\n\n<li>Ter aptid\u00e3o f\u00edsica e mental para o exerc\u00edcio das atribui\u00e7\u00f5es do cargo, comprovada mediante exames m\u00e9dicos, testes f\u00edsicos e exames psicol\u00f3gicos;<\/li>\n\n\n\n<li>Possuir Carteira Nacional de Habilita\u00e7\u00e3o v\u00e1lida, categoria m\u00ednima B;<\/li>\n\n\n\n<li>Possuir escolaridade de n\u00edvel m\u00e9dio completo.<\/li>\n<\/ul><h2 class=\"wp-block-heading\" id=\"quantas-vagas-sero-ofertadas-no-concurso-polcia-penal-ba\">Quantas vagas ser\u00e3o ofertadas no concurso Pol\u00edcia Penal BA?<\/h2>\n\n\n\n<p class=\"wp-block-paragraph\">Segundo an\u00fancio realizado pelo governador do estado da Bahia, Jer\u00f4nimo Rodrigues, o certame ofertar\u00e1 <strong>287 vagas imediatas mais 800 oportunidades para forma\u00e7\u00e3o de cadastro reserva <\/strong>para a Pol\u00edcia Penal do estado.<\/p>\n\n\n\n<p class=\"wp-block-paragraph\">O cargo exige que o servidor tenha o n\u00edvel m\u00e9dio completo de escolaridade e e carteira nacional de habilita\u00e7\u00e3o, no m\u00ednimo, na categoria \u201cB\u201d.<\/p>\n\n\n\n<p class=\"wp-block-paragraph\">Com base no \u00faltimo edital, a jornada de trabalho \u00e9 de 40 horas semanais para uma remunera\u00e7\u00e3o no valor de R$ 2.609,26. <\/p>\n\n\n\n<h2 class=\"wp-block-heading\" id=\"o-que-faz-a-polcia-penal-ba\">O que faz a Pol\u00edcia Penal BA?<\/h2>\n\n\n\n<p class=\"wp-block-paragraph\">Os servidores da Pol\u00edcia Penal devem zelar pela disciplina e seguran\u00e7a dos presos, evitando fugas e conflitos; Fiscalizar o comportamento da popula\u00e7\u00e3o carcer\u00e1ria, observando os regulamentos e normas em vigor; Providenciar a necess\u00e1ria assist\u00eancia aos presos, em casos de emerg\u00eancias; Fiscalizar a entrada e sa\u00edda de pessoas e ve\u00edculos nas Unidades Prisionais. <\/p>\n\n\n\n<p class=\"wp-block-paragraph\">Al\u00e9m disso, o servidor dever\u00e1 conduzir e acompanhar, em cust\u00f3dia, os presos entre as Unidades Prisionais integradas do Complexo Penitenci\u00e1rio do Estado da Bahia, e, em casos emergenciais, nos deslocamentos para fora do referido Complexo Penitenci\u00e1rio, com o aux\u00edlio da Pol\u00edcia Militar, para melhor seguran\u00e7a do trabalho; Coordenar as atividades laborativas dos internos dentro da Unidade; Executar outras atividades correlatas.<\/p>\n\n\n\n<h2 class=\"wp-block-heading\" id=\"como-foi-o-ltimo-concurso-polcia-penal-ba\">Como foi o \u00faltimo concurso Pol\u00edcia Penal BA?<\/h2>\n\n\n\n<p class=\"wp-block-paragraph\">O \u00faltimo concurso da Secretaria de Administra\u00e7\u00e3o Penitenci\u00e1ria e Ressocializa\u00e7\u00e3o (SEAP BA)\u00a0foi realizado <strong>em 2014<\/strong> sob a organiza\u00e7\u00e3o do\u00a0IBFC (Instituto Brasileiro de Forma\u00e7\u00e3o e Capacita\u00e7\u00e3o).<\/p>\n\n\n\n<p class=\"wp-block-paragraph\">O certame\u00a0ofertou 490 vagas\u00a0imediatas para o cargo de Agente Penitenci\u00e1rio (Policial Penal), de n\u00edvel m\u00e9dio de escolaridade.<\/p>\n\n\n\n<p class=\"wp-block-paragraph\">Os candidatos foram avaliados por meio das seguintes etapas: Provas Objetiva e Discursiva; Exames pr\u00e9-admissionais (Exame de documenta\u00e7\u00e3o,Avalia\u00e7\u00e3o Psicol\u00f3gica, Exame M\u00e9dico, Teste de Aptid\u00e3o F\u00edsica, Investiga\u00e7\u00e3o Social); e Curso de Forma\u00e7\u00e3o.<\/p>\n\n\n\n<p class=\"wp-block-paragraph\">A <strong>prova objetiva<\/strong> foi composta por 65 quest\u00f5es de m\u00faltipla escolha que versaram sobre as disciplinas de conhecimentos gerais e espec\u00edficos.<\/p>\n\n\n\n<p class=\"wp-block-paragraph\">Na <strong>prova discursiva<\/strong> foram apresentados aos candidatos 03 temas, dos quais os participantes teriam que escolher apenas um deles para desenvolver em m\u00ednimo de 20 linhas e o m\u00e1ximo de 30 linhas. Foram avaliados os seguintes crit\u00e9rios:<\/p>\n\n\n\n<ul class=\"wp-block-list\"><li>Corre\u00e7\u00e3o formal\n<ul class=\"wp-block-list\"><li>Ortografia \/ Acentua\u00e7\u00e3o \/ Propriedade Vocabular<\/li>\n\n\n\n<li>Morfossintaxe<\/li>\n\n\n\n<li>Pontua\u00e7\u00e3o \/ Elementos de Coes\u00e3o<\/li>\n<\/ul><\/li>\n\n\n\n<li>Corre\u00e7\u00e3o de conte\u00fado\n<ul class=\"wp-block-list\"><li>Desenvolvimento do Tema \/ Tipologia Textual \/ Coer\u00eancia Textual<\/li>\n\n\n\n<li>Sele\u00e7\u00e3o de Argumentos \/ Constru\u00e7\u00e3o da Argumenta\u00e7\u00e3o<\/li>\n<\/ul><\/li>\n<\/ul><p class=\"wp-block-paragraph\"><strong>Fiquem ligados para as pr\u00f3ximas not\u00edcias!!!<\/strong><\/p>","protected":false},"excerpt":{"rendered":"<p>O concurso Pol\u00edcia Penal BA est\u00e1 mais pr\u00f3ximo de ser realizado, pois a banca organizadora que ficar\u00e1 respons\u00e1vel pelo certame j\u00e1 foi contratada! A FGV (Funda\u00e7\u00e3o Get\u00falio Vargas) foi contratada para ser a banca respons\u00e1vel pelo novo certame para a Pol\u00edcia Penal da Bahia. O certame para a Pol\u00edcia Penal BA poder\u00e1 ofertar 287 vagas [&hellip;]<\/p>\n","protected":false},"author":54687,"featured_media":232449,"comment_status":"closed","ping_status":"closed","sticky":false,"template":"","format":"standard","meta":{"_acf_changed":false,"footnotes":"","_wp_rev_ctl_limit":""},"categories":[228],"tags":[],"class_list":["post-232431","post","type-post","status-publish","format-standard","has-post-thumbnail","hentry","category-noticias"],"acf":[],"_links":{"self":[{"href":"https:\/\/www.novaconcursos.com.br\/portal\/wp-json\/wp\/v2\/posts\/232431","targetHints":{"allow":["GET"]}}],"collection":[{"href":"https:\/\/www.novaconcursos.com.br\/portal\/wp-json\/wp\/v2\/posts"}],"about":[{"href":"https:\/\/www.novaconcursos.com.br\/portal\/wp-json\/wp\/v2\/types\/post"}],"author":[{"embeddable":true,"href":"https:\/\/www.novaconcursos.com.br\/portal\/wp-json\/wp\/v2\/users\/54687"}],"replies":[{"embeddable":true,"href":"https:\/\/www.novaconcursos.com.br\/portal\/wp-json\/wp\/v2\/comments?post=232431"}],"version-history":[{"count":4,"href":"https:\/\/www.novaconcursos.com.br\/portal\/wp-json\/wp\/v2\/posts\/232431\/revisions"}],"predecessor-version":[{"id":234099,"href":"https:\/\/www.novaconcursos.com.br\/portal\/wp-json\/wp\/v2\/posts\/232431\/revisions\/234099"}],"wp:featuredmedia":[{"embeddable":true,"href":"https:\/\/www.novaconcursos.com.br\/portal\/wp-json\/wp\/v2\/media\/232449"}],"wp:attachment":[{"href":"https:\/\/www.novaconcursos.com.br\/portal\/wp-json\/wp\/v2\/media?parent=232431"}],"wp:term":[{"taxonomy":"category","embeddable":true,"href":"https:\/\/www.novaconcursos.com.br\/portal\/wp-json\/wp\/v2\/categories?post=232431"},{"taxonomy":"post_tag","embeddable":true,"href":"https:\/\/www.novaconcursos.com.br\/portal\/wp-json\/wp\/v2\/tags?post=232431"}],"curies":[{"name":"wp","href":"https:\/\/api.w.org\/{rel}","templated":true}]}}