{"id":232625,"date":"2024-05-13T19:49:08","date_gmt":"2024-05-13T22:49:08","guid":{"rendered":"https:\/\/www.novaconcursos.com.br\/portal\/?p=232625"},"modified":"2024-05-13T19:49:12","modified_gmt":"2024-05-13T22:49:12","slug":"anatel-tem-provas-adiadas-em-todo-pais-nova-data-em-breve","status":"publish","type":"post","link":"https:\/\/www.novaconcursos.com.br\/portal\/noticias\/anatel-tem-provas-adiadas-em-todo-pais-nova-data-em-breve\/","title":{"rendered":"Anatel tem provas adiadas em todo pa\u00eds. Nova data em breve!"},"content":{"rendered":"<p>A Ag\u00eancia Nacional de Telecomunica\u00e7\u00f5es anunciou o <strong>adiamento <\/strong>das provas do <a href=\"https:\/\/www.novaconcursos.com.br\/portal\/concursos\/concurso-anatel\/\">concurso Anatel<\/a>, que seriam realizadas no dia <strong>26 de maio<\/strong>, em todas as capitais do pa\u00eds. <\/p>\n\n\n\n<p>Posteriormente, a organizadora do concurso informar\u00e1 uma <strong>nova data em breve<\/strong>. Quer saber os detalhes do adiamento? Venha comigo nesta mat\u00e9ria!<\/p>\n\n\n\n<h2 class=\"wp-block-heading\" id=\"por-que-as-provas-do-concurso-anatel-esto-adiadas\">Por que as provas do concurso Anatel est\u00e3o adiadas?<\/h2>\n\n\n\n<p>As provas <strong>objetivas <\/strong>e <strong>discursivas <\/strong>do concurso Anatel foram adiadas,\u00a0conforme <strong>comunicado <\/strong>divulgado pelo Cebraspe, banca organizadora da sele\u00e7\u00e3o.<\/p>\n\n\n\n<p>O comunicado saiu na \u00faltima sexta-feira, 10 de maio. Vale destacar que as etapas estavam agendadas para aplica\u00e7\u00e3o em todas as capitais brasileiras, no dia<strong> 26 de maio.<\/strong><\/p>\n\n\n\n<p>Entretanto, devido \u00e0s intensas <strong>chuvas <\/strong>que afetaram o estado do Rio Grande do Sul, as provas foram suspensas temporariamente. <\/p>\n\n\n\n<p><em>\u201cO Presidente da Ag\u00eancia Nacional de Telecomunica\u00e7\u00f5es (Anatel) torna p\u00fablico o adiamento das provas objetivas e da prova discursiva, referentes ao concurso p\u00fablico para o provimento de vagas e a forma\u00e7\u00e3o de cadastro de reserva em cargos de Especialista em Regula\u00e7\u00e3o de Servi\u00e7os P\u00fablicos de Telecomunica\u00e7\u00f5es, em raz\u00e3o das fortes chuvas no estado do Rio Grande do Sul\u201d<\/em>, disse o comunicado. <\/p>\n\n\n\n<p>Ainda, segundo a banca, a nova data de realiza\u00e7\u00e3o das provas estar\u00e1 divulgada oportunamente, no<br>site do <a href=\"http:\/\/www.cebraspe.org.br\/concursos\/anatel_24\" target=\"_blank\" rel=\"noreferrer noopener\">Cebraspe<\/a>. Fiquem atentos concurseiros.<\/p>\n\n\n\n<p>A banca ainda refor\u00e7ou, por fim, <em>\u201cque todas as informa\u00e7\u00f5es oficiais relacionadas ao certame devem ser acompanhadas diretamente no site oficial do evento\u201d. <\/em><\/p>\n\n\n\n<p>Estude para o concurso dos seus sonhos com o\u00a0<strong>M\u00e9todo<\/strong>\u00a0que j\u00e1 ajudou na\u00a0<strong>aprova\u00e7\u00e3o de mais de 70 mil alunos<\/strong>.\u00a0<a href=\"https:\/\/www.novaconcursos.com.br\/eventos\/assinatura?promo_creative=Clique+aqui&amp;promo_name=noticia&amp;promo_id=%2Fportal%2Fnoticias%2Fsaiu-o-edital-da-camara-municipal-de-sao-jose-do-rio-preto&amp;promo_position=corpo-texto\" target=\"_blank\" rel=\"noreferrer noopener\">Clique aqui<\/a>\u00a0e saiba mais!<\/p>\n\n\n\n<h2 class=\"wp-block-heading\" id=\"quais-as-etapas-de-seleo-do-concurso-anatel\">Quais as etapas de sele\u00e7\u00e3o do concurso Anatel?<\/h2>\n\n\n\n<p>O concurso Anatel ser\u00e1 realizado em duas etapas, sendo a <strong>primeira <\/strong>com as provas objetiva e discursiva, al\u00e9m de uma avalia\u00e7\u00e3o de t\u00edtulos. <\/p>\n\n\n\n<p>J\u00e1 a <strong>segunda <\/strong>etapa ser\u00e1 um curso de forma\u00e7\u00e3o, de car\u00e1ter eliminat\u00f3rio e classificat\u00f3rio. As provas objetivas e discursivas ter\u00e3o dura\u00e7\u00e3o de 5 horas.<\/p>\n\n\n\n<p><strong>Confira: <\/strong><a href=\"https:\/\/www.novaconcursos.com.br\/mapa-de-questoes\/mapa-de-questoes-anatel-comum-a-todos-os-cargos-5-mil-questoes\">Mapa de Quest\u00f5es Online \u2013 Anatel \u2013 Comum a todos os Cargos \u2013 5 Mil Quest\u00f5es<\/a><\/p>\n\n\n\n<p>Ademais, a prova objetiva estar\u00e1 composta por<strong>\u00a0120 quest\u00f5es<\/strong>\u00a0de \u201ccerto\u201d ou \u201cerrado\u201d, distribu\u00eddas entre as seguintes\u00a0<strong>disciplinas<\/strong>:<\/p>\n\n\n\n<ul class=\"wp-block-list\"><li>Conhecimentos B\u00e1sicos (50)\n<ul class=\"wp-block-list\"><li>L\u00edngua Portuguesa;<\/li>\n\n\n\n<li>L\u00edngua Inglesa;<\/li>\n\n\n\n<li>Regula\u00e7\u00e3o e Ag\u00eancias Reguladoras;<\/li>\n\n\n\n<li>No\u00e7\u00f5es de Direito Administrativo;<\/li>\n\n\n\n<li>No\u00e7\u00f5es de Direito Constitucional;<\/li>\n\n\n\n<li>Atualidades (somente para prova discursiva);<\/li>\n<\/ul><\/li>\n\n\n\n<li>Conhecimentos Espec\u00edficos (70)<\/li>\n<\/ul><p>J\u00e1 a prova discursiva estar\u00e1 composta por\u00a0<strong>duas quest\u00f5es<\/strong>. A\u00a0<strong>primeira<\/strong>\u00a0abordar\u00e1 os conhecimentos espec\u00edficos do cargo\/especialidade, em at\u00e9 30 linhas, avaliada em at\u00e9 20 pontos.\u00a0<\/p>\n\n\n\n<p>Por outro lado, a<strong>\u00a0segunda<\/strong>\u00a0tratar\u00e1 sobre o tema de telecomunica\u00e7\u00f5es, conectividade e comunica\u00e7\u00f5es digitais, em, no m\u00e1ximo, 15 linhas. e valer\u00e1 10 pontos.\u00a0<\/p>\n\n\n\n\n\n<h2 class=\"wp-block-heading\" id=\"vagas-e-salrios-do-concurso-anatel\">Vagas e sal\u00e1rios do concurso Anatel<\/h2>\n\n\n\n<p>Assim, a Ag\u00eancia Nacional de Telecomunica\u00e7\u00f5es, est\u00e1 ofertando<strong>\u00a050 vagas<\/strong>\u00a0de n\u00edvel superior para o cargo de\u00a0<strong>Especialista em Regula\u00e7\u00e3o de Servi\u00e7os P\u00fablicos de Telecomunica\u00e7\u00f5es<\/strong>.<\/p>\n\n\n\n<p>As<strong>\u00a0especialidades<\/strong>\u00a0contempladas pelo certame s\u00e3o: Ci\u00eancias Cont\u00e1beis (03); Ci\u00eancias de Dados (15); Direito (08); Economia (04); Engenharia (10) e Geral (10).<\/p>\n\n\n\n<p>Al\u00e9m disso, a lista de aprovados contemplar\u00e1<strong>\u00a0at\u00e9 238 candidatos<\/strong>, que poder\u00e3o estar convocados ao longo do per\u00edodo de validade de 02 anos do certame.<\/p>\n\n\n\n<p>Com uma jornada de trabalho de 40h semanais, os servidores far\u00e3o jus a um sal\u00e1rio inicial de\u00a0<strong>R$ 16.413,35.<\/strong> Al\u00e9m disso, h\u00e1 o\u00a0<strong>aux\u00edlio-alimenta\u00e7\u00e3o<\/strong>\u00a0de\u00a0<strong>R$ 658,00<\/strong>.<\/p>\n\n\n\n<h2 class=\"wp-block-heading\" id=\"sobre-a-anatel\">Sobre a Anatel<\/h2>\n\n\n\n<p>Criada pela\u00a0<strong>Lei Geral de Telecomunica\u00e7\u00f5es<\/strong>\u00a0(Lei 9.472, de 16 de julho de 1997), a\u00a0<a href=\"https:\/\/www.gov.br\/anatel\/pt-br\" target=\"_blank\" rel=\"noreferrer noopener\">Ag\u00eancia Nacional de Telecomunica\u00e7\u00f5es<\/a>\u00a0\u00a0foi a primeira ag\u00eancia reguladora a estar instalada no Brasil, em 5 de novembro de 1997.<\/p>\n\n\n\n<p>Conforme estabelece a Lei 9.472\/1997, a Anatel \u00e9 uma entidade integrante da Administra\u00e7\u00e3o P\u00fablica Federal indireta, submetida a regime aut\u00e1rquico especial e vinculada ao\u00a0<strong>Minist\u00e9rio das Comunica\u00e7\u00f5es.<\/strong>\u00a0\u00c9 administrativamente independente e financeiramente aut\u00f4noma.<\/p>\n\n\n\n<p>Cabe \u00e0 Anatel adotar as medidas necess\u00e1rias para o atendimento do interesse p\u00fablico e para o\u00a0<strong>desenvolvimento<\/strong>\u00a0das telecomunica\u00e7\u00f5es brasileiras, atuando com independ\u00eancia, imparcialidade, legalidade, impessoalidade e publicidade.<\/p>\n\n\n\n<p>Quer saber de mais editais de concursos abertos no pa\u00eds? <a href=\"https:\/\/www.novaconcursos.com.br\/portal\/concursos-abertos\/nacional\">Clique aqui e confira<\/a>!<\/p>","protected":false},"excerpt":{"rendered":"<p>A Ag\u00eancia Nacional de Telecomunica\u00e7\u00f5es anunciou o adiamento das provas do concurso Anatel, que seriam realizadas no dia 26 de maio, em todas as capitais do pa\u00eds. Posteriormente, a organizadora do concurso informar\u00e1 uma nova data em breve. Quer saber os detalhes do adiamento? Venha comigo nesta mat\u00e9ria! Por que as provas do concurso Anatel [&hellip;]<\/p>\n","protected":false},"author":54671,"featured_media":232626,"comment_status":"closed","ping_status":"closed","sticky":false,"template":"","format":"standard","meta":{"_acf_changed":false,"footnotes":"","_wp_rev_ctl_limit":""},"categories":[228],"tags":[],"class_list":["post-232625","post","type-post","status-publish","format-standard","has-post-thumbnail","hentry","category-noticias"],"acf":[],"_links":{"self":[{"href":"https:\/\/www.novaconcursos.com.br\/portal\/wp-json\/wp\/v2\/posts\/232625","targetHints":{"allow":["GET"]}}],"collection":[{"href":"https:\/\/www.novaconcursos.com.br\/portal\/wp-json\/wp\/v2\/posts"}],"about":[{"href":"https:\/\/www.novaconcursos.com.br\/portal\/wp-json\/wp\/v2\/types\/post"}],"author":[{"embeddable":true,"href":"https:\/\/www.novaconcursos.com.br\/portal\/wp-json\/wp\/v2\/users\/54671"}],"replies":[{"embeddable":true,"href":"https:\/\/www.novaconcursos.com.br\/portal\/wp-json\/wp\/v2\/comments?post=232625"}],"version-history":[{"count":3,"href":"https:\/\/www.novaconcursos.com.br\/portal\/wp-json\/wp\/v2\/posts\/232625\/revisions"}],"predecessor-version":[{"id":232644,"href":"https:\/\/www.novaconcursos.com.br\/portal\/wp-json\/wp\/v2\/posts\/232625\/revisions\/232644"}],"wp:featuredmedia":[{"embeddable":true,"href":"https:\/\/www.novaconcursos.com.br\/portal\/wp-json\/wp\/v2\/media\/232626"}],"wp:attachment":[{"href":"https:\/\/www.novaconcursos.com.br\/portal\/wp-json\/wp\/v2\/media?parent=232625"}],"wp:term":[{"taxonomy":"category","embeddable":true,"href":"https:\/\/www.novaconcursos.com.br\/portal\/wp-json\/wp\/v2\/categories?post=232625"},{"taxonomy":"post_tag","embeddable":true,"href":"https:\/\/www.novaconcursos.com.br\/portal\/wp-json\/wp\/v2\/tags?post=232625"}],"curies":[{"name":"wp","href":"https:\/\/api.w.org\/{rel}","templated":true}]}}