{"id":232651,"date":"2024-05-13T20:50:35","date_gmt":"2024-05-13T23:50:35","guid":{"rendered":"https:\/\/www.novaconcursos.com.br\/portal\/?p=232651"},"modified":"2024-05-13T20:50:37","modified_gmt":"2024-05-13T23:50:37","slug":"com-banca-contratada-edital-imetropara-e-iminente-com-66-vagas","status":"publish","type":"post","link":"https:\/\/www.novaconcursos.com.br\/portal\/noticias\/com-banca-contratada-edital-imetropara-e-iminente-com-66-vagas\/","title":{"rendered":"Com banca contratada, edital Imetropar\u00e1 \u00e9 iminente com 66 vagas!"},"content":{"rendered":"<p>O Instituto de Metrologia do Par\u00e1 est\u00e1 pr\u00f3ximo de publicar um novo <a href=\"https:\/\/www.novaconcursos.com.br\/portal\/concursos-abertos\/nacional\">concurso Imetropar\u00e1<\/a> com mais de 60 vagas de n\u00edveis <strong>m\u00e9dio e superior<\/strong>. <\/p>\n\n\n\n<p>Um passo importante foi dado, com a <strong>contrata\u00e7\u00e3o <\/strong>da banca que organizar\u00e1 a sele\u00e7\u00e3o. Quer saber mais detalhes? Venha comigo nesta mat\u00e9ria!<\/p>\n\n\n\n<h2 class=\"wp-block-heading\" id=\"qual-empresa-organizar-o-edital-imetropar\">Qual empresa organizar\u00e1 o edital Imetropar\u00e1?<\/h2>\n\n\n\n<p>Ent\u00e3o, o Centro\u00a0<strong>de\u00a0<\/strong>Extens\u00e3o, Treinamento e Aperfei\u00e7oamento Profissional (<a href=\"https:\/\/www.cetapnet.com.br\/\" target=\"_blank\" rel=\"noreferrer noopener\">Cetap<\/a>) foi a empresa contratada para <strong>organiza\u00e7\u00e3o <\/strong>do concurso Imetropar\u00e1.<\/p>\n\n\n\n<p>A informa\u00e7\u00e3o esteve divulgada no Di\u00e1rio Oficial deste dia 13 de maio de 2024. Agora, ent\u00e3o, basta apenas a divulga\u00e7\u00e3o dos detalhes do contrato.<\/p>\n\n\n\n<p>Destacamos que a assinatura do contrato com a banca aconteceu no \u00faltimo dia 9 de maio. Sendo assim, ele ter\u00e1 vig\u00eancia de<strong> 12 meses.<\/strong><\/p>\n\n\n\n<h2 class=\"wp-block-heading\" id=\"quando-sai-o-edital-do-concurso-imetropar\">Quando sai o edital do concurso Imetropar\u00e1?<\/h2>\n\n\n\n<p>Em seguida, ap\u00f3s a divulga\u00e7\u00e3o do contrato, o edital poder\u00e1 estar publicado a qualquer momento, pois j\u00e1 est\u00e1 iminente. A previs\u00e3o \u00e9 que isso ocorra nos pr\u00f3ximos<strong> tr\u00eas meses. <\/strong><\/p>\n\n\n\n<p>Al\u00e9m disso, a expectativa \u00e9 que o concurso tenha oferta de <strong>66 vagas<\/strong>. Entretanto, os cargos a serem disponibilizados ainda n\u00e3o est\u00e3o divulgados.<\/p>\n\n\n\n<p>Mas, j\u00e1 h\u00e1 uma conversa interna citando oferta em carreiras que exigem <strong>n\u00edveis m\u00e9dio e superior<\/strong> como escolaridade. Tudo estar\u00e1 revelado no edital!<\/p>\n\n\n\n<p>Estude para o concurso dos seus sonhos com o\u00a0<strong>M\u00e9todo<\/strong>\u00a0que j\u00e1 ajudou na\u00a0<strong>aprova\u00e7\u00e3o de mais de 70 mil alunos<\/strong>.\u00a0<a href=\"https:\/\/www.novaconcursos.com.br\/eventos\/assinatura?promo_creative=Clique+aqui&amp;promo_name=noticia&amp;promo_id=%2Fportal%2Fnoticias%2Fsaiu-o-edital-da-camara-municipal-de-sao-jose-do-rio-preto&amp;promo_position=corpo-texto\" target=\"_blank\" rel=\"noreferrer noopener\">Clique aqui<\/a>\u00a0e saiba mais!<\/p>\n\n\n\n<h2 class=\"wp-block-heading\" id=\"so-mais-de-7-anos-sem-concursos-pblicos\">S\u00e3o mais de 7 anos sem concursos p\u00fablicos<\/h2>\n\n\n\n<p>Um novo concurso para no Imetropar\u00e1 \u00e9 mais que necess\u00e1rio, uma vez que o \u00faltimo edital esteve publicado em 2017, mas para contrata\u00e7\u00e3o de <strong>tempor\u00e1rios<\/strong>.<\/p>\n\n\n\n<p>Ademais, a sele\u00e7\u00e3o preencheu <strong>13 vagas <\/strong>para os cargos de Metrologista e Auxiliar de Metrologista,  lotados nos munic\u00edpios de Santar\u00e9m e Bel\u00e9m.<\/p>\n\n\n\n<ul class=\"wp-block-list\"><li><strong>Confira:\u00a0<\/strong><a href=\"https:\/\/www.novaconcursos.com.br\/livro\/1000-questoes-gabaritadas-conteudos-basicos-concursos?promo_creative=Livro+1.000+Quest%C3%B5es+Gabaritadas+de+Conte%C3%BAdos+B%C3%A1sicos+para+Concursos&amp;promo_name=noticia&amp;promo_id=%2Fportal%2Fnoticias%2Fsaiu-o-edital-da-camara-municipal-de-sao-jose-do-rio-preto&amp;promo_position=corpo-texto\">Livro 1.000 Quest\u00f5es Gabaritadas de Conte\u00fados B\u00e1sicos para Concursos<\/a><\/li>\n<\/ul><p>Foi preciso comprovar o n\u00edvel m\u00e9dio completo, mais curso profissionalizante, para que a sele\u00e7\u00e3o fosse realizada por meio de<strong> an\u00e1lise curricular e entrevista.<\/strong><\/p>\n\n\n\n<p>Quem esteve contratado, cumpriu jornada de trabalho de 30 horas semanais e recebeu sal\u00e1rio inicial de <strong>R$ 1.820,33<\/strong>, composto pelo vencimento base e aux\u00edlio alimenta\u00e7\u00e3o.<\/p>\n\n\n\n\n\n<h2 class=\"wp-block-heading\" id=\"o-que-\u00e9-o-imetropar\u00e1\">O que \u00e9 o Imetropar\u00e1?<\/h2>\n\n\n\n<p>Portanto, o <a href=\"http:\/\/www.imetropara.pa.gov.br\/\" target=\"_blank\" rel=\"noreferrer noopener\">Instituto de Metrologia do Estado do Par\u00e1<\/a> \u00e9 uma autarquia estadual, vinculada \u00e0 Secretaria de Desenvolvimento Econ\u00f4mico, Minera\u00e7\u00e3o e Energia do Estado do Par\u00e1, no Brasil.<\/p>\n\n\n\n<p>Sendo assim, sua principal fun\u00e7\u00e3o \u00e9 promover a metrologia legal, ou seja, a aplica\u00e7\u00e3o das leis e regulamentos relacionados \u00e0s medidas e unidades de medida.<\/p>\n\n\n\n<p>Resumindo as atribui\u00e7\u00f5es do \u00f3rg\u00e3o, ele \u00e9 considerado fundamental na garantia da confiabilidade das medi\u00e7\u00f5es utilizadas no Par\u00e1, contribuindo para o desenvolvimento econ\u00f4mico e a prote\u00e7\u00e3o dos direitos dos consumidores.<\/p>\n\n\n\n<p>Quer saber de mais editais de <strong>concursos previstos <\/strong>no pa\u00eds? <a href=\"https:\/\/www.novaconcursos.com.br\/portal\/concursos-previstos\/nacional\">Clique e confira<\/a>!<\/p>","protected":false},"excerpt":{"rendered":"<p>O Instituto de Metrologia do Par\u00e1 est\u00e1 pr\u00f3ximo de publicar um novo concurso Imetropar\u00e1 com mais de 60 vagas de n\u00edveis m\u00e9dio e superior. Um passo importante foi dado, com a contrata\u00e7\u00e3o da banca que organizar\u00e1 a sele\u00e7\u00e3o. Quer saber mais detalhes? Venha comigo nesta mat\u00e9ria! Qual empresa organizar\u00e1 o edital Imetropar\u00e1? Ent\u00e3o, o Centro\u00a0de\u00a0Extens\u00e3o, [&hellip;]<\/p>\n","protected":false},"author":54671,"featured_media":232652,"comment_status":"closed","ping_status":"closed","sticky":false,"template":"","format":"standard","meta":{"_acf_changed":false,"footnotes":"","_wp_rev_ctl_limit":""},"categories":[228],"tags":[],"class_list":["post-232651","post","type-post","status-publish","format-standard","has-post-thumbnail","hentry","category-noticias"],"acf":[],"_links":{"self":[{"href":"https:\/\/www.novaconcursos.com.br\/portal\/wp-json\/wp\/v2\/posts\/232651","targetHints":{"allow":["GET"]}}],"collection":[{"href":"https:\/\/www.novaconcursos.com.br\/portal\/wp-json\/wp\/v2\/posts"}],"about":[{"href":"https:\/\/www.novaconcursos.com.br\/portal\/wp-json\/wp\/v2\/types\/post"}],"author":[{"embeddable":true,"href":"https:\/\/www.novaconcursos.com.br\/portal\/wp-json\/wp\/v2\/users\/54671"}],"replies":[{"embeddable":true,"href":"https:\/\/www.novaconcursos.com.br\/portal\/wp-json\/wp\/v2\/comments?post=232651"}],"version-history":[{"count":2,"href":"https:\/\/www.novaconcursos.com.br\/portal\/wp-json\/wp\/v2\/posts\/232651\/revisions"}],"predecessor-version":[{"id":232654,"href":"https:\/\/www.novaconcursos.com.br\/portal\/wp-json\/wp\/v2\/posts\/232651\/revisions\/232654"}],"wp:featuredmedia":[{"embeddable":true,"href":"https:\/\/www.novaconcursos.com.br\/portal\/wp-json\/wp\/v2\/media\/232652"}],"wp:attachment":[{"href":"https:\/\/www.novaconcursos.com.br\/portal\/wp-json\/wp\/v2\/media?parent=232651"}],"wp:term":[{"taxonomy":"category","embeddable":true,"href":"https:\/\/www.novaconcursos.com.br\/portal\/wp-json\/wp\/v2\/categories?post=232651"},{"taxonomy":"post_tag","embeddable":true,"href":"https:\/\/www.novaconcursos.com.br\/portal\/wp-json\/wp\/v2\/tags?post=232651"}],"curies":[{"name":"wp","href":"https:\/\/api.w.org\/{rel}","templated":true}]}}